{"id":12595,"date":"2024-04-01T09:50:41","date_gmt":"2024-04-01T12:50:41","guid":{"rendered":"https:\/\/jornalpontomais.com\/site\/?p=12595"},"modified":"2024-04-01T09:50:43","modified_gmt":"2024-04-01T12:50:43","slug":"brasil-leva-ouro-e-3-pratas-na-copa-do-mundo-de-ginastica-artistica","status":"publish","type":"post","link":"https:\/\/jornalpontomais.com\/site\/2024\/04\/01\/brasil-leva-ouro-e-3-pratas-na-copa-do-mundo-de-ginastica-artistica\/","title":{"rendered":"Brasil leva ouro e 3 pratas na Copa do Mundo de Gin\u00e1stica Art\u00edstica"},"content":{"rendered":"\n<p>A menos de quatro meses da Olimp\u00edada de Paris, o Brasil subiu quatro vezes ao p\u00f3dio neste domingo (31), com um ouro e tr\u00eas pratas, na etapa da Copa do Mundo de Gin\u00e1stica Art\u00edstica, em Antalya (Turquia). A carioca Jade Barbosa foi campe\u00e3 no solo, ap\u00f3s apresentar uma s\u00e9rie ao som da can\u00e7\u00e3o \u201cBaby One More Time\u201d, de Britney Spears. Tamb\u00e9m houve chuva de pratas com Rebeca Andrade(barras assim\u00e9tricas), Fl\u00e1via Saraiva (trave) e Diogo Soares (barra fixa).&nbsp; A competi\u00e7\u00e3o vale pontos na corrida por vaga ol\u00edmpica nos Jogos de Paris. At\u00e9 o momento, apenas Diogo Soares e a equipe brasileira feminina (Rebeca Andrade, Fl\u00e1via Saraiva, Jade Barbosa, Lorrane Oliveira e J\u00falia Soares) t\u00eam presen\u00e7a garantida nos Jogos.&nbsp;<\/p>\n\n\n\n<figure class=\"wp-block-image\"><img decoding=\"async\" src=\"https:\/\/agenciabrasil.ebc.com.br\/ebc.gif?id=1588112&amp;o=node\" alt=\"\"\/><\/figure>\n\n\n\n<figure class=\"wp-block-embed is-type-rich is-provider-twitter wp-block-embed-twitter\"><div class=\"wp-block-embed__wrapper\">\n<blockquote class=\"twitter-tweet\" data-width=\"550\" data-dnt=\"true\"><p lang=\"en\" dir=\"ltr\">Jade Barbosa \ud83c\udde7\ud83c\uddf7 has debuted her Olympic year Floor Exercise \ud83c\udfb6: the 32-year-old unveiled a spicy new <a href=\"https:\/\/twitter.com\/hashtag\/BritneySpears?src=hash&amp;ref_src=twsrc%5Etfw\">#BritneySpears<\/a> routine this weekend in Antalya to great effect, winning \ud83e\udd47 ahead of French stars Morgane Osyssek-Reimer and Melanie de Jesus dos Santos. <a href=\"https:\/\/twitter.com\/hashtag\/FIGWorldCup?src=hash&amp;ref_src=twsrc%5Etfw\">#FIGWorldCup<\/a> <a href=\"https:\/\/twitter.com\/hashtag\/Gymnastics?src=hash&amp;ref_src=twsrc%5Etfw\">#Gymnastics<\/a> <a href=\"https:\/\/t.co\/siXj5hcGWZ\">pic.twitter.com\/siXj5hcGWZ<\/a><\/p>&mdash; FIG (@gymnastics) <a href=\"https:\/\/twitter.com\/gymnastics\/status\/1774469258937803038?ref_src=twsrc%5Etfw\">March 31, 2024<\/a><\/blockquote><script async src=\"https:\/\/platform.twitter.com\/widgets.js\" charset=\"utf-8\"><\/script>\n<\/div><\/figure>\n\n\n\n<p>No \u00faltimo dia de competi\u00e7\u00f5es, Jade arrebatou o p\u00fablico em Antalya, ao garantir o ouro na apresenta\u00e7\u00e3o no solo, com nota 13.833. As francesas Morgane Osyssek-Remmer (13.667) e M\u00e9lanie de Jesus Santos (13.600) ficaram, respectivamente, com a prata e o bronze.<\/p>\n\n\n\n<figure class=\"wp-block-embed is-type-rich is-provider-twitter wp-block-embed-twitter\"><div class=\"wp-block-embed__wrapper\">\n<blockquote class=\"twitter-tweet\" data-width=\"550\" data-dnt=\"true\"><p lang=\"pt\" dir=\"ltr\">E teve Brasil \ud83c\udde7\ud83c\uddf7 em a\u00e7\u00e3o na finais da Copa do Mundo de Gin\u00e1stica Art\u00edstica de Antalya, na Turquia \ud83c\uddf9\ud83c\uddf7!  Com direito a medalha! \ud83d\udd25\ud83d\udd25\ud83d\udd25<br><br>\u21aa\ufe0f A Rebeca Andrade teve 14.067 nas assim\u00e9tricas e assegurou a medalha de prata \ud83e\udd48! UHUUUL! Boa Rebeee! \ud83d\udc99<br><br>Que venham as pr\u00f3ximas finais!<br><br>\ud83d\udc99\ud83d\udc9b\ud83d\udc9a\u2026 <a href=\"https:\/\/t.co\/1PMv8zfCKh\">pic.twitter.com\/1PMv8zfCKh<\/a><\/p>&mdash; Confedera\u00e7\u00e3o Brasileira de Gin\u00e1stica (@cbginastica) <a href=\"https:\/\/twitter.com\/cbginastica\/status\/1774421602672812495?ref_src=twsrc%5Etfw\">March 31, 2024<\/a><\/blockquote><script async src=\"https:\/\/platform.twitter.com\/widgets.js\" charset=\"utf-8\"><\/script>\n<\/div><\/figure>\n\n\n\n<p>Antes, a campe\u00e3 ol\u00edmpica no salto,\u00a0\u00a0Rebeca Andrade se destacou hoje nas\u00a0barras assim\u00e9tricas. Nascida em Guarulhos, regi\u00e3o metropolitana de S\u00e3o Paulo, Rebeca conquistou a prata com a nota 14.067, ficando atr\u00e1s da francesa M\u00e9lanie de Jesus dos Santos (14.567), que levou o ouro.\u00a0 O bronze ficou com a brit\u00e2nica Georgia-Mae Fenton (13.767). A carioca Lorrane Oliveira tamb\u00e9m disputou a final, mas ficou fora do p\u00f3dio com a nota 13.600.<\/p>\n\n\n\n<figure class=\"wp-block-embed is-type-rich is-provider-twitter wp-block-embed-twitter\"><div class=\"wp-block-embed__wrapper\">\n<blockquote class=\"twitter-tweet\" data-width=\"550\" data-dnt=\"true\"><p lang=\"pt\" dir=\"ltr\">N\u00e3o \u00e0 toa ela \u00e9 finalista ol\u00edmpica e mundial de trave, meus amores! FLAVINHA SARAIVA \ud83c\udde7\ud83c\uddf7 \u00e9 o nome dela! Pega s\u00f3 a MEGA S\u00c9RIE da Fl\u00e1via na final da Copa do Mundo de Gin\u00e1stica Art\u00edstica de Antalya, na Turquia \ud83c\uddf9\ud83c\uddf7!  Com direito a MAIS UMA MEDALHA! \ud83d\udc4f\ud83c\udffc\ud83d\udc4f\ud83c\udffc\ud83d\udc4f\ud83c\udffc<br><br>\u21aa\ufe0f Com essa prova SUPER FIRME\u2026 <a href=\"https:\/\/t.co\/H80AnjT6LZ\">pic.twitter.com\/H80AnjT6LZ<\/a><\/p>&mdash; Confedera\u00e7\u00e3o Brasileira de Gin\u00e1stica (@cbginastica) <a href=\"https:\/\/twitter.com\/cbginastica\/status\/1774447130293252521?ref_src=twsrc%5Etfw\">March 31, 2024<\/a><\/blockquote><script async src=\"https:\/\/platform.twitter.com\/widgets.js\" charset=\"utf-8\"><\/script>\n<\/div><\/figure>\n\n\n\n<p>A carioca\u00a0Flavinha Saraiva tamb\u00e9m brilhou com prata na trave, com a nota 14.000. A campe\u00e3 foi a chinesa Sun Xinyi (14.267) e a taiwanesa Yang Ko-Wen (13.300) levou o bronze.\u00a0<br><br><\/p>\n\n\n\n<p>J\u00e1 com a vaga carimbada para Paris 2024, o paulista Diogo Soares foi vice-campe\u00e3o nas barras fixas ao obter a nota 13.800. O ouro ficou com o espanhol Joel Plata (14.000) e o bronze com o turco Mert Efe Kilicer (13.700).\u00a0\u00a0<\/p>\n\n\n\n<figure class=\"wp-block-embed is-type-rich is-provider-twitter wp-block-embed-twitter\"><div class=\"wp-block-embed__wrapper\">\n<blockquote class=\"twitter-tweet\" data-width=\"550\" data-dnt=\"true\"><p lang=\"pt\" dir=\"ltr\">CHAVE DE PRATA pra encerrar os trabalhos de hoje, MEUS AMIGOS!!!! E dessa vez a medalha veio para o nosso atleta ol\u00edmpico da GAM Diogo Soares \ud83c\udde7\ud83c\uddf7\ud83e\udd48! Na final de barra fixa da Copa do Mundo de Gin\u00e1stica Art\u00edstica de Antalya, na Turquia \ud83c\uddf9\ud83c\uddf7o Diogo conquistou a segunda coloca\u00e7\u00e3o!\u2026 <a href=\"https:\/\/t.co\/IYMsV85gqC\">pic.twitter.com\/IYMsV85gqC<\/a><\/p>&mdash; Confedera\u00e7\u00e3o Brasileira de Gin\u00e1stica (@cbginastica) <a href=\"https:\/\/twitter.com\/cbginastica\/status\/1774466798475227592?ref_src=twsrc%5Etfw\">March 31, 2024<\/a><\/blockquote><script async src=\"https:\/\/platform.twitter.com\/widgets.js\" charset=\"utf-8\"><\/script>\n<\/div><\/figure>\n","protected":false},"excerpt":{"rendered":"<p>A menos de quatro meses da Olimp\u00edada de Paris, o Brasil subiu quatro vezes ao p\u00f3dio neste domingo (31), com um ouro e tr\u00eas pratas, na etapa da Copa do Mundo de Gin\u00e1stica Art\u00edstica, em Antalya (Turquia). A carioca Jade Barbosa foi campe\u00e3 no solo, ap\u00f3s apresentar uma s\u00e9rie ao som da can\u00e7\u00e3o \u201cBaby One [&hellip;]<\/p>\n","protected":false},"author":2,"featured_media":12596,"comment_status":"open","ping_status":"open","sticky":true,"template":"","format":"standard","meta":{"om_disable_all_campaigns":false,"_monsterinsights_skip_tracking":false,"_monsterinsights_sitenote_active":false,"_monsterinsights_sitenote_note":"","_monsterinsights_sitenote_category":0,"footnotes":""},"categories":[4],"tags":[],"class_list":["post-12595","post","type-post","status-publish","format-standard","has-post-thumbnail","hentry","category-esporte"],"yoast_head":"<!-- This site is optimized with the Yoast SEO plugin v27.2 - https:\/\/yoast.com\/product\/yoast-seo-wordpress\/ -->\n<title>Brasil leva ouro e 3 pratas na Copa do Mundo de Gin\u00e1stica Art\u00edstica - Jornal Ponto Mais<\/title>\n<meta name=\"robots\" content=\"index, follow, max-snippet:-1, max-image-preview:large, max-video-preview:-1\" \/>\n<link rel=\"canonical\" href=\"https:\/\/jornalpontomais.com\/site\/2024\/04\/01\/brasil-leva-ouro-e-3-pratas-na-copa-do-mundo-de-ginastica-artistica\/\" \/>\n<meta property=\"og:locale\" content=\"pt_BR\" \/>\n<meta property=\"og:type\" content=\"article\" \/>\n<meta property=\"og:title\" content=\"Brasil leva ouro e 3 pratas na Copa do Mundo de Gin\u00e1stica Art\u00edstica - Jornal Ponto Mais\" \/>\n<meta property=\"og:description\" content=\"A menos de quatro meses da Olimp\u00edada de Paris, o Brasil subiu quatro vezes ao p\u00f3dio neste domingo (31), com um ouro e tr\u00eas pratas, na etapa da Copa do Mundo de Gin\u00e1stica Art\u00edstica, em Antalya (Turquia). A carioca Jade Barbosa foi campe\u00e3 no solo, ap\u00f3s apresentar uma s\u00e9rie ao som da can\u00e7\u00e3o \u201cBaby One [&hellip;]\" \/>\n<meta property=\"og:url\" content=\"https:\/\/jornalpontomais.com\/site\/2024\/04\/01\/brasil-leva-ouro-e-3-pratas-na-copa-do-mundo-de-ginastica-artistica\/\" \/>\n<meta property=\"og:site_name\" content=\"Jornal Ponto Mais\" \/>\n<meta property=\"article:published_time\" content=\"2024-04-01T12:50:41+00:00\" \/>\n<meta property=\"article:modified_time\" content=\"2024-04-01T12:50:43+00:00\" \/>\n<meta property=\"og:image\" content=\"https:\/\/jornalpontomais.com\/site\/wp-content\/uploads\/2024\/04\/jade_barbosa_pan_de_santiago_2023.webp\" \/>\n\t<meta property=\"og:image:width\" content=\"1170\" \/>\n\t<meta property=\"og:image:height\" content=\"700\" \/>\n\t<meta property=\"og:image:type\" content=\"image\/webp\" \/>\n<meta name=\"author\" content=\"Jornal Ponto Mais\" \/>\n<meta name=\"twitter:card\" content=\"summary_large_image\" \/>\n<meta name=\"twitter:label1\" content=\"Escrito por\" \/>\n\t<meta name=\"twitter:data1\" content=\"Jornal Ponto Mais\" \/>\n\t<meta name=\"twitter:label2\" content=\"Est. tempo de leitura\" \/>\n\t<meta name=\"twitter:data2\" content=\"2 minutos\" \/>\n<script type=\"application\/ld+json\" class=\"yoast-schema-graph\">{\"@context\":\"https:\/\/schema.org\",\"@graph\":[{\"@type\":\"Article\",\"@id\":\"https:\/\/jornalpontomais.com\/site\/2024\/04\/01\/brasil-leva-ouro-e-3-pratas-na-copa-do-mundo-de-ginastica-artistica\/#article\",\"isPartOf\":{\"@id\":\"https:\/\/jornalpontomais.com\/site\/2024\/04\/01\/brasil-leva-ouro-e-3-pratas-na-copa-do-mundo-de-ginastica-artistica\/\"},\"author\":{\"name\":\"Jornal Ponto Mais\",\"@id\":\"https:\/\/jornalpontomais.com\/site\/#\/schema\/person\/18323f0b0f1355f2490721c48389fe9d\"},\"headline\":\"Brasil leva ouro e 3 pratas na Copa do Mundo de Gin\u00e1stica Art\u00edstica\",\"datePublished\":\"2024-04-01T12:50:41+00:00\",\"dateModified\":\"2024-04-01T12:50:43+00:00\",\"mainEntityOfPage\":{\"@id\":\"https:\/\/jornalpontomais.com\/site\/2024\/04\/01\/brasil-leva-ouro-e-3-pratas-na-copa-do-mundo-de-ginastica-artistica\/\"},\"wordCount\":354,\"commentCount\":0,\"publisher\":{\"@id\":\"https:\/\/jornalpontomais.com\/site\/#organization\"},\"image\":{\"@id\":\"https:\/\/jornalpontomais.com\/site\/2024\/04\/01\/brasil-leva-ouro-e-3-pratas-na-copa-do-mundo-de-ginastica-artistica\/#primaryimage\"},\"thumbnailUrl\":\"https:\/\/jornalpontomais.com\/site\/wp-content\/uploads\/2024\/04\/jade_barbosa_pan_de_santiago_2023.webp\",\"articleSection\":[\"Esporte\"],\"inLanguage\":\"pt-BR\",\"potentialAction\":[{\"@type\":\"CommentAction\",\"name\":\"Comment\",\"target\":[\"https:\/\/jornalpontomais.com\/site\/2024\/04\/01\/brasil-leva-ouro-e-3-pratas-na-copa-do-mundo-de-ginastica-artistica\/#respond\"]}]},{\"@type\":\"WebPage\",\"@id\":\"https:\/\/jornalpontomais.com\/site\/2024\/04\/01\/brasil-leva-ouro-e-3-pratas-na-copa-do-mundo-de-ginastica-artistica\/\",\"url\":\"https:\/\/jornalpontomais.com\/site\/2024\/04\/01\/brasil-leva-ouro-e-3-pratas-na-copa-do-mundo-de-ginastica-artistica\/\",\"name\":\"Brasil leva ouro e 3 pratas na Copa do Mundo de Gin\u00e1stica Art\u00edstica - Jornal Ponto Mais\",\"isPartOf\":{\"@id\":\"https:\/\/jornalpontomais.com\/site\/#website\"},\"primaryImageOfPage\":{\"@id\":\"https:\/\/jornalpontomais.com\/site\/2024\/04\/01\/brasil-leva-ouro-e-3-pratas-na-copa-do-mundo-de-ginastica-artistica\/#primaryimage\"},\"image\":{\"@id\":\"https:\/\/jornalpontomais.com\/site\/2024\/04\/01\/brasil-leva-ouro-e-3-pratas-na-copa-do-mundo-de-ginastica-artistica\/#primaryimage\"},\"thumbnailUrl\":\"https:\/\/jornalpontomais.com\/site\/wp-content\/uploads\/2024\/04\/jade_barbosa_pan_de_santiago_2023.webp\",\"datePublished\":\"2024-04-01T12:50:41+00:00\",\"dateModified\":\"2024-04-01T12:50:43+00:00\",\"breadcrumb\":{\"@id\":\"https:\/\/jornalpontomais.com\/site\/2024\/04\/01\/brasil-leva-ouro-e-3-pratas-na-copa-do-mundo-de-ginastica-artistica\/#breadcrumb\"},\"inLanguage\":\"pt-BR\",\"potentialAction\":[{\"@type\":\"ReadAction\",\"target\":[\"https:\/\/jornalpontomais.com\/site\/2024\/04\/01\/brasil-leva-ouro-e-3-pratas-na-copa-do-mundo-de-ginastica-artistica\/\"]}]},{\"@type\":\"ImageObject\",\"inLanguage\":\"pt-BR\",\"@id\":\"https:\/\/jornalpontomais.com\/site\/2024\/04\/01\/brasil-leva-ouro-e-3-pratas-na-copa-do-mundo-de-ginastica-artistica\/#primaryimage\",\"url\":\"https:\/\/jornalpontomais.com\/site\/wp-content\/uploads\/2024\/04\/jade_barbosa_pan_de_santiago_2023.webp\",\"contentUrl\":\"https:\/\/jornalpontomais.com\/site\/wp-content\/uploads\/2024\/04\/jade_barbosa_pan_de_santiago_2023.webp\",\"width\":1170,\"height\":700},{\"@type\":\"BreadcrumbList\",\"@id\":\"https:\/\/jornalpontomais.com\/site\/2024\/04\/01\/brasil-leva-ouro-e-3-pratas-na-copa-do-mundo-de-ginastica-artistica\/#breadcrumb\",\"itemListElement\":[{\"@type\":\"ListItem\",\"position\":1,\"name\":\"In\u00edcio\",\"item\":\"https:\/\/jornalpontomais.com\/site\/\"},{\"@type\":\"ListItem\",\"position\":2,\"name\":\"Brasil leva ouro e 3 pratas na Copa do Mundo de Gin\u00e1stica Art\u00edstica\"}]},{\"@type\":\"WebSite\",\"@id\":\"https:\/\/jornalpontomais.com\/site\/#website\",\"url\":\"https:\/\/jornalpontomais.com\/site\/\",\"name\":\"Jornal Ponto Mais\",\"description\":\"As principais not\u00edcias do Brasil e do mundo. Confira!\",\"publisher\":{\"@id\":\"https:\/\/jornalpontomais.com\/site\/#organization\"},\"potentialAction\":[{\"@type\":\"SearchAction\",\"target\":{\"@type\":\"EntryPoint\",\"urlTemplate\":\"https:\/\/jornalpontomais.com\/site\/?s={search_term_string}\"},\"query-input\":{\"@type\":\"PropertyValueSpecification\",\"valueRequired\":true,\"valueName\":\"search_term_string\"}}],\"inLanguage\":\"pt-BR\"},{\"@type\":\"Organization\",\"@id\":\"https:\/\/jornalpontomais.com\/site\/#organization\",\"name\":\"Jornal Ponto+\",\"url\":\"https:\/\/jornalpontomais.com\/site\/\",\"logo\":{\"@type\":\"ImageObject\",\"inLanguage\":\"pt-BR\",\"@id\":\"https:\/\/jornalpontomais.com\/site\/#\/schema\/logo\/image\/\",\"url\":\"https:\/\/jornalpontomais.com\/site\/wp-content\/uploads\/2022\/01\/marca.png\",\"contentUrl\":\"https:\/\/jornalpontomais.com\/site\/wp-content\/uploads\/2022\/01\/marca.png\",\"width\":582,\"height\":148,\"caption\":\"Jornal Ponto+\"},\"image\":{\"@id\":\"https:\/\/jornalpontomais.com\/site\/#\/schema\/logo\/image\/\"}},{\"@type\":\"Person\",\"@id\":\"https:\/\/jornalpontomais.com\/site\/#\/schema\/person\/18323f0b0f1355f2490721c48389fe9d\",\"name\":\"Jornal Ponto Mais\",\"image\":{\"@type\":\"ImageObject\",\"inLanguage\":\"pt-BR\",\"@id\":\"https:\/\/secure.gravatar.com\/avatar\/2ee0a9b7fe10fe32bdec8bc086e871e41eb5f4f6ecbcb7b4f2fe0d92d831405f?s=96&d=mm&r=g\",\"url\":\"https:\/\/secure.gravatar.com\/avatar\/2ee0a9b7fe10fe32bdec8bc086e871e41eb5f4f6ecbcb7b4f2fe0d92d831405f?s=96&d=mm&r=g\",\"contentUrl\":\"https:\/\/secure.gravatar.com\/avatar\/2ee0a9b7fe10fe32bdec8bc086e871e41eb5f4f6ecbcb7b4f2fe0d92d831405f?s=96&d=mm&r=g\",\"caption\":\"Jornal Ponto Mais\"},\"sameAs\":[\"https:\/\/jornalpontomais.com\/site\",\"jornalpontomais\"],\"url\":\"https:\/\/jornalpontomais.com\/site\/author\/jornalpontomais\/\"}]}<\/script>\n<!-- \/ Yoast SEO plugin. -->","yoast_head_json":{"title":"Brasil leva ouro e 3 pratas na Copa do Mundo de Gin\u00e1stica Art\u00edstica - Jornal Ponto Mais","robots":{"index":"index","follow":"follow","max-snippet":"max-snippet:-1","max-image-preview":"max-image-preview:large","max-video-preview":"max-video-preview:-1"},"canonical":"https:\/\/jornalpontomais.com\/site\/2024\/04\/01\/brasil-leva-ouro-e-3-pratas-na-copa-do-mundo-de-ginastica-artistica\/","og_locale":"pt_BR","og_type":"article","og_title":"Brasil leva ouro e 3 pratas na Copa do Mundo de Gin\u00e1stica Art\u00edstica - Jornal Ponto Mais","og_description":"A menos de quatro meses da Olimp\u00edada de Paris, o Brasil subiu quatro vezes ao p\u00f3dio neste domingo (31), com um ouro e tr\u00eas pratas, na etapa da Copa do Mundo de Gin\u00e1stica Art\u00edstica, em Antalya (Turquia). A carioca Jade Barbosa foi campe\u00e3 no solo, ap\u00f3s apresentar uma s\u00e9rie ao som da can\u00e7\u00e3o \u201cBaby One [&hellip;]","og_url":"https:\/\/jornalpontomais.com\/site\/2024\/04\/01\/brasil-leva-ouro-e-3-pratas-na-copa-do-mundo-de-ginastica-artistica\/","og_site_name":"Jornal Ponto Mais","article_published_time":"2024-04-01T12:50:41+00:00","article_modified_time":"2024-04-01T12:50:43+00:00","og_image":[{"width":1170,"height":700,"url":"https:\/\/jornalpontomais.com\/site\/wp-content\/uploads\/2024\/04\/jade_barbosa_pan_de_santiago_2023.webp","type":"image\/webp"}],"author":"Jornal Ponto Mais","twitter_card":"summary_large_image","twitter_misc":{"Escrito por":"Jornal Ponto Mais","Est. tempo de leitura":"2 minutos"},"schema":{"@context":"https:\/\/schema.org","@graph":[{"@type":"Article","@id":"https:\/\/jornalpontomais.com\/site\/2024\/04\/01\/brasil-leva-ouro-e-3-pratas-na-copa-do-mundo-de-ginastica-artistica\/#article","isPartOf":{"@id":"https:\/\/jornalpontomais.com\/site\/2024\/04\/01\/brasil-leva-ouro-e-3-pratas-na-copa-do-mundo-de-ginastica-artistica\/"},"author":{"name":"Jornal Ponto Mais","@id":"https:\/\/jornalpontomais.com\/site\/#\/schema\/person\/18323f0b0f1355f2490721c48389fe9d"},"headline":"Brasil leva ouro e 3 pratas na Copa do Mundo de Gin\u00e1stica Art\u00edstica","datePublished":"2024-04-01T12:50:41+00:00","dateModified":"2024-04-01T12:50:43+00:00","mainEntityOfPage":{"@id":"https:\/\/jornalpontomais.com\/site\/2024\/04\/01\/brasil-leva-ouro-e-3-pratas-na-copa-do-mundo-de-ginastica-artistica\/"},"wordCount":354,"commentCount":0,"publisher":{"@id":"https:\/\/jornalpontomais.com\/site\/#organization"},"image":{"@id":"https:\/\/jornalpontomais.com\/site\/2024\/04\/01\/brasil-leva-ouro-e-3-pratas-na-copa-do-mundo-de-ginastica-artistica\/#primaryimage"},"thumbnailUrl":"https:\/\/jornalpontomais.com\/site\/wp-content\/uploads\/2024\/04\/jade_barbosa_pan_de_santiago_2023.webp","articleSection":["Esporte"],"inLanguage":"pt-BR","potentialAction":[{"@type":"CommentAction","name":"Comment","target":["https:\/\/jornalpontomais.com\/site\/2024\/04\/01\/brasil-leva-ouro-e-3-pratas-na-copa-do-mundo-de-ginastica-artistica\/#respond"]}]},{"@type":"WebPage","@id":"https:\/\/jornalpontomais.com\/site\/2024\/04\/01\/brasil-leva-ouro-e-3-pratas-na-copa-do-mundo-de-ginastica-artistica\/","url":"https:\/\/jornalpontomais.com\/site\/2024\/04\/01\/brasil-leva-ouro-e-3-pratas-na-copa-do-mundo-de-ginastica-artistica\/","name":"Brasil leva ouro e 3 pratas na Copa do Mundo de Gin\u00e1stica Art\u00edstica - Jornal Ponto Mais","isPartOf":{"@id":"https:\/\/jornalpontomais.com\/site\/#website"},"primaryImageOfPage":{"@id":"https:\/\/jornalpontomais.com\/site\/2024\/04\/01\/brasil-leva-ouro-e-3-pratas-na-copa-do-mundo-de-ginastica-artistica\/#primaryimage"},"image":{"@id":"https:\/\/jornalpontomais.com\/site\/2024\/04\/01\/brasil-leva-ouro-e-3-pratas-na-copa-do-mundo-de-ginastica-artistica\/#primaryimage"},"thumbnailUrl":"https:\/\/jornalpontomais.com\/site\/wp-content\/uploads\/2024\/04\/jade_barbosa_pan_de_santiago_2023.webp","datePublished":"2024-04-01T12:50:41+00:00","dateModified":"2024-04-01T12:50:43+00:00","breadcrumb":{"@id":"https:\/\/jornalpontomais.com\/site\/2024\/04\/01\/brasil-leva-ouro-e-3-pratas-na-copa-do-mundo-de-ginastica-artistica\/#breadcrumb"},"inLanguage":"pt-BR","potentialAction":[{"@type":"ReadAction","target":["https:\/\/jornalpontomais.com\/site\/2024\/04\/01\/brasil-leva-ouro-e-3-pratas-na-copa-do-mundo-de-ginastica-artistica\/"]}]},{"@type":"ImageObject","inLanguage":"pt-BR","@id":"https:\/\/jornalpontomais.com\/site\/2024\/04\/01\/brasil-leva-ouro-e-3-pratas-na-copa-do-mundo-de-ginastica-artistica\/#primaryimage","url":"https:\/\/jornalpontomais.com\/site\/wp-content\/uploads\/2024\/04\/jade_barbosa_pan_de_santiago_2023.webp","contentUrl":"https:\/\/jornalpontomais.com\/site\/wp-content\/uploads\/2024\/04\/jade_barbosa_pan_de_santiago_2023.webp","width":1170,"height":700},{"@type":"BreadcrumbList","@id":"https:\/\/jornalpontomais.com\/site\/2024\/04\/01\/brasil-leva-ouro-e-3-pratas-na-copa-do-mundo-de-ginastica-artistica\/#breadcrumb","itemListElement":[{"@type":"ListItem","position":1,"name":"In\u00edcio","item":"https:\/\/jornalpontomais.com\/site\/"},{"@type":"ListItem","position":2,"name":"Brasil leva ouro e 3 pratas na Copa do Mundo de Gin\u00e1stica Art\u00edstica"}]},{"@type":"WebSite","@id":"https:\/\/jornalpontomais.com\/site\/#website","url":"https:\/\/jornalpontomais.com\/site\/","name":"Jornal Ponto Mais","description":"As principais not\u00edcias do Brasil e do mundo. Confira!","publisher":{"@id":"https:\/\/jornalpontomais.com\/site\/#organization"},"potentialAction":[{"@type":"SearchAction","target":{"@type":"EntryPoint","urlTemplate":"https:\/\/jornalpontomais.com\/site\/?s={search_term_string}"},"query-input":{"@type":"PropertyValueSpecification","valueRequired":true,"valueName":"search_term_string"}}],"inLanguage":"pt-BR"},{"@type":"Organization","@id":"https:\/\/jornalpontomais.com\/site\/#organization","name":"Jornal Ponto+","url":"https:\/\/jornalpontomais.com\/site\/","logo":{"@type":"ImageObject","inLanguage":"pt-BR","@id":"https:\/\/jornalpontomais.com\/site\/#\/schema\/logo\/image\/","url":"https:\/\/jornalpontomais.com\/site\/wp-content\/uploads\/2022\/01\/marca.png","contentUrl":"https:\/\/jornalpontomais.com\/site\/wp-content\/uploads\/2022\/01\/marca.png","width":582,"height":148,"caption":"Jornal Ponto+"},"image":{"@id":"https:\/\/jornalpontomais.com\/site\/#\/schema\/logo\/image\/"}},{"@type":"Person","@id":"https:\/\/jornalpontomais.com\/site\/#\/schema\/person\/18323f0b0f1355f2490721c48389fe9d","name":"Jornal Ponto Mais","image":{"@type":"ImageObject","inLanguage":"pt-BR","@id":"https:\/\/secure.gravatar.com\/avatar\/2ee0a9b7fe10fe32bdec8bc086e871e41eb5f4f6ecbcb7b4f2fe0d92d831405f?s=96&d=mm&r=g","url":"https:\/\/secure.gravatar.com\/avatar\/2ee0a9b7fe10fe32bdec8bc086e871e41eb5f4f6ecbcb7b4f2fe0d92d831405f?s=96&d=mm&r=g","contentUrl":"https:\/\/secure.gravatar.com\/avatar\/2ee0a9b7fe10fe32bdec8bc086e871e41eb5f4f6ecbcb7b4f2fe0d92d831405f?s=96&d=mm&r=g","caption":"Jornal Ponto Mais"},"sameAs":["https:\/\/jornalpontomais.com\/site","jornalpontomais"],"url":"https:\/\/jornalpontomais.com\/site\/author\/jornalpontomais\/"}]}},"_links":{"self":[{"href":"https:\/\/jornalpontomais.com\/site\/wp-json\/wp\/v2\/posts\/12595","targetHints":{"allow":["GET"]}}],"collection":[{"href":"https:\/\/jornalpontomais.com\/site\/wp-json\/wp\/v2\/posts"}],"about":[{"href":"https:\/\/jornalpontomais.com\/site\/wp-json\/wp\/v2\/types\/post"}],"author":[{"embeddable":true,"href":"https:\/\/jornalpontomais.com\/site\/wp-json\/wp\/v2\/users\/2"}],"replies":[{"embeddable":true,"href":"https:\/\/jornalpontomais.com\/site\/wp-json\/wp\/v2\/comments?post=12595"}],"version-history":[{"count":1,"href":"https:\/\/jornalpontomais.com\/site\/wp-json\/wp\/v2\/posts\/12595\/revisions"}],"predecessor-version":[{"id":12597,"href":"https:\/\/jornalpontomais.com\/site\/wp-json\/wp\/v2\/posts\/12595\/revisions\/12597"}],"wp:featuredmedia":[{"embeddable":true,"href":"https:\/\/jornalpontomais.com\/site\/wp-json\/wp\/v2\/media\/12596"}],"wp:attachment":[{"href":"https:\/\/jornalpontomais.com\/site\/wp-json\/wp\/v2\/media?parent=12595"}],"wp:term":[{"taxonomy":"category","embeddable":true,"href":"https:\/\/jornalpontomais.com\/site\/wp-json\/wp\/v2\/categories?post=12595"},{"taxonomy":"post_tag","embeddable":true,"href":"https:\/\/jornalpontomais.com\/site\/wp-json\/wp\/v2\/tags?post=12595"}],"curies":[{"name":"wp","href":"https:\/\/api.w.org\/{rel}","templated":true}]}}