{"id":12583,"date":"2024-03-29T10:18:57","date_gmt":"2024-03-29T13:18:57","guid":{"rendered":"https:\/\/jornalpontomais.com\/site\/?p=12583"},"modified":"2024-03-29T10:18:58","modified_gmt":"2024-03-29T13:18:58","slug":"trauma-infantil-pode-aumentar-o-risco-de-dor-cronica-na-idade-adulta","status":"publish","type":"post","link":"https:\/\/jornalpontomais.com\/site\/2024\/03\/29\/trauma-infantil-pode-aumentar-o-risco-de-dor-cronica-na-idade-adulta\/","title":{"rendered":"Trauma infantil pode aumentar o risco de dor cr\u00f4nica na idade adulta"},"content":{"rendered":"\n<p>Um estudo conduzido na Universidade McGill em Montreal, Canad\u00e1, revelou que crian\u00e7as que enfrentam traumas t\u00eam uma probabilidade aumentada de experimentar dores cr\u00f4nicas na vida adulta. A pesquisa abrangeu mais de 75 anos de dados, envolvendo mais de 826 mil pessoas e incluiu informa\u00e7\u00f5es sobre diversos tipos de abuso f\u00edsico, emocional e sexual, al\u00e9m de outros traumas s\u00e9rios na inf\u00e2ncia.<br><br><\/p>\n\n\n\n<p>Os resultados da an\u00e1lise indicaram fortes correla\u00e7\u00f5es entre um hist\u00f3rico de abuso f\u00edsico durante a inf\u00e2ncia, em particular, e o desenvolvimento de condi\u00e7\u00f5es de dor cr\u00f4nica d\u00e9cadas mais tarde. No entanto, outras formas de &#8220;experi\u00eancias adversas na inf\u00e2ncia&#8221; (ACEs) tamb\u00e9m mostraram estar associadas a esse fen\u00f4meno.<br><br><\/p>\n\n\n\n<p>Al\u00e9m do abuso f\u00edsico, a nova an\u00e1lise considerou outros tipos de traumas, como viol\u00eancia dom\u00e9stica, conviv\u00eancia com familiares que sofrem de abuso de subst\u00e2ncias ou a perda de um dos pais. As condi\u00e7\u00f5es de dor cr\u00f4nica em adultos inclu\u00edram problemas como dor lombar, artrite, dores de cabe\u00e7a e enxaquecas, muitas vezes impactando significativamente na qualidade de vida di\u00e1ria.<br><br><\/p>\n\n\n\n<p>Globalmente, as crian\u00e7as expostas diretamente \u00e0 neglig\u00eancia ou ao abuso f\u00edsico, sexual ou emocional demonstraram uma probabilidade 45% maior de desenvolver dor cr\u00f4nica na idade adulta, em compara\u00e7\u00e3o com aquelas sem tais experi\u00eancias adversas. <br><br>O abuso f\u00edsico foi identificado como o fator de maior impacto, correlacionando-se tanto com dor cr\u00f4nica quanto com dores t\u00e3o intensas a ponto de causar incapacidade funcional. Adicionalmente, a inclus\u00e3o de traumas &#8220;indiretos&#8221;, como viol\u00eancia dom\u00e9stica, abuso de subst\u00e2ncias pelos pais ou perda dos pais, aumentou ainda mais as chances de desenvolvimento de dor cr\u00f4nica.<\/p>\n\n\n\n<p><em>Fonte: European Journal of Psychotraumatology. DOI: 10.1080\/20008066.2022.2156053.<\/em><\/p>\n\n\n\n<p><\/p>\n","protected":false},"excerpt":{"rendered":"<p>Um estudo conduzido na Universidade McGill em Montreal, Canad\u00e1, revelou que crian\u00e7as que enfrentam traumas t\u00eam uma probabilidade aumentada de experimentar dores cr\u00f4nicas na vida adulta. A pesquisa abrangeu mais de 75 anos de dados, envolvendo mais de 826 mil pessoas e incluiu informa\u00e7\u00f5es sobre diversos tipos de abuso f\u00edsico, emocional e sexual, al\u00e9m de [&hellip;]<\/p>\n","protected":false},"author":2,"featured_media":12584,"comment_status":"open","ping_status":"open","sticky":true,"template":"","format":"standard","meta":{"om_disable_all_campaigns":false,"_monsterinsights_skip_tracking":false,"_monsterinsights_sitenote_active":false,"_monsterinsights_sitenote_note":"","_monsterinsights_sitenote_category":0,"footnotes":""},"categories":[3],"tags":[],"class_list":["post-12583","post","type-post","status-publish","format-standard","has-post-thumbnail","hentry","category-saude"],"yoast_head":"<!-- This site is optimized with the Yoast SEO plugin v27.2 - https:\/\/yoast.com\/product\/yoast-seo-wordpress\/ -->\n<title>Trauma infantil pode aumentar o risco de dor cr\u00f4nica na idade adulta - Jornal Ponto Mais<\/title>\n<meta name=\"robots\" content=\"index, follow, max-snippet:-1, max-image-preview:large, max-video-preview:-1\" \/>\n<link rel=\"canonical\" href=\"https:\/\/jornalpontomais.com\/site\/2024\/03\/29\/trauma-infantil-pode-aumentar-o-risco-de-dor-cronica-na-idade-adulta\/\" \/>\n<meta property=\"og:locale\" content=\"pt_BR\" \/>\n<meta property=\"og:type\" content=\"article\" \/>\n<meta property=\"og:title\" content=\"Trauma infantil pode aumentar o risco de dor cr\u00f4nica na idade adulta - Jornal Ponto Mais\" \/>\n<meta property=\"og:description\" content=\"Um estudo conduzido na Universidade McGill em Montreal, Canad\u00e1, revelou que crian\u00e7as que enfrentam traumas t\u00eam uma probabilidade aumentada de experimentar dores cr\u00f4nicas na vida adulta. A pesquisa abrangeu mais de 75 anos de dados, envolvendo mais de 826 mil pessoas e incluiu informa\u00e7\u00f5es sobre diversos tipos de abuso f\u00edsico, emocional e sexual, al\u00e9m de [&hellip;]\" \/>\n<meta property=\"og:url\" content=\"https:\/\/jornalpontomais.com\/site\/2024\/03\/29\/trauma-infantil-pode-aumentar-o-risco-de-dor-cronica-na-idade-adulta\/\" \/>\n<meta property=\"og:site_name\" content=\"Jornal Ponto Mais\" \/>\n<meta property=\"article:published_time\" content=\"2024-03-29T13:18:57+00:00\" \/>\n<meta property=\"article:modified_time\" content=\"2024-03-29T13:18:58+00:00\" \/>\n<meta property=\"og:image\" content=\"https:\/\/jornalpontomais.com\/site\/wp-content\/uploads\/2024\/03\/little-girl-sitting-backwards-with-brown-teddy-bear-scaled-1.jpg\" \/>\n\t<meta property=\"og:image:width\" content=\"2560\" \/>\n\t<meta property=\"og:image:height\" content=\"1707\" \/>\n\t<meta property=\"og:image:type\" content=\"image\/jpeg\" \/>\n<meta name=\"author\" content=\"Jornal Ponto Mais\" \/>\n<meta name=\"twitter:card\" content=\"summary_large_image\" \/>\n<meta name=\"twitter:label1\" content=\"Escrito por\" \/>\n\t<meta name=\"twitter:data1\" content=\"Jornal Ponto Mais\" \/>\n\t<meta name=\"twitter:label2\" content=\"Est. tempo de leitura\" \/>\n\t<meta name=\"twitter:data2\" content=\"2 minutos\" \/>\n<script type=\"application\/ld+json\" class=\"yoast-schema-graph\">{\"@context\":\"https:\/\/schema.org\",\"@graph\":[{\"@type\":\"Article\",\"@id\":\"https:\/\/jornalpontomais.com\/site\/2024\/03\/29\/trauma-infantil-pode-aumentar-o-risco-de-dor-cronica-na-idade-adulta\/#article\",\"isPartOf\":{\"@id\":\"https:\/\/jornalpontomais.com\/site\/2024\/03\/29\/trauma-infantil-pode-aumentar-o-risco-de-dor-cronica-na-idade-adulta\/\"},\"author\":{\"name\":\"Jornal Ponto Mais\",\"@id\":\"https:\/\/jornalpontomais.com\/site\/#\/schema\/person\/18323f0b0f1355f2490721c48389fe9d\"},\"headline\":\"Trauma infantil pode aumentar o risco de dor cr\u00f4nica na idade adulta\",\"datePublished\":\"2024-03-29T13:18:57+00:00\",\"dateModified\":\"2024-03-29T13:18:58+00:00\",\"mainEntityOfPage\":{\"@id\":\"https:\/\/jornalpontomais.com\/site\/2024\/03\/29\/trauma-infantil-pode-aumentar-o-risco-de-dor-cronica-na-idade-adulta\/\"},\"wordCount\":314,\"commentCount\":0,\"publisher\":{\"@id\":\"https:\/\/jornalpontomais.com\/site\/#organization\"},\"image\":{\"@id\":\"https:\/\/jornalpontomais.com\/site\/2024\/03\/29\/trauma-infantil-pode-aumentar-o-risco-de-dor-cronica-na-idade-adulta\/#primaryimage\"},\"thumbnailUrl\":\"https:\/\/jornalpontomais.com\/site\/wp-content\/uploads\/2024\/03\/little-girl-sitting-backwards-with-brown-teddy-bear-scaled-1.jpg\",\"articleSection\":[\"Sa\u00fade\"],\"inLanguage\":\"pt-BR\",\"potentialAction\":[{\"@type\":\"CommentAction\",\"name\":\"Comment\",\"target\":[\"https:\/\/jornalpontomais.com\/site\/2024\/03\/29\/trauma-infantil-pode-aumentar-o-risco-de-dor-cronica-na-idade-adulta\/#respond\"]}]},{\"@type\":\"WebPage\",\"@id\":\"https:\/\/jornalpontomais.com\/site\/2024\/03\/29\/trauma-infantil-pode-aumentar-o-risco-de-dor-cronica-na-idade-adulta\/\",\"url\":\"https:\/\/jornalpontomais.com\/site\/2024\/03\/29\/trauma-infantil-pode-aumentar-o-risco-de-dor-cronica-na-idade-adulta\/\",\"name\":\"Trauma infantil pode aumentar o risco de dor cr\u00f4nica na idade adulta - Jornal Ponto Mais\",\"isPartOf\":{\"@id\":\"https:\/\/jornalpontomais.com\/site\/#website\"},\"primaryImageOfPage\":{\"@id\":\"https:\/\/jornalpontomais.com\/site\/2024\/03\/29\/trauma-infantil-pode-aumentar-o-risco-de-dor-cronica-na-idade-adulta\/#primaryimage\"},\"image\":{\"@id\":\"https:\/\/jornalpontomais.com\/site\/2024\/03\/29\/trauma-infantil-pode-aumentar-o-risco-de-dor-cronica-na-idade-adulta\/#primaryimage\"},\"thumbnailUrl\":\"https:\/\/jornalpontomais.com\/site\/wp-content\/uploads\/2024\/03\/little-girl-sitting-backwards-with-brown-teddy-bear-scaled-1.jpg\",\"datePublished\":\"2024-03-29T13:18:57+00:00\",\"dateModified\":\"2024-03-29T13:18:58+00:00\",\"breadcrumb\":{\"@id\":\"https:\/\/jornalpontomais.com\/site\/2024\/03\/29\/trauma-infantil-pode-aumentar-o-risco-de-dor-cronica-na-idade-adulta\/#breadcrumb\"},\"inLanguage\":\"pt-BR\",\"potentialAction\":[{\"@type\":\"ReadAction\",\"target\":[\"https:\/\/jornalpontomais.com\/site\/2024\/03\/29\/trauma-infantil-pode-aumentar-o-risco-de-dor-cronica-na-idade-adulta\/\"]}]},{\"@type\":\"ImageObject\",\"inLanguage\":\"pt-BR\",\"@id\":\"https:\/\/jornalpontomais.com\/site\/2024\/03\/29\/trauma-infantil-pode-aumentar-o-risco-de-dor-cronica-na-idade-adulta\/#primaryimage\",\"url\":\"https:\/\/jornalpontomais.com\/site\/wp-content\/uploads\/2024\/03\/little-girl-sitting-backwards-with-brown-teddy-bear-scaled-1.jpg\",\"contentUrl\":\"https:\/\/jornalpontomais.com\/site\/wp-content\/uploads\/2024\/03\/little-girl-sitting-backwards-with-brown-teddy-bear-scaled-1.jpg\",\"width\":2560,\"height\":1707,\"caption\":\"Little girl sitting backwards with brown teddy bear, toddler wearing white t shirt offended by someone, being in bad mood, feels sad and upset, posing isolated over yellow background. Emotions concept\"},{\"@type\":\"BreadcrumbList\",\"@id\":\"https:\/\/jornalpontomais.com\/site\/2024\/03\/29\/trauma-infantil-pode-aumentar-o-risco-de-dor-cronica-na-idade-adulta\/#breadcrumb\",\"itemListElement\":[{\"@type\":\"ListItem\",\"position\":1,\"name\":\"In\u00edcio\",\"item\":\"https:\/\/jornalpontomais.com\/site\/\"},{\"@type\":\"ListItem\",\"position\":2,\"name\":\"Trauma infantil pode aumentar o risco de dor cr\u00f4nica na idade adulta\"}]},{\"@type\":\"WebSite\",\"@id\":\"https:\/\/jornalpontomais.com\/site\/#website\",\"url\":\"https:\/\/jornalpontomais.com\/site\/\",\"name\":\"Jornal Ponto Mais\",\"description\":\"As principais not\u00edcias do Brasil e do mundo. Confira!\",\"publisher\":{\"@id\":\"https:\/\/jornalpontomais.com\/site\/#organization\"},\"potentialAction\":[{\"@type\":\"SearchAction\",\"target\":{\"@type\":\"EntryPoint\",\"urlTemplate\":\"https:\/\/jornalpontomais.com\/site\/?s={search_term_string}\"},\"query-input\":{\"@type\":\"PropertyValueSpecification\",\"valueRequired\":true,\"valueName\":\"search_term_string\"}}],\"inLanguage\":\"pt-BR\"},{\"@type\":\"Organization\",\"@id\":\"https:\/\/jornalpontomais.com\/site\/#organization\",\"name\":\"Jornal Ponto+\",\"url\":\"https:\/\/jornalpontomais.com\/site\/\",\"logo\":{\"@type\":\"ImageObject\",\"inLanguage\":\"pt-BR\",\"@id\":\"https:\/\/jornalpontomais.com\/site\/#\/schema\/logo\/image\/\",\"url\":\"https:\/\/jornalpontomais.com\/site\/wp-content\/uploads\/2022\/01\/marca.png\",\"contentUrl\":\"https:\/\/jornalpontomais.com\/site\/wp-content\/uploads\/2022\/01\/marca.png\",\"width\":582,\"height\":148,\"caption\":\"Jornal Ponto+\"},\"image\":{\"@id\":\"https:\/\/jornalpontomais.com\/site\/#\/schema\/logo\/image\/\"}},{\"@type\":\"Person\",\"@id\":\"https:\/\/jornalpontomais.com\/site\/#\/schema\/person\/18323f0b0f1355f2490721c48389fe9d\",\"name\":\"Jornal Ponto Mais\",\"image\":{\"@type\":\"ImageObject\",\"inLanguage\":\"pt-BR\",\"@id\":\"https:\/\/secure.gravatar.com\/avatar\/2ee0a9b7fe10fe32bdec8bc086e871e41eb5f4f6ecbcb7b4f2fe0d92d831405f?s=96&d=mm&r=g\",\"url\":\"https:\/\/secure.gravatar.com\/avatar\/2ee0a9b7fe10fe32bdec8bc086e871e41eb5f4f6ecbcb7b4f2fe0d92d831405f?s=96&d=mm&r=g\",\"contentUrl\":\"https:\/\/secure.gravatar.com\/avatar\/2ee0a9b7fe10fe32bdec8bc086e871e41eb5f4f6ecbcb7b4f2fe0d92d831405f?s=96&d=mm&r=g\",\"caption\":\"Jornal Ponto Mais\"},\"sameAs\":[\"https:\/\/jornalpontomais.com\/site\",\"jornalpontomais\"],\"url\":\"https:\/\/jornalpontomais.com\/site\/author\/jornalpontomais\/\"}]}<\/script>\n<!-- \/ Yoast SEO plugin. -->","yoast_head_json":{"title":"Trauma infantil pode aumentar o risco de dor cr\u00f4nica na idade adulta - Jornal Ponto Mais","robots":{"index":"index","follow":"follow","max-snippet":"max-snippet:-1","max-image-preview":"max-image-preview:large","max-video-preview":"max-video-preview:-1"},"canonical":"https:\/\/jornalpontomais.com\/site\/2024\/03\/29\/trauma-infantil-pode-aumentar-o-risco-de-dor-cronica-na-idade-adulta\/","og_locale":"pt_BR","og_type":"article","og_title":"Trauma infantil pode aumentar o risco de dor cr\u00f4nica na idade adulta - Jornal Ponto Mais","og_description":"Um estudo conduzido na Universidade McGill em Montreal, Canad\u00e1, revelou que crian\u00e7as que enfrentam traumas t\u00eam uma probabilidade aumentada de experimentar dores cr\u00f4nicas na vida adulta. A pesquisa abrangeu mais de 75 anos de dados, envolvendo mais de 826 mil pessoas e incluiu informa\u00e7\u00f5es sobre diversos tipos de abuso f\u00edsico, emocional e sexual, al\u00e9m de [&hellip;]","og_url":"https:\/\/jornalpontomais.com\/site\/2024\/03\/29\/trauma-infantil-pode-aumentar-o-risco-de-dor-cronica-na-idade-adulta\/","og_site_name":"Jornal Ponto Mais","article_published_time":"2024-03-29T13:18:57+00:00","article_modified_time":"2024-03-29T13:18:58+00:00","og_image":[{"width":2560,"height":1707,"url":"https:\/\/jornalpontomais.com\/site\/wp-content\/uploads\/2024\/03\/little-girl-sitting-backwards-with-brown-teddy-bear-scaled-1.jpg","type":"image\/jpeg"}],"author":"Jornal Ponto Mais","twitter_card":"summary_large_image","twitter_misc":{"Escrito por":"Jornal Ponto Mais","Est. tempo de leitura":"2 minutos"},"schema":{"@context":"https:\/\/schema.org","@graph":[{"@type":"Article","@id":"https:\/\/jornalpontomais.com\/site\/2024\/03\/29\/trauma-infantil-pode-aumentar-o-risco-de-dor-cronica-na-idade-adulta\/#article","isPartOf":{"@id":"https:\/\/jornalpontomais.com\/site\/2024\/03\/29\/trauma-infantil-pode-aumentar-o-risco-de-dor-cronica-na-idade-adulta\/"},"author":{"name":"Jornal Ponto Mais","@id":"https:\/\/jornalpontomais.com\/site\/#\/schema\/person\/18323f0b0f1355f2490721c48389fe9d"},"headline":"Trauma infantil pode aumentar o risco de dor cr\u00f4nica na idade adulta","datePublished":"2024-03-29T13:18:57+00:00","dateModified":"2024-03-29T13:18:58+00:00","mainEntityOfPage":{"@id":"https:\/\/jornalpontomais.com\/site\/2024\/03\/29\/trauma-infantil-pode-aumentar-o-risco-de-dor-cronica-na-idade-adulta\/"},"wordCount":314,"commentCount":0,"publisher":{"@id":"https:\/\/jornalpontomais.com\/site\/#organization"},"image":{"@id":"https:\/\/jornalpontomais.com\/site\/2024\/03\/29\/trauma-infantil-pode-aumentar-o-risco-de-dor-cronica-na-idade-adulta\/#primaryimage"},"thumbnailUrl":"https:\/\/jornalpontomais.com\/site\/wp-content\/uploads\/2024\/03\/little-girl-sitting-backwards-with-brown-teddy-bear-scaled-1.jpg","articleSection":["Sa\u00fade"],"inLanguage":"pt-BR","potentialAction":[{"@type":"CommentAction","name":"Comment","target":["https:\/\/jornalpontomais.com\/site\/2024\/03\/29\/trauma-infantil-pode-aumentar-o-risco-de-dor-cronica-na-idade-adulta\/#respond"]}]},{"@type":"WebPage","@id":"https:\/\/jornalpontomais.com\/site\/2024\/03\/29\/trauma-infantil-pode-aumentar-o-risco-de-dor-cronica-na-idade-adulta\/","url":"https:\/\/jornalpontomais.com\/site\/2024\/03\/29\/trauma-infantil-pode-aumentar-o-risco-de-dor-cronica-na-idade-adulta\/","name":"Trauma infantil pode aumentar o risco de dor cr\u00f4nica na idade adulta - Jornal Ponto Mais","isPartOf":{"@id":"https:\/\/jornalpontomais.com\/site\/#website"},"primaryImageOfPage":{"@id":"https:\/\/jornalpontomais.com\/site\/2024\/03\/29\/trauma-infantil-pode-aumentar-o-risco-de-dor-cronica-na-idade-adulta\/#primaryimage"},"image":{"@id":"https:\/\/jornalpontomais.com\/site\/2024\/03\/29\/trauma-infantil-pode-aumentar-o-risco-de-dor-cronica-na-idade-adulta\/#primaryimage"},"thumbnailUrl":"https:\/\/jornalpontomais.com\/site\/wp-content\/uploads\/2024\/03\/little-girl-sitting-backwards-with-brown-teddy-bear-scaled-1.jpg","datePublished":"2024-03-29T13:18:57+00:00","dateModified":"2024-03-29T13:18:58+00:00","breadcrumb":{"@id":"https:\/\/jornalpontomais.com\/site\/2024\/03\/29\/trauma-infantil-pode-aumentar-o-risco-de-dor-cronica-na-idade-adulta\/#breadcrumb"},"inLanguage":"pt-BR","potentialAction":[{"@type":"ReadAction","target":["https:\/\/jornalpontomais.com\/site\/2024\/03\/29\/trauma-infantil-pode-aumentar-o-risco-de-dor-cronica-na-idade-adulta\/"]}]},{"@type":"ImageObject","inLanguage":"pt-BR","@id":"https:\/\/jornalpontomais.com\/site\/2024\/03\/29\/trauma-infantil-pode-aumentar-o-risco-de-dor-cronica-na-idade-adulta\/#primaryimage","url":"https:\/\/jornalpontomais.com\/site\/wp-content\/uploads\/2024\/03\/little-girl-sitting-backwards-with-brown-teddy-bear-scaled-1.jpg","contentUrl":"https:\/\/jornalpontomais.com\/site\/wp-content\/uploads\/2024\/03\/little-girl-sitting-backwards-with-brown-teddy-bear-scaled-1.jpg","width":2560,"height":1707,"caption":"Little girl sitting backwards with brown teddy bear, toddler wearing white t shirt offended by someone, being in bad mood, feels sad and upset, posing isolated over yellow background. Emotions concept"},{"@type":"BreadcrumbList","@id":"https:\/\/jornalpontomais.com\/site\/2024\/03\/29\/trauma-infantil-pode-aumentar-o-risco-de-dor-cronica-na-idade-adulta\/#breadcrumb","itemListElement":[{"@type":"ListItem","position":1,"name":"In\u00edcio","item":"https:\/\/jornalpontomais.com\/site\/"},{"@type":"ListItem","position":2,"name":"Trauma infantil pode aumentar o risco de dor cr\u00f4nica na idade adulta"}]},{"@type":"WebSite","@id":"https:\/\/jornalpontomais.com\/site\/#website","url":"https:\/\/jornalpontomais.com\/site\/","name":"Jornal Ponto Mais","description":"As principais not\u00edcias do Brasil e do mundo. Confira!","publisher":{"@id":"https:\/\/jornalpontomais.com\/site\/#organization"},"potentialAction":[{"@type":"SearchAction","target":{"@type":"EntryPoint","urlTemplate":"https:\/\/jornalpontomais.com\/site\/?s={search_term_string}"},"query-input":{"@type":"PropertyValueSpecification","valueRequired":true,"valueName":"search_term_string"}}],"inLanguage":"pt-BR"},{"@type":"Organization","@id":"https:\/\/jornalpontomais.com\/site\/#organization","name":"Jornal Ponto+","url":"https:\/\/jornalpontomais.com\/site\/","logo":{"@type":"ImageObject","inLanguage":"pt-BR","@id":"https:\/\/jornalpontomais.com\/site\/#\/schema\/logo\/image\/","url":"https:\/\/jornalpontomais.com\/site\/wp-content\/uploads\/2022\/01\/marca.png","contentUrl":"https:\/\/jornalpontomais.com\/site\/wp-content\/uploads\/2022\/01\/marca.png","width":582,"height":148,"caption":"Jornal Ponto+"},"image":{"@id":"https:\/\/jornalpontomais.com\/site\/#\/schema\/logo\/image\/"}},{"@type":"Person","@id":"https:\/\/jornalpontomais.com\/site\/#\/schema\/person\/18323f0b0f1355f2490721c48389fe9d","name":"Jornal Ponto Mais","image":{"@type":"ImageObject","inLanguage":"pt-BR","@id":"https:\/\/secure.gravatar.com\/avatar\/2ee0a9b7fe10fe32bdec8bc086e871e41eb5f4f6ecbcb7b4f2fe0d92d831405f?s=96&d=mm&r=g","url":"https:\/\/secure.gravatar.com\/avatar\/2ee0a9b7fe10fe32bdec8bc086e871e41eb5f4f6ecbcb7b4f2fe0d92d831405f?s=96&d=mm&r=g","contentUrl":"https:\/\/secure.gravatar.com\/avatar\/2ee0a9b7fe10fe32bdec8bc086e871e41eb5f4f6ecbcb7b4f2fe0d92d831405f?s=96&d=mm&r=g","caption":"Jornal Ponto Mais"},"sameAs":["https:\/\/jornalpontomais.com\/site","jornalpontomais"],"url":"https:\/\/jornalpontomais.com\/site\/author\/jornalpontomais\/"}]}},"_links":{"self":[{"href":"https:\/\/jornalpontomais.com\/site\/wp-json\/wp\/v2\/posts\/12583","targetHints":{"allow":["GET"]}}],"collection":[{"href":"https:\/\/jornalpontomais.com\/site\/wp-json\/wp\/v2\/posts"}],"about":[{"href":"https:\/\/jornalpontomais.com\/site\/wp-json\/wp\/v2\/types\/post"}],"author":[{"embeddable":true,"href":"https:\/\/jornalpontomais.com\/site\/wp-json\/wp\/v2\/users\/2"}],"replies":[{"embeddable":true,"href":"https:\/\/jornalpontomais.com\/site\/wp-json\/wp\/v2\/comments?post=12583"}],"version-history":[{"count":1,"href":"https:\/\/jornalpontomais.com\/site\/wp-json\/wp\/v2\/posts\/12583\/revisions"}],"predecessor-version":[{"id":12585,"href":"https:\/\/jornalpontomais.com\/site\/wp-json\/wp\/v2\/posts\/12583\/revisions\/12585"}],"wp:featuredmedia":[{"embeddable":true,"href":"https:\/\/jornalpontomais.com\/site\/wp-json\/wp\/v2\/media\/12584"}],"wp:attachment":[{"href":"https:\/\/jornalpontomais.com\/site\/wp-json\/wp\/v2\/media?parent=12583"}],"wp:term":[{"taxonomy":"category","embeddable":true,"href":"https:\/\/jornalpontomais.com\/site\/wp-json\/wp\/v2\/categories?post=12583"},{"taxonomy":"post_tag","embeddable":true,"href":"https:\/\/jornalpontomais.com\/site\/wp-json\/wp\/v2\/tags?post=12583"}],"curies":[{"name":"wp","href":"https:\/\/api.w.org\/{rel}","templated":true}]}}