{"id":12539,"date":"2024-03-27T09:34:32","date_gmt":"2024-03-27T12:34:32","guid":{"rendered":"https:\/\/jornalpontomais.com\/site\/?p=12539"},"modified":"2024-03-27T09:34:33","modified_gmt":"2024-03-27T12:34:33","slug":"goias-brilha-com-titulo-e-medalhas-no-open-e-no-campeonato-mundial-de-karate","status":"publish","type":"post","link":"https:\/\/jornalpontomais.com\/site\/2024\/03\/27\/goias-brilha-com-titulo-e-medalhas-no-open-e-no-campeonato-mundial-de-karate\/","title":{"rendered":"Goi\u00e1s brilha com t\u00edtulo e medalhas no Open e no Campeonato Mundial de Karat\u00ea"},"content":{"rendered":"\n<p>Os atletas goianos conseguiram \u00f3timos resultados no Open Malta e no Campeonato Mundial de Karat\u00ea, realizados na ilha de Malta. Composta por 13 integrantes, a delega\u00e7\u00e3o goiana contou com o apoio log\u00edstico do Governo de Goi\u00e1s, por meio da Secretaria de Estado de Esporte e Lazer, que viabilizou passagens a\u00e9reas para o grupo.<br><br><\/p>\n\n\n\n<p>Ao todo, a delega\u00e7\u00e3o goiana conquistou 22 medalhas nas duas competi\u00e7\u00f5es \u2013 nove de ouro, sete de prata e seis de bronze.<br><br><\/p>\n\n\n\n<p>O grupo faz parte do Projeto Construindo Campe\u00f5es, que foi criado em 2019 e j\u00e1 atende mais de 11 mil alunos, em cerca de 100 munic\u00edpios goianos, com aulas de artes marciais, como karat\u00ea, jud\u00f4, jiu-jitsu, boxe e taekwondo.<br><br><\/p>\n\n\n\n<p><strong>Open e Campeonato Mundial de Karat\u00ea<\/strong><\/p>\n\n\n\n<p>Quem voltou com a bagagem mais pesada foi M\u00e1rio Kanashiro, que na categoria Master subiu ao p\u00f3dio duas vezes, conquistando a medalha de prata no Open e de ouro no Campeonato Mundial pela modalidade do Kata.<br><br><\/p>\n\n\n\n<p>\u201cOs resultados que conquistamos em Malta evidenciam o crescimento da modalidade em Goi\u00e1s, que se deve muito ao Construindo Campe\u00f5es. J\u00e1 estamos com cinco anos de projeto em andamento e, nesse per\u00edodo, conseguimos garimpar v\u00e1rios talentos em todos os cantos do Estado\u201d, comemorou M\u00e1rio, que tamb\u00e9m \u00e9 superintendente de Paradesporto e Fomento Esportivo da Seel.<br><br><\/p>\n\n\n\n<p>Atleta descoberto pelo Construindo Campe\u00f5es h\u00e1 cerca de dois anos, em Valpara\u00edso de Goi\u00e1s, Lucas Henrique teve a oportunidade de disputar a sua primeira competi\u00e7\u00e3o internacional e enalteceu o apoio do Governo de Goi\u00e1s para tornar isso poss\u00edvel.<br><br>\u201cSe n\u00e3o fosse esse apoio, dificilmente ir\u00edamos conseguir disputar essa competi\u00e7\u00e3o pois o custo \u00e9 muito alto. Estamos muito felizes em representar o Construindo Campe\u00f5es, o Estado de Goi\u00e1s e o nosso pa\u00eds\u201d, destacou o atleta, que conquistou o t\u00edtulo no Open e no Mundial, na modalidade kumite.<\/p>\n","protected":false},"excerpt":{"rendered":"<p>Os atletas goianos conseguiram \u00f3timos resultados no Open Malta e no Campeonato Mundial de Karat\u00ea, realizados na ilha de Malta. Composta por 13 integrantes, a delega\u00e7\u00e3o goiana contou com o apoio log\u00edstico do Governo de Goi\u00e1s, por meio da Secretaria de Estado de Esporte e Lazer, que viabilizou passagens a\u00e9reas para o grupo. Ao todo, [&hellip;]<\/p>\n","protected":false},"author":2,"featured_media":12541,"comment_status":"open","ping_status":"open","sticky":true,"template":"","format":"standard","meta":{"om_disable_all_campaigns":false,"_monsterinsights_skip_tracking":false,"_monsterinsights_sitenote_active":false,"_monsterinsights_sitenote_note":"","_monsterinsights_sitenote_category":0,"footnotes":""},"categories":[4],"tags":[],"class_list":["post-12539","post","type-post","status-publish","format-standard","has-post-thumbnail","hentry","category-esporte"],"yoast_head":"<!-- This site is optimized with the Yoast SEO plugin v27.2 - https:\/\/yoast.com\/product\/yoast-seo-wordpress\/ -->\n<title>Goi\u00e1s brilha com t\u00edtulo e medalhas no Open e no Campeonato Mundial de Karat\u00ea - Jornal Ponto Mais<\/title>\n<meta name=\"robots\" content=\"index, follow, max-snippet:-1, max-image-preview:large, max-video-preview:-1\" \/>\n<link rel=\"canonical\" href=\"https:\/\/jornalpontomais.com\/site\/2024\/03\/27\/goias-brilha-com-titulo-e-medalhas-no-open-e-no-campeonato-mundial-de-karate\/\" \/>\n<meta property=\"og:locale\" content=\"pt_BR\" \/>\n<meta property=\"og:type\" content=\"article\" \/>\n<meta property=\"og:title\" content=\"Goi\u00e1s brilha com t\u00edtulo e medalhas no Open e no Campeonato Mundial de Karat\u00ea - Jornal Ponto Mais\" \/>\n<meta property=\"og:description\" content=\"Os atletas goianos conseguiram \u00f3timos resultados no Open Malta e no Campeonato Mundial de Karat\u00ea, realizados na ilha de Malta. Composta por 13 integrantes, a delega\u00e7\u00e3o goiana contou com o apoio log\u00edstico do Governo de Goi\u00e1s, por meio da Secretaria de Estado de Esporte e Lazer, que viabilizou passagens a\u00e9reas para o grupo. Ao todo, [&hellip;]\" \/>\n<meta property=\"og:url\" content=\"https:\/\/jornalpontomais.com\/site\/2024\/03\/27\/goias-brilha-com-titulo-e-medalhas-no-open-e-no-campeonato-mundial-de-karate\/\" \/>\n<meta property=\"og:site_name\" content=\"Jornal Ponto Mais\" \/>\n<meta property=\"article:published_time\" content=\"2024-03-27T12:34:32+00:00\" \/>\n<meta property=\"article:modified_time\" content=\"2024-03-27T12:34:33+00:00\" \/>\n<meta property=\"og:image\" content=\"https:\/\/jornalpontomais.com\/site\/wp-content\/uploads\/2024\/03\/Campeonato-Mundial-de-Karate_Divulgacao.jpeg\" \/>\n\t<meta property=\"og:image:width\" content=\"960\" \/>\n\t<meta property=\"og:image:height\" content=\"1280\" \/>\n\t<meta property=\"og:image:type\" content=\"image\/jpeg\" \/>\n<meta name=\"author\" content=\"Jornal Ponto Mais\" \/>\n<meta name=\"twitter:card\" content=\"summary_large_image\" \/>\n<meta name=\"twitter:label1\" content=\"Escrito por\" \/>\n\t<meta name=\"twitter:data1\" content=\"Jornal Ponto Mais\" \/>\n\t<meta name=\"twitter:label2\" content=\"Est. tempo de leitura\" \/>\n\t<meta name=\"twitter:data2\" content=\"2 minutos\" \/>\n<script type=\"application\/ld+json\" class=\"yoast-schema-graph\">{\"@context\":\"https:\/\/schema.org\",\"@graph\":[{\"@type\":\"Article\",\"@id\":\"https:\/\/jornalpontomais.com\/site\/2024\/03\/27\/goias-brilha-com-titulo-e-medalhas-no-open-e-no-campeonato-mundial-de-karate\/#article\",\"isPartOf\":{\"@id\":\"https:\/\/jornalpontomais.com\/site\/2024\/03\/27\/goias-brilha-com-titulo-e-medalhas-no-open-e-no-campeonato-mundial-de-karate\/\"},\"author\":{\"name\":\"Jornal Ponto Mais\",\"@id\":\"https:\/\/jornalpontomais.com\/site\/#\/schema\/person\/18323f0b0f1355f2490721c48389fe9d\"},\"headline\":\"Goi\u00e1s brilha com t\u00edtulo e medalhas no Open e no Campeonato Mundial de Karat\u00ea\",\"datePublished\":\"2024-03-27T12:34:32+00:00\",\"dateModified\":\"2024-03-27T12:34:33+00:00\",\"mainEntityOfPage\":{\"@id\":\"https:\/\/jornalpontomais.com\/site\/2024\/03\/27\/goias-brilha-com-titulo-e-medalhas-no-open-e-no-campeonato-mundial-de-karate\/\"},\"wordCount\":334,\"commentCount\":0,\"publisher\":{\"@id\":\"https:\/\/jornalpontomais.com\/site\/#organization\"},\"image\":{\"@id\":\"https:\/\/jornalpontomais.com\/site\/2024\/03\/27\/goias-brilha-com-titulo-e-medalhas-no-open-e-no-campeonato-mundial-de-karate\/#primaryimage\"},\"thumbnailUrl\":\"https:\/\/jornalpontomais.com\/site\/wp-content\/uploads\/2024\/03\/Campeonato-Mundial-de-Karate_Divulgacao.jpeg\",\"articleSection\":[\"Esporte\"],\"inLanguage\":\"pt-BR\",\"potentialAction\":[{\"@type\":\"CommentAction\",\"name\":\"Comment\",\"target\":[\"https:\/\/jornalpontomais.com\/site\/2024\/03\/27\/goias-brilha-com-titulo-e-medalhas-no-open-e-no-campeonato-mundial-de-karate\/#respond\"]}]},{\"@type\":\"WebPage\",\"@id\":\"https:\/\/jornalpontomais.com\/site\/2024\/03\/27\/goias-brilha-com-titulo-e-medalhas-no-open-e-no-campeonato-mundial-de-karate\/\",\"url\":\"https:\/\/jornalpontomais.com\/site\/2024\/03\/27\/goias-brilha-com-titulo-e-medalhas-no-open-e-no-campeonato-mundial-de-karate\/\",\"name\":\"Goi\u00e1s brilha com t\u00edtulo e medalhas no Open e no Campeonato Mundial de Karat\u00ea - Jornal Ponto Mais\",\"isPartOf\":{\"@id\":\"https:\/\/jornalpontomais.com\/site\/#website\"},\"primaryImageOfPage\":{\"@id\":\"https:\/\/jornalpontomais.com\/site\/2024\/03\/27\/goias-brilha-com-titulo-e-medalhas-no-open-e-no-campeonato-mundial-de-karate\/#primaryimage\"},\"image\":{\"@id\":\"https:\/\/jornalpontomais.com\/site\/2024\/03\/27\/goias-brilha-com-titulo-e-medalhas-no-open-e-no-campeonato-mundial-de-karate\/#primaryimage\"},\"thumbnailUrl\":\"https:\/\/jornalpontomais.com\/site\/wp-content\/uploads\/2024\/03\/Campeonato-Mundial-de-Karate_Divulgacao.jpeg\",\"datePublished\":\"2024-03-27T12:34:32+00:00\",\"dateModified\":\"2024-03-27T12:34:33+00:00\",\"breadcrumb\":{\"@id\":\"https:\/\/jornalpontomais.com\/site\/2024\/03\/27\/goias-brilha-com-titulo-e-medalhas-no-open-e-no-campeonato-mundial-de-karate\/#breadcrumb\"},\"inLanguage\":\"pt-BR\",\"potentialAction\":[{\"@type\":\"ReadAction\",\"target\":[\"https:\/\/jornalpontomais.com\/site\/2024\/03\/27\/goias-brilha-com-titulo-e-medalhas-no-open-e-no-campeonato-mundial-de-karate\/\"]}]},{\"@type\":\"ImageObject\",\"inLanguage\":\"pt-BR\",\"@id\":\"https:\/\/jornalpontomais.com\/site\/2024\/03\/27\/goias-brilha-com-titulo-e-medalhas-no-open-e-no-campeonato-mundial-de-karate\/#primaryimage\",\"url\":\"https:\/\/jornalpontomais.com\/site\/wp-content\/uploads\/2024\/03\/Campeonato-Mundial-de-Karate_Divulgacao.jpeg\",\"contentUrl\":\"https:\/\/jornalpontomais.com\/site\/wp-content\/uploads\/2024\/03\/Campeonato-Mundial-de-Karate_Divulgacao.jpeg\",\"width\":960,\"height\":1280},{\"@type\":\"BreadcrumbList\",\"@id\":\"https:\/\/jornalpontomais.com\/site\/2024\/03\/27\/goias-brilha-com-titulo-e-medalhas-no-open-e-no-campeonato-mundial-de-karate\/#breadcrumb\",\"itemListElement\":[{\"@type\":\"ListItem\",\"position\":1,\"name\":\"In\u00edcio\",\"item\":\"https:\/\/jornalpontomais.com\/site\/\"},{\"@type\":\"ListItem\",\"position\":2,\"name\":\"Goi\u00e1s brilha com t\u00edtulo e medalhas no Open e no Campeonato Mundial de Karat\u00ea\"}]},{\"@type\":\"WebSite\",\"@id\":\"https:\/\/jornalpontomais.com\/site\/#website\",\"url\":\"https:\/\/jornalpontomais.com\/site\/\",\"name\":\"Jornal Ponto Mais\",\"description\":\"As principais not\u00edcias do Brasil e do mundo. Confira!\",\"publisher\":{\"@id\":\"https:\/\/jornalpontomais.com\/site\/#organization\"},\"potentialAction\":[{\"@type\":\"SearchAction\",\"target\":{\"@type\":\"EntryPoint\",\"urlTemplate\":\"https:\/\/jornalpontomais.com\/site\/?s={search_term_string}\"},\"query-input\":{\"@type\":\"PropertyValueSpecification\",\"valueRequired\":true,\"valueName\":\"search_term_string\"}}],\"inLanguage\":\"pt-BR\"},{\"@type\":\"Organization\",\"@id\":\"https:\/\/jornalpontomais.com\/site\/#organization\",\"name\":\"Jornal Ponto+\",\"url\":\"https:\/\/jornalpontomais.com\/site\/\",\"logo\":{\"@type\":\"ImageObject\",\"inLanguage\":\"pt-BR\",\"@id\":\"https:\/\/jornalpontomais.com\/site\/#\/schema\/logo\/image\/\",\"url\":\"https:\/\/jornalpontomais.com\/site\/wp-content\/uploads\/2022\/01\/marca.png\",\"contentUrl\":\"https:\/\/jornalpontomais.com\/site\/wp-content\/uploads\/2022\/01\/marca.png\",\"width\":582,\"height\":148,\"caption\":\"Jornal Ponto+\"},\"image\":{\"@id\":\"https:\/\/jornalpontomais.com\/site\/#\/schema\/logo\/image\/\"}},{\"@type\":\"Person\",\"@id\":\"https:\/\/jornalpontomais.com\/site\/#\/schema\/person\/18323f0b0f1355f2490721c48389fe9d\",\"name\":\"Jornal Ponto Mais\",\"image\":{\"@type\":\"ImageObject\",\"inLanguage\":\"pt-BR\",\"@id\":\"https:\/\/secure.gravatar.com\/avatar\/2ee0a9b7fe10fe32bdec8bc086e871e41eb5f4f6ecbcb7b4f2fe0d92d831405f?s=96&d=mm&r=g\",\"url\":\"https:\/\/secure.gravatar.com\/avatar\/2ee0a9b7fe10fe32bdec8bc086e871e41eb5f4f6ecbcb7b4f2fe0d92d831405f?s=96&d=mm&r=g\",\"contentUrl\":\"https:\/\/secure.gravatar.com\/avatar\/2ee0a9b7fe10fe32bdec8bc086e871e41eb5f4f6ecbcb7b4f2fe0d92d831405f?s=96&d=mm&r=g\",\"caption\":\"Jornal Ponto Mais\"},\"sameAs\":[\"https:\/\/jornalpontomais.com\/site\",\"jornalpontomais\"],\"url\":\"https:\/\/jornalpontomais.com\/site\/author\/jornalpontomais\/\"}]}<\/script>\n<!-- \/ Yoast SEO plugin. -->","yoast_head_json":{"title":"Goi\u00e1s brilha com t\u00edtulo e medalhas no Open e no Campeonato Mundial de Karat\u00ea - Jornal Ponto Mais","robots":{"index":"index","follow":"follow","max-snippet":"max-snippet:-1","max-image-preview":"max-image-preview:large","max-video-preview":"max-video-preview:-1"},"canonical":"https:\/\/jornalpontomais.com\/site\/2024\/03\/27\/goias-brilha-com-titulo-e-medalhas-no-open-e-no-campeonato-mundial-de-karate\/","og_locale":"pt_BR","og_type":"article","og_title":"Goi\u00e1s brilha com t\u00edtulo e medalhas no Open e no Campeonato Mundial de Karat\u00ea - Jornal Ponto Mais","og_description":"Os atletas goianos conseguiram \u00f3timos resultados no Open Malta e no Campeonato Mundial de Karat\u00ea, realizados na ilha de Malta. Composta por 13 integrantes, a delega\u00e7\u00e3o goiana contou com o apoio log\u00edstico do Governo de Goi\u00e1s, por meio da Secretaria de Estado de Esporte e Lazer, que viabilizou passagens a\u00e9reas para o grupo. Ao todo, [&hellip;]","og_url":"https:\/\/jornalpontomais.com\/site\/2024\/03\/27\/goias-brilha-com-titulo-e-medalhas-no-open-e-no-campeonato-mundial-de-karate\/","og_site_name":"Jornal Ponto Mais","article_published_time":"2024-03-27T12:34:32+00:00","article_modified_time":"2024-03-27T12:34:33+00:00","og_image":[{"width":960,"height":1280,"url":"https:\/\/jornalpontomais.com\/site\/wp-content\/uploads\/2024\/03\/Campeonato-Mundial-de-Karate_Divulgacao.jpeg","type":"image\/jpeg"}],"author":"Jornal Ponto Mais","twitter_card":"summary_large_image","twitter_misc":{"Escrito por":"Jornal Ponto Mais","Est. tempo de leitura":"2 minutos"},"schema":{"@context":"https:\/\/schema.org","@graph":[{"@type":"Article","@id":"https:\/\/jornalpontomais.com\/site\/2024\/03\/27\/goias-brilha-com-titulo-e-medalhas-no-open-e-no-campeonato-mundial-de-karate\/#article","isPartOf":{"@id":"https:\/\/jornalpontomais.com\/site\/2024\/03\/27\/goias-brilha-com-titulo-e-medalhas-no-open-e-no-campeonato-mundial-de-karate\/"},"author":{"name":"Jornal Ponto Mais","@id":"https:\/\/jornalpontomais.com\/site\/#\/schema\/person\/18323f0b0f1355f2490721c48389fe9d"},"headline":"Goi\u00e1s brilha com t\u00edtulo e medalhas no Open e no Campeonato Mundial de Karat\u00ea","datePublished":"2024-03-27T12:34:32+00:00","dateModified":"2024-03-27T12:34:33+00:00","mainEntityOfPage":{"@id":"https:\/\/jornalpontomais.com\/site\/2024\/03\/27\/goias-brilha-com-titulo-e-medalhas-no-open-e-no-campeonato-mundial-de-karate\/"},"wordCount":334,"commentCount":0,"publisher":{"@id":"https:\/\/jornalpontomais.com\/site\/#organization"},"image":{"@id":"https:\/\/jornalpontomais.com\/site\/2024\/03\/27\/goias-brilha-com-titulo-e-medalhas-no-open-e-no-campeonato-mundial-de-karate\/#primaryimage"},"thumbnailUrl":"https:\/\/jornalpontomais.com\/site\/wp-content\/uploads\/2024\/03\/Campeonato-Mundial-de-Karate_Divulgacao.jpeg","articleSection":["Esporte"],"inLanguage":"pt-BR","potentialAction":[{"@type":"CommentAction","name":"Comment","target":["https:\/\/jornalpontomais.com\/site\/2024\/03\/27\/goias-brilha-com-titulo-e-medalhas-no-open-e-no-campeonato-mundial-de-karate\/#respond"]}]},{"@type":"WebPage","@id":"https:\/\/jornalpontomais.com\/site\/2024\/03\/27\/goias-brilha-com-titulo-e-medalhas-no-open-e-no-campeonato-mundial-de-karate\/","url":"https:\/\/jornalpontomais.com\/site\/2024\/03\/27\/goias-brilha-com-titulo-e-medalhas-no-open-e-no-campeonato-mundial-de-karate\/","name":"Goi\u00e1s brilha com t\u00edtulo e medalhas no Open e no Campeonato Mundial de Karat\u00ea - Jornal Ponto Mais","isPartOf":{"@id":"https:\/\/jornalpontomais.com\/site\/#website"},"primaryImageOfPage":{"@id":"https:\/\/jornalpontomais.com\/site\/2024\/03\/27\/goias-brilha-com-titulo-e-medalhas-no-open-e-no-campeonato-mundial-de-karate\/#primaryimage"},"image":{"@id":"https:\/\/jornalpontomais.com\/site\/2024\/03\/27\/goias-brilha-com-titulo-e-medalhas-no-open-e-no-campeonato-mundial-de-karate\/#primaryimage"},"thumbnailUrl":"https:\/\/jornalpontomais.com\/site\/wp-content\/uploads\/2024\/03\/Campeonato-Mundial-de-Karate_Divulgacao.jpeg","datePublished":"2024-03-27T12:34:32+00:00","dateModified":"2024-03-27T12:34:33+00:00","breadcrumb":{"@id":"https:\/\/jornalpontomais.com\/site\/2024\/03\/27\/goias-brilha-com-titulo-e-medalhas-no-open-e-no-campeonato-mundial-de-karate\/#breadcrumb"},"inLanguage":"pt-BR","potentialAction":[{"@type":"ReadAction","target":["https:\/\/jornalpontomais.com\/site\/2024\/03\/27\/goias-brilha-com-titulo-e-medalhas-no-open-e-no-campeonato-mundial-de-karate\/"]}]},{"@type":"ImageObject","inLanguage":"pt-BR","@id":"https:\/\/jornalpontomais.com\/site\/2024\/03\/27\/goias-brilha-com-titulo-e-medalhas-no-open-e-no-campeonato-mundial-de-karate\/#primaryimage","url":"https:\/\/jornalpontomais.com\/site\/wp-content\/uploads\/2024\/03\/Campeonato-Mundial-de-Karate_Divulgacao.jpeg","contentUrl":"https:\/\/jornalpontomais.com\/site\/wp-content\/uploads\/2024\/03\/Campeonato-Mundial-de-Karate_Divulgacao.jpeg","width":960,"height":1280},{"@type":"BreadcrumbList","@id":"https:\/\/jornalpontomais.com\/site\/2024\/03\/27\/goias-brilha-com-titulo-e-medalhas-no-open-e-no-campeonato-mundial-de-karate\/#breadcrumb","itemListElement":[{"@type":"ListItem","position":1,"name":"In\u00edcio","item":"https:\/\/jornalpontomais.com\/site\/"},{"@type":"ListItem","position":2,"name":"Goi\u00e1s brilha com t\u00edtulo e medalhas no Open e no Campeonato Mundial de Karat\u00ea"}]},{"@type":"WebSite","@id":"https:\/\/jornalpontomais.com\/site\/#website","url":"https:\/\/jornalpontomais.com\/site\/","name":"Jornal Ponto Mais","description":"As principais not\u00edcias do Brasil e do mundo. Confira!","publisher":{"@id":"https:\/\/jornalpontomais.com\/site\/#organization"},"potentialAction":[{"@type":"SearchAction","target":{"@type":"EntryPoint","urlTemplate":"https:\/\/jornalpontomais.com\/site\/?s={search_term_string}"},"query-input":{"@type":"PropertyValueSpecification","valueRequired":true,"valueName":"search_term_string"}}],"inLanguage":"pt-BR"},{"@type":"Organization","@id":"https:\/\/jornalpontomais.com\/site\/#organization","name":"Jornal Ponto+","url":"https:\/\/jornalpontomais.com\/site\/","logo":{"@type":"ImageObject","inLanguage":"pt-BR","@id":"https:\/\/jornalpontomais.com\/site\/#\/schema\/logo\/image\/","url":"https:\/\/jornalpontomais.com\/site\/wp-content\/uploads\/2022\/01\/marca.png","contentUrl":"https:\/\/jornalpontomais.com\/site\/wp-content\/uploads\/2022\/01\/marca.png","width":582,"height":148,"caption":"Jornal Ponto+"},"image":{"@id":"https:\/\/jornalpontomais.com\/site\/#\/schema\/logo\/image\/"}},{"@type":"Person","@id":"https:\/\/jornalpontomais.com\/site\/#\/schema\/person\/18323f0b0f1355f2490721c48389fe9d","name":"Jornal Ponto Mais","image":{"@type":"ImageObject","inLanguage":"pt-BR","@id":"https:\/\/secure.gravatar.com\/avatar\/2ee0a9b7fe10fe32bdec8bc086e871e41eb5f4f6ecbcb7b4f2fe0d92d831405f?s=96&d=mm&r=g","url":"https:\/\/secure.gravatar.com\/avatar\/2ee0a9b7fe10fe32bdec8bc086e871e41eb5f4f6ecbcb7b4f2fe0d92d831405f?s=96&d=mm&r=g","contentUrl":"https:\/\/secure.gravatar.com\/avatar\/2ee0a9b7fe10fe32bdec8bc086e871e41eb5f4f6ecbcb7b4f2fe0d92d831405f?s=96&d=mm&r=g","caption":"Jornal Ponto Mais"},"sameAs":["https:\/\/jornalpontomais.com\/site","jornalpontomais"],"url":"https:\/\/jornalpontomais.com\/site\/author\/jornalpontomais\/"}]}},"_links":{"self":[{"href":"https:\/\/jornalpontomais.com\/site\/wp-json\/wp\/v2\/posts\/12539","targetHints":{"allow":["GET"]}}],"collection":[{"href":"https:\/\/jornalpontomais.com\/site\/wp-json\/wp\/v2\/posts"}],"about":[{"href":"https:\/\/jornalpontomais.com\/site\/wp-json\/wp\/v2\/types\/post"}],"author":[{"embeddable":true,"href":"https:\/\/jornalpontomais.com\/site\/wp-json\/wp\/v2\/users\/2"}],"replies":[{"embeddable":true,"href":"https:\/\/jornalpontomais.com\/site\/wp-json\/wp\/v2\/comments?post=12539"}],"version-history":[{"count":1,"href":"https:\/\/jornalpontomais.com\/site\/wp-json\/wp\/v2\/posts\/12539\/revisions"}],"predecessor-version":[{"id":12542,"href":"https:\/\/jornalpontomais.com\/site\/wp-json\/wp\/v2\/posts\/12539\/revisions\/12542"}],"wp:featuredmedia":[{"embeddable":true,"href":"https:\/\/jornalpontomais.com\/site\/wp-json\/wp\/v2\/media\/12541"}],"wp:attachment":[{"href":"https:\/\/jornalpontomais.com\/site\/wp-json\/wp\/v2\/media?parent=12539"}],"wp:term":[{"taxonomy":"category","embeddable":true,"href":"https:\/\/jornalpontomais.com\/site\/wp-json\/wp\/v2\/categories?post=12539"},{"taxonomy":"post_tag","embeddable":true,"href":"https:\/\/jornalpontomais.com\/site\/wp-json\/wp\/v2\/tags?post=12539"}],"curies":[{"name":"wp","href":"https:\/\/api.w.org\/{rel}","templated":true}]}}