{"id":12492,"date":"2024-03-23T09:52:58","date_gmt":"2024-03-23T12:52:58","guid":{"rendered":"https:\/\/jornalpontomais.com\/site\/?p=12492"},"modified":"2024-03-23T09:52:59","modified_gmt":"2024-03-23T12:52:59","slug":"corrente-de-negocios-goias-alemanha-aumenta-20","status":"publish","type":"post","link":"https:\/\/jornalpontomais.com\/site\/2024\/03\/23\/corrente-de-negocios-goias-alemanha-aumenta-20\/","title":{"rendered":"Corrente de neg\u00f3cios Goi\u00e1s-Alemanha aumenta 20%"},"content":{"rendered":"\n<p>A corrente de neg\u00f3cios, que reflete o valor total do volume de importa\u00e7\u00e3o e exporta\u00e7\u00e3o entre Goi\u00e1s e Alemanha, aumentou 20,5% quando comparado janeiro e fevereiro de 2023 com o mesmo per\u00edodo deste ano. De US$ 126.095.528, a cifra passou para US$ 151.995.886, no primeiro bimestre de 2024.<br><br><\/p>\n\n\n\n<p>Os dados s\u00e3o da Secretaria da Ind\u00fastria, Com\u00e9rcio e Servi\u00e7os (SIC) e foram divulgados durante a visita da embaixadora da Alemanha no Brasil, Bettina Cadenbach.<br><br><\/p>\n\n\n\n<p><strong>Goi\u00e1s-Alemanha<\/strong><\/p>\n\n\n\n<p>Em reuni\u00e3o no Pal\u00e1cio Pedro Ludovico Teixeira com v\u00e1rios representantes do governo, a embaixadora p\u00f4de vislumbrar o cen\u00e1rio positivo vivido pelo estado. O crescimento da atividade econ\u00f4mica goiana em 6% nos \u00faltimos 12 meses, apurado pelo \u00cdndice de Atividade Econ\u00f4mica (IBCR) do Banco Central (BC) \u2013 atingindo mais que o dobro da m\u00e9dia nacional \u2013, foi destacado pelo titular da SIC, Joel de Sant\u2019Anna Braga Filho, durante o encontro.<br><br><\/p>\n\n\n\n<p>\u201cDemonstramos para a embaixadora como trabalhamos em Goi\u00e1s, nossas din\u00e2micas, e estamos comprometidos com pol\u00edticas de sustentabilidade em todos os processos da cadeia produtiva\u201d, apontou o secret\u00e1rio. \u201cQueremos que mais empresas goianas tenham a chance de exportar para a Alemanha, sejam confec\u00e7\u00f5es, doces, latic\u00ednios ou outros produtos\u201d, complementou.<br><br><\/p>\n\n\n\n<p>Joel de Sant\u2019Anna aproveitou o encontro para informar a Bettina Cadenbach que o governador Ronaldo Caiado dever\u00e1 lan\u00e7ar ainda neste m\u00eas novo edital com oportunidade para empresas que queiram se instalar no Distrito Agroindustrial de An\u00e1polis (Daia), estrutura tamb\u00e9m visitada pela diplomata. \u201cSer\u00e3o 144 vagas com terrenos subsidiados\u201d, detalhou.<br><br><\/p>\n\n\n\n<p>Projetos de cunho econ\u00f4mico e social, como o Cintur\u00e3o da Moda \u2013 uma parceria selada entre SIC e a Associa\u00e7\u00e3o Empresarial da Regi\u00e3o da 44 (AER 44) \u2013, e a for\u00e7a da agropecu\u00e1ria goiana tamb\u00e9m foram elencados pelo secret\u00e1rio, que inclusive convidou a embaixadora a participar da Tecnoshow Comigo deste ano, a ser realizada entre os dias 8 e 12 de abril.<br><br><\/p>\n\n\n\n<p><strong>Energia verde<\/strong><\/p>\n\n\n\n<p>Diante das constantes exig\u00eancias de sustentabilidade da Uni\u00e3o Europeia, foram detalhados, nas reuni\u00f5es, os diferenciais da ind\u00fastria e agroind\u00fastria goiana, a r\u00edgida legisla\u00e7\u00e3o ambiental do estado, refor\u00e7ada por pol\u00edticas de energia limpa, e o fortalecimento dos la\u00e7os em ci\u00eancia, tecnologia e inova\u00e7\u00e3o. Tamb\u00e9m foi debatida a viabilidade de acordos bilaterais que beneficiassem o segmento empresarial em Goi\u00e1s, possibilitando mais exporta\u00e7\u00f5es em setores considerados estrat\u00e9gicos ao pa\u00eds europeu.<br><br><\/p>\n\n\n\n<p>\u201cEu acho que aprendi bastante essa tarde e \u00e9 muito interessante como voc\u00eas querem combinar o desenvolvimento industrial com sustentabilidade, o que penso que est\u00e1 perfeitamente alinhado com o que os governos do Brasil e da Alemanha querem\u201d, pontuou Bettina. \u201cAcredito que estamos completamente na mesma rota, apesar de que precisamos nos unir para ter o mesmo entendimento em rela\u00e7\u00e3o ao conceito de sustentabilidade. Assim, estaremos em um bom caminho\u201d, ressaltou.<br><br><\/p>\n\n\n\n<p>A tend\u00eancia da evolu\u00e7\u00e3o do com\u00e9rcio exterior entre o estado de Goi\u00e1s e a Alemanha tem sido notada desde 2021, quando foram aferidos US$ 628.983.770 na corrente de neg\u00f3cios. De l\u00e1 para c\u00e1, percebe-se um aumento gradual, com o valor de US$ 682.946.789 em 2022, culminando com US$ 811.449.577 contabilizados exclusivamente ao longo do \u00faltimo ano, relativo a US$ 196.485.766 em exporta\u00e7\u00f5es e US$ 614.963.811 em importa\u00e7\u00f5es nos doze meses de 2023.<\/p>\n","protected":false},"excerpt":{"rendered":"<p>A corrente de neg\u00f3cios, que reflete o valor total do volume de importa\u00e7\u00e3o e exporta\u00e7\u00e3o entre Goi\u00e1s e Alemanha, aumentou 20,5% quando comparado janeiro e fevereiro de 2023 com o mesmo per\u00edodo deste ano. De US$ 126.095.528, a cifra passou para US$ 151.995.886, no primeiro bimestre de 2024. Os dados s\u00e3o da Secretaria da Ind\u00fastria, [&hellip;]<\/p>\n","protected":false},"author":2,"featured_media":12493,"comment_status":"open","ping_status":"open","sticky":true,"template":"","format":"standard","meta":{"om_disable_all_campaigns":false,"_monsterinsights_skip_tracking":false,"_monsterinsights_sitenote_active":false,"_monsterinsights_sitenote_note":"","_monsterinsights_sitenote_category":0,"footnotes":""},"categories":[37],"tags":[],"class_list":["post-12492","post","type-post","status-publish","format-standard","has-post-thumbnail","hentry","category-economia"],"yoast_head":"<!-- This site is optimized with the Yoast SEO plugin v27.2 - https:\/\/yoast.com\/product\/yoast-seo-wordpress\/ -->\n<title>Corrente de neg\u00f3cios Goi\u00e1s-Alemanha aumenta 20% - Jornal Ponto Mais<\/title>\n<meta name=\"robots\" content=\"index, follow, max-snippet:-1, max-image-preview:large, max-video-preview:-1\" \/>\n<link rel=\"canonical\" href=\"https:\/\/jornalpontomais.com\/site\/2024\/03\/23\/corrente-de-negocios-goias-alemanha-aumenta-20\/\" \/>\n<meta property=\"og:locale\" content=\"pt_BR\" \/>\n<meta property=\"og:type\" content=\"article\" \/>\n<meta property=\"og:title\" content=\"Corrente de neg\u00f3cios Goi\u00e1s-Alemanha aumenta 20% - Jornal Ponto Mais\" \/>\n<meta property=\"og:description\" content=\"A corrente de neg\u00f3cios, que reflete o valor total do volume de importa\u00e7\u00e3o e exporta\u00e7\u00e3o entre Goi\u00e1s e Alemanha, aumentou 20,5% quando comparado janeiro e fevereiro de 2023 com o mesmo per\u00edodo deste ano. De US$ 126.095.528, a cifra passou para US$ 151.995.886, no primeiro bimestre de 2024. Os dados s\u00e3o da Secretaria da Ind\u00fastria, [&hellip;]\" \/>\n<meta property=\"og:url\" content=\"https:\/\/jornalpontomais.com\/site\/2024\/03\/23\/corrente-de-negocios-goias-alemanha-aumenta-20\/\" \/>\n<meta property=\"og:site_name\" content=\"Jornal Ponto Mais\" \/>\n<meta property=\"article:published_time\" content=\"2024-03-23T12:52:58+00:00\" \/>\n<meta property=\"article:modified_time\" content=\"2024-03-23T12:52:59+00:00\" \/>\n<meta property=\"og:image\" content=\"https:\/\/jornalpontomais.com\/site\/wp-content\/uploads\/2024\/03\/Corrente-de-negocios-Goias-Alemanha-Foto-Carlos-Alexandre-1215x811-1.jpeg\" \/>\n\t<meta property=\"og:image:width\" content=\"1215\" \/>\n\t<meta property=\"og:image:height\" content=\"811\" \/>\n\t<meta property=\"og:image:type\" content=\"image\/jpeg\" \/>\n<meta name=\"author\" content=\"Jornal Ponto Mais\" \/>\n<meta name=\"twitter:card\" content=\"summary_large_image\" \/>\n<meta name=\"twitter:label1\" content=\"Escrito por\" \/>\n\t<meta name=\"twitter:data1\" content=\"Jornal Ponto Mais\" \/>\n\t<meta name=\"twitter:label2\" content=\"Est. tempo de leitura\" \/>\n\t<meta name=\"twitter:data2\" content=\"3 minutos\" \/>\n<script type=\"application\/ld+json\" class=\"yoast-schema-graph\">{\"@context\":\"https:\/\/schema.org\",\"@graph\":[{\"@type\":\"Article\",\"@id\":\"https:\/\/jornalpontomais.com\/site\/2024\/03\/23\/corrente-de-negocios-goias-alemanha-aumenta-20\/#article\",\"isPartOf\":{\"@id\":\"https:\/\/jornalpontomais.com\/site\/2024\/03\/23\/corrente-de-negocios-goias-alemanha-aumenta-20\/\"},\"author\":{\"name\":\"Jornal Ponto Mais\",\"@id\":\"https:\/\/jornalpontomais.com\/site\/#\/schema\/person\/18323f0b0f1355f2490721c48389fe9d\"},\"headline\":\"Corrente de neg\u00f3cios Goi\u00e1s-Alemanha aumenta 20%\",\"datePublished\":\"2024-03-23T12:52:58+00:00\",\"dateModified\":\"2024-03-23T12:52:59+00:00\",\"mainEntityOfPage\":{\"@id\":\"https:\/\/jornalpontomais.com\/site\/2024\/03\/23\/corrente-de-negocios-goias-alemanha-aumenta-20\/\"},\"wordCount\":561,\"commentCount\":0,\"publisher\":{\"@id\":\"https:\/\/jornalpontomais.com\/site\/#organization\"},\"image\":{\"@id\":\"https:\/\/jornalpontomais.com\/site\/2024\/03\/23\/corrente-de-negocios-goias-alemanha-aumenta-20\/#primaryimage\"},\"thumbnailUrl\":\"https:\/\/jornalpontomais.com\/site\/wp-content\/uploads\/2024\/03\/Corrente-de-negocios-Goias-Alemanha-Foto-Carlos-Alexandre-1215x811-1.jpeg\",\"articleSection\":[\"Economia\"],\"inLanguage\":\"pt-BR\",\"potentialAction\":[{\"@type\":\"CommentAction\",\"name\":\"Comment\",\"target\":[\"https:\/\/jornalpontomais.com\/site\/2024\/03\/23\/corrente-de-negocios-goias-alemanha-aumenta-20\/#respond\"]}]},{\"@type\":\"WebPage\",\"@id\":\"https:\/\/jornalpontomais.com\/site\/2024\/03\/23\/corrente-de-negocios-goias-alemanha-aumenta-20\/\",\"url\":\"https:\/\/jornalpontomais.com\/site\/2024\/03\/23\/corrente-de-negocios-goias-alemanha-aumenta-20\/\",\"name\":\"Corrente de neg\u00f3cios Goi\u00e1s-Alemanha aumenta 20% - Jornal Ponto Mais\",\"isPartOf\":{\"@id\":\"https:\/\/jornalpontomais.com\/site\/#website\"},\"primaryImageOfPage\":{\"@id\":\"https:\/\/jornalpontomais.com\/site\/2024\/03\/23\/corrente-de-negocios-goias-alemanha-aumenta-20\/#primaryimage\"},\"image\":{\"@id\":\"https:\/\/jornalpontomais.com\/site\/2024\/03\/23\/corrente-de-negocios-goias-alemanha-aumenta-20\/#primaryimage\"},\"thumbnailUrl\":\"https:\/\/jornalpontomais.com\/site\/wp-content\/uploads\/2024\/03\/Corrente-de-negocios-Goias-Alemanha-Foto-Carlos-Alexandre-1215x811-1.jpeg\",\"datePublished\":\"2024-03-23T12:52:58+00:00\",\"dateModified\":\"2024-03-23T12:52:59+00:00\",\"breadcrumb\":{\"@id\":\"https:\/\/jornalpontomais.com\/site\/2024\/03\/23\/corrente-de-negocios-goias-alemanha-aumenta-20\/#breadcrumb\"},\"inLanguage\":\"pt-BR\",\"potentialAction\":[{\"@type\":\"ReadAction\",\"target\":[\"https:\/\/jornalpontomais.com\/site\/2024\/03\/23\/corrente-de-negocios-goias-alemanha-aumenta-20\/\"]}]},{\"@type\":\"ImageObject\",\"inLanguage\":\"pt-BR\",\"@id\":\"https:\/\/jornalpontomais.com\/site\/2024\/03\/23\/corrente-de-negocios-goias-alemanha-aumenta-20\/#primaryimage\",\"url\":\"https:\/\/jornalpontomais.com\/site\/wp-content\/uploads\/2024\/03\/Corrente-de-negocios-Goias-Alemanha-Foto-Carlos-Alexandre-1215x811-1.jpeg\",\"contentUrl\":\"https:\/\/jornalpontomais.com\/site\/wp-content\/uploads\/2024\/03\/Corrente-de-negocios-Goias-Alemanha-Foto-Carlos-Alexandre-1215x811-1.jpeg\",\"width\":1215,\"height\":811},{\"@type\":\"BreadcrumbList\",\"@id\":\"https:\/\/jornalpontomais.com\/site\/2024\/03\/23\/corrente-de-negocios-goias-alemanha-aumenta-20\/#breadcrumb\",\"itemListElement\":[{\"@type\":\"ListItem\",\"position\":1,\"name\":\"In\u00edcio\",\"item\":\"https:\/\/jornalpontomais.com\/site\/\"},{\"@type\":\"ListItem\",\"position\":2,\"name\":\"Corrente de neg\u00f3cios Goi\u00e1s-Alemanha aumenta 20%\"}]},{\"@type\":\"WebSite\",\"@id\":\"https:\/\/jornalpontomais.com\/site\/#website\",\"url\":\"https:\/\/jornalpontomais.com\/site\/\",\"name\":\"Jornal Ponto Mais\",\"description\":\"As principais not\u00edcias do Brasil e do mundo. Confira!\",\"publisher\":{\"@id\":\"https:\/\/jornalpontomais.com\/site\/#organization\"},\"potentialAction\":[{\"@type\":\"SearchAction\",\"target\":{\"@type\":\"EntryPoint\",\"urlTemplate\":\"https:\/\/jornalpontomais.com\/site\/?s={search_term_string}\"},\"query-input\":{\"@type\":\"PropertyValueSpecification\",\"valueRequired\":true,\"valueName\":\"search_term_string\"}}],\"inLanguage\":\"pt-BR\"},{\"@type\":\"Organization\",\"@id\":\"https:\/\/jornalpontomais.com\/site\/#organization\",\"name\":\"Jornal Ponto+\",\"url\":\"https:\/\/jornalpontomais.com\/site\/\",\"logo\":{\"@type\":\"ImageObject\",\"inLanguage\":\"pt-BR\",\"@id\":\"https:\/\/jornalpontomais.com\/site\/#\/schema\/logo\/image\/\",\"url\":\"https:\/\/jornalpontomais.com\/site\/wp-content\/uploads\/2022\/01\/marca.png\",\"contentUrl\":\"https:\/\/jornalpontomais.com\/site\/wp-content\/uploads\/2022\/01\/marca.png\",\"width\":582,\"height\":148,\"caption\":\"Jornal Ponto+\"},\"image\":{\"@id\":\"https:\/\/jornalpontomais.com\/site\/#\/schema\/logo\/image\/\"}},{\"@type\":\"Person\",\"@id\":\"https:\/\/jornalpontomais.com\/site\/#\/schema\/person\/18323f0b0f1355f2490721c48389fe9d\",\"name\":\"Jornal Ponto Mais\",\"image\":{\"@type\":\"ImageObject\",\"inLanguage\":\"pt-BR\",\"@id\":\"https:\/\/secure.gravatar.com\/avatar\/2ee0a9b7fe10fe32bdec8bc086e871e41eb5f4f6ecbcb7b4f2fe0d92d831405f?s=96&d=mm&r=g\",\"url\":\"https:\/\/secure.gravatar.com\/avatar\/2ee0a9b7fe10fe32bdec8bc086e871e41eb5f4f6ecbcb7b4f2fe0d92d831405f?s=96&d=mm&r=g\",\"contentUrl\":\"https:\/\/secure.gravatar.com\/avatar\/2ee0a9b7fe10fe32bdec8bc086e871e41eb5f4f6ecbcb7b4f2fe0d92d831405f?s=96&d=mm&r=g\",\"caption\":\"Jornal Ponto Mais\"},\"sameAs\":[\"https:\/\/jornalpontomais.com\/site\",\"jornalpontomais\"],\"url\":\"https:\/\/jornalpontomais.com\/site\/author\/jornalpontomais\/\"}]}<\/script>\n<!-- \/ Yoast SEO plugin. -->","yoast_head_json":{"title":"Corrente de neg\u00f3cios Goi\u00e1s-Alemanha aumenta 20% - Jornal Ponto Mais","robots":{"index":"index","follow":"follow","max-snippet":"max-snippet:-1","max-image-preview":"max-image-preview:large","max-video-preview":"max-video-preview:-1"},"canonical":"https:\/\/jornalpontomais.com\/site\/2024\/03\/23\/corrente-de-negocios-goias-alemanha-aumenta-20\/","og_locale":"pt_BR","og_type":"article","og_title":"Corrente de neg\u00f3cios Goi\u00e1s-Alemanha aumenta 20% - Jornal Ponto Mais","og_description":"A corrente de neg\u00f3cios, que reflete o valor total do volume de importa\u00e7\u00e3o e exporta\u00e7\u00e3o entre Goi\u00e1s e Alemanha, aumentou 20,5% quando comparado janeiro e fevereiro de 2023 com o mesmo per\u00edodo deste ano. De US$ 126.095.528, a cifra passou para US$ 151.995.886, no primeiro bimestre de 2024. Os dados s\u00e3o da Secretaria da Ind\u00fastria, [&hellip;]","og_url":"https:\/\/jornalpontomais.com\/site\/2024\/03\/23\/corrente-de-negocios-goias-alemanha-aumenta-20\/","og_site_name":"Jornal Ponto Mais","article_published_time":"2024-03-23T12:52:58+00:00","article_modified_time":"2024-03-23T12:52:59+00:00","og_image":[{"width":1215,"height":811,"url":"https:\/\/jornalpontomais.com\/site\/wp-content\/uploads\/2024\/03\/Corrente-de-negocios-Goias-Alemanha-Foto-Carlos-Alexandre-1215x811-1.jpeg","type":"image\/jpeg"}],"author":"Jornal Ponto Mais","twitter_card":"summary_large_image","twitter_misc":{"Escrito por":"Jornal Ponto Mais","Est. tempo de leitura":"3 minutos"},"schema":{"@context":"https:\/\/schema.org","@graph":[{"@type":"Article","@id":"https:\/\/jornalpontomais.com\/site\/2024\/03\/23\/corrente-de-negocios-goias-alemanha-aumenta-20\/#article","isPartOf":{"@id":"https:\/\/jornalpontomais.com\/site\/2024\/03\/23\/corrente-de-negocios-goias-alemanha-aumenta-20\/"},"author":{"name":"Jornal Ponto Mais","@id":"https:\/\/jornalpontomais.com\/site\/#\/schema\/person\/18323f0b0f1355f2490721c48389fe9d"},"headline":"Corrente de neg\u00f3cios Goi\u00e1s-Alemanha aumenta 20%","datePublished":"2024-03-23T12:52:58+00:00","dateModified":"2024-03-23T12:52:59+00:00","mainEntityOfPage":{"@id":"https:\/\/jornalpontomais.com\/site\/2024\/03\/23\/corrente-de-negocios-goias-alemanha-aumenta-20\/"},"wordCount":561,"commentCount":0,"publisher":{"@id":"https:\/\/jornalpontomais.com\/site\/#organization"},"image":{"@id":"https:\/\/jornalpontomais.com\/site\/2024\/03\/23\/corrente-de-negocios-goias-alemanha-aumenta-20\/#primaryimage"},"thumbnailUrl":"https:\/\/jornalpontomais.com\/site\/wp-content\/uploads\/2024\/03\/Corrente-de-negocios-Goias-Alemanha-Foto-Carlos-Alexandre-1215x811-1.jpeg","articleSection":["Economia"],"inLanguage":"pt-BR","potentialAction":[{"@type":"CommentAction","name":"Comment","target":["https:\/\/jornalpontomais.com\/site\/2024\/03\/23\/corrente-de-negocios-goias-alemanha-aumenta-20\/#respond"]}]},{"@type":"WebPage","@id":"https:\/\/jornalpontomais.com\/site\/2024\/03\/23\/corrente-de-negocios-goias-alemanha-aumenta-20\/","url":"https:\/\/jornalpontomais.com\/site\/2024\/03\/23\/corrente-de-negocios-goias-alemanha-aumenta-20\/","name":"Corrente de neg\u00f3cios Goi\u00e1s-Alemanha aumenta 20% - Jornal Ponto Mais","isPartOf":{"@id":"https:\/\/jornalpontomais.com\/site\/#website"},"primaryImageOfPage":{"@id":"https:\/\/jornalpontomais.com\/site\/2024\/03\/23\/corrente-de-negocios-goias-alemanha-aumenta-20\/#primaryimage"},"image":{"@id":"https:\/\/jornalpontomais.com\/site\/2024\/03\/23\/corrente-de-negocios-goias-alemanha-aumenta-20\/#primaryimage"},"thumbnailUrl":"https:\/\/jornalpontomais.com\/site\/wp-content\/uploads\/2024\/03\/Corrente-de-negocios-Goias-Alemanha-Foto-Carlos-Alexandre-1215x811-1.jpeg","datePublished":"2024-03-23T12:52:58+00:00","dateModified":"2024-03-23T12:52:59+00:00","breadcrumb":{"@id":"https:\/\/jornalpontomais.com\/site\/2024\/03\/23\/corrente-de-negocios-goias-alemanha-aumenta-20\/#breadcrumb"},"inLanguage":"pt-BR","potentialAction":[{"@type":"ReadAction","target":["https:\/\/jornalpontomais.com\/site\/2024\/03\/23\/corrente-de-negocios-goias-alemanha-aumenta-20\/"]}]},{"@type":"ImageObject","inLanguage":"pt-BR","@id":"https:\/\/jornalpontomais.com\/site\/2024\/03\/23\/corrente-de-negocios-goias-alemanha-aumenta-20\/#primaryimage","url":"https:\/\/jornalpontomais.com\/site\/wp-content\/uploads\/2024\/03\/Corrente-de-negocios-Goias-Alemanha-Foto-Carlos-Alexandre-1215x811-1.jpeg","contentUrl":"https:\/\/jornalpontomais.com\/site\/wp-content\/uploads\/2024\/03\/Corrente-de-negocios-Goias-Alemanha-Foto-Carlos-Alexandre-1215x811-1.jpeg","width":1215,"height":811},{"@type":"BreadcrumbList","@id":"https:\/\/jornalpontomais.com\/site\/2024\/03\/23\/corrente-de-negocios-goias-alemanha-aumenta-20\/#breadcrumb","itemListElement":[{"@type":"ListItem","position":1,"name":"In\u00edcio","item":"https:\/\/jornalpontomais.com\/site\/"},{"@type":"ListItem","position":2,"name":"Corrente de neg\u00f3cios Goi\u00e1s-Alemanha aumenta 20%"}]},{"@type":"WebSite","@id":"https:\/\/jornalpontomais.com\/site\/#website","url":"https:\/\/jornalpontomais.com\/site\/","name":"Jornal Ponto Mais","description":"As principais not\u00edcias do Brasil e do mundo. Confira!","publisher":{"@id":"https:\/\/jornalpontomais.com\/site\/#organization"},"potentialAction":[{"@type":"SearchAction","target":{"@type":"EntryPoint","urlTemplate":"https:\/\/jornalpontomais.com\/site\/?s={search_term_string}"},"query-input":{"@type":"PropertyValueSpecification","valueRequired":true,"valueName":"search_term_string"}}],"inLanguage":"pt-BR"},{"@type":"Organization","@id":"https:\/\/jornalpontomais.com\/site\/#organization","name":"Jornal Ponto+","url":"https:\/\/jornalpontomais.com\/site\/","logo":{"@type":"ImageObject","inLanguage":"pt-BR","@id":"https:\/\/jornalpontomais.com\/site\/#\/schema\/logo\/image\/","url":"https:\/\/jornalpontomais.com\/site\/wp-content\/uploads\/2022\/01\/marca.png","contentUrl":"https:\/\/jornalpontomais.com\/site\/wp-content\/uploads\/2022\/01\/marca.png","width":582,"height":148,"caption":"Jornal Ponto+"},"image":{"@id":"https:\/\/jornalpontomais.com\/site\/#\/schema\/logo\/image\/"}},{"@type":"Person","@id":"https:\/\/jornalpontomais.com\/site\/#\/schema\/person\/18323f0b0f1355f2490721c48389fe9d","name":"Jornal Ponto Mais","image":{"@type":"ImageObject","inLanguage":"pt-BR","@id":"https:\/\/secure.gravatar.com\/avatar\/2ee0a9b7fe10fe32bdec8bc086e871e41eb5f4f6ecbcb7b4f2fe0d92d831405f?s=96&d=mm&r=g","url":"https:\/\/secure.gravatar.com\/avatar\/2ee0a9b7fe10fe32bdec8bc086e871e41eb5f4f6ecbcb7b4f2fe0d92d831405f?s=96&d=mm&r=g","contentUrl":"https:\/\/secure.gravatar.com\/avatar\/2ee0a9b7fe10fe32bdec8bc086e871e41eb5f4f6ecbcb7b4f2fe0d92d831405f?s=96&d=mm&r=g","caption":"Jornal Ponto Mais"},"sameAs":["https:\/\/jornalpontomais.com\/site","jornalpontomais"],"url":"https:\/\/jornalpontomais.com\/site\/author\/jornalpontomais\/"}]}},"_links":{"self":[{"href":"https:\/\/jornalpontomais.com\/site\/wp-json\/wp\/v2\/posts\/12492","targetHints":{"allow":["GET"]}}],"collection":[{"href":"https:\/\/jornalpontomais.com\/site\/wp-json\/wp\/v2\/posts"}],"about":[{"href":"https:\/\/jornalpontomais.com\/site\/wp-json\/wp\/v2\/types\/post"}],"author":[{"embeddable":true,"href":"https:\/\/jornalpontomais.com\/site\/wp-json\/wp\/v2\/users\/2"}],"replies":[{"embeddable":true,"href":"https:\/\/jornalpontomais.com\/site\/wp-json\/wp\/v2\/comments?post=12492"}],"version-history":[{"count":1,"href":"https:\/\/jornalpontomais.com\/site\/wp-json\/wp\/v2\/posts\/12492\/revisions"}],"predecessor-version":[{"id":12494,"href":"https:\/\/jornalpontomais.com\/site\/wp-json\/wp\/v2\/posts\/12492\/revisions\/12494"}],"wp:featuredmedia":[{"embeddable":true,"href":"https:\/\/jornalpontomais.com\/site\/wp-json\/wp\/v2\/media\/12493"}],"wp:attachment":[{"href":"https:\/\/jornalpontomais.com\/site\/wp-json\/wp\/v2\/media?parent=12492"}],"wp:term":[{"taxonomy":"category","embeddable":true,"href":"https:\/\/jornalpontomais.com\/site\/wp-json\/wp\/v2\/categories?post=12492"},{"taxonomy":"post_tag","embeddable":true,"href":"https:\/\/jornalpontomais.com\/site\/wp-json\/wp\/v2\/tags?post=12492"}],"curies":[{"name":"wp","href":"https:\/\/api.w.org\/{rel}","templated":true}]}}