{"id":12466,"date":"2024-03-21T10:48:46","date_gmt":"2024-03-21T13:48:46","guid":{"rendered":"https:\/\/jornalpontomais.com\/site\/?p=12466"},"modified":"2024-03-21T10:48:48","modified_gmt":"2024-03-21T13:48:48","slug":"baixos-niveis-de-serotonina-no-cerebro-estao-ligados-ao-declinio-da-funcao-cerebral","status":"publish","type":"post","link":"https:\/\/jornalpontomais.com\/site\/2024\/03\/21\/baixos-niveis-de-serotonina-no-cerebro-estao-ligados-ao-declinio-da-funcao-cerebral\/","title":{"rendered":"Baixos n\u00edveis de serotonina no c\u00e9rebro est\u00e3o ligados ao decl\u00ednio da fun\u00e7\u00e3o cerebral"},"content":{"rendered":"\n<p>Um novo estudo da Universidade Johns Hopkins, nos Estados Unidos, sugere que a diminui\u00e7\u00e3o do n\u00edvel do horm\u00f4nio cerebral associado \u00e0 &#8220;felicidade&#8221;, a serotonina, pode influenciar o decl\u00ednio da fun\u00e7\u00e3o cerebral durante o envelhecimento.<br><br><\/p>\n\n\n\n<p>Neste estudo, 49 volunt\u00e1rios com comprometimento cognitivo leve e 45 adultos saud\u00e1veis com idade igual ou superior a 55 anos foram recrutados para realizar exames cerebrais. As varreduras foram realizadas para avaliar as mudan\u00e7as na estrutura cerebral ao longo do per\u00edodo de 2009 a 2022.<br><br><\/p>\n\n\n\n<p>O comprometimento cognitivo leve \u00e9 uma condi\u00e7\u00e3o intermedi\u00e1ria entre o envelhecimento normal do c\u00e9rebro e a manifesta\u00e7\u00e3o da doen\u00e7a de Alzheimer. Seus sintomas incluem esquecimento frequente de eventos recentes, dificuldade em encontrar palavras e perda do olfato.<br><br><\/p>\n\n\n\n<p>Os pesquisadores observam que as pessoas com comprometimento cognitivo leve podem permanecer nesse est\u00e1gio indefinidamente ou progredir para dem\u00eancia e Alzheimer.<br><br><\/p>\n\n\n\n<p>Especificamente, o estudo investigou a serotonina, um neurotransmissor associado ao humor positivo, apetite e sono. A redu\u00e7\u00e3o nos n\u00edveis de serotonina geralmente est\u00e1 ligada a condi\u00e7\u00f5es como depress\u00e3o, ansiedade e outros dist\u00farbios psicol\u00f3gicos.<br><br><\/p>\n\n\n\n<p>Pesquisas anteriores realizadas na Universidade Johns Hopkins em modelos animais indicaram que a diminui\u00e7\u00e3o nos n\u00edveis de serotonina precede o desenvolvimento generalizado de placas beta amiloides no c\u00e9rebro.<\/p>\n\n\n\n<p><em>Fonte: Journal of Alzheimer&#8217;s Disease. DOI: 10.3233\/JAD-230570.<\/em><\/p>\n","protected":false},"excerpt":{"rendered":"<p>Um novo estudo da Universidade Johns Hopkins, nos Estados Unidos, sugere que a diminui\u00e7\u00e3o do n\u00edvel do horm\u00f4nio cerebral associado \u00e0 &#8220;felicidade&#8221;, a serotonina, pode influenciar o decl\u00ednio da fun\u00e7\u00e3o cerebral durante o envelhecimento. Neste estudo, 49 volunt\u00e1rios com comprometimento cognitivo leve e 45 adultos saud\u00e1veis com idade igual ou superior a 55 anos foram [&hellip;]<\/p>\n","protected":false},"author":2,"featured_media":12467,"comment_status":"open","ping_status":"open","sticky":true,"template":"","format":"standard","meta":{"om_disable_all_campaigns":false,"_monsterinsights_skip_tracking":false,"_monsterinsights_sitenote_active":false,"_monsterinsights_sitenote_note":"","_monsterinsights_sitenote_category":0,"footnotes":""},"categories":[3],"tags":[],"class_list":["post-12466","post","type-post","status-publish","format-standard","has-post-thumbnail","hentry","category-saude"],"yoast_head":"<!-- This site is optimized with the Yoast SEO plugin v27.2 - https:\/\/yoast.com\/product\/yoast-seo-wordpress\/ -->\n<title>Baixos n\u00edveis de serotonina no c\u00e9rebro est\u00e3o ligados ao decl\u00ednio da fun\u00e7\u00e3o cerebral - Jornal Ponto Mais<\/title>\n<meta name=\"robots\" content=\"index, follow, max-snippet:-1, max-image-preview:large, max-video-preview:-1\" \/>\n<link rel=\"canonical\" href=\"https:\/\/jornalpontomais.com\/site\/2024\/03\/21\/baixos-niveis-de-serotonina-no-cerebro-estao-ligados-ao-declinio-da-funcao-cerebral\/\" \/>\n<meta property=\"og:locale\" content=\"pt_BR\" \/>\n<meta property=\"og:type\" content=\"article\" \/>\n<meta property=\"og:title\" content=\"Baixos n\u00edveis de serotonina no c\u00e9rebro est\u00e3o ligados ao decl\u00ednio da fun\u00e7\u00e3o cerebral - Jornal Ponto Mais\" \/>\n<meta property=\"og:description\" content=\"Um novo estudo da Universidade Johns Hopkins, nos Estados Unidos, sugere que a diminui\u00e7\u00e3o do n\u00edvel do horm\u00f4nio cerebral associado \u00e0 &#8220;felicidade&#8221;, a serotonina, pode influenciar o decl\u00ednio da fun\u00e7\u00e3o cerebral durante o envelhecimento. Neste estudo, 49 volunt\u00e1rios com comprometimento cognitivo leve e 45 adultos saud\u00e1veis com idade igual ou superior a 55 anos foram [&hellip;]\" \/>\n<meta property=\"og:url\" content=\"https:\/\/jornalpontomais.com\/site\/2024\/03\/21\/baixos-niveis-de-serotonina-no-cerebro-estao-ligados-ao-declinio-da-funcao-cerebral\/\" \/>\n<meta property=\"og:site_name\" content=\"Jornal Ponto Mais\" \/>\n<meta property=\"article:published_time\" content=\"2024-03-21T13:48:46+00:00\" \/>\n<meta property=\"article:modified_time\" content=\"2024-03-21T13:48:48+00:00\" \/>\n<meta property=\"og:image\" content=\"https:\/\/jornalpontomais.com\/site\/wp-content\/uploads\/2024\/03\/cerebro-inteligencia-20120801-01-original6.webp\" \/>\n\t<meta property=\"og:image:width\" content=\"720\" \/>\n\t<meta property=\"og:image:height\" content=\"440\" \/>\n\t<meta property=\"og:image:type\" content=\"image\/webp\" \/>\n<meta name=\"author\" content=\"Jornal Ponto Mais\" \/>\n<meta name=\"twitter:card\" content=\"summary_large_image\" \/>\n<meta name=\"twitter:label1\" content=\"Escrito por\" \/>\n\t<meta name=\"twitter:data1\" content=\"Jornal Ponto Mais\" \/>\n\t<meta name=\"twitter:label2\" content=\"Est. tempo de leitura\" \/>\n\t<meta name=\"twitter:data2\" content=\"2 minutos\" \/>\n<script type=\"application\/ld+json\" class=\"yoast-schema-graph\">{\"@context\":\"https:\/\/schema.org\",\"@graph\":[{\"@type\":\"Article\",\"@id\":\"https:\/\/jornalpontomais.com\/site\/2024\/03\/21\/baixos-niveis-de-serotonina-no-cerebro-estao-ligados-ao-declinio-da-funcao-cerebral\/#article\",\"isPartOf\":{\"@id\":\"https:\/\/jornalpontomais.com\/site\/2024\/03\/21\/baixos-niveis-de-serotonina-no-cerebro-estao-ligados-ao-declinio-da-funcao-cerebral\/\"},\"author\":{\"name\":\"Jornal Ponto Mais\",\"@id\":\"https:\/\/jornalpontomais.com\/site\/#\/schema\/person\/18323f0b0f1355f2490721c48389fe9d\"},\"headline\":\"Baixos n\u00edveis de serotonina no c\u00e9rebro est\u00e3o ligados ao decl\u00ednio da fun\u00e7\u00e3o cerebral\",\"datePublished\":\"2024-03-21T13:48:46+00:00\",\"dateModified\":\"2024-03-21T13:48:48+00:00\",\"mainEntityOfPage\":{\"@id\":\"https:\/\/jornalpontomais.com\/site\/2024\/03\/21\/baixos-niveis-de-serotonina-no-cerebro-estao-ligados-ao-declinio-da-funcao-cerebral\/\"},\"wordCount\":241,\"commentCount\":0,\"publisher\":{\"@id\":\"https:\/\/jornalpontomais.com\/site\/#organization\"},\"image\":{\"@id\":\"https:\/\/jornalpontomais.com\/site\/2024\/03\/21\/baixos-niveis-de-serotonina-no-cerebro-estao-ligados-ao-declinio-da-funcao-cerebral\/#primaryimage\"},\"thumbnailUrl\":\"https:\/\/jornalpontomais.com\/site\/wp-content\/uploads\/2024\/03\/cerebro-inteligencia-20120801-01-original6.webp\",\"articleSection\":[\"Sa\u00fade\"],\"inLanguage\":\"pt-BR\",\"potentialAction\":[{\"@type\":\"CommentAction\",\"name\":\"Comment\",\"target\":[\"https:\/\/jornalpontomais.com\/site\/2024\/03\/21\/baixos-niveis-de-serotonina-no-cerebro-estao-ligados-ao-declinio-da-funcao-cerebral\/#respond\"]}]},{\"@type\":\"WebPage\",\"@id\":\"https:\/\/jornalpontomais.com\/site\/2024\/03\/21\/baixos-niveis-de-serotonina-no-cerebro-estao-ligados-ao-declinio-da-funcao-cerebral\/\",\"url\":\"https:\/\/jornalpontomais.com\/site\/2024\/03\/21\/baixos-niveis-de-serotonina-no-cerebro-estao-ligados-ao-declinio-da-funcao-cerebral\/\",\"name\":\"Baixos n\u00edveis de serotonina no c\u00e9rebro est\u00e3o ligados ao decl\u00ednio da fun\u00e7\u00e3o cerebral - Jornal Ponto Mais\",\"isPartOf\":{\"@id\":\"https:\/\/jornalpontomais.com\/site\/#website\"},\"primaryImageOfPage\":{\"@id\":\"https:\/\/jornalpontomais.com\/site\/2024\/03\/21\/baixos-niveis-de-serotonina-no-cerebro-estao-ligados-ao-declinio-da-funcao-cerebral\/#primaryimage\"},\"image\":{\"@id\":\"https:\/\/jornalpontomais.com\/site\/2024\/03\/21\/baixos-niveis-de-serotonina-no-cerebro-estao-ligados-ao-declinio-da-funcao-cerebral\/#primaryimage\"},\"thumbnailUrl\":\"https:\/\/jornalpontomais.com\/site\/wp-content\/uploads\/2024\/03\/cerebro-inteligencia-20120801-01-original6.webp\",\"datePublished\":\"2024-03-21T13:48:46+00:00\",\"dateModified\":\"2024-03-21T13:48:48+00:00\",\"breadcrumb\":{\"@id\":\"https:\/\/jornalpontomais.com\/site\/2024\/03\/21\/baixos-niveis-de-serotonina-no-cerebro-estao-ligados-ao-declinio-da-funcao-cerebral\/#breadcrumb\"},\"inLanguage\":\"pt-BR\",\"potentialAction\":[{\"@type\":\"ReadAction\",\"target\":[\"https:\/\/jornalpontomais.com\/site\/2024\/03\/21\/baixos-niveis-de-serotonina-no-cerebro-estao-ligados-ao-declinio-da-funcao-cerebral\/\"]}]},{\"@type\":\"ImageObject\",\"inLanguage\":\"pt-BR\",\"@id\":\"https:\/\/jornalpontomais.com\/site\/2024\/03\/21\/baixos-niveis-de-serotonina-no-cerebro-estao-ligados-ao-declinio-da-funcao-cerebral\/#primaryimage\",\"url\":\"https:\/\/jornalpontomais.com\/site\/wp-content\/uploads\/2024\/03\/cerebro-inteligencia-20120801-01-original6.webp\",\"contentUrl\":\"https:\/\/jornalpontomais.com\/site\/wp-content\/uploads\/2024\/03\/cerebro-inteligencia-20120801-01-original6.webp\",\"width\":720,\"height\":440},{\"@type\":\"BreadcrumbList\",\"@id\":\"https:\/\/jornalpontomais.com\/site\/2024\/03\/21\/baixos-niveis-de-serotonina-no-cerebro-estao-ligados-ao-declinio-da-funcao-cerebral\/#breadcrumb\",\"itemListElement\":[{\"@type\":\"ListItem\",\"position\":1,\"name\":\"In\u00edcio\",\"item\":\"https:\/\/jornalpontomais.com\/site\/\"},{\"@type\":\"ListItem\",\"position\":2,\"name\":\"Baixos n\u00edveis de serotonina no c\u00e9rebro est\u00e3o ligados ao decl\u00ednio da fun\u00e7\u00e3o cerebral\"}]},{\"@type\":\"WebSite\",\"@id\":\"https:\/\/jornalpontomais.com\/site\/#website\",\"url\":\"https:\/\/jornalpontomais.com\/site\/\",\"name\":\"Jornal Ponto Mais\",\"description\":\"As principais not\u00edcias do Brasil e do mundo. Confira!\",\"publisher\":{\"@id\":\"https:\/\/jornalpontomais.com\/site\/#organization\"},\"potentialAction\":[{\"@type\":\"SearchAction\",\"target\":{\"@type\":\"EntryPoint\",\"urlTemplate\":\"https:\/\/jornalpontomais.com\/site\/?s={search_term_string}\"},\"query-input\":{\"@type\":\"PropertyValueSpecification\",\"valueRequired\":true,\"valueName\":\"search_term_string\"}}],\"inLanguage\":\"pt-BR\"},{\"@type\":\"Organization\",\"@id\":\"https:\/\/jornalpontomais.com\/site\/#organization\",\"name\":\"Jornal Ponto+\",\"url\":\"https:\/\/jornalpontomais.com\/site\/\",\"logo\":{\"@type\":\"ImageObject\",\"inLanguage\":\"pt-BR\",\"@id\":\"https:\/\/jornalpontomais.com\/site\/#\/schema\/logo\/image\/\",\"url\":\"https:\/\/jornalpontomais.com\/site\/wp-content\/uploads\/2022\/01\/marca.png\",\"contentUrl\":\"https:\/\/jornalpontomais.com\/site\/wp-content\/uploads\/2022\/01\/marca.png\",\"width\":582,\"height\":148,\"caption\":\"Jornal Ponto+\"},\"image\":{\"@id\":\"https:\/\/jornalpontomais.com\/site\/#\/schema\/logo\/image\/\"}},{\"@type\":\"Person\",\"@id\":\"https:\/\/jornalpontomais.com\/site\/#\/schema\/person\/18323f0b0f1355f2490721c48389fe9d\",\"name\":\"Jornal Ponto Mais\",\"image\":{\"@type\":\"ImageObject\",\"inLanguage\":\"pt-BR\",\"@id\":\"https:\/\/secure.gravatar.com\/avatar\/2ee0a9b7fe10fe32bdec8bc086e871e41eb5f4f6ecbcb7b4f2fe0d92d831405f?s=96&d=mm&r=g\",\"url\":\"https:\/\/secure.gravatar.com\/avatar\/2ee0a9b7fe10fe32bdec8bc086e871e41eb5f4f6ecbcb7b4f2fe0d92d831405f?s=96&d=mm&r=g\",\"contentUrl\":\"https:\/\/secure.gravatar.com\/avatar\/2ee0a9b7fe10fe32bdec8bc086e871e41eb5f4f6ecbcb7b4f2fe0d92d831405f?s=96&d=mm&r=g\",\"caption\":\"Jornal Ponto Mais\"},\"sameAs\":[\"https:\/\/jornalpontomais.com\/site\",\"jornalpontomais\"],\"url\":\"https:\/\/jornalpontomais.com\/site\/author\/jornalpontomais\/\"}]}<\/script>\n<!-- \/ Yoast SEO plugin. -->","yoast_head_json":{"title":"Baixos n\u00edveis de serotonina no c\u00e9rebro est\u00e3o ligados ao decl\u00ednio da fun\u00e7\u00e3o cerebral - Jornal Ponto Mais","robots":{"index":"index","follow":"follow","max-snippet":"max-snippet:-1","max-image-preview":"max-image-preview:large","max-video-preview":"max-video-preview:-1"},"canonical":"https:\/\/jornalpontomais.com\/site\/2024\/03\/21\/baixos-niveis-de-serotonina-no-cerebro-estao-ligados-ao-declinio-da-funcao-cerebral\/","og_locale":"pt_BR","og_type":"article","og_title":"Baixos n\u00edveis de serotonina no c\u00e9rebro est\u00e3o ligados ao decl\u00ednio da fun\u00e7\u00e3o cerebral - Jornal Ponto Mais","og_description":"Um novo estudo da Universidade Johns Hopkins, nos Estados Unidos, sugere que a diminui\u00e7\u00e3o do n\u00edvel do horm\u00f4nio cerebral associado \u00e0 &#8220;felicidade&#8221;, a serotonina, pode influenciar o decl\u00ednio da fun\u00e7\u00e3o cerebral durante o envelhecimento. Neste estudo, 49 volunt\u00e1rios com comprometimento cognitivo leve e 45 adultos saud\u00e1veis com idade igual ou superior a 55 anos foram [&hellip;]","og_url":"https:\/\/jornalpontomais.com\/site\/2024\/03\/21\/baixos-niveis-de-serotonina-no-cerebro-estao-ligados-ao-declinio-da-funcao-cerebral\/","og_site_name":"Jornal Ponto Mais","article_published_time":"2024-03-21T13:48:46+00:00","article_modified_time":"2024-03-21T13:48:48+00:00","og_image":[{"width":720,"height":440,"url":"https:\/\/jornalpontomais.com\/site\/wp-content\/uploads\/2024\/03\/cerebro-inteligencia-20120801-01-original6.webp","type":"image\/webp"}],"author":"Jornal Ponto Mais","twitter_card":"summary_large_image","twitter_misc":{"Escrito por":"Jornal Ponto Mais","Est. tempo de leitura":"2 minutos"},"schema":{"@context":"https:\/\/schema.org","@graph":[{"@type":"Article","@id":"https:\/\/jornalpontomais.com\/site\/2024\/03\/21\/baixos-niveis-de-serotonina-no-cerebro-estao-ligados-ao-declinio-da-funcao-cerebral\/#article","isPartOf":{"@id":"https:\/\/jornalpontomais.com\/site\/2024\/03\/21\/baixos-niveis-de-serotonina-no-cerebro-estao-ligados-ao-declinio-da-funcao-cerebral\/"},"author":{"name":"Jornal Ponto Mais","@id":"https:\/\/jornalpontomais.com\/site\/#\/schema\/person\/18323f0b0f1355f2490721c48389fe9d"},"headline":"Baixos n\u00edveis de serotonina no c\u00e9rebro est\u00e3o ligados ao decl\u00ednio da fun\u00e7\u00e3o cerebral","datePublished":"2024-03-21T13:48:46+00:00","dateModified":"2024-03-21T13:48:48+00:00","mainEntityOfPage":{"@id":"https:\/\/jornalpontomais.com\/site\/2024\/03\/21\/baixos-niveis-de-serotonina-no-cerebro-estao-ligados-ao-declinio-da-funcao-cerebral\/"},"wordCount":241,"commentCount":0,"publisher":{"@id":"https:\/\/jornalpontomais.com\/site\/#organization"},"image":{"@id":"https:\/\/jornalpontomais.com\/site\/2024\/03\/21\/baixos-niveis-de-serotonina-no-cerebro-estao-ligados-ao-declinio-da-funcao-cerebral\/#primaryimage"},"thumbnailUrl":"https:\/\/jornalpontomais.com\/site\/wp-content\/uploads\/2024\/03\/cerebro-inteligencia-20120801-01-original6.webp","articleSection":["Sa\u00fade"],"inLanguage":"pt-BR","potentialAction":[{"@type":"CommentAction","name":"Comment","target":["https:\/\/jornalpontomais.com\/site\/2024\/03\/21\/baixos-niveis-de-serotonina-no-cerebro-estao-ligados-ao-declinio-da-funcao-cerebral\/#respond"]}]},{"@type":"WebPage","@id":"https:\/\/jornalpontomais.com\/site\/2024\/03\/21\/baixos-niveis-de-serotonina-no-cerebro-estao-ligados-ao-declinio-da-funcao-cerebral\/","url":"https:\/\/jornalpontomais.com\/site\/2024\/03\/21\/baixos-niveis-de-serotonina-no-cerebro-estao-ligados-ao-declinio-da-funcao-cerebral\/","name":"Baixos n\u00edveis de serotonina no c\u00e9rebro est\u00e3o ligados ao decl\u00ednio da fun\u00e7\u00e3o cerebral - Jornal Ponto Mais","isPartOf":{"@id":"https:\/\/jornalpontomais.com\/site\/#website"},"primaryImageOfPage":{"@id":"https:\/\/jornalpontomais.com\/site\/2024\/03\/21\/baixos-niveis-de-serotonina-no-cerebro-estao-ligados-ao-declinio-da-funcao-cerebral\/#primaryimage"},"image":{"@id":"https:\/\/jornalpontomais.com\/site\/2024\/03\/21\/baixos-niveis-de-serotonina-no-cerebro-estao-ligados-ao-declinio-da-funcao-cerebral\/#primaryimage"},"thumbnailUrl":"https:\/\/jornalpontomais.com\/site\/wp-content\/uploads\/2024\/03\/cerebro-inteligencia-20120801-01-original6.webp","datePublished":"2024-03-21T13:48:46+00:00","dateModified":"2024-03-21T13:48:48+00:00","breadcrumb":{"@id":"https:\/\/jornalpontomais.com\/site\/2024\/03\/21\/baixos-niveis-de-serotonina-no-cerebro-estao-ligados-ao-declinio-da-funcao-cerebral\/#breadcrumb"},"inLanguage":"pt-BR","potentialAction":[{"@type":"ReadAction","target":["https:\/\/jornalpontomais.com\/site\/2024\/03\/21\/baixos-niveis-de-serotonina-no-cerebro-estao-ligados-ao-declinio-da-funcao-cerebral\/"]}]},{"@type":"ImageObject","inLanguage":"pt-BR","@id":"https:\/\/jornalpontomais.com\/site\/2024\/03\/21\/baixos-niveis-de-serotonina-no-cerebro-estao-ligados-ao-declinio-da-funcao-cerebral\/#primaryimage","url":"https:\/\/jornalpontomais.com\/site\/wp-content\/uploads\/2024\/03\/cerebro-inteligencia-20120801-01-original6.webp","contentUrl":"https:\/\/jornalpontomais.com\/site\/wp-content\/uploads\/2024\/03\/cerebro-inteligencia-20120801-01-original6.webp","width":720,"height":440},{"@type":"BreadcrumbList","@id":"https:\/\/jornalpontomais.com\/site\/2024\/03\/21\/baixos-niveis-de-serotonina-no-cerebro-estao-ligados-ao-declinio-da-funcao-cerebral\/#breadcrumb","itemListElement":[{"@type":"ListItem","position":1,"name":"In\u00edcio","item":"https:\/\/jornalpontomais.com\/site\/"},{"@type":"ListItem","position":2,"name":"Baixos n\u00edveis de serotonina no c\u00e9rebro est\u00e3o ligados ao decl\u00ednio da fun\u00e7\u00e3o cerebral"}]},{"@type":"WebSite","@id":"https:\/\/jornalpontomais.com\/site\/#website","url":"https:\/\/jornalpontomais.com\/site\/","name":"Jornal Ponto Mais","description":"As principais not\u00edcias do Brasil e do mundo. Confira!","publisher":{"@id":"https:\/\/jornalpontomais.com\/site\/#organization"},"potentialAction":[{"@type":"SearchAction","target":{"@type":"EntryPoint","urlTemplate":"https:\/\/jornalpontomais.com\/site\/?s={search_term_string}"},"query-input":{"@type":"PropertyValueSpecification","valueRequired":true,"valueName":"search_term_string"}}],"inLanguage":"pt-BR"},{"@type":"Organization","@id":"https:\/\/jornalpontomais.com\/site\/#organization","name":"Jornal Ponto+","url":"https:\/\/jornalpontomais.com\/site\/","logo":{"@type":"ImageObject","inLanguage":"pt-BR","@id":"https:\/\/jornalpontomais.com\/site\/#\/schema\/logo\/image\/","url":"https:\/\/jornalpontomais.com\/site\/wp-content\/uploads\/2022\/01\/marca.png","contentUrl":"https:\/\/jornalpontomais.com\/site\/wp-content\/uploads\/2022\/01\/marca.png","width":582,"height":148,"caption":"Jornal Ponto+"},"image":{"@id":"https:\/\/jornalpontomais.com\/site\/#\/schema\/logo\/image\/"}},{"@type":"Person","@id":"https:\/\/jornalpontomais.com\/site\/#\/schema\/person\/18323f0b0f1355f2490721c48389fe9d","name":"Jornal Ponto Mais","image":{"@type":"ImageObject","inLanguage":"pt-BR","@id":"https:\/\/secure.gravatar.com\/avatar\/2ee0a9b7fe10fe32bdec8bc086e871e41eb5f4f6ecbcb7b4f2fe0d92d831405f?s=96&d=mm&r=g","url":"https:\/\/secure.gravatar.com\/avatar\/2ee0a9b7fe10fe32bdec8bc086e871e41eb5f4f6ecbcb7b4f2fe0d92d831405f?s=96&d=mm&r=g","contentUrl":"https:\/\/secure.gravatar.com\/avatar\/2ee0a9b7fe10fe32bdec8bc086e871e41eb5f4f6ecbcb7b4f2fe0d92d831405f?s=96&d=mm&r=g","caption":"Jornal Ponto Mais"},"sameAs":["https:\/\/jornalpontomais.com\/site","jornalpontomais"],"url":"https:\/\/jornalpontomais.com\/site\/author\/jornalpontomais\/"}]}},"_links":{"self":[{"href":"https:\/\/jornalpontomais.com\/site\/wp-json\/wp\/v2\/posts\/12466","targetHints":{"allow":["GET"]}}],"collection":[{"href":"https:\/\/jornalpontomais.com\/site\/wp-json\/wp\/v2\/posts"}],"about":[{"href":"https:\/\/jornalpontomais.com\/site\/wp-json\/wp\/v2\/types\/post"}],"author":[{"embeddable":true,"href":"https:\/\/jornalpontomais.com\/site\/wp-json\/wp\/v2\/users\/2"}],"replies":[{"embeddable":true,"href":"https:\/\/jornalpontomais.com\/site\/wp-json\/wp\/v2\/comments?post=12466"}],"version-history":[{"count":1,"href":"https:\/\/jornalpontomais.com\/site\/wp-json\/wp\/v2\/posts\/12466\/revisions"}],"predecessor-version":[{"id":12468,"href":"https:\/\/jornalpontomais.com\/site\/wp-json\/wp\/v2\/posts\/12466\/revisions\/12468"}],"wp:featuredmedia":[{"embeddable":true,"href":"https:\/\/jornalpontomais.com\/site\/wp-json\/wp\/v2\/media\/12467"}],"wp:attachment":[{"href":"https:\/\/jornalpontomais.com\/site\/wp-json\/wp\/v2\/media?parent=12466"}],"wp:term":[{"taxonomy":"category","embeddable":true,"href":"https:\/\/jornalpontomais.com\/site\/wp-json\/wp\/v2\/categories?post=12466"},{"taxonomy":"post_tag","embeddable":true,"href":"https:\/\/jornalpontomais.com\/site\/wp-json\/wp\/v2\/tags?post=12466"}],"curies":[{"name":"wp","href":"https:\/\/api.w.org\/{rel}","templated":true}]}}