{"id":12443,"date":"2024-03-20T10:10:07","date_gmt":"2024-03-20T13:10:07","guid":{"rendered":"https:\/\/jornalpontomais.com\/site\/?p=12443"},"modified":"2024-03-20T10:10:08","modified_gmt":"2024-03-20T13:10:08","slug":"cuidar-bem-da-boca-pode-evitar-ate-doencas-cardiovasculares","status":"publish","type":"post","link":"https:\/\/jornalpontomais.com\/site\/2024\/03\/20\/cuidar-bem-da-boca-pode-evitar-ate-doencas-cardiovasculares\/","title":{"rendered":"Cuidar bem da boca pode evitar at\u00e9 doen\u00e7as cardiovasculares"},"content":{"rendered":"\n<p>O Dia Mundial da Sa\u00fade Bucal, celebrado em 20 de mar\u00e7o, \u00e9 uma oportunidade para reiterar a import\u00e2ncia dos cuidados dent\u00e1rios para o bem-estar geral. Uma sa\u00fade bucal adequada n\u00e3o s\u00f3 previne desconfortos f\u00edsicos, mas tamb\u00e9m contribui significativamente para a qualidade de vida, promovendo bem-estar emocional e social.<br><br><\/p>\n\n\n\n<p>A preven\u00e7\u00e3o de c\u00e1ries e outras complica\u00e7\u00f5es dent\u00e1rias possibilita uma vida livre de dores de dente, o que tem um impacto positivo tanto na sa\u00fade f\u00edsica quanto mental das pessoas.<br><br><\/p>\n\n\n\n<p>Conforme Gustavo Belligoli, odont\u00f3logo especializado em implantodontia, ortodontia e harmoniza\u00e7\u00e3o orofacial, uma abordagem preventiva em rela\u00e7\u00e3o aos cuidados dent\u00e1rios \u00e9 crucial. &#8220;Investir na preven\u00e7\u00e3o \u00e9 investir em qualidade de vida. Pr\u00e1ticas simples, como escovar os dentes regularmente, usar fio dental e fazer visitas peri\u00f3dicas ao dentista, s\u00e3o essenciais para evitar problemas dent\u00e1rios e promover uma vida mais saud\u00e1vel e feliz&#8221;, recomenda.<br><br><\/p>\n\n\n\n<p>A Pesquisa Nacional de Sa\u00fade Bucal demonstra avan\u00e7os significativos nessa \u00e1rea da sa\u00fade no Brasil. O percentual de crian\u00e7as livres de c\u00e1ries aos 12 anos aumentou de 32% em 2003 para 44% em 2010. Al\u00e9m disso, houve uma redu\u00e7\u00e3o de 45% no n\u00famero de dentes perdidos por c\u00e1rie e um aumento de 70% no n\u00famero de dentes tratados durante o mesmo per\u00edodo.<br><br><\/p>\n\n\n\n<p>Adotar pr\u00e1ticas de autocuidado e seguir uma alimenta\u00e7\u00e3o equilibrada s\u00e3o fundamentais. Escovar os dentes e a l\u00edngua corretamente, al\u00e9m de uma dieta balanceada com modera\u00e7\u00e3o em alimentos a\u00e7ucarados, s\u00e3o passos importantes para manter um sorriso saud\u00e1vel. \u00c9 crucial tamb\u00e9m estar ciente dos alimentos ben\u00e9ficos para a sa\u00fade bucal, como frutas e vegetais ricos em fibras e nutrientes essenciais.<br><br><\/p>\n\n\n\n<p>Estudos realizados pelo Instituto do Cora\u00e7\u00e3o (InCor) revelam que cerca de 45% das doen\u00e7as card\u00edacas t\u00eam origem na cavidade bucal, derivadas de problemas como c\u00e1ries profundas, gengivas inflamadas e abscessos. \u201cA boca abriga aproximadamente 50 bilh\u00f5es de bact\u00e9rias, incluindo aquelas associadas a c\u00e1ries e doen\u00e7as gengivais. Quando esses microrganismos entram na corrente sangu\u00ednea, podem atingir o cora\u00e7\u00e3o, aumentando o risco de endocardite bacteriana e contribuindo para a forma\u00e7\u00e3o de placas nas art\u00e9rias\u201d, ressalta o especialista.<br><br><\/p>\n\n\n\n<p>Essa condi\u00e7\u00e3o pode resultar em problemas graves, como aterosclerose, arritmias e at\u00e9 mesmo infarto.<br><br><\/p>\n\n\n\n<p>Problemas gengivais, como gengivite e periodontite, tamb\u00e9m est\u00e3o ligados a um maior risco de doen\u00e7as cardiovasculares. Estudos indicam que pacientes com doen\u00e7as periodontais t\u00eam at\u00e9 tr\u00eas vezes mais chances de desenvolver problemas card\u00edacos. Portanto, \u00e9 essencial estar atento aos sintomas, como sangramento e incha\u00e7o na gengiva, e procurar tratamento adequado com um dentista.<br><br><\/p>\n\n\n\n<p>\u201cAo priorizar a sa\u00fade bucal e adotar uma abordagem preventiva, podemos desfrutar de uma melhor qualidade de vida e evitar problemas dent\u00e1rios que possam afetar nossa sa\u00fade geral\u201d, conclui o especialista.<\/p>\n","protected":false},"excerpt":{"rendered":"<p>O Dia Mundial da Sa\u00fade Bucal, celebrado em 20 de mar\u00e7o, \u00e9 uma oportunidade para reiterar a import\u00e2ncia dos cuidados dent\u00e1rios para o bem-estar geral. Uma sa\u00fade bucal adequada n\u00e3o s\u00f3 previne desconfortos f\u00edsicos, mas tamb\u00e9m contribui significativamente para a qualidade de vida, promovendo bem-estar emocional e social. A preven\u00e7\u00e3o de c\u00e1ries e outras complica\u00e7\u00f5es [&hellip;]<\/p>\n","protected":false},"author":2,"featured_media":12444,"comment_status":"open","ping_status":"open","sticky":true,"template":"","format":"standard","meta":{"om_disable_all_campaigns":false,"_monsterinsights_skip_tracking":false,"_monsterinsights_sitenote_active":false,"_monsterinsights_sitenote_note":"","_monsterinsights_sitenote_category":0,"footnotes":""},"categories":[3],"tags":[],"class_list":["post-12443","post","type-post","status-publish","format-standard","has-post-thumbnail","hentry","category-saude"],"yoast_head":"<!-- This site is optimized with the Yoast SEO plugin v27.2 - https:\/\/yoast.com\/product\/yoast-seo-wordpress\/ -->\n<title>Cuidar bem da boca pode evitar at\u00e9 doen\u00e7as cardiovasculares - Jornal Ponto Mais<\/title>\n<meta name=\"robots\" content=\"index, follow, max-snippet:-1, max-image-preview:large, max-video-preview:-1\" \/>\n<link rel=\"canonical\" href=\"https:\/\/jornalpontomais.com\/site\/2024\/03\/20\/cuidar-bem-da-boca-pode-evitar-ate-doencas-cardiovasculares\/\" \/>\n<meta property=\"og:locale\" content=\"pt_BR\" \/>\n<meta property=\"og:type\" content=\"article\" \/>\n<meta property=\"og:title\" content=\"Cuidar bem da boca pode evitar at\u00e9 doen\u00e7as cardiovasculares - Jornal Ponto Mais\" \/>\n<meta property=\"og:description\" content=\"O Dia Mundial da Sa\u00fade Bucal, celebrado em 20 de mar\u00e7o, \u00e9 uma oportunidade para reiterar a import\u00e2ncia dos cuidados dent\u00e1rios para o bem-estar geral. Uma sa\u00fade bucal adequada n\u00e3o s\u00f3 previne desconfortos f\u00edsicos, mas tamb\u00e9m contribui significativamente para a qualidade de vida, promovendo bem-estar emocional e social. A preven\u00e7\u00e3o de c\u00e1ries e outras complica\u00e7\u00f5es [&hellip;]\" \/>\n<meta property=\"og:url\" content=\"https:\/\/jornalpontomais.com\/site\/2024\/03\/20\/cuidar-bem-da-boca-pode-evitar-ate-doencas-cardiovasculares\/\" \/>\n<meta property=\"og:site_name\" content=\"Jornal Ponto Mais\" \/>\n<meta property=\"article:published_time\" content=\"2024-03-20T13:10:07+00:00\" \/>\n<meta property=\"article:modified_time\" content=\"2024-03-20T13:10:08+00:00\" \/>\n<meta property=\"og:image\" content=\"https:\/\/jornalpontomais.com\/site\/wp-content\/uploads\/2024\/03\/saude-bucal.jpg\" \/>\n\t<meta property=\"og:image:width\" content=\"1100\" \/>\n\t<meta property=\"og:image:height\" content=\"600\" \/>\n\t<meta property=\"og:image:type\" content=\"image\/jpeg\" \/>\n<meta name=\"author\" content=\"Jornal Ponto Mais\" \/>\n<meta name=\"twitter:card\" content=\"summary_large_image\" \/>\n<meta name=\"twitter:label1\" content=\"Escrito por\" \/>\n\t<meta name=\"twitter:data1\" content=\"Jornal Ponto Mais\" \/>\n\t<meta name=\"twitter:label2\" content=\"Est. tempo de leitura\" \/>\n\t<meta name=\"twitter:data2\" content=\"3 minutos\" \/>\n<script type=\"application\/ld+json\" class=\"yoast-schema-graph\">{\"@context\":\"https:\/\/schema.org\",\"@graph\":[{\"@type\":\"Article\",\"@id\":\"https:\/\/jornalpontomais.com\/site\/2024\/03\/20\/cuidar-bem-da-boca-pode-evitar-ate-doencas-cardiovasculares\/#article\",\"isPartOf\":{\"@id\":\"https:\/\/jornalpontomais.com\/site\/2024\/03\/20\/cuidar-bem-da-boca-pode-evitar-ate-doencas-cardiovasculares\/\"},\"author\":{\"name\":\"Jornal Ponto Mais\",\"@id\":\"https:\/\/jornalpontomais.com\/site\/#\/schema\/person\/18323f0b0f1355f2490721c48389fe9d\"},\"headline\":\"Cuidar bem da boca pode evitar at\u00e9 doen\u00e7as cardiovasculares\",\"datePublished\":\"2024-03-20T13:10:07+00:00\",\"dateModified\":\"2024-03-20T13:10:08+00:00\",\"mainEntityOfPage\":{\"@id\":\"https:\/\/jornalpontomais.com\/site\/2024\/03\/20\/cuidar-bem-da-boca-pode-evitar-ate-doencas-cardiovasculares\/\"},\"wordCount\":499,\"commentCount\":0,\"publisher\":{\"@id\":\"https:\/\/jornalpontomais.com\/site\/#organization\"},\"image\":{\"@id\":\"https:\/\/jornalpontomais.com\/site\/2024\/03\/20\/cuidar-bem-da-boca-pode-evitar-ate-doencas-cardiovasculares\/#primaryimage\"},\"thumbnailUrl\":\"https:\/\/jornalpontomais.com\/site\/wp-content\/uploads\/2024\/03\/saude-bucal.jpg\",\"articleSection\":[\"Sa\u00fade\"],\"inLanguage\":\"pt-BR\",\"potentialAction\":[{\"@type\":\"CommentAction\",\"name\":\"Comment\",\"target\":[\"https:\/\/jornalpontomais.com\/site\/2024\/03\/20\/cuidar-bem-da-boca-pode-evitar-ate-doencas-cardiovasculares\/#respond\"]}]},{\"@type\":\"WebPage\",\"@id\":\"https:\/\/jornalpontomais.com\/site\/2024\/03\/20\/cuidar-bem-da-boca-pode-evitar-ate-doencas-cardiovasculares\/\",\"url\":\"https:\/\/jornalpontomais.com\/site\/2024\/03\/20\/cuidar-bem-da-boca-pode-evitar-ate-doencas-cardiovasculares\/\",\"name\":\"Cuidar bem da boca pode evitar at\u00e9 doen\u00e7as cardiovasculares - Jornal Ponto Mais\",\"isPartOf\":{\"@id\":\"https:\/\/jornalpontomais.com\/site\/#website\"},\"primaryImageOfPage\":{\"@id\":\"https:\/\/jornalpontomais.com\/site\/2024\/03\/20\/cuidar-bem-da-boca-pode-evitar-ate-doencas-cardiovasculares\/#primaryimage\"},\"image\":{\"@id\":\"https:\/\/jornalpontomais.com\/site\/2024\/03\/20\/cuidar-bem-da-boca-pode-evitar-ate-doencas-cardiovasculares\/#primaryimage\"},\"thumbnailUrl\":\"https:\/\/jornalpontomais.com\/site\/wp-content\/uploads\/2024\/03\/saude-bucal.jpg\",\"datePublished\":\"2024-03-20T13:10:07+00:00\",\"dateModified\":\"2024-03-20T13:10:08+00:00\",\"breadcrumb\":{\"@id\":\"https:\/\/jornalpontomais.com\/site\/2024\/03\/20\/cuidar-bem-da-boca-pode-evitar-ate-doencas-cardiovasculares\/#breadcrumb\"},\"inLanguage\":\"pt-BR\",\"potentialAction\":[{\"@type\":\"ReadAction\",\"target\":[\"https:\/\/jornalpontomais.com\/site\/2024\/03\/20\/cuidar-bem-da-boca-pode-evitar-ate-doencas-cardiovasculares\/\"]}]},{\"@type\":\"ImageObject\",\"inLanguage\":\"pt-BR\",\"@id\":\"https:\/\/jornalpontomais.com\/site\/2024\/03\/20\/cuidar-bem-da-boca-pode-evitar-ate-doencas-cardiovasculares\/#primaryimage\",\"url\":\"https:\/\/jornalpontomais.com\/site\/wp-content\/uploads\/2024\/03\/saude-bucal.jpg\",\"contentUrl\":\"https:\/\/jornalpontomais.com\/site\/wp-content\/uploads\/2024\/03\/saude-bucal.jpg\",\"width\":1100,\"height\":600},{\"@type\":\"BreadcrumbList\",\"@id\":\"https:\/\/jornalpontomais.com\/site\/2024\/03\/20\/cuidar-bem-da-boca-pode-evitar-ate-doencas-cardiovasculares\/#breadcrumb\",\"itemListElement\":[{\"@type\":\"ListItem\",\"position\":1,\"name\":\"In\u00edcio\",\"item\":\"https:\/\/jornalpontomais.com\/site\/\"},{\"@type\":\"ListItem\",\"position\":2,\"name\":\"Cuidar bem da boca pode evitar at\u00e9 doen\u00e7as cardiovasculares\"}]},{\"@type\":\"WebSite\",\"@id\":\"https:\/\/jornalpontomais.com\/site\/#website\",\"url\":\"https:\/\/jornalpontomais.com\/site\/\",\"name\":\"Jornal Ponto Mais\",\"description\":\"As principais not\u00edcias do Brasil e do mundo. Confira!\",\"publisher\":{\"@id\":\"https:\/\/jornalpontomais.com\/site\/#organization\"},\"potentialAction\":[{\"@type\":\"SearchAction\",\"target\":{\"@type\":\"EntryPoint\",\"urlTemplate\":\"https:\/\/jornalpontomais.com\/site\/?s={search_term_string}\"},\"query-input\":{\"@type\":\"PropertyValueSpecification\",\"valueRequired\":true,\"valueName\":\"search_term_string\"}}],\"inLanguage\":\"pt-BR\"},{\"@type\":\"Organization\",\"@id\":\"https:\/\/jornalpontomais.com\/site\/#organization\",\"name\":\"Jornal Ponto+\",\"url\":\"https:\/\/jornalpontomais.com\/site\/\",\"logo\":{\"@type\":\"ImageObject\",\"inLanguage\":\"pt-BR\",\"@id\":\"https:\/\/jornalpontomais.com\/site\/#\/schema\/logo\/image\/\",\"url\":\"https:\/\/jornalpontomais.com\/site\/wp-content\/uploads\/2022\/01\/marca.png\",\"contentUrl\":\"https:\/\/jornalpontomais.com\/site\/wp-content\/uploads\/2022\/01\/marca.png\",\"width\":582,\"height\":148,\"caption\":\"Jornal Ponto+\"},\"image\":{\"@id\":\"https:\/\/jornalpontomais.com\/site\/#\/schema\/logo\/image\/\"}},{\"@type\":\"Person\",\"@id\":\"https:\/\/jornalpontomais.com\/site\/#\/schema\/person\/18323f0b0f1355f2490721c48389fe9d\",\"name\":\"Jornal Ponto Mais\",\"image\":{\"@type\":\"ImageObject\",\"inLanguage\":\"pt-BR\",\"@id\":\"https:\/\/secure.gravatar.com\/avatar\/2ee0a9b7fe10fe32bdec8bc086e871e41eb5f4f6ecbcb7b4f2fe0d92d831405f?s=96&d=mm&r=g\",\"url\":\"https:\/\/secure.gravatar.com\/avatar\/2ee0a9b7fe10fe32bdec8bc086e871e41eb5f4f6ecbcb7b4f2fe0d92d831405f?s=96&d=mm&r=g\",\"contentUrl\":\"https:\/\/secure.gravatar.com\/avatar\/2ee0a9b7fe10fe32bdec8bc086e871e41eb5f4f6ecbcb7b4f2fe0d92d831405f?s=96&d=mm&r=g\",\"caption\":\"Jornal Ponto Mais\"},\"sameAs\":[\"https:\/\/jornalpontomais.com\/site\",\"jornalpontomais\"],\"url\":\"https:\/\/jornalpontomais.com\/site\/author\/jornalpontomais\/\"}]}<\/script>\n<!-- \/ Yoast SEO plugin. -->","yoast_head_json":{"title":"Cuidar bem da boca pode evitar at\u00e9 doen\u00e7as cardiovasculares - Jornal Ponto Mais","robots":{"index":"index","follow":"follow","max-snippet":"max-snippet:-1","max-image-preview":"max-image-preview:large","max-video-preview":"max-video-preview:-1"},"canonical":"https:\/\/jornalpontomais.com\/site\/2024\/03\/20\/cuidar-bem-da-boca-pode-evitar-ate-doencas-cardiovasculares\/","og_locale":"pt_BR","og_type":"article","og_title":"Cuidar bem da boca pode evitar at\u00e9 doen\u00e7as cardiovasculares - Jornal Ponto Mais","og_description":"O Dia Mundial da Sa\u00fade Bucal, celebrado em 20 de mar\u00e7o, \u00e9 uma oportunidade para reiterar a import\u00e2ncia dos cuidados dent\u00e1rios para o bem-estar geral. Uma sa\u00fade bucal adequada n\u00e3o s\u00f3 previne desconfortos f\u00edsicos, mas tamb\u00e9m contribui significativamente para a qualidade de vida, promovendo bem-estar emocional e social. A preven\u00e7\u00e3o de c\u00e1ries e outras complica\u00e7\u00f5es [&hellip;]","og_url":"https:\/\/jornalpontomais.com\/site\/2024\/03\/20\/cuidar-bem-da-boca-pode-evitar-ate-doencas-cardiovasculares\/","og_site_name":"Jornal Ponto Mais","article_published_time":"2024-03-20T13:10:07+00:00","article_modified_time":"2024-03-20T13:10:08+00:00","og_image":[{"width":1100,"height":600,"url":"https:\/\/jornalpontomais.com\/site\/wp-content\/uploads\/2024\/03\/saude-bucal.jpg","type":"image\/jpeg"}],"author":"Jornal Ponto Mais","twitter_card":"summary_large_image","twitter_misc":{"Escrito por":"Jornal Ponto Mais","Est. tempo de leitura":"3 minutos"},"schema":{"@context":"https:\/\/schema.org","@graph":[{"@type":"Article","@id":"https:\/\/jornalpontomais.com\/site\/2024\/03\/20\/cuidar-bem-da-boca-pode-evitar-ate-doencas-cardiovasculares\/#article","isPartOf":{"@id":"https:\/\/jornalpontomais.com\/site\/2024\/03\/20\/cuidar-bem-da-boca-pode-evitar-ate-doencas-cardiovasculares\/"},"author":{"name":"Jornal Ponto Mais","@id":"https:\/\/jornalpontomais.com\/site\/#\/schema\/person\/18323f0b0f1355f2490721c48389fe9d"},"headline":"Cuidar bem da boca pode evitar at\u00e9 doen\u00e7as cardiovasculares","datePublished":"2024-03-20T13:10:07+00:00","dateModified":"2024-03-20T13:10:08+00:00","mainEntityOfPage":{"@id":"https:\/\/jornalpontomais.com\/site\/2024\/03\/20\/cuidar-bem-da-boca-pode-evitar-ate-doencas-cardiovasculares\/"},"wordCount":499,"commentCount":0,"publisher":{"@id":"https:\/\/jornalpontomais.com\/site\/#organization"},"image":{"@id":"https:\/\/jornalpontomais.com\/site\/2024\/03\/20\/cuidar-bem-da-boca-pode-evitar-ate-doencas-cardiovasculares\/#primaryimage"},"thumbnailUrl":"https:\/\/jornalpontomais.com\/site\/wp-content\/uploads\/2024\/03\/saude-bucal.jpg","articleSection":["Sa\u00fade"],"inLanguage":"pt-BR","potentialAction":[{"@type":"CommentAction","name":"Comment","target":["https:\/\/jornalpontomais.com\/site\/2024\/03\/20\/cuidar-bem-da-boca-pode-evitar-ate-doencas-cardiovasculares\/#respond"]}]},{"@type":"WebPage","@id":"https:\/\/jornalpontomais.com\/site\/2024\/03\/20\/cuidar-bem-da-boca-pode-evitar-ate-doencas-cardiovasculares\/","url":"https:\/\/jornalpontomais.com\/site\/2024\/03\/20\/cuidar-bem-da-boca-pode-evitar-ate-doencas-cardiovasculares\/","name":"Cuidar bem da boca pode evitar at\u00e9 doen\u00e7as cardiovasculares - Jornal Ponto Mais","isPartOf":{"@id":"https:\/\/jornalpontomais.com\/site\/#website"},"primaryImageOfPage":{"@id":"https:\/\/jornalpontomais.com\/site\/2024\/03\/20\/cuidar-bem-da-boca-pode-evitar-ate-doencas-cardiovasculares\/#primaryimage"},"image":{"@id":"https:\/\/jornalpontomais.com\/site\/2024\/03\/20\/cuidar-bem-da-boca-pode-evitar-ate-doencas-cardiovasculares\/#primaryimage"},"thumbnailUrl":"https:\/\/jornalpontomais.com\/site\/wp-content\/uploads\/2024\/03\/saude-bucal.jpg","datePublished":"2024-03-20T13:10:07+00:00","dateModified":"2024-03-20T13:10:08+00:00","breadcrumb":{"@id":"https:\/\/jornalpontomais.com\/site\/2024\/03\/20\/cuidar-bem-da-boca-pode-evitar-ate-doencas-cardiovasculares\/#breadcrumb"},"inLanguage":"pt-BR","potentialAction":[{"@type":"ReadAction","target":["https:\/\/jornalpontomais.com\/site\/2024\/03\/20\/cuidar-bem-da-boca-pode-evitar-ate-doencas-cardiovasculares\/"]}]},{"@type":"ImageObject","inLanguage":"pt-BR","@id":"https:\/\/jornalpontomais.com\/site\/2024\/03\/20\/cuidar-bem-da-boca-pode-evitar-ate-doencas-cardiovasculares\/#primaryimage","url":"https:\/\/jornalpontomais.com\/site\/wp-content\/uploads\/2024\/03\/saude-bucal.jpg","contentUrl":"https:\/\/jornalpontomais.com\/site\/wp-content\/uploads\/2024\/03\/saude-bucal.jpg","width":1100,"height":600},{"@type":"BreadcrumbList","@id":"https:\/\/jornalpontomais.com\/site\/2024\/03\/20\/cuidar-bem-da-boca-pode-evitar-ate-doencas-cardiovasculares\/#breadcrumb","itemListElement":[{"@type":"ListItem","position":1,"name":"In\u00edcio","item":"https:\/\/jornalpontomais.com\/site\/"},{"@type":"ListItem","position":2,"name":"Cuidar bem da boca pode evitar at\u00e9 doen\u00e7as cardiovasculares"}]},{"@type":"WebSite","@id":"https:\/\/jornalpontomais.com\/site\/#website","url":"https:\/\/jornalpontomais.com\/site\/","name":"Jornal Ponto Mais","description":"As principais not\u00edcias do Brasil e do mundo. Confira!","publisher":{"@id":"https:\/\/jornalpontomais.com\/site\/#organization"},"potentialAction":[{"@type":"SearchAction","target":{"@type":"EntryPoint","urlTemplate":"https:\/\/jornalpontomais.com\/site\/?s={search_term_string}"},"query-input":{"@type":"PropertyValueSpecification","valueRequired":true,"valueName":"search_term_string"}}],"inLanguage":"pt-BR"},{"@type":"Organization","@id":"https:\/\/jornalpontomais.com\/site\/#organization","name":"Jornal Ponto+","url":"https:\/\/jornalpontomais.com\/site\/","logo":{"@type":"ImageObject","inLanguage":"pt-BR","@id":"https:\/\/jornalpontomais.com\/site\/#\/schema\/logo\/image\/","url":"https:\/\/jornalpontomais.com\/site\/wp-content\/uploads\/2022\/01\/marca.png","contentUrl":"https:\/\/jornalpontomais.com\/site\/wp-content\/uploads\/2022\/01\/marca.png","width":582,"height":148,"caption":"Jornal Ponto+"},"image":{"@id":"https:\/\/jornalpontomais.com\/site\/#\/schema\/logo\/image\/"}},{"@type":"Person","@id":"https:\/\/jornalpontomais.com\/site\/#\/schema\/person\/18323f0b0f1355f2490721c48389fe9d","name":"Jornal Ponto Mais","image":{"@type":"ImageObject","inLanguage":"pt-BR","@id":"https:\/\/secure.gravatar.com\/avatar\/2ee0a9b7fe10fe32bdec8bc086e871e41eb5f4f6ecbcb7b4f2fe0d92d831405f?s=96&d=mm&r=g","url":"https:\/\/secure.gravatar.com\/avatar\/2ee0a9b7fe10fe32bdec8bc086e871e41eb5f4f6ecbcb7b4f2fe0d92d831405f?s=96&d=mm&r=g","contentUrl":"https:\/\/secure.gravatar.com\/avatar\/2ee0a9b7fe10fe32bdec8bc086e871e41eb5f4f6ecbcb7b4f2fe0d92d831405f?s=96&d=mm&r=g","caption":"Jornal Ponto Mais"},"sameAs":["https:\/\/jornalpontomais.com\/site","jornalpontomais"],"url":"https:\/\/jornalpontomais.com\/site\/author\/jornalpontomais\/"}]}},"_links":{"self":[{"href":"https:\/\/jornalpontomais.com\/site\/wp-json\/wp\/v2\/posts\/12443","targetHints":{"allow":["GET"]}}],"collection":[{"href":"https:\/\/jornalpontomais.com\/site\/wp-json\/wp\/v2\/posts"}],"about":[{"href":"https:\/\/jornalpontomais.com\/site\/wp-json\/wp\/v2\/types\/post"}],"author":[{"embeddable":true,"href":"https:\/\/jornalpontomais.com\/site\/wp-json\/wp\/v2\/users\/2"}],"replies":[{"embeddable":true,"href":"https:\/\/jornalpontomais.com\/site\/wp-json\/wp\/v2\/comments?post=12443"}],"version-history":[{"count":1,"href":"https:\/\/jornalpontomais.com\/site\/wp-json\/wp\/v2\/posts\/12443\/revisions"}],"predecessor-version":[{"id":12445,"href":"https:\/\/jornalpontomais.com\/site\/wp-json\/wp\/v2\/posts\/12443\/revisions\/12445"}],"wp:featuredmedia":[{"embeddable":true,"href":"https:\/\/jornalpontomais.com\/site\/wp-json\/wp\/v2\/media\/12444"}],"wp:attachment":[{"href":"https:\/\/jornalpontomais.com\/site\/wp-json\/wp\/v2\/media?parent=12443"}],"wp:term":[{"taxonomy":"category","embeddable":true,"href":"https:\/\/jornalpontomais.com\/site\/wp-json\/wp\/v2\/categories?post=12443"},{"taxonomy":"post_tag","embeddable":true,"href":"https:\/\/jornalpontomais.com\/site\/wp-json\/wp\/v2\/tags?post=12443"}],"curies":[{"name":"wp","href":"https:\/\/api.w.org\/{rel}","templated":true}]}}