{"id":12437,"date":"2024-03-20T09:56:40","date_gmt":"2024-03-20T12:56:40","guid":{"rendered":"https:\/\/jornalpontomais.com\/site\/?p=12437"},"modified":"2024-03-20T09:56:41","modified_gmt":"2024-03-20T12:56:41","slug":"mundial-do-ciclismo-paralimpico-comeca-nesta-quarta-no-rio-de-janeiro","status":"publish","type":"post","link":"https:\/\/jornalpontomais.com\/site\/2024\/03\/20\/mundial-do-ciclismo-paralimpico-comeca-nesta-quarta-no-rio-de-janeiro\/","title":{"rendered":"Mundial do ciclismo paral\u00edmpico come\u00e7a nesta quarta, no Rio de Janeiro"},"content":{"rendered":"\n<p>O Mundial de ciclismo paral\u00edmpico de pista, \u00faltima competi\u00e7\u00e3o classificat\u00f3ria para os Jogos de Paris, come\u00e7a nesta quarta-feira (29), no Vel\u00f3dromo do Rio de Janeiro, sede da Rio 2016. O evento reunir\u00e1 287 atletas de 39 pa\u00edses, considerados os melhores do mundo em cada classe. As principais pot\u00eancias na modalidade s\u00e3o Gr\u00e3-Bretanha, Holanda, Austr\u00e1lia e China.<img decoding=\"async\" src=\"https:\/\/agenciabrasil.ebc.com.br\/ebc.png?id=1586291&amp;o=node\"><img decoding=\"async\" src=\"https:\/\/agenciabrasil.ebc.com.br\/ebc.gif?id=1586291&amp;o=node\"><br><br><\/p>\n\n\n\n<p>A delega\u00e7\u00e3o brasileira conta com 25 atletas, entre eles est\u00e1 Lauro Charman, n\u00famero 2 no ranking mundial na classe C5. Medalhista na Rio 2016 e campe\u00e3o mundial em 2018, o ciclista paulista enfileirou\u00a0p\u00f3dios no ano passado: foi ouro na persegui\u00e7\u00e3o individual e bronze no contrarrel\u00f3gio nos Jogos\u00a0Parapan-Americanos\u00a0de Santiago (Chile), e faturou o tricampeonato da Copa Mundo de estrada, nos Estados Unidos.<\/p>\n\n\n\n<figure class=\"wp-block-embed is-type-rich is-provider-twitter wp-block-embed-twitter\"><div class=\"wp-block-embed__wrapper\">\n<blockquote class=\"twitter-tweet\" data-width=\"550\" data-dnt=\"true\"><p lang=\"pt\" dir=\"ltr\">O Mundial de Paraciclismo de Pista come\u00e7a nesta quarta-feira, 20, no Vel\u00f3dromo da cidade maravilhosa e termina dia 24 \ud83d\udeb4\ud83d\udca8<a href=\"https:\/\/twitter.com\/hashtag\/Energyofparacycling?src=hash&amp;ref_src=twsrc%5Etfw\">#Energyofparacycling<\/a> <a href=\"https:\/\/twitter.com\/hashtag\/paracycling?src=hash&amp;ref_src=twsrc%5Etfw\">#paracycling<\/a> <a href=\"https:\/\/twitter.com\/hashtag\/CiclismoCBC?src=hash&amp;ref_src=twsrc%5Etfw\">#CiclismoCBC<\/a> <a href=\"https:\/\/t.co\/Sjq0Yt8ECl\">pic.twitter.com\/Sjq0Yt8ECl<\/a><\/p>&mdash; Comit\u00ea Paral\u00edmpico Brasileiro (@cpboficial) <a href=\"https:\/\/twitter.com\/cpboficial\/status\/1770155215838171503?ref_src=twsrc%5Etfw\">March 19, 2024<\/a><\/blockquote><script async src=\"https:\/\/platform.twitter.com\/widgets.js\" charset=\"utf-8\"><\/script>\n<\/div><\/figure>\n\n\n\n<p>Nascido em An\u00e1polis (GO), Carlos Alberto Gomes Soares, n\u00famero nove do mundo C1 (limita\u00e7\u00e3o f\u00edsico-motora). Entre seus advers\u00e1rios estar\u00e3o os atuais l\u00edderes no ranking, os\u00a0hineses Weicong Liang e Zhangyu Li.<br><br><\/p>\n\n\n\n<p>A disputa tamb\u00e9m promete ser acirrada na classe Tandem (pessoas com defici\u00eancia visual). Entre as representantes brasileiras est\u00e3o Bianca Canovas Garcia \u2013 detentora de um ouro e dois bronze no Parapan de Santiago \u2013, eleita a atleta do ano no Pr\u00eamio Paral\u00edmpicos de 2023; e M\u00e1rcia Ribeiro Gon\u00e7alves Fanhani. \u00a0<br><\/p>\n\n\n\n<p>A classe Tandem re\u00fane oito das dez primeiras colocadas no ranking. A l\u00edder \u00e9 a brit\u00e2nica Sophie Unwin, que defender\u00e1 lutar\u00e1 por tr\u00eas t\u00edtulos: contrarrel\u00f3gio, velocidade e persegui\u00e7\u00e3o individual. Na sequ\u00eancia est\u00e3o as malaias Nur Suraiya Muhammad Zamri (2\u00aa colocada) e Nur Azlia Syafinaz Mohd Zais (3\u00aa), a australiana Jessica Gallagher (4\u00aa), a brit\u00e2nica Elizabeth Jordan (5\u00aa), a norte-americana Hannah Chadwick (6\u00aa), a brit\u00e2nica Lora Fachie (7\u00aa) e a irlandesa Katie-George Dunlevy (9\u00aa).<br><br><\/p>\n\n\n\n<p>Esta \u00e9 a segunda vez que o Brasil recebe o Mundial &#8211; o&nbsp;pa\u00eds tamb\u00e9m sediou a edi\u00e7\u00e3o do evento em 2018.<\/p>\n","protected":false},"excerpt":{"rendered":"<p>O Mundial de ciclismo paral\u00edmpico de pista, \u00faltima competi\u00e7\u00e3o classificat\u00f3ria para os Jogos de Paris, come\u00e7a nesta quarta-feira (29), no Vel\u00f3dromo do Rio de Janeiro, sede da Rio 2016. O evento reunir\u00e1 287 atletas de 39 pa\u00edses, considerados os melhores do mundo em cada classe. As principais pot\u00eancias na modalidade s\u00e3o Gr\u00e3-Bretanha, Holanda, Austr\u00e1lia e [&hellip;]<\/p>\n","protected":false},"author":2,"featured_media":12438,"comment_status":"open","ping_status":"open","sticky":true,"template":"","format":"standard","meta":{"om_disable_all_campaigns":false,"_monsterinsights_skip_tracking":false,"_monsterinsights_sitenote_active":false,"_monsterinsights_sitenote_note":"","_monsterinsights_sitenote_category":0,"footnotes":""},"categories":[4],"tags":[],"class_list":["post-12437","post","type-post","status-publish","format-standard","has-post-thumbnail","hentry","category-esporte"],"yoast_head":"<!-- This site is optimized with the Yoast SEO plugin v27.2 - https:\/\/yoast.com\/product\/yoast-seo-wordpress\/ -->\n<title>Mundial do ciclismo paral\u00edmpico come\u00e7a nesta quarta, no Rio de Janeiro - Jornal Ponto Mais<\/title>\n<meta name=\"robots\" content=\"index, follow, max-snippet:-1, max-image-preview:large, max-video-preview:-1\" \/>\n<link rel=\"canonical\" href=\"https:\/\/jornalpontomais.com\/site\/2024\/03\/20\/mundial-do-ciclismo-paralimpico-comeca-nesta-quarta-no-rio-de-janeiro\/\" \/>\n<meta property=\"og:locale\" content=\"pt_BR\" \/>\n<meta property=\"og:type\" content=\"article\" \/>\n<meta property=\"og:title\" content=\"Mundial do ciclismo paral\u00edmpico come\u00e7a nesta quarta, no Rio de Janeiro - Jornal Ponto Mais\" \/>\n<meta property=\"og:description\" content=\"O Mundial de ciclismo paral\u00edmpico de pista, \u00faltima competi\u00e7\u00e3o classificat\u00f3ria para os Jogos de Paris, come\u00e7a nesta quarta-feira (29), no Vel\u00f3dromo do Rio de Janeiro, sede da Rio 2016. O evento reunir\u00e1 287 atletas de 39 pa\u00edses, considerados os melhores do mundo em cada classe. As principais pot\u00eancias na modalidade s\u00e3o Gr\u00e3-Bretanha, Holanda, Austr\u00e1lia e [&hellip;]\" \/>\n<meta property=\"og:url\" content=\"https:\/\/jornalpontomais.com\/site\/2024\/03\/20\/mundial-do-ciclismo-paralimpico-comeca-nesta-quarta-no-rio-de-janeiro\/\" \/>\n<meta property=\"og:site_name\" content=\"Jornal Ponto Mais\" \/>\n<meta property=\"article:published_time\" content=\"2024-03-20T12:56:40+00:00\" \/>\n<meta property=\"article:modified_time\" content=\"2024-03-20T12:56:41+00:00\" \/>\n<meta property=\"og:image\" content=\"https:\/\/jornalpontomais.com\/site\/wp-content\/uploads\/2024\/03\/51404038118_8748347cb5_o.webp\" \/>\n\t<meta property=\"og:image:width\" content=\"1170\" \/>\n\t<meta property=\"og:image:height\" content=\"700\" \/>\n\t<meta property=\"og:image:type\" content=\"image\/webp\" \/>\n<meta name=\"author\" content=\"Jornal Ponto Mais\" \/>\n<meta name=\"twitter:card\" content=\"summary_large_image\" \/>\n<meta name=\"twitter:label1\" content=\"Escrito por\" \/>\n\t<meta name=\"twitter:data1\" content=\"Jornal Ponto Mais\" \/>\n\t<meta name=\"twitter:label2\" content=\"Est. tempo de leitura\" \/>\n\t<meta name=\"twitter:data2\" content=\"3 minutos\" \/>\n<script type=\"application\/ld+json\" class=\"yoast-schema-graph\">{\"@context\":\"https:\/\/schema.org\",\"@graph\":[{\"@type\":\"Article\",\"@id\":\"https:\/\/jornalpontomais.com\/site\/2024\/03\/20\/mundial-do-ciclismo-paralimpico-comeca-nesta-quarta-no-rio-de-janeiro\/#article\",\"isPartOf\":{\"@id\":\"https:\/\/jornalpontomais.com\/site\/2024\/03\/20\/mundial-do-ciclismo-paralimpico-comeca-nesta-quarta-no-rio-de-janeiro\/\"},\"author\":{\"name\":\"Jornal Ponto Mais\",\"@id\":\"https:\/\/jornalpontomais.com\/site\/#\/schema\/person\/18323f0b0f1355f2490721c48389fe9d\"},\"headline\":\"Mundial do ciclismo paral\u00edmpico come\u00e7a nesta quarta, no Rio de Janeiro\",\"datePublished\":\"2024-03-20T12:56:40+00:00\",\"dateModified\":\"2024-03-20T12:56:41+00:00\",\"mainEntityOfPage\":{\"@id\":\"https:\/\/jornalpontomais.com\/site\/2024\/03\/20\/mundial-do-ciclismo-paralimpico-comeca-nesta-quarta-no-rio-de-janeiro\/\"},\"wordCount\":337,\"commentCount\":0,\"publisher\":{\"@id\":\"https:\/\/jornalpontomais.com\/site\/#organization\"},\"image\":{\"@id\":\"https:\/\/jornalpontomais.com\/site\/2024\/03\/20\/mundial-do-ciclismo-paralimpico-comeca-nesta-quarta-no-rio-de-janeiro\/#primaryimage\"},\"thumbnailUrl\":\"https:\/\/jornalpontomais.com\/site\/wp-content\/uploads\/2024\/03\/51404038118_8748347cb5_o.webp\",\"articleSection\":[\"Esporte\"],\"inLanguage\":\"pt-BR\",\"potentialAction\":[{\"@type\":\"CommentAction\",\"name\":\"Comment\",\"target\":[\"https:\/\/jornalpontomais.com\/site\/2024\/03\/20\/mundial-do-ciclismo-paralimpico-comeca-nesta-quarta-no-rio-de-janeiro\/#respond\"]}]},{\"@type\":\"WebPage\",\"@id\":\"https:\/\/jornalpontomais.com\/site\/2024\/03\/20\/mundial-do-ciclismo-paralimpico-comeca-nesta-quarta-no-rio-de-janeiro\/\",\"url\":\"https:\/\/jornalpontomais.com\/site\/2024\/03\/20\/mundial-do-ciclismo-paralimpico-comeca-nesta-quarta-no-rio-de-janeiro\/\",\"name\":\"Mundial do ciclismo paral\u00edmpico come\u00e7a nesta quarta, no Rio de Janeiro - Jornal Ponto Mais\",\"isPartOf\":{\"@id\":\"https:\/\/jornalpontomais.com\/site\/#website\"},\"primaryImageOfPage\":{\"@id\":\"https:\/\/jornalpontomais.com\/site\/2024\/03\/20\/mundial-do-ciclismo-paralimpico-comeca-nesta-quarta-no-rio-de-janeiro\/#primaryimage\"},\"image\":{\"@id\":\"https:\/\/jornalpontomais.com\/site\/2024\/03\/20\/mundial-do-ciclismo-paralimpico-comeca-nesta-quarta-no-rio-de-janeiro\/#primaryimage\"},\"thumbnailUrl\":\"https:\/\/jornalpontomais.com\/site\/wp-content\/uploads\/2024\/03\/51404038118_8748347cb5_o.webp\",\"datePublished\":\"2024-03-20T12:56:40+00:00\",\"dateModified\":\"2024-03-20T12:56:41+00:00\",\"breadcrumb\":{\"@id\":\"https:\/\/jornalpontomais.com\/site\/2024\/03\/20\/mundial-do-ciclismo-paralimpico-comeca-nesta-quarta-no-rio-de-janeiro\/#breadcrumb\"},\"inLanguage\":\"pt-BR\",\"potentialAction\":[{\"@type\":\"ReadAction\",\"target\":[\"https:\/\/jornalpontomais.com\/site\/2024\/03\/20\/mundial-do-ciclismo-paralimpico-comeca-nesta-quarta-no-rio-de-janeiro\/\"]}]},{\"@type\":\"ImageObject\",\"inLanguage\":\"pt-BR\",\"@id\":\"https:\/\/jornalpontomais.com\/site\/2024\/03\/20\/mundial-do-ciclismo-paralimpico-comeca-nesta-quarta-no-rio-de-janeiro\/#primaryimage\",\"url\":\"https:\/\/jornalpontomais.com\/site\/wp-content\/uploads\/2024\/03\/51404038118_8748347cb5_o.webp\",\"contentUrl\":\"https:\/\/jornalpontomais.com\/site\/wp-content\/uploads\/2024\/03\/51404038118_8748347cb5_o.webp\",\"width\":1170,\"height\":700},{\"@type\":\"BreadcrumbList\",\"@id\":\"https:\/\/jornalpontomais.com\/site\/2024\/03\/20\/mundial-do-ciclismo-paralimpico-comeca-nesta-quarta-no-rio-de-janeiro\/#breadcrumb\",\"itemListElement\":[{\"@type\":\"ListItem\",\"position\":1,\"name\":\"In\u00edcio\",\"item\":\"https:\/\/jornalpontomais.com\/site\/\"},{\"@type\":\"ListItem\",\"position\":2,\"name\":\"Mundial do ciclismo paral\u00edmpico come\u00e7a nesta quarta, no Rio de Janeiro\"}]},{\"@type\":\"WebSite\",\"@id\":\"https:\/\/jornalpontomais.com\/site\/#website\",\"url\":\"https:\/\/jornalpontomais.com\/site\/\",\"name\":\"Jornal Ponto Mais\",\"description\":\"As principais not\u00edcias do Brasil e do mundo. Confira!\",\"publisher\":{\"@id\":\"https:\/\/jornalpontomais.com\/site\/#organization\"},\"potentialAction\":[{\"@type\":\"SearchAction\",\"target\":{\"@type\":\"EntryPoint\",\"urlTemplate\":\"https:\/\/jornalpontomais.com\/site\/?s={search_term_string}\"},\"query-input\":{\"@type\":\"PropertyValueSpecification\",\"valueRequired\":true,\"valueName\":\"search_term_string\"}}],\"inLanguage\":\"pt-BR\"},{\"@type\":\"Organization\",\"@id\":\"https:\/\/jornalpontomais.com\/site\/#organization\",\"name\":\"Jornal Ponto+\",\"url\":\"https:\/\/jornalpontomais.com\/site\/\",\"logo\":{\"@type\":\"ImageObject\",\"inLanguage\":\"pt-BR\",\"@id\":\"https:\/\/jornalpontomais.com\/site\/#\/schema\/logo\/image\/\",\"url\":\"https:\/\/jornalpontomais.com\/site\/wp-content\/uploads\/2022\/01\/marca.png\",\"contentUrl\":\"https:\/\/jornalpontomais.com\/site\/wp-content\/uploads\/2022\/01\/marca.png\",\"width\":582,\"height\":148,\"caption\":\"Jornal Ponto+\"},\"image\":{\"@id\":\"https:\/\/jornalpontomais.com\/site\/#\/schema\/logo\/image\/\"}},{\"@type\":\"Person\",\"@id\":\"https:\/\/jornalpontomais.com\/site\/#\/schema\/person\/18323f0b0f1355f2490721c48389fe9d\",\"name\":\"Jornal Ponto Mais\",\"image\":{\"@type\":\"ImageObject\",\"inLanguage\":\"pt-BR\",\"@id\":\"https:\/\/secure.gravatar.com\/avatar\/2ee0a9b7fe10fe32bdec8bc086e871e41eb5f4f6ecbcb7b4f2fe0d92d831405f?s=96&d=mm&r=g\",\"url\":\"https:\/\/secure.gravatar.com\/avatar\/2ee0a9b7fe10fe32bdec8bc086e871e41eb5f4f6ecbcb7b4f2fe0d92d831405f?s=96&d=mm&r=g\",\"contentUrl\":\"https:\/\/secure.gravatar.com\/avatar\/2ee0a9b7fe10fe32bdec8bc086e871e41eb5f4f6ecbcb7b4f2fe0d92d831405f?s=96&d=mm&r=g\",\"caption\":\"Jornal Ponto Mais\"},\"sameAs\":[\"https:\/\/jornalpontomais.com\/site\",\"jornalpontomais\"],\"url\":\"https:\/\/jornalpontomais.com\/site\/author\/jornalpontomais\/\"}]}<\/script>\n<!-- \/ Yoast SEO plugin. -->","yoast_head_json":{"title":"Mundial do ciclismo paral\u00edmpico come\u00e7a nesta quarta, no Rio de Janeiro - Jornal Ponto Mais","robots":{"index":"index","follow":"follow","max-snippet":"max-snippet:-1","max-image-preview":"max-image-preview:large","max-video-preview":"max-video-preview:-1"},"canonical":"https:\/\/jornalpontomais.com\/site\/2024\/03\/20\/mundial-do-ciclismo-paralimpico-comeca-nesta-quarta-no-rio-de-janeiro\/","og_locale":"pt_BR","og_type":"article","og_title":"Mundial do ciclismo paral\u00edmpico come\u00e7a nesta quarta, no Rio de Janeiro - Jornal Ponto Mais","og_description":"O Mundial de ciclismo paral\u00edmpico de pista, \u00faltima competi\u00e7\u00e3o classificat\u00f3ria para os Jogos de Paris, come\u00e7a nesta quarta-feira (29), no Vel\u00f3dromo do Rio de Janeiro, sede da Rio 2016. O evento reunir\u00e1 287 atletas de 39 pa\u00edses, considerados os melhores do mundo em cada classe. As principais pot\u00eancias na modalidade s\u00e3o Gr\u00e3-Bretanha, Holanda, Austr\u00e1lia e [&hellip;]","og_url":"https:\/\/jornalpontomais.com\/site\/2024\/03\/20\/mundial-do-ciclismo-paralimpico-comeca-nesta-quarta-no-rio-de-janeiro\/","og_site_name":"Jornal Ponto Mais","article_published_time":"2024-03-20T12:56:40+00:00","article_modified_time":"2024-03-20T12:56:41+00:00","og_image":[{"width":1170,"height":700,"url":"https:\/\/jornalpontomais.com\/site\/wp-content\/uploads\/2024\/03\/51404038118_8748347cb5_o.webp","type":"image\/webp"}],"author":"Jornal Ponto Mais","twitter_card":"summary_large_image","twitter_misc":{"Escrito por":"Jornal Ponto Mais","Est. tempo de leitura":"3 minutos"},"schema":{"@context":"https:\/\/schema.org","@graph":[{"@type":"Article","@id":"https:\/\/jornalpontomais.com\/site\/2024\/03\/20\/mundial-do-ciclismo-paralimpico-comeca-nesta-quarta-no-rio-de-janeiro\/#article","isPartOf":{"@id":"https:\/\/jornalpontomais.com\/site\/2024\/03\/20\/mundial-do-ciclismo-paralimpico-comeca-nesta-quarta-no-rio-de-janeiro\/"},"author":{"name":"Jornal Ponto Mais","@id":"https:\/\/jornalpontomais.com\/site\/#\/schema\/person\/18323f0b0f1355f2490721c48389fe9d"},"headline":"Mundial do ciclismo paral\u00edmpico come\u00e7a nesta quarta, no Rio de Janeiro","datePublished":"2024-03-20T12:56:40+00:00","dateModified":"2024-03-20T12:56:41+00:00","mainEntityOfPage":{"@id":"https:\/\/jornalpontomais.com\/site\/2024\/03\/20\/mundial-do-ciclismo-paralimpico-comeca-nesta-quarta-no-rio-de-janeiro\/"},"wordCount":337,"commentCount":0,"publisher":{"@id":"https:\/\/jornalpontomais.com\/site\/#organization"},"image":{"@id":"https:\/\/jornalpontomais.com\/site\/2024\/03\/20\/mundial-do-ciclismo-paralimpico-comeca-nesta-quarta-no-rio-de-janeiro\/#primaryimage"},"thumbnailUrl":"https:\/\/jornalpontomais.com\/site\/wp-content\/uploads\/2024\/03\/51404038118_8748347cb5_o.webp","articleSection":["Esporte"],"inLanguage":"pt-BR","potentialAction":[{"@type":"CommentAction","name":"Comment","target":["https:\/\/jornalpontomais.com\/site\/2024\/03\/20\/mundial-do-ciclismo-paralimpico-comeca-nesta-quarta-no-rio-de-janeiro\/#respond"]}]},{"@type":"WebPage","@id":"https:\/\/jornalpontomais.com\/site\/2024\/03\/20\/mundial-do-ciclismo-paralimpico-comeca-nesta-quarta-no-rio-de-janeiro\/","url":"https:\/\/jornalpontomais.com\/site\/2024\/03\/20\/mundial-do-ciclismo-paralimpico-comeca-nesta-quarta-no-rio-de-janeiro\/","name":"Mundial do ciclismo paral\u00edmpico come\u00e7a nesta quarta, no Rio de Janeiro - Jornal Ponto Mais","isPartOf":{"@id":"https:\/\/jornalpontomais.com\/site\/#website"},"primaryImageOfPage":{"@id":"https:\/\/jornalpontomais.com\/site\/2024\/03\/20\/mundial-do-ciclismo-paralimpico-comeca-nesta-quarta-no-rio-de-janeiro\/#primaryimage"},"image":{"@id":"https:\/\/jornalpontomais.com\/site\/2024\/03\/20\/mundial-do-ciclismo-paralimpico-comeca-nesta-quarta-no-rio-de-janeiro\/#primaryimage"},"thumbnailUrl":"https:\/\/jornalpontomais.com\/site\/wp-content\/uploads\/2024\/03\/51404038118_8748347cb5_o.webp","datePublished":"2024-03-20T12:56:40+00:00","dateModified":"2024-03-20T12:56:41+00:00","breadcrumb":{"@id":"https:\/\/jornalpontomais.com\/site\/2024\/03\/20\/mundial-do-ciclismo-paralimpico-comeca-nesta-quarta-no-rio-de-janeiro\/#breadcrumb"},"inLanguage":"pt-BR","potentialAction":[{"@type":"ReadAction","target":["https:\/\/jornalpontomais.com\/site\/2024\/03\/20\/mundial-do-ciclismo-paralimpico-comeca-nesta-quarta-no-rio-de-janeiro\/"]}]},{"@type":"ImageObject","inLanguage":"pt-BR","@id":"https:\/\/jornalpontomais.com\/site\/2024\/03\/20\/mundial-do-ciclismo-paralimpico-comeca-nesta-quarta-no-rio-de-janeiro\/#primaryimage","url":"https:\/\/jornalpontomais.com\/site\/wp-content\/uploads\/2024\/03\/51404038118_8748347cb5_o.webp","contentUrl":"https:\/\/jornalpontomais.com\/site\/wp-content\/uploads\/2024\/03\/51404038118_8748347cb5_o.webp","width":1170,"height":700},{"@type":"BreadcrumbList","@id":"https:\/\/jornalpontomais.com\/site\/2024\/03\/20\/mundial-do-ciclismo-paralimpico-comeca-nesta-quarta-no-rio-de-janeiro\/#breadcrumb","itemListElement":[{"@type":"ListItem","position":1,"name":"In\u00edcio","item":"https:\/\/jornalpontomais.com\/site\/"},{"@type":"ListItem","position":2,"name":"Mundial do ciclismo paral\u00edmpico come\u00e7a nesta quarta, no Rio de Janeiro"}]},{"@type":"WebSite","@id":"https:\/\/jornalpontomais.com\/site\/#website","url":"https:\/\/jornalpontomais.com\/site\/","name":"Jornal Ponto Mais","description":"As principais not\u00edcias do Brasil e do mundo. Confira!","publisher":{"@id":"https:\/\/jornalpontomais.com\/site\/#organization"},"potentialAction":[{"@type":"SearchAction","target":{"@type":"EntryPoint","urlTemplate":"https:\/\/jornalpontomais.com\/site\/?s={search_term_string}"},"query-input":{"@type":"PropertyValueSpecification","valueRequired":true,"valueName":"search_term_string"}}],"inLanguage":"pt-BR"},{"@type":"Organization","@id":"https:\/\/jornalpontomais.com\/site\/#organization","name":"Jornal Ponto+","url":"https:\/\/jornalpontomais.com\/site\/","logo":{"@type":"ImageObject","inLanguage":"pt-BR","@id":"https:\/\/jornalpontomais.com\/site\/#\/schema\/logo\/image\/","url":"https:\/\/jornalpontomais.com\/site\/wp-content\/uploads\/2022\/01\/marca.png","contentUrl":"https:\/\/jornalpontomais.com\/site\/wp-content\/uploads\/2022\/01\/marca.png","width":582,"height":148,"caption":"Jornal Ponto+"},"image":{"@id":"https:\/\/jornalpontomais.com\/site\/#\/schema\/logo\/image\/"}},{"@type":"Person","@id":"https:\/\/jornalpontomais.com\/site\/#\/schema\/person\/18323f0b0f1355f2490721c48389fe9d","name":"Jornal Ponto Mais","image":{"@type":"ImageObject","inLanguage":"pt-BR","@id":"https:\/\/secure.gravatar.com\/avatar\/2ee0a9b7fe10fe32bdec8bc086e871e41eb5f4f6ecbcb7b4f2fe0d92d831405f?s=96&d=mm&r=g","url":"https:\/\/secure.gravatar.com\/avatar\/2ee0a9b7fe10fe32bdec8bc086e871e41eb5f4f6ecbcb7b4f2fe0d92d831405f?s=96&d=mm&r=g","contentUrl":"https:\/\/secure.gravatar.com\/avatar\/2ee0a9b7fe10fe32bdec8bc086e871e41eb5f4f6ecbcb7b4f2fe0d92d831405f?s=96&d=mm&r=g","caption":"Jornal Ponto Mais"},"sameAs":["https:\/\/jornalpontomais.com\/site","jornalpontomais"],"url":"https:\/\/jornalpontomais.com\/site\/author\/jornalpontomais\/"}]}},"_links":{"self":[{"href":"https:\/\/jornalpontomais.com\/site\/wp-json\/wp\/v2\/posts\/12437","targetHints":{"allow":["GET"]}}],"collection":[{"href":"https:\/\/jornalpontomais.com\/site\/wp-json\/wp\/v2\/posts"}],"about":[{"href":"https:\/\/jornalpontomais.com\/site\/wp-json\/wp\/v2\/types\/post"}],"author":[{"embeddable":true,"href":"https:\/\/jornalpontomais.com\/site\/wp-json\/wp\/v2\/users\/2"}],"replies":[{"embeddable":true,"href":"https:\/\/jornalpontomais.com\/site\/wp-json\/wp\/v2\/comments?post=12437"}],"version-history":[{"count":1,"href":"https:\/\/jornalpontomais.com\/site\/wp-json\/wp\/v2\/posts\/12437\/revisions"}],"predecessor-version":[{"id":12439,"href":"https:\/\/jornalpontomais.com\/site\/wp-json\/wp\/v2\/posts\/12437\/revisions\/12439"}],"wp:featuredmedia":[{"embeddable":true,"href":"https:\/\/jornalpontomais.com\/site\/wp-json\/wp\/v2\/media\/12438"}],"wp:attachment":[{"href":"https:\/\/jornalpontomais.com\/site\/wp-json\/wp\/v2\/media?parent=12437"}],"wp:term":[{"taxonomy":"category","embeddable":true,"href":"https:\/\/jornalpontomais.com\/site\/wp-json\/wp\/v2\/categories?post=12437"},{"taxonomy":"post_tag","embeddable":true,"href":"https:\/\/jornalpontomais.com\/site\/wp-json\/wp\/v2\/tags?post=12437"}],"curies":[{"name":"wp","href":"https:\/\/api.w.org\/{rel}","templated":true}]}}