{"id":12366,"date":"2024-03-15T09:46:41","date_gmt":"2024-03-15T12:46:41","guid":{"rendered":"https:\/\/jornalpontomais.com\/site\/?p=12366"},"modified":"2024-03-15T09:46:43","modified_gmt":"2024-03-15T12:46:43","slug":"vendas-financiadas-de-veiculos-crescem-307-no-pais-em-fevereiro","status":"publish","type":"post","link":"https:\/\/jornalpontomais.com\/site\/2024\/03\/15\/vendas-financiadas-de-veiculos-crescem-307-no-pais-em-fevereiro\/","title":{"rendered":"Vendas financiadas de ve\u00edculos crescem 30,7% no pa\u00eds em fevereiro"},"content":{"rendered":"\n<p>Em fevereiro, as vendas financiadas de ve\u00edculos, tanto novos quanto usados, totalizaram 525 mil unidades, de acordo com dados da B3 (Bolsa de Valores de S\u00e3o Paulo). Isso representa um aumento de 30,7% em compara\u00e7\u00e3o com o mesmo per\u00edodo de 2023. No entanto, houve uma queda de 6,6% em rela\u00e7\u00e3o a janeiro.<br><br><\/p>\n\n\n\n<p>Gustavo de Oliveira Ferro, gerente de Planejamento e Intelig\u00eancia de Mercado na B3, observa que fevereiro apresentou n\u00fameros positivos, mantendo a tend\u00eancia de recupera\u00e7\u00e3o do setor iniciada no segundo semestre de 2023. Ele destaca que a queda em rela\u00e7\u00e3o a janeiro pode ser atribu\u00edda ao n\u00famero de feriados no per\u00edodo, j\u00e1 que a m\u00e9dia di\u00e1ria de ve\u00edculos financiados em fevereiro \u00e9 maior do que em janeiro.<br><br><\/p>\n\n\n\n<p>No segmento de autos leves, o aumento foi de 26,2% em rela\u00e7\u00e3o a fevereiro de 2023, mas houve uma queda de 10,5% em compara\u00e7\u00e3o com janeiro. Os financiamentos de ve\u00edculos pesados tiveram alta de 24,4% em rela\u00e7\u00e3o ao mesmo per\u00edodo do ano anterior e de 6,1% em rela\u00e7\u00e3o a janeiro. O n\u00famero de financiamentos de motos aumentou 45,8% em rela\u00e7\u00e3o a fevereiro de 2023 e 3,2% em rela\u00e7\u00e3o a janeiro.<br><br><\/p>\n\n\n\n<p>No acumulado do ano, as vendas financiadas de ve\u00edculos atingiram 1 milh\u00e3o de unidades, um aumento de 28,8% em rela\u00e7\u00e3o ao mesmo per\u00edodo de 2023. Esta \u00e9 a melhor performance para os dois primeiros meses do ano desde 2012.<br><br><\/p>\n\n\n\n<p>A B3 opera o Sistema Nacional de Gravames (SNG), a maior base privada do pa\u00eds, que re\u00fane informa\u00e7\u00f5es sobre restri\u00e7\u00f5es financeiras de ve\u00edculos usados como garantia em opera\u00e7\u00f5es de cr\u00e9dito em todo o territ\u00f3rio nacional.<\/p>\n","protected":false},"excerpt":{"rendered":"<p>Em fevereiro, as vendas financiadas de ve\u00edculos, tanto novos quanto usados, totalizaram 525 mil unidades, de acordo com dados da B3 (Bolsa de Valores de S\u00e3o Paulo). Isso representa um aumento de 30,7% em compara\u00e7\u00e3o com o mesmo per\u00edodo de 2023. No entanto, houve uma queda de 6,6% em rela\u00e7\u00e3o a janeiro. Gustavo de Oliveira [&hellip;]<\/p>\n","protected":false},"author":2,"featured_media":12368,"comment_status":"open","ping_status":"open","sticky":true,"template":"","format":"standard","meta":{"om_disable_all_campaigns":false,"_monsterinsights_skip_tracking":false,"_monsterinsights_sitenote_active":false,"_monsterinsights_sitenote_note":"","_monsterinsights_sitenote_category":0,"footnotes":""},"categories":[37],"tags":[],"class_list":["post-12366","post","type-post","status-publish","format-standard","has-post-thumbnail","hentry","category-economia"],"yoast_head":"<!-- This site is optimized with the Yoast SEO plugin v27.2 - https:\/\/yoast.com\/product\/yoast-seo-wordpress\/ -->\n<title>Vendas financiadas de ve\u00edculos crescem 30,7% no pa\u00eds em fevereiro - Jornal Ponto Mais<\/title>\n<meta name=\"robots\" content=\"index, follow, max-snippet:-1, max-image-preview:large, max-video-preview:-1\" \/>\n<link rel=\"canonical\" href=\"https:\/\/jornalpontomais.com\/site\/2024\/03\/15\/vendas-financiadas-de-veiculos-crescem-307-no-pais-em-fevereiro\/\" \/>\n<meta property=\"og:locale\" content=\"pt_BR\" \/>\n<meta property=\"og:type\" content=\"article\" \/>\n<meta property=\"og:title\" content=\"Vendas financiadas de ve\u00edculos crescem 30,7% no pa\u00eds em fevereiro - Jornal Ponto Mais\" \/>\n<meta property=\"og:description\" content=\"Em fevereiro, as vendas financiadas de ve\u00edculos, tanto novos quanto usados, totalizaram 525 mil unidades, de acordo com dados da B3 (Bolsa de Valores de S\u00e3o Paulo). Isso representa um aumento de 30,7% em compara\u00e7\u00e3o com o mesmo per\u00edodo de 2023. No entanto, houve uma queda de 6,6% em rela\u00e7\u00e3o a janeiro. Gustavo de Oliveira [&hellip;]\" \/>\n<meta property=\"og:url\" content=\"https:\/\/jornalpontomais.com\/site\/2024\/03\/15\/vendas-financiadas-de-veiculos-crescem-307-no-pais-em-fevereiro\/\" \/>\n<meta property=\"og:site_name\" content=\"Jornal Ponto Mais\" \/>\n<meta property=\"article:published_time\" content=\"2024-03-15T12:46:41+00:00\" \/>\n<meta property=\"article:modified_time\" content=\"2024-03-15T12:46:43+00:00\" \/>\n<meta property=\"og:image\" content=\"https:\/\/jornalpontomais.com\/site\/wp-content\/uploads\/2024\/03\/montadoras_carros.webp\" \/>\n\t<meta property=\"og:image:width\" content=\"1170\" \/>\n\t<meta property=\"og:image:height\" content=\"700\" \/>\n\t<meta property=\"og:image:type\" content=\"image\/webp\" \/>\n<meta name=\"author\" content=\"Jornal Ponto Mais\" \/>\n<meta name=\"twitter:card\" content=\"summary_large_image\" \/>\n<meta name=\"twitter:label1\" content=\"Escrito por\" \/>\n\t<meta name=\"twitter:data1\" content=\"Jornal Ponto Mais\" \/>\n\t<meta name=\"twitter:label2\" content=\"Est. tempo de leitura\" \/>\n\t<meta name=\"twitter:data2\" content=\"2 minutos\" \/>\n<script type=\"application\/ld+json\" class=\"yoast-schema-graph\">{\"@context\":\"https:\/\/schema.org\",\"@graph\":[{\"@type\":\"Article\",\"@id\":\"https:\/\/jornalpontomais.com\/site\/2024\/03\/15\/vendas-financiadas-de-veiculos-crescem-307-no-pais-em-fevereiro\/#article\",\"isPartOf\":{\"@id\":\"https:\/\/jornalpontomais.com\/site\/2024\/03\/15\/vendas-financiadas-de-veiculos-crescem-307-no-pais-em-fevereiro\/\"},\"author\":{\"name\":\"Jornal Ponto Mais\",\"@id\":\"https:\/\/jornalpontomais.com\/site\/#\/schema\/person\/18323f0b0f1355f2490721c48389fe9d\"},\"headline\":\"Vendas financiadas de ve\u00edculos crescem 30,7% no pa\u00eds em fevereiro\",\"datePublished\":\"2024-03-15T12:46:41+00:00\",\"dateModified\":\"2024-03-15T12:46:43+00:00\",\"mainEntityOfPage\":{\"@id\":\"https:\/\/jornalpontomais.com\/site\/2024\/03\/15\/vendas-financiadas-de-veiculos-crescem-307-no-pais-em-fevereiro\/\"},\"wordCount\":291,\"commentCount\":0,\"publisher\":{\"@id\":\"https:\/\/jornalpontomais.com\/site\/#organization\"},\"image\":{\"@id\":\"https:\/\/jornalpontomais.com\/site\/2024\/03\/15\/vendas-financiadas-de-veiculos-crescem-307-no-pais-em-fevereiro\/#primaryimage\"},\"thumbnailUrl\":\"https:\/\/jornalpontomais.com\/site\/wp-content\/uploads\/2024\/03\/montadoras_carros.webp\",\"articleSection\":[\"Economia\"],\"inLanguage\":\"pt-BR\",\"potentialAction\":[{\"@type\":\"CommentAction\",\"name\":\"Comment\",\"target\":[\"https:\/\/jornalpontomais.com\/site\/2024\/03\/15\/vendas-financiadas-de-veiculos-crescem-307-no-pais-em-fevereiro\/#respond\"]}]},{\"@type\":\"WebPage\",\"@id\":\"https:\/\/jornalpontomais.com\/site\/2024\/03\/15\/vendas-financiadas-de-veiculos-crescem-307-no-pais-em-fevereiro\/\",\"url\":\"https:\/\/jornalpontomais.com\/site\/2024\/03\/15\/vendas-financiadas-de-veiculos-crescem-307-no-pais-em-fevereiro\/\",\"name\":\"Vendas financiadas de ve\u00edculos crescem 30,7% no pa\u00eds em fevereiro - Jornal Ponto Mais\",\"isPartOf\":{\"@id\":\"https:\/\/jornalpontomais.com\/site\/#website\"},\"primaryImageOfPage\":{\"@id\":\"https:\/\/jornalpontomais.com\/site\/2024\/03\/15\/vendas-financiadas-de-veiculos-crescem-307-no-pais-em-fevereiro\/#primaryimage\"},\"image\":{\"@id\":\"https:\/\/jornalpontomais.com\/site\/2024\/03\/15\/vendas-financiadas-de-veiculos-crescem-307-no-pais-em-fevereiro\/#primaryimage\"},\"thumbnailUrl\":\"https:\/\/jornalpontomais.com\/site\/wp-content\/uploads\/2024\/03\/montadoras_carros.webp\",\"datePublished\":\"2024-03-15T12:46:41+00:00\",\"dateModified\":\"2024-03-15T12:46:43+00:00\",\"breadcrumb\":{\"@id\":\"https:\/\/jornalpontomais.com\/site\/2024\/03\/15\/vendas-financiadas-de-veiculos-crescem-307-no-pais-em-fevereiro\/#breadcrumb\"},\"inLanguage\":\"pt-BR\",\"potentialAction\":[{\"@type\":\"ReadAction\",\"target\":[\"https:\/\/jornalpontomais.com\/site\/2024\/03\/15\/vendas-financiadas-de-veiculos-crescem-307-no-pais-em-fevereiro\/\"]}]},{\"@type\":\"ImageObject\",\"inLanguage\":\"pt-BR\",\"@id\":\"https:\/\/jornalpontomais.com\/site\/2024\/03\/15\/vendas-financiadas-de-veiculos-crescem-307-no-pais-em-fevereiro\/#primaryimage\",\"url\":\"https:\/\/jornalpontomais.com\/site\/wp-content\/uploads\/2024\/03\/montadoras_carros.webp\",\"contentUrl\":\"https:\/\/jornalpontomais.com\/site\/wp-content\/uploads\/2024\/03\/montadoras_carros.webp\",\"width\":1170,\"height\":700},{\"@type\":\"BreadcrumbList\",\"@id\":\"https:\/\/jornalpontomais.com\/site\/2024\/03\/15\/vendas-financiadas-de-veiculos-crescem-307-no-pais-em-fevereiro\/#breadcrumb\",\"itemListElement\":[{\"@type\":\"ListItem\",\"position\":1,\"name\":\"In\u00edcio\",\"item\":\"https:\/\/jornalpontomais.com\/site\/\"},{\"@type\":\"ListItem\",\"position\":2,\"name\":\"Vendas financiadas de ve\u00edculos crescem 30,7% no pa\u00eds em fevereiro\"}]},{\"@type\":\"WebSite\",\"@id\":\"https:\/\/jornalpontomais.com\/site\/#website\",\"url\":\"https:\/\/jornalpontomais.com\/site\/\",\"name\":\"Jornal Ponto Mais\",\"description\":\"As principais not\u00edcias do Brasil e do mundo. Confira!\",\"publisher\":{\"@id\":\"https:\/\/jornalpontomais.com\/site\/#organization\"},\"potentialAction\":[{\"@type\":\"SearchAction\",\"target\":{\"@type\":\"EntryPoint\",\"urlTemplate\":\"https:\/\/jornalpontomais.com\/site\/?s={search_term_string}\"},\"query-input\":{\"@type\":\"PropertyValueSpecification\",\"valueRequired\":true,\"valueName\":\"search_term_string\"}}],\"inLanguage\":\"pt-BR\"},{\"@type\":\"Organization\",\"@id\":\"https:\/\/jornalpontomais.com\/site\/#organization\",\"name\":\"Jornal Ponto+\",\"url\":\"https:\/\/jornalpontomais.com\/site\/\",\"logo\":{\"@type\":\"ImageObject\",\"inLanguage\":\"pt-BR\",\"@id\":\"https:\/\/jornalpontomais.com\/site\/#\/schema\/logo\/image\/\",\"url\":\"https:\/\/jornalpontomais.com\/site\/wp-content\/uploads\/2022\/01\/marca.png\",\"contentUrl\":\"https:\/\/jornalpontomais.com\/site\/wp-content\/uploads\/2022\/01\/marca.png\",\"width\":582,\"height\":148,\"caption\":\"Jornal Ponto+\"},\"image\":{\"@id\":\"https:\/\/jornalpontomais.com\/site\/#\/schema\/logo\/image\/\"}},{\"@type\":\"Person\",\"@id\":\"https:\/\/jornalpontomais.com\/site\/#\/schema\/person\/18323f0b0f1355f2490721c48389fe9d\",\"name\":\"Jornal Ponto Mais\",\"image\":{\"@type\":\"ImageObject\",\"inLanguage\":\"pt-BR\",\"@id\":\"https:\/\/secure.gravatar.com\/avatar\/2ee0a9b7fe10fe32bdec8bc086e871e41eb5f4f6ecbcb7b4f2fe0d92d831405f?s=96&d=mm&r=g\",\"url\":\"https:\/\/secure.gravatar.com\/avatar\/2ee0a9b7fe10fe32bdec8bc086e871e41eb5f4f6ecbcb7b4f2fe0d92d831405f?s=96&d=mm&r=g\",\"contentUrl\":\"https:\/\/secure.gravatar.com\/avatar\/2ee0a9b7fe10fe32bdec8bc086e871e41eb5f4f6ecbcb7b4f2fe0d92d831405f?s=96&d=mm&r=g\",\"caption\":\"Jornal Ponto Mais\"},\"sameAs\":[\"https:\/\/jornalpontomais.com\/site\",\"jornalpontomais\"],\"url\":\"https:\/\/jornalpontomais.com\/site\/author\/jornalpontomais\/\"}]}<\/script>\n<!-- \/ Yoast SEO plugin. -->","yoast_head_json":{"title":"Vendas financiadas de ve\u00edculos crescem 30,7% no pa\u00eds em fevereiro - Jornal Ponto Mais","robots":{"index":"index","follow":"follow","max-snippet":"max-snippet:-1","max-image-preview":"max-image-preview:large","max-video-preview":"max-video-preview:-1"},"canonical":"https:\/\/jornalpontomais.com\/site\/2024\/03\/15\/vendas-financiadas-de-veiculos-crescem-307-no-pais-em-fevereiro\/","og_locale":"pt_BR","og_type":"article","og_title":"Vendas financiadas de ve\u00edculos crescem 30,7% no pa\u00eds em fevereiro - Jornal Ponto Mais","og_description":"Em fevereiro, as vendas financiadas de ve\u00edculos, tanto novos quanto usados, totalizaram 525 mil unidades, de acordo com dados da B3 (Bolsa de Valores de S\u00e3o Paulo). Isso representa um aumento de 30,7% em compara\u00e7\u00e3o com o mesmo per\u00edodo de 2023. No entanto, houve uma queda de 6,6% em rela\u00e7\u00e3o a janeiro. Gustavo de Oliveira [&hellip;]","og_url":"https:\/\/jornalpontomais.com\/site\/2024\/03\/15\/vendas-financiadas-de-veiculos-crescem-307-no-pais-em-fevereiro\/","og_site_name":"Jornal Ponto Mais","article_published_time":"2024-03-15T12:46:41+00:00","article_modified_time":"2024-03-15T12:46:43+00:00","og_image":[{"width":1170,"height":700,"url":"https:\/\/jornalpontomais.com\/site\/wp-content\/uploads\/2024\/03\/montadoras_carros.webp","type":"image\/webp"}],"author":"Jornal Ponto Mais","twitter_card":"summary_large_image","twitter_misc":{"Escrito por":"Jornal Ponto Mais","Est. tempo de leitura":"2 minutos"},"schema":{"@context":"https:\/\/schema.org","@graph":[{"@type":"Article","@id":"https:\/\/jornalpontomais.com\/site\/2024\/03\/15\/vendas-financiadas-de-veiculos-crescem-307-no-pais-em-fevereiro\/#article","isPartOf":{"@id":"https:\/\/jornalpontomais.com\/site\/2024\/03\/15\/vendas-financiadas-de-veiculos-crescem-307-no-pais-em-fevereiro\/"},"author":{"name":"Jornal Ponto Mais","@id":"https:\/\/jornalpontomais.com\/site\/#\/schema\/person\/18323f0b0f1355f2490721c48389fe9d"},"headline":"Vendas financiadas de ve\u00edculos crescem 30,7% no pa\u00eds em fevereiro","datePublished":"2024-03-15T12:46:41+00:00","dateModified":"2024-03-15T12:46:43+00:00","mainEntityOfPage":{"@id":"https:\/\/jornalpontomais.com\/site\/2024\/03\/15\/vendas-financiadas-de-veiculos-crescem-307-no-pais-em-fevereiro\/"},"wordCount":291,"commentCount":0,"publisher":{"@id":"https:\/\/jornalpontomais.com\/site\/#organization"},"image":{"@id":"https:\/\/jornalpontomais.com\/site\/2024\/03\/15\/vendas-financiadas-de-veiculos-crescem-307-no-pais-em-fevereiro\/#primaryimage"},"thumbnailUrl":"https:\/\/jornalpontomais.com\/site\/wp-content\/uploads\/2024\/03\/montadoras_carros.webp","articleSection":["Economia"],"inLanguage":"pt-BR","potentialAction":[{"@type":"CommentAction","name":"Comment","target":["https:\/\/jornalpontomais.com\/site\/2024\/03\/15\/vendas-financiadas-de-veiculos-crescem-307-no-pais-em-fevereiro\/#respond"]}]},{"@type":"WebPage","@id":"https:\/\/jornalpontomais.com\/site\/2024\/03\/15\/vendas-financiadas-de-veiculos-crescem-307-no-pais-em-fevereiro\/","url":"https:\/\/jornalpontomais.com\/site\/2024\/03\/15\/vendas-financiadas-de-veiculos-crescem-307-no-pais-em-fevereiro\/","name":"Vendas financiadas de ve\u00edculos crescem 30,7% no pa\u00eds em fevereiro - Jornal Ponto Mais","isPartOf":{"@id":"https:\/\/jornalpontomais.com\/site\/#website"},"primaryImageOfPage":{"@id":"https:\/\/jornalpontomais.com\/site\/2024\/03\/15\/vendas-financiadas-de-veiculos-crescem-307-no-pais-em-fevereiro\/#primaryimage"},"image":{"@id":"https:\/\/jornalpontomais.com\/site\/2024\/03\/15\/vendas-financiadas-de-veiculos-crescem-307-no-pais-em-fevereiro\/#primaryimage"},"thumbnailUrl":"https:\/\/jornalpontomais.com\/site\/wp-content\/uploads\/2024\/03\/montadoras_carros.webp","datePublished":"2024-03-15T12:46:41+00:00","dateModified":"2024-03-15T12:46:43+00:00","breadcrumb":{"@id":"https:\/\/jornalpontomais.com\/site\/2024\/03\/15\/vendas-financiadas-de-veiculos-crescem-307-no-pais-em-fevereiro\/#breadcrumb"},"inLanguage":"pt-BR","potentialAction":[{"@type":"ReadAction","target":["https:\/\/jornalpontomais.com\/site\/2024\/03\/15\/vendas-financiadas-de-veiculos-crescem-307-no-pais-em-fevereiro\/"]}]},{"@type":"ImageObject","inLanguage":"pt-BR","@id":"https:\/\/jornalpontomais.com\/site\/2024\/03\/15\/vendas-financiadas-de-veiculos-crescem-307-no-pais-em-fevereiro\/#primaryimage","url":"https:\/\/jornalpontomais.com\/site\/wp-content\/uploads\/2024\/03\/montadoras_carros.webp","contentUrl":"https:\/\/jornalpontomais.com\/site\/wp-content\/uploads\/2024\/03\/montadoras_carros.webp","width":1170,"height":700},{"@type":"BreadcrumbList","@id":"https:\/\/jornalpontomais.com\/site\/2024\/03\/15\/vendas-financiadas-de-veiculos-crescem-307-no-pais-em-fevereiro\/#breadcrumb","itemListElement":[{"@type":"ListItem","position":1,"name":"In\u00edcio","item":"https:\/\/jornalpontomais.com\/site\/"},{"@type":"ListItem","position":2,"name":"Vendas financiadas de ve\u00edculos crescem 30,7% no pa\u00eds em fevereiro"}]},{"@type":"WebSite","@id":"https:\/\/jornalpontomais.com\/site\/#website","url":"https:\/\/jornalpontomais.com\/site\/","name":"Jornal Ponto Mais","description":"As principais not\u00edcias do Brasil e do mundo. Confira!","publisher":{"@id":"https:\/\/jornalpontomais.com\/site\/#organization"},"potentialAction":[{"@type":"SearchAction","target":{"@type":"EntryPoint","urlTemplate":"https:\/\/jornalpontomais.com\/site\/?s={search_term_string}"},"query-input":{"@type":"PropertyValueSpecification","valueRequired":true,"valueName":"search_term_string"}}],"inLanguage":"pt-BR"},{"@type":"Organization","@id":"https:\/\/jornalpontomais.com\/site\/#organization","name":"Jornal Ponto+","url":"https:\/\/jornalpontomais.com\/site\/","logo":{"@type":"ImageObject","inLanguage":"pt-BR","@id":"https:\/\/jornalpontomais.com\/site\/#\/schema\/logo\/image\/","url":"https:\/\/jornalpontomais.com\/site\/wp-content\/uploads\/2022\/01\/marca.png","contentUrl":"https:\/\/jornalpontomais.com\/site\/wp-content\/uploads\/2022\/01\/marca.png","width":582,"height":148,"caption":"Jornal Ponto+"},"image":{"@id":"https:\/\/jornalpontomais.com\/site\/#\/schema\/logo\/image\/"}},{"@type":"Person","@id":"https:\/\/jornalpontomais.com\/site\/#\/schema\/person\/18323f0b0f1355f2490721c48389fe9d","name":"Jornal Ponto Mais","image":{"@type":"ImageObject","inLanguage":"pt-BR","@id":"https:\/\/secure.gravatar.com\/avatar\/2ee0a9b7fe10fe32bdec8bc086e871e41eb5f4f6ecbcb7b4f2fe0d92d831405f?s=96&d=mm&r=g","url":"https:\/\/secure.gravatar.com\/avatar\/2ee0a9b7fe10fe32bdec8bc086e871e41eb5f4f6ecbcb7b4f2fe0d92d831405f?s=96&d=mm&r=g","contentUrl":"https:\/\/secure.gravatar.com\/avatar\/2ee0a9b7fe10fe32bdec8bc086e871e41eb5f4f6ecbcb7b4f2fe0d92d831405f?s=96&d=mm&r=g","caption":"Jornal Ponto Mais"},"sameAs":["https:\/\/jornalpontomais.com\/site","jornalpontomais"],"url":"https:\/\/jornalpontomais.com\/site\/author\/jornalpontomais\/"}]}},"_links":{"self":[{"href":"https:\/\/jornalpontomais.com\/site\/wp-json\/wp\/v2\/posts\/12366","targetHints":{"allow":["GET"]}}],"collection":[{"href":"https:\/\/jornalpontomais.com\/site\/wp-json\/wp\/v2\/posts"}],"about":[{"href":"https:\/\/jornalpontomais.com\/site\/wp-json\/wp\/v2\/types\/post"}],"author":[{"embeddable":true,"href":"https:\/\/jornalpontomais.com\/site\/wp-json\/wp\/v2\/users\/2"}],"replies":[{"embeddable":true,"href":"https:\/\/jornalpontomais.com\/site\/wp-json\/wp\/v2\/comments?post=12366"}],"version-history":[{"count":1,"href":"https:\/\/jornalpontomais.com\/site\/wp-json\/wp\/v2\/posts\/12366\/revisions"}],"predecessor-version":[{"id":12367,"href":"https:\/\/jornalpontomais.com\/site\/wp-json\/wp\/v2\/posts\/12366\/revisions\/12367"}],"wp:featuredmedia":[{"embeddable":true,"href":"https:\/\/jornalpontomais.com\/site\/wp-json\/wp\/v2\/media\/12368"}],"wp:attachment":[{"href":"https:\/\/jornalpontomais.com\/site\/wp-json\/wp\/v2\/media?parent=12366"}],"wp:term":[{"taxonomy":"category","embeddable":true,"href":"https:\/\/jornalpontomais.com\/site\/wp-json\/wp\/v2\/categories?post=12366"},{"taxonomy":"post_tag","embeddable":true,"href":"https:\/\/jornalpontomais.com\/site\/wp-json\/wp\/v2\/tags?post=12366"}],"curies":[{"name":"wp","href":"https:\/\/api.w.org\/{rel}","templated":true}]}}