{"id":12326,"date":"2024-03-13T13:12:34","date_gmt":"2024-03-13T16:12:34","guid":{"rendered":"https:\/\/jornalpontomais.com\/site\/?p=12326"},"modified":"2024-03-13T13:12:35","modified_gmt":"2024-03-13T16:12:35","slug":"saude-bucal-interfere-no-bem-estar-emocional-de-idosos-mostra-estudo","status":"publish","type":"post","link":"https:\/\/jornalpontomais.com\/site\/2024\/03\/13\/saude-bucal-interfere-no-bem-estar-emocional-de-idosos-mostra-estudo\/","title":{"rendered":"Sa\u00fade bucal interfere no bem-estar emocional de idosos, mostra estudo"},"content":{"rendered":"\n<p>De acordo com um novo estudo conduzido por cientistas da Universidade Okayama, no Jap\u00e3o, a sa\u00fade bucal desempenha um papel crucial no estado nutricional e no bem-estar geral dos idosos. Os pesquisadores enfatizam que uma boa sa\u00fade bucal n\u00e3o se limita apenas \u00e0 aus\u00eancia de doen\u00e7as, mas tamb\u00e9m influencia significativamente a sa\u00fade f\u00edsica e emocional dos idosos.<br><br><\/p>\n\n\n\n<p>O estudo revelou que a sa\u00fade oral est\u00e1 diretamente ligada ao tipo de alimentos que os idosos podem consumir. Al\u00e9m de afetar o status nutricional, os pesquisadores observaram que uma condi\u00e7\u00e3o bucal deficiente est\u00e1 associada a menor bem-estar psicol\u00f3gico e \u00e0 qualidade dos relacionamentos.<br><br><\/p>\n\n\n\n<p>&#8220;A m\u00e1 sa\u00fade bucal n\u00e3o apenas tem implica\u00e7\u00f5es na sa\u00fade geral, mas tamb\u00e9m afeta a est\u00e9tica facial, a sociabilidade, e a capacidade de ingest\u00e3o de prote\u00ednas e nutrientes essenciais para fortalecer o organismo. O bem-estar est\u00e1 intimamente ligado a esses fatores&#8221;, afirma Let\u00edcia Bezinelli, cirurgi\u00e3-dentista e coordenadora da gradua\u00e7\u00e3o de odontologia, respons\u00e1vel pelo servi\u00e7o de odontologia hospitalar do Hospital Israelita Albert Einstein.<br><br><\/p>\n\n\n\n<p>O estudo envolveu a avalia\u00e7\u00e3o de 218 volunt\u00e1rios com mais de 60 anos. Al\u00e9m de dados sobre nutri\u00e7\u00e3o e hist\u00f3rico m\u00e9dico, os participantes preencheram question\u00e1rios sobre bem-estar, qualidade de vida e intera\u00e7\u00f5es sociais. A sa\u00fade bucal foi examinada minuciosamente, considerando n\u00e3o apenas a aus\u00eancia de doen\u00e7as, mas tamb\u00e9m fatores como n\u00famero de dentes, for\u00e7a mastigat\u00f3ria, press\u00e3o exercida pela l\u00edngua, carga bacteriana, habilidade de mastiga\u00e7\u00e3o e degluti\u00e7\u00e3o, hidrata\u00e7\u00e3o oral e habilidade de fala.<br><br><\/p>\n\n\n\n<p>A falta de cuidados ao longo da vida pode levar ao desenvolvimento de c\u00e1ries e doen\u00e7a periodontal, causando a perda dent\u00e1ria, o que \u00e9 particularmente debilitante em idosos. Al\u00e9m disso, com o avan\u00e7o da idade, \u00e9 comum a redu\u00e7\u00e3o na produ\u00e7\u00e3o de saliva, levando ao ressecamento da boca (xerostomia), o que compromete a prote\u00e7\u00e3o dos dentes e da mucosa oral, aumentando o risco de c\u00e1ries, inflama\u00e7\u00f5es e les\u00f5es.<br><br><\/p>\n\n\n\n<p>Altera\u00e7\u00f5es como retra\u00e7\u00e3o gengival e diminui\u00e7\u00e3o do paladar tamb\u00e9m s\u00e3o comuns em idosos, afetando a qualidade de vida e a nutri\u00e7\u00e3o, podendo at\u00e9 levar ao c\u00e2ncer bucal.<br><br><\/p>\n\n\n\n<p><strong>Boa sa\u00fade bucal e visita ao dentista<\/strong><\/p>\n\n\n\n<p>Para prevenir tais problemas, \u00e9 essencial manter uma boa higiene bucal, utilizar produtos de hidrata\u00e7\u00e3o bucal e labial, e optar por cremes dentais sem lauril-sulfato de s\u00f3dio, um componente que pode causar desconforto em idosos. Al\u00e9m disso, \u00e9 crucial manter-se hidratado e adotar uma alimenta\u00e7\u00e3o saud\u00e1vel.<br><br><\/p>\n\n\n\n<p>As visitas regulares ao dentista s\u00e3o fundamentais para prevenir doen\u00e7as e complica\u00e7\u00f5es, bem como detectar problemas que possam comprometer a mastiga\u00e7\u00e3o e a degluti\u00e7\u00e3o. Quando altera\u00e7\u00f5es no paladar afetam a alimenta\u00e7\u00e3o, \u00e9 importante buscar apoio de uma equipe multiprofissional para avaliar a cavidade oral e fornecer orienta\u00e7\u00f5es nutricionais e m\u00e9dicas.<br><br><\/p>\n\n\n\n<p>Os idosos s\u00e3o particularmente suscet\u00edveis a infec\u00e7\u00f5es bucais oportunistas, como placas, \u00falceras e abcessos, que podem at\u00e9 mesmo levar a condi\u00e7\u00f5es como pneumonia. Certos h\u00e1bitos modernos, como o consumo excessivo de refrigerantes, bruxismo causado pelo estresse, e o uso de tabaco, aumentam o risco de problemas dent\u00e1rios, contribuindo para um envelhecimento precoce dos dentes e um aspecto envelhecido.<\/p>\n","protected":false},"excerpt":{"rendered":"<p>De acordo com um novo estudo conduzido por cientistas da Universidade Okayama, no Jap\u00e3o, a sa\u00fade bucal desempenha um papel crucial no estado nutricional e no bem-estar geral dos idosos. Os pesquisadores enfatizam que uma boa sa\u00fade bucal n\u00e3o se limita apenas \u00e0 aus\u00eancia de doen\u00e7as, mas tamb\u00e9m influencia significativamente a sa\u00fade f\u00edsica e emocional [&hellip;]<\/p>\n","protected":false},"author":2,"featured_media":12327,"comment_status":"open","ping_status":"open","sticky":true,"template":"","format":"standard","meta":{"om_disable_all_campaigns":false,"_monsterinsights_skip_tracking":false,"_monsterinsights_sitenote_active":false,"_monsterinsights_sitenote_note":"","_monsterinsights_sitenote_category":0,"footnotes":""},"categories":[3],"tags":[],"class_list":["post-12326","post","type-post","status-publish","format-standard","has-post-thumbnail","hentry","category-saude"],"yoast_head":"<!-- This site is optimized with the Yoast SEO plugin v27.2 - https:\/\/yoast.com\/product\/yoast-seo-wordpress\/ -->\n<title>Sa\u00fade bucal interfere no bem-estar emocional de idosos, mostra estudo - Jornal Ponto Mais<\/title>\n<meta name=\"robots\" content=\"index, follow, max-snippet:-1, max-image-preview:large, max-video-preview:-1\" \/>\n<link rel=\"canonical\" href=\"https:\/\/jornalpontomais.com\/site\/2024\/03\/13\/saude-bucal-interfere-no-bem-estar-emocional-de-idosos-mostra-estudo\/\" \/>\n<meta property=\"og:locale\" content=\"pt_BR\" \/>\n<meta property=\"og:type\" content=\"article\" \/>\n<meta property=\"og:title\" content=\"Sa\u00fade bucal interfere no bem-estar emocional de idosos, mostra estudo - Jornal Ponto Mais\" \/>\n<meta property=\"og:description\" content=\"De acordo com um novo estudo conduzido por cientistas da Universidade Okayama, no Jap\u00e3o, a sa\u00fade bucal desempenha um papel crucial no estado nutricional e no bem-estar geral dos idosos. Os pesquisadores enfatizam que uma boa sa\u00fade bucal n\u00e3o se limita apenas \u00e0 aus\u00eancia de doen\u00e7as, mas tamb\u00e9m influencia significativamente a sa\u00fade f\u00edsica e emocional [&hellip;]\" \/>\n<meta property=\"og:url\" content=\"https:\/\/jornalpontomais.com\/site\/2024\/03\/13\/saude-bucal-interfere-no-bem-estar-emocional-de-idosos-mostra-estudo\/\" \/>\n<meta property=\"og:site_name\" content=\"Jornal Ponto Mais\" \/>\n<meta property=\"article:published_time\" content=\"2024-03-13T16:12:34+00:00\" \/>\n<meta property=\"article:modified_time\" content=\"2024-03-13T16:12:35+00:00\" \/>\n<meta property=\"og:image\" content=\"https:\/\/jornalpontomais.com\/site\/wp-content\/uploads\/2024\/03\/281948-veja-x-cuidados-importantes-com-a-saude-bucal-dos-idosos-768x512-1.jpg\" \/>\n\t<meta property=\"og:image:width\" content=\"768\" \/>\n\t<meta property=\"og:image:height\" content=\"512\" \/>\n\t<meta property=\"og:image:type\" content=\"image\/jpeg\" \/>\n<meta name=\"author\" content=\"Jornal Ponto Mais\" \/>\n<meta name=\"twitter:card\" content=\"summary_large_image\" \/>\n<meta name=\"twitter:label1\" content=\"Escrito por\" \/>\n\t<meta name=\"twitter:data1\" content=\"Jornal Ponto Mais\" \/>\n\t<meta name=\"twitter:label2\" content=\"Est. tempo de leitura\" \/>\n\t<meta name=\"twitter:data2\" content=\"3 minutos\" \/>\n<script type=\"application\/ld+json\" class=\"yoast-schema-graph\">{\"@context\":\"https:\/\/schema.org\",\"@graph\":[{\"@type\":\"Article\",\"@id\":\"https:\/\/jornalpontomais.com\/site\/2024\/03\/13\/saude-bucal-interfere-no-bem-estar-emocional-de-idosos-mostra-estudo\/#article\",\"isPartOf\":{\"@id\":\"https:\/\/jornalpontomais.com\/site\/2024\/03\/13\/saude-bucal-interfere-no-bem-estar-emocional-de-idosos-mostra-estudo\/\"},\"author\":{\"name\":\"Jornal Ponto Mais\",\"@id\":\"https:\/\/jornalpontomais.com\/site\/#\/schema\/person\/18323f0b0f1355f2490721c48389fe9d\"},\"headline\":\"Sa\u00fade bucal interfere no bem-estar emocional de idosos, mostra estudo\",\"datePublished\":\"2024-03-13T16:12:34+00:00\",\"dateModified\":\"2024-03-13T16:12:35+00:00\",\"mainEntityOfPage\":{\"@id\":\"https:\/\/jornalpontomais.com\/site\/2024\/03\/13\/saude-bucal-interfere-no-bem-estar-emocional-de-idosos-mostra-estudo\/\"},\"wordCount\":579,\"commentCount\":0,\"publisher\":{\"@id\":\"https:\/\/jornalpontomais.com\/site\/#organization\"},\"image\":{\"@id\":\"https:\/\/jornalpontomais.com\/site\/2024\/03\/13\/saude-bucal-interfere-no-bem-estar-emocional-de-idosos-mostra-estudo\/#primaryimage\"},\"thumbnailUrl\":\"https:\/\/jornalpontomais.com\/site\/wp-content\/uploads\/2024\/03\/281948-veja-x-cuidados-importantes-com-a-saude-bucal-dos-idosos-768x512-1.jpg\",\"articleSection\":[\"Sa\u00fade\"],\"inLanguage\":\"pt-BR\",\"potentialAction\":[{\"@type\":\"CommentAction\",\"name\":\"Comment\",\"target\":[\"https:\/\/jornalpontomais.com\/site\/2024\/03\/13\/saude-bucal-interfere-no-bem-estar-emocional-de-idosos-mostra-estudo\/#respond\"]}]},{\"@type\":\"WebPage\",\"@id\":\"https:\/\/jornalpontomais.com\/site\/2024\/03\/13\/saude-bucal-interfere-no-bem-estar-emocional-de-idosos-mostra-estudo\/\",\"url\":\"https:\/\/jornalpontomais.com\/site\/2024\/03\/13\/saude-bucal-interfere-no-bem-estar-emocional-de-idosos-mostra-estudo\/\",\"name\":\"Sa\u00fade bucal interfere no bem-estar emocional de idosos, mostra estudo - Jornal Ponto Mais\",\"isPartOf\":{\"@id\":\"https:\/\/jornalpontomais.com\/site\/#website\"},\"primaryImageOfPage\":{\"@id\":\"https:\/\/jornalpontomais.com\/site\/2024\/03\/13\/saude-bucal-interfere-no-bem-estar-emocional-de-idosos-mostra-estudo\/#primaryimage\"},\"image\":{\"@id\":\"https:\/\/jornalpontomais.com\/site\/2024\/03\/13\/saude-bucal-interfere-no-bem-estar-emocional-de-idosos-mostra-estudo\/#primaryimage\"},\"thumbnailUrl\":\"https:\/\/jornalpontomais.com\/site\/wp-content\/uploads\/2024\/03\/281948-veja-x-cuidados-importantes-com-a-saude-bucal-dos-idosos-768x512-1.jpg\",\"datePublished\":\"2024-03-13T16:12:34+00:00\",\"dateModified\":\"2024-03-13T16:12:35+00:00\",\"breadcrumb\":{\"@id\":\"https:\/\/jornalpontomais.com\/site\/2024\/03\/13\/saude-bucal-interfere-no-bem-estar-emocional-de-idosos-mostra-estudo\/#breadcrumb\"},\"inLanguage\":\"pt-BR\",\"potentialAction\":[{\"@type\":\"ReadAction\",\"target\":[\"https:\/\/jornalpontomais.com\/site\/2024\/03\/13\/saude-bucal-interfere-no-bem-estar-emocional-de-idosos-mostra-estudo\/\"]}]},{\"@type\":\"ImageObject\",\"inLanguage\":\"pt-BR\",\"@id\":\"https:\/\/jornalpontomais.com\/site\/2024\/03\/13\/saude-bucal-interfere-no-bem-estar-emocional-de-idosos-mostra-estudo\/#primaryimage\",\"url\":\"https:\/\/jornalpontomais.com\/site\/wp-content\/uploads\/2024\/03\/281948-veja-x-cuidados-importantes-com-a-saude-bucal-dos-idosos-768x512-1.jpg\",\"contentUrl\":\"https:\/\/jornalpontomais.com\/site\/wp-content\/uploads\/2024\/03\/281948-veja-x-cuidados-importantes-com-a-saude-bucal-dos-idosos-768x512-1.jpg\",\"width\":768,\"height\":512},{\"@type\":\"BreadcrumbList\",\"@id\":\"https:\/\/jornalpontomais.com\/site\/2024\/03\/13\/saude-bucal-interfere-no-bem-estar-emocional-de-idosos-mostra-estudo\/#breadcrumb\",\"itemListElement\":[{\"@type\":\"ListItem\",\"position\":1,\"name\":\"In\u00edcio\",\"item\":\"https:\/\/jornalpontomais.com\/site\/\"},{\"@type\":\"ListItem\",\"position\":2,\"name\":\"Sa\u00fade bucal interfere no bem-estar emocional de idosos, mostra estudo\"}]},{\"@type\":\"WebSite\",\"@id\":\"https:\/\/jornalpontomais.com\/site\/#website\",\"url\":\"https:\/\/jornalpontomais.com\/site\/\",\"name\":\"Jornal Ponto Mais\",\"description\":\"As principais not\u00edcias do Brasil e do mundo. Confira!\",\"publisher\":{\"@id\":\"https:\/\/jornalpontomais.com\/site\/#organization\"},\"potentialAction\":[{\"@type\":\"SearchAction\",\"target\":{\"@type\":\"EntryPoint\",\"urlTemplate\":\"https:\/\/jornalpontomais.com\/site\/?s={search_term_string}\"},\"query-input\":{\"@type\":\"PropertyValueSpecification\",\"valueRequired\":true,\"valueName\":\"search_term_string\"}}],\"inLanguage\":\"pt-BR\"},{\"@type\":\"Organization\",\"@id\":\"https:\/\/jornalpontomais.com\/site\/#organization\",\"name\":\"Jornal Ponto+\",\"url\":\"https:\/\/jornalpontomais.com\/site\/\",\"logo\":{\"@type\":\"ImageObject\",\"inLanguage\":\"pt-BR\",\"@id\":\"https:\/\/jornalpontomais.com\/site\/#\/schema\/logo\/image\/\",\"url\":\"https:\/\/jornalpontomais.com\/site\/wp-content\/uploads\/2022\/01\/marca.png\",\"contentUrl\":\"https:\/\/jornalpontomais.com\/site\/wp-content\/uploads\/2022\/01\/marca.png\",\"width\":582,\"height\":148,\"caption\":\"Jornal Ponto+\"},\"image\":{\"@id\":\"https:\/\/jornalpontomais.com\/site\/#\/schema\/logo\/image\/\"}},{\"@type\":\"Person\",\"@id\":\"https:\/\/jornalpontomais.com\/site\/#\/schema\/person\/18323f0b0f1355f2490721c48389fe9d\",\"name\":\"Jornal Ponto Mais\",\"image\":{\"@type\":\"ImageObject\",\"inLanguage\":\"pt-BR\",\"@id\":\"https:\/\/secure.gravatar.com\/avatar\/2ee0a9b7fe10fe32bdec8bc086e871e41eb5f4f6ecbcb7b4f2fe0d92d831405f?s=96&d=mm&r=g\",\"url\":\"https:\/\/secure.gravatar.com\/avatar\/2ee0a9b7fe10fe32bdec8bc086e871e41eb5f4f6ecbcb7b4f2fe0d92d831405f?s=96&d=mm&r=g\",\"contentUrl\":\"https:\/\/secure.gravatar.com\/avatar\/2ee0a9b7fe10fe32bdec8bc086e871e41eb5f4f6ecbcb7b4f2fe0d92d831405f?s=96&d=mm&r=g\",\"caption\":\"Jornal Ponto Mais\"},\"sameAs\":[\"https:\/\/jornalpontomais.com\/site\",\"jornalpontomais\"],\"url\":\"https:\/\/jornalpontomais.com\/site\/author\/jornalpontomais\/\"}]}<\/script>\n<!-- \/ Yoast SEO plugin. -->","yoast_head_json":{"title":"Sa\u00fade bucal interfere no bem-estar emocional de idosos, mostra estudo - Jornal Ponto Mais","robots":{"index":"index","follow":"follow","max-snippet":"max-snippet:-1","max-image-preview":"max-image-preview:large","max-video-preview":"max-video-preview:-1"},"canonical":"https:\/\/jornalpontomais.com\/site\/2024\/03\/13\/saude-bucal-interfere-no-bem-estar-emocional-de-idosos-mostra-estudo\/","og_locale":"pt_BR","og_type":"article","og_title":"Sa\u00fade bucal interfere no bem-estar emocional de idosos, mostra estudo - Jornal Ponto Mais","og_description":"De acordo com um novo estudo conduzido por cientistas da Universidade Okayama, no Jap\u00e3o, a sa\u00fade bucal desempenha um papel crucial no estado nutricional e no bem-estar geral dos idosos. Os pesquisadores enfatizam que uma boa sa\u00fade bucal n\u00e3o se limita apenas \u00e0 aus\u00eancia de doen\u00e7as, mas tamb\u00e9m influencia significativamente a sa\u00fade f\u00edsica e emocional [&hellip;]","og_url":"https:\/\/jornalpontomais.com\/site\/2024\/03\/13\/saude-bucal-interfere-no-bem-estar-emocional-de-idosos-mostra-estudo\/","og_site_name":"Jornal Ponto Mais","article_published_time":"2024-03-13T16:12:34+00:00","article_modified_time":"2024-03-13T16:12:35+00:00","og_image":[{"width":768,"height":512,"url":"https:\/\/jornalpontomais.com\/site\/wp-content\/uploads\/2024\/03\/281948-veja-x-cuidados-importantes-com-a-saude-bucal-dos-idosos-768x512-1.jpg","type":"image\/jpeg"}],"author":"Jornal Ponto Mais","twitter_card":"summary_large_image","twitter_misc":{"Escrito por":"Jornal Ponto Mais","Est. tempo de leitura":"3 minutos"},"schema":{"@context":"https:\/\/schema.org","@graph":[{"@type":"Article","@id":"https:\/\/jornalpontomais.com\/site\/2024\/03\/13\/saude-bucal-interfere-no-bem-estar-emocional-de-idosos-mostra-estudo\/#article","isPartOf":{"@id":"https:\/\/jornalpontomais.com\/site\/2024\/03\/13\/saude-bucal-interfere-no-bem-estar-emocional-de-idosos-mostra-estudo\/"},"author":{"name":"Jornal Ponto Mais","@id":"https:\/\/jornalpontomais.com\/site\/#\/schema\/person\/18323f0b0f1355f2490721c48389fe9d"},"headline":"Sa\u00fade bucal interfere no bem-estar emocional de idosos, mostra estudo","datePublished":"2024-03-13T16:12:34+00:00","dateModified":"2024-03-13T16:12:35+00:00","mainEntityOfPage":{"@id":"https:\/\/jornalpontomais.com\/site\/2024\/03\/13\/saude-bucal-interfere-no-bem-estar-emocional-de-idosos-mostra-estudo\/"},"wordCount":579,"commentCount":0,"publisher":{"@id":"https:\/\/jornalpontomais.com\/site\/#organization"},"image":{"@id":"https:\/\/jornalpontomais.com\/site\/2024\/03\/13\/saude-bucal-interfere-no-bem-estar-emocional-de-idosos-mostra-estudo\/#primaryimage"},"thumbnailUrl":"https:\/\/jornalpontomais.com\/site\/wp-content\/uploads\/2024\/03\/281948-veja-x-cuidados-importantes-com-a-saude-bucal-dos-idosos-768x512-1.jpg","articleSection":["Sa\u00fade"],"inLanguage":"pt-BR","potentialAction":[{"@type":"CommentAction","name":"Comment","target":["https:\/\/jornalpontomais.com\/site\/2024\/03\/13\/saude-bucal-interfere-no-bem-estar-emocional-de-idosos-mostra-estudo\/#respond"]}]},{"@type":"WebPage","@id":"https:\/\/jornalpontomais.com\/site\/2024\/03\/13\/saude-bucal-interfere-no-bem-estar-emocional-de-idosos-mostra-estudo\/","url":"https:\/\/jornalpontomais.com\/site\/2024\/03\/13\/saude-bucal-interfere-no-bem-estar-emocional-de-idosos-mostra-estudo\/","name":"Sa\u00fade bucal interfere no bem-estar emocional de idosos, mostra estudo - Jornal Ponto Mais","isPartOf":{"@id":"https:\/\/jornalpontomais.com\/site\/#website"},"primaryImageOfPage":{"@id":"https:\/\/jornalpontomais.com\/site\/2024\/03\/13\/saude-bucal-interfere-no-bem-estar-emocional-de-idosos-mostra-estudo\/#primaryimage"},"image":{"@id":"https:\/\/jornalpontomais.com\/site\/2024\/03\/13\/saude-bucal-interfere-no-bem-estar-emocional-de-idosos-mostra-estudo\/#primaryimage"},"thumbnailUrl":"https:\/\/jornalpontomais.com\/site\/wp-content\/uploads\/2024\/03\/281948-veja-x-cuidados-importantes-com-a-saude-bucal-dos-idosos-768x512-1.jpg","datePublished":"2024-03-13T16:12:34+00:00","dateModified":"2024-03-13T16:12:35+00:00","breadcrumb":{"@id":"https:\/\/jornalpontomais.com\/site\/2024\/03\/13\/saude-bucal-interfere-no-bem-estar-emocional-de-idosos-mostra-estudo\/#breadcrumb"},"inLanguage":"pt-BR","potentialAction":[{"@type":"ReadAction","target":["https:\/\/jornalpontomais.com\/site\/2024\/03\/13\/saude-bucal-interfere-no-bem-estar-emocional-de-idosos-mostra-estudo\/"]}]},{"@type":"ImageObject","inLanguage":"pt-BR","@id":"https:\/\/jornalpontomais.com\/site\/2024\/03\/13\/saude-bucal-interfere-no-bem-estar-emocional-de-idosos-mostra-estudo\/#primaryimage","url":"https:\/\/jornalpontomais.com\/site\/wp-content\/uploads\/2024\/03\/281948-veja-x-cuidados-importantes-com-a-saude-bucal-dos-idosos-768x512-1.jpg","contentUrl":"https:\/\/jornalpontomais.com\/site\/wp-content\/uploads\/2024\/03\/281948-veja-x-cuidados-importantes-com-a-saude-bucal-dos-idosos-768x512-1.jpg","width":768,"height":512},{"@type":"BreadcrumbList","@id":"https:\/\/jornalpontomais.com\/site\/2024\/03\/13\/saude-bucal-interfere-no-bem-estar-emocional-de-idosos-mostra-estudo\/#breadcrumb","itemListElement":[{"@type":"ListItem","position":1,"name":"In\u00edcio","item":"https:\/\/jornalpontomais.com\/site\/"},{"@type":"ListItem","position":2,"name":"Sa\u00fade bucal interfere no bem-estar emocional de idosos, mostra estudo"}]},{"@type":"WebSite","@id":"https:\/\/jornalpontomais.com\/site\/#website","url":"https:\/\/jornalpontomais.com\/site\/","name":"Jornal Ponto Mais","description":"As principais not\u00edcias do Brasil e do mundo. Confira!","publisher":{"@id":"https:\/\/jornalpontomais.com\/site\/#organization"},"potentialAction":[{"@type":"SearchAction","target":{"@type":"EntryPoint","urlTemplate":"https:\/\/jornalpontomais.com\/site\/?s={search_term_string}"},"query-input":{"@type":"PropertyValueSpecification","valueRequired":true,"valueName":"search_term_string"}}],"inLanguage":"pt-BR"},{"@type":"Organization","@id":"https:\/\/jornalpontomais.com\/site\/#organization","name":"Jornal Ponto+","url":"https:\/\/jornalpontomais.com\/site\/","logo":{"@type":"ImageObject","inLanguage":"pt-BR","@id":"https:\/\/jornalpontomais.com\/site\/#\/schema\/logo\/image\/","url":"https:\/\/jornalpontomais.com\/site\/wp-content\/uploads\/2022\/01\/marca.png","contentUrl":"https:\/\/jornalpontomais.com\/site\/wp-content\/uploads\/2022\/01\/marca.png","width":582,"height":148,"caption":"Jornal Ponto+"},"image":{"@id":"https:\/\/jornalpontomais.com\/site\/#\/schema\/logo\/image\/"}},{"@type":"Person","@id":"https:\/\/jornalpontomais.com\/site\/#\/schema\/person\/18323f0b0f1355f2490721c48389fe9d","name":"Jornal Ponto Mais","image":{"@type":"ImageObject","inLanguage":"pt-BR","@id":"https:\/\/secure.gravatar.com\/avatar\/2ee0a9b7fe10fe32bdec8bc086e871e41eb5f4f6ecbcb7b4f2fe0d92d831405f?s=96&d=mm&r=g","url":"https:\/\/secure.gravatar.com\/avatar\/2ee0a9b7fe10fe32bdec8bc086e871e41eb5f4f6ecbcb7b4f2fe0d92d831405f?s=96&d=mm&r=g","contentUrl":"https:\/\/secure.gravatar.com\/avatar\/2ee0a9b7fe10fe32bdec8bc086e871e41eb5f4f6ecbcb7b4f2fe0d92d831405f?s=96&d=mm&r=g","caption":"Jornal Ponto Mais"},"sameAs":["https:\/\/jornalpontomais.com\/site","jornalpontomais"],"url":"https:\/\/jornalpontomais.com\/site\/author\/jornalpontomais\/"}]}},"_links":{"self":[{"href":"https:\/\/jornalpontomais.com\/site\/wp-json\/wp\/v2\/posts\/12326","targetHints":{"allow":["GET"]}}],"collection":[{"href":"https:\/\/jornalpontomais.com\/site\/wp-json\/wp\/v2\/posts"}],"about":[{"href":"https:\/\/jornalpontomais.com\/site\/wp-json\/wp\/v2\/types\/post"}],"author":[{"embeddable":true,"href":"https:\/\/jornalpontomais.com\/site\/wp-json\/wp\/v2\/users\/2"}],"replies":[{"embeddable":true,"href":"https:\/\/jornalpontomais.com\/site\/wp-json\/wp\/v2\/comments?post=12326"}],"version-history":[{"count":1,"href":"https:\/\/jornalpontomais.com\/site\/wp-json\/wp\/v2\/posts\/12326\/revisions"}],"predecessor-version":[{"id":12328,"href":"https:\/\/jornalpontomais.com\/site\/wp-json\/wp\/v2\/posts\/12326\/revisions\/12328"}],"wp:featuredmedia":[{"embeddable":true,"href":"https:\/\/jornalpontomais.com\/site\/wp-json\/wp\/v2\/media\/12327"}],"wp:attachment":[{"href":"https:\/\/jornalpontomais.com\/site\/wp-json\/wp\/v2\/media?parent=12326"}],"wp:term":[{"taxonomy":"category","embeddable":true,"href":"https:\/\/jornalpontomais.com\/site\/wp-json\/wp\/v2\/categories?post=12326"},{"taxonomy":"post_tag","embeddable":true,"href":"https:\/\/jornalpontomais.com\/site\/wp-json\/wp\/v2\/tags?post=12326"}],"curies":[{"name":"wp","href":"https:\/\/api.w.org\/{rel}","templated":true}]}}