{"id":12305,"date":"2024-03-12T09:05:34","date_gmt":"2024-03-12T12:05:34","guid":{"rendered":"https:\/\/jornalpontomais.com\/site\/?p=12305"},"modified":"2024-03-12T09:05:35","modified_gmt":"2024-03-12T12:05:35","slug":"renda-media-das-familias-goianas-cresce-246","status":"publish","type":"post","link":"https:\/\/jornalpontomais.com\/site\/2024\/03\/12\/renda-media-das-familias-goianas-cresce-246\/","title":{"rendered":"Renda m\u00e9dia das fam\u00edlias goianas cresce 24,6%"},"content":{"rendered":"\n<p>A renda m\u00e9dia das fam\u00edlias goianas cresceu 24,6% em 2023, fechando o ano em R$ 2.017 mensais. Goi\u00e1s foi o terceiro do Brasil em termos de crescimento \u2013 atr\u00e1s somente do Amap\u00e1 (29,1%) e de Minas Gerais (25,4%) \u2013 e ficou na oitava posi\u00e7\u00e3o do ranking comparativo entre os estados.<br><br><\/p>\n\n\n\n<p>O valor \u00e9 6,5% maior que o rendimento domiciliar per capita para o Brasil, que foi de R$ 1.893<strong>.<\/strong><br><br><\/p>\n\n\n\n<p>O indicador mostra a varia\u00e7\u00e3o em rela\u00e7\u00e3o ao ano anterior e tem como base a Pesquisa Nacional por Amostra de Domic\u00edlios (PNAD) Cont\u00ednua, divulgada recentemente pelo Instituto Brasileiro de Geografia e Estat\u00edstica (IBGE). O c\u00e1lculo \u00e9 resultado da divis\u00e3o do valor geral da renda familiar (considerando todas as fontes) pelo n\u00famero total de moradores em cada resid\u00eancia.<br><br><\/p>\n\n\n\n<p>Para o governador Ronaldo Caiado, o bom desempenho \u00e9 reflexo de um conjunto de iniciativas e pol\u00edticas p\u00fablicas voltadas para o fortalecimento do emprego. \u201cGeramos empregos e oportunidades como n\u00e3o se via h\u00e1 anos. Transformamos a educa\u00e7\u00e3o e a vida dos nossos alunos e redobramos os esfor\u00e7os para romper com o ciclo da pobreza. Mostramos que cuidar do estado \u00e9 cuidar das nossas fam\u00edlias\u201d.<br><br><\/p>\n\n\n\n<p>Ainda de acordo com Caiado, o aumento da renda tem consequ\u00eancias diretas no poder de consumo da popula\u00e7\u00e3o e no crescimento da economia, com impacto no Produto Interno Bruto (PIB). O setor produtivo \u00e9 destacado por ele como grande propulsor deste cen\u00e1rio. \u201c\u00c9 um setor fundamental, que tem alavancado nossa economia. Seguiremos apoiando em busca de resultados cada vez maiores\u201d, finaliza.<br><br><\/p>\n\n\n\n<p><strong>Ocupa\u00e7\u00e3o<\/strong><\/p>\n\n\n\n<p>No quarto trimestre de 2023, Goi\u00e1s registrou n\u00famero recorde de pessoas ocupadas, com a marca de 3,8 milh\u00f5es de trabalhadores, o melhor resultado desde 2012. No per\u00edodo, o avan\u00e7o foi de 5,3%, o que equivale a 192 mil novos postos no mercado de trabalho.<br><br><\/p>\n\n\n\n<p>J\u00e1 o n\u00famero de desocupados foi o menor desde o primeiro trimestre de 2015, com 5,6%. O ano de 2023 terminou com menos 33 mil pessoas desocupadas em compara\u00e7\u00e3o ao mesmo per\u00edodo de 2022.<\/p>\n","protected":false},"excerpt":{"rendered":"<p>A renda m\u00e9dia das fam\u00edlias goianas cresceu 24,6% em 2023, fechando o ano em R$ 2.017 mensais. Goi\u00e1s foi o terceiro do Brasil em termos de crescimento \u2013 atr\u00e1s somente do Amap\u00e1 (29,1%) e de Minas Gerais (25,4%) \u2013 e ficou na oitava posi\u00e7\u00e3o do ranking comparativo entre os estados. O valor \u00e9 6,5% maior [&hellip;]<\/p>\n","protected":false},"author":2,"featured_media":12307,"comment_status":"open","ping_status":"open","sticky":true,"template":"","format":"standard","meta":{"om_disable_all_campaigns":false,"_monsterinsights_skip_tracking":false,"_monsterinsights_sitenote_active":false,"_monsterinsights_sitenote_note":"","_monsterinsights_sitenote_category":0,"footnotes":""},"categories":[37],"tags":[],"class_list":["post-12305","post","type-post","status-publish","format-standard","has-post-thumbnail","hentry","category-economia"],"yoast_head":"<!-- This site is optimized with the Yoast SEO plugin v27.2 - https:\/\/yoast.com\/product\/yoast-seo-wordpress\/ -->\n<title>Renda m\u00e9dia das fam\u00edlias goianas cresce 24,6% - Jornal Ponto Mais<\/title>\n<meta name=\"robots\" content=\"index, follow, max-snippet:-1, max-image-preview:large, max-video-preview:-1\" \/>\n<link rel=\"canonical\" href=\"https:\/\/jornalpontomais.com\/site\/2024\/03\/12\/renda-media-das-familias-goianas-cresce-246\/\" \/>\n<meta property=\"og:locale\" content=\"pt_BR\" \/>\n<meta property=\"og:type\" content=\"article\" \/>\n<meta property=\"og:title\" content=\"Renda m\u00e9dia das fam\u00edlias goianas cresce 24,6% - Jornal Ponto Mais\" \/>\n<meta property=\"og:description\" content=\"A renda m\u00e9dia das fam\u00edlias goianas cresceu 24,6% em 2023, fechando o ano em R$ 2.017 mensais. Goi\u00e1s foi o terceiro do Brasil em termos de crescimento \u2013 atr\u00e1s somente do Amap\u00e1 (29,1%) e de Minas Gerais (25,4%) \u2013 e ficou na oitava posi\u00e7\u00e3o do ranking comparativo entre os estados. O valor \u00e9 6,5% maior [&hellip;]\" \/>\n<meta property=\"og:url\" content=\"https:\/\/jornalpontomais.com\/site\/2024\/03\/12\/renda-media-das-familias-goianas-cresce-246\/\" \/>\n<meta property=\"og:site_name\" content=\"Jornal Ponto Mais\" \/>\n<meta property=\"article:published_time\" content=\"2024-03-12T12:05:34+00:00\" \/>\n<meta property=\"article:modified_time\" content=\"2024-03-12T12:05:35+00:00\" \/>\n<meta property=\"og:image\" content=\"https:\/\/jornalpontomais.com\/site\/wp-content\/uploads\/2024\/03\/Frigorifico_renda-media-das-familias-goianas_Foto-Secom-1215x810-1.jpeg\" \/>\n\t<meta property=\"og:image:width\" content=\"1215\" \/>\n\t<meta property=\"og:image:height\" content=\"810\" \/>\n\t<meta property=\"og:image:type\" content=\"image\/jpeg\" \/>\n<meta name=\"author\" content=\"Jornal Ponto Mais\" \/>\n<meta name=\"twitter:card\" content=\"summary_large_image\" \/>\n<meta name=\"twitter:label1\" content=\"Escrito por\" \/>\n\t<meta name=\"twitter:data1\" content=\"Jornal Ponto Mais\" \/>\n\t<meta name=\"twitter:label2\" content=\"Est. tempo de leitura\" \/>\n\t<meta name=\"twitter:data2\" content=\"2 minutos\" \/>\n<script type=\"application\/ld+json\" class=\"yoast-schema-graph\">{\"@context\":\"https:\/\/schema.org\",\"@graph\":[{\"@type\":\"Article\",\"@id\":\"https:\/\/jornalpontomais.com\/site\/2024\/03\/12\/renda-media-das-familias-goianas-cresce-246\/#article\",\"isPartOf\":{\"@id\":\"https:\/\/jornalpontomais.com\/site\/2024\/03\/12\/renda-media-das-familias-goianas-cresce-246\/\"},\"author\":{\"name\":\"Jornal Ponto Mais\",\"@id\":\"https:\/\/jornalpontomais.com\/site\/#\/schema\/person\/18323f0b0f1355f2490721c48389fe9d\"},\"headline\":\"Renda m\u00e9dia das fam\u00edlias goianas cresce 24,6%\",\"datePublished\":\"2024-03-12T12:05:34+00:00\",\"dateModified\":\"2024-03-12T12:05:35+00:00\",\"mainEntityOfPage\":{\"@id\":\"https:\/\/jornalpontomais.com\/site\/2024\/03\/12\/renda-media-das-familias-goianas-cresce-246\/\"},\"wordCount\":345,\"commentCount\":0,\"publisher\":{\"@id\":\"https:\/\/jornalpontomais.com\/site\/#organization\"},\"image\":{\"@id\":\"https:\/\/jornalpontomais.com\/site\/2024\/03\/12\/renda-media-das-familias-goianas-cresce-246\/#primaryimage\"},\"thumbnailUrl\":\"https:\/\/jornalpontomais.com\/site\/wp-content\/uploads\/2024\/03\/Frigorifico_renda-media-das-familias-goianas_Foto-Secom-1215x810-1.jpeg\",\"articleSection\":[\"Economia\"],\"inLanguage\":\"pt-BR\",\"potentialAction\":[{\"@type\":\"CommentAction\",\"name\":\"Comment\",\"target\":[\"https:\/\/jornalpontomais.com\/site\/2024\/03\/12\/renda-media-das-familias-goianas-cresce-246\/#respond\"]}]},{\"@type\":\"WebPage\",\"@id\":\"https:\/\/jornalpontomais.com\/site\/2024\/03\/12\/renda-media-das-familias-goianas-cresce-246\/\",\"url\":\"https:\/\/jornalpontomais.com\/site\/2024\/03\/12\/renda-media-das-familias-goianas-cresce-246\/\",\"name\":\"Renda m\u00e9dia das fam\u00edlias goianas cresce 24,6% - Jornal Ponto Mais\",\"isPartOf\":{\"@id\":\"https:\/\/jornalpontomais.com\/site\/#website\"},\"primaryImageOfPage\":{\"@id\":\"https:\/\/jornalpontomais.com\/site\/2024\/03\/12\/renda-media-das-familias-goianas-cresce-246\/#primaryimage\"},\"image\":{\"@id\":\"https:\/\/jornalpontomais.com\/site\/2024\/03\/12\/renda-media-das-familias-goianas-cresce-246\/#primaryimage\"},\"thumbnailUrl\":\"https:\/\/jornalpontomais.com\/site\/wp-content\/uploads\/2024\/03\/Frigorifico_renda-media-das-familias-goianas_Foto-Secom-1215x810-1.jpeg\",\"datePublished\":\"2024-03-12T12:05:34+00:00\",\"dateModified\":\"2024-03-12T12:05:35+00:00\",\"breadcrumb\":{\"@id\":\"https:\/\/jornalpontomais.com\/site\/2024\/03\/12\/renda-media-das-familias-goianas-cresce-246\/#breadcrumb\"},\"inLanguage\":\"pt-BR\",\"potentialAction\":[{\"@type\":\"ReadAction\",\"target\":[\"https:\/\/jornalpontomais.com\/site\/2024\/03\/12\/renda-media-das-familias-goianas-cresce-246\/\"]}]},{\"@type\":\"ImageObject\",\"inLanguage\":\"pt-BR\",\"@id\":\"https:\/\/jornalpontomais.com\/site\/2024\/03\/12\/renda-media-das-familias-goianas-cresce-246\/#primaryimage\",\"url\":\"https:\/\/jornalpontomais.com\/site\/wp-content\/uploads\/2024\/03\/Frigorifico_renda-media-das-familias-goianas_Foto-Secom-1215x810-1.jpeg\",\"contentUrl\":\"https:\/\/jornalpontomais.com\/site\/wp-content\/uploads\/2024\/03\/Frigorifico_renda-media-das-familias-goianas_Foto-Secom-1215x810-1.jpeg\",\"width\":1215,\"height\":810},{\"@type\":\"BreadcrumbList\",\"@id\":\"https:\/\/jornalpontomais.com\/site\/2024\/03\/12\/renda-media-das-familias-goianas-cresce-246\/#breadcrumb\",\"itemListElement\":[{\"@type\":\"ListItem\",\"position\":1,\"name\":\"In\u00edcio\",\"item\":\"https:\/\/jornalpontomais.com\/site\/\"},{\"@type\":\"ListItem\",\"position\":2,\"name\":\"Renda m\u00e9dia das fam\u00edlias goianas cresce 24,6%\"}]},{\"@type\":\"WebSite\",\"@id\":\"https:\/\/jornalpontomais.com\/site\/#website\",\"url\":\"https:\/\/jornalpontomais.com\/site\/\",\"name\":\"Jornal Ponto Mais\",\"description\":\"As principais not\u00edcias do Brasil e do mundo. Confira!\",\"publisher\":{\"@id\":\"https:\/\/jornalpontomais.com\/site\/#organization\"},\"potentialAction\":[{\"@type\":\"SearchAction\",\"target\":{\"@type\":\"EntryPoint\",\"urlTemplate\":\"https:\/\/jornalpontomais.com\/site\/?s={search_term_string}\"},\"query-input\":{\"@type\":\"PropertyValueSpecification\",\"valueRequired\":true,\"valueName\":\"search_term_string\"}}],\"inLanguage\":\"pt-BR\"},{\"@type\":\"Organization\",\"@id\":\"https:\/\/jornalpontomais.com\/site\/#organization\",\"name\":\"Jornal Ponto+\",\"url\":\"https:\/\/jornalpontomais.com\/site\/\",\"logo\":{\"@type\":\"ImageObject\",\"inLanguage\":\"pt-BR\",\"@id\":\"https:\/\/jornalpontomais.com\/site\/#\/schema\/logo\/image\/\",\"url\":\"https:\/\/jornalpontomais.com\/site\/wp-content\/uploads\/2022\/01\/marca.png\",\"contentUrl\":\"https:\/\/jornalpontomais.com\/site\/wp-content\/uploads\/2022\/01\/marca.png\",\"width\":582,\"height\":148,\"caption\":\"Jornal Ponto+\"},\"image\":{\"@id\":\"https:\/\/jornalpontomais.com\/site\/#\/schema\/logo\/image\/\"}},{\"@type\":\"Person\",\"@id\":\"https:\/\/jornalpontomais.com\/site\/#\/schema\/person\/18323f0b0f1355f2490721c48389fe9d\",\"name\":\"Jornal Ponto Mais\",\"image\":{\"@type\":\"ImageObject\",\"inLanguage\":\"pt-BR\",\"@id\":\"https:\/\/secure.gravatar.com\/avatar\/2ee0a9b7fe10fe32bdec8bc086e871e41eb5f4f6ecbcb7b4f2fe0d92d831405f?s=96&d=mm&r=g\",\"url\":\"https:\/\/secure.gravatar.com\/avatar\/2ee0a9b7fe10fe32bdec8bc086e871e41eb5f4f6ecbcb7b4f2fe0d92d831405f?s=96&d=mm&r=g\",\"contentUrl\":\"https:\/\/secure.gravatar.com\/avatar\/2ee0a9b7fe10fe32bdec8bc086e871e41eb5f4f6ecbcb7b4f2fe0d92d831405f?s=96&d=mm&r=g\",\"caption\":\"Jornal Ponto Mais\"},\"sameAs\":[\"https:\/\/jornalpontomais.com\/site\",\"jornalpontomais\"],\"url\":\"https:\/\/jornalpontomais.com\/site\/author\/jornalpontomais\/\"}]}<\/script>\n<!-- \/ Yoast SEO plugin. -->","yoast_head_json":{"title":"Renda m\u00e9dia das fam\u00edlias goianas cresce 24,6% - Jornal Ponto Mais","robots":{"index":"index","follow":"follow","max-snippet":"max-snippet:-1","max-image-preview":"max-image-preview:large","max-video-preview":"max-video-preview:-1"},"canonical":"https:\/\/jornalpontomais.com\/site\/2024\/03\/12\/renda-media-das-familias-goianas-cresce-246\/","og_locale":"pt_BR","og_type":"article","og_title":"Renda m\u00e9dia das fam\u00edlias goianas cresce 24,6% - Jornal Ponto Mais","og_description":"A renda m\u00e9dia das fam\u00edlias goianas cresceu 24,6% em 2023, fechando o ano em R$ 2.017 mensais. Goi\u00e1s foi o terceiro do Brasil em termos de crescimento \u2013 atr\u00e1s somente do Amap\u00e1 (29,1%) e de Minas Gerais (25,4%) \u2013 e ficou na oitava posi\u00e7\u00e3o do ranking comparativo entre os estados. O valor \u00e9 6,5% maior [&hellip;]","og_url":"https:\/\/jornalpontomais.com\/site\/2024\/03\/12\/renda-media-das-familias-goianas-cresce-246\/","og_site_name":"Jornal Ponto Mais","article_published_time":"2024-03-12T12:05:34+00:00","article_modified_time":"2024-03-12T12:05:35+00:00","og_image":[{"width":1215,"height":810,"url":"https:\/\/jornalpontomais.com\/site\/wp-content\/uploads\/2024\/03\/Frigorifico_renda-media-das-familias-goianas_Foto-Secom-1215x810-1.jpeg","type":"image\/jpeg"}],"author":"Jornal Ponto Mais","twitter_card":"summary_large_image","twitter_misc":{"Escrito por":"Jornal Ponto Mais","Est. tempo de leitura":"2 minutos"},"schema":{"@context":"https:\/\/schema.org","@graph":[{"@type":"Article","@id":"https:\/\/jornalpontomais.com\/site\/2024\/03\/12\/renda-media-das-familias-goianas-cresce-246\/#article","isPartOf":{"@id":"https:\/\/jornalpontomais.com\/site\/2024\/03\/12\/renda-media-das-familias-goianas-cresce-246\/"},"author":{"name":"Jornal Ponto Mais","@id":"https:\/\/jornalpontomais.com\/site\/#\/schema\/person\/18323f0b0f1355f2490721c48389fe9d"},"headline":"Renda m\u00e9dia das fam\u00edlias goianas cresce 24,6%","datePublished":"2024-03-12T12:05:34+00:00","dateModified":"2024-03-12T12:05:35+00:00","mainEntityOfPage":{"@id":"https:\/\/jornalpontomais.com\/site\/2024\/03\/12\/renda-media-das-familias-goianas-cresce-246\/"},"wordCount":345,"commentCount":0,"publisher":{"@id":"https:\/\/jornalpontomais.com\/site\/#organization"},"image":{"@id":"https:\/\/jornalpontomais.com\/site\/2024\/03\/12\/renda-media-das-familias-goianas-cresce-246\/#primaryimage"},"thumbnailUrl":"https:\/\/jornalpontomais.com\/site\/wp-content\/uploads\/2024\/03\/Frigorifico_renda-media-das-familias-goianas_Foto-Secom-1215x810-1.jpeg","articleSection":["Economia"],"inLanguage":"pt-BR","potentialAction":[{"@type":"CommentAction","name":"Comment","target":["https:\/\/jornalpontomais.com\/site\/2024\/03\/12\/renda-media-das-familias-goianas-cresce-246\/#respond"]}]},{"@type":"WebPage","@id":"https:\/\/jornalpontomais.com\/site\/2024\/03\/12\/renda-media-das-familias-goianas-cresce-246\/","url":"https:\/\/jornalpontomais.com\/site\/2024\/03\/12\/renda-media-das-familias-goianas-cresce-246\/","name":"Renda m\u00e9dia das fam\u00edlias goianas cresce 24,6% - Jornal Ponto Mais","isPartOf":{"@id":"https:\/\/jornalpontomais.com\/site\/#website"},"primaryImageOfPage":{"@id":"https:\/\/jornalpontomais.com\/site\/2024\/03\/12\/renda-media-das-familias-goianas-cresce-246\/#primaryimage"},"image":{"@id":"https:\/\/jornalpontomais.com\/site\/2024\/03\/12\/renda-media-das-familias-goianas-cresce-246\/#primaryimage"},"thumbnailUrl":"https:\/\/jornalpontomais.com\/site\/wp-content\/uploads\/2024\/03\/Frigorifico_renda-media-das-familias-goianas_Foto-Secom-1215x810-1.jpeg","datePublished":"2024-03-12T12:05:34+00:00","dateModified":"2024-03-12T12:05:35+00:00","breadcrumb":{"@id":"https:\/\/jornalpontomais.com\/site\/2024\/03\/12\/renda-media-das-familias-goianas-cresce-246\/#breadcrumb"},"inLanguage":"pt-BR","potentialAction":[{"@type":"ReadAction","target":["https:\/\/jornalpontomais.com\/site\/2024\/03\/12\/renda-media-das-familias-goianas-cresce-246\/"]}]},{"@type":"ImageObject","inLanguage":"pt-BR","@id":"https:\/\/jornalpontomais.com\/site\/2024\/03\/12\/renda-media-das-familias-goianas-cresce-246\/#primaryimage","url":"https:\/\/jornalpontomais.com\/site\/wp-content\/uploads\/2024\/03\/Frigorifico_renda-media-das-familias-goianas_Foto-Secom-1215x810-1.jpeg","contentUrl":"https:\/\/jornalpontomais.com\/site\/wp-content\/uploads\/2024\/03\/Frigorifico_renda-media-das-familias-goianas_Foto-Secom-1215x810-1.jpeg","width":1215,"height":810},{"@type":"BreadcrumbList","@id":"https:\/\/jornalpontomais.com\/site\/2024\/03\/12\/renda-media-das-familias-goianas-cresce-246\/#breadcrumb","itemListElement":[{"@type":"ListItem","position":1,"name":"In\u00edcio","item":"https:\/\/jornalpontomais.com\/site\/"},{"@type":"ListItem","position":2,"name":"Renda m\u00e9dia das fam\u00edlias goianas cresce 24,6%"}]},{"@type":"WebSite","@id":"https:\/\/jornalpontomais.com\/site\/#website","url":"https:\/\/jornalpontomais.com\/site\/","name":"Jornal Ponto Mais","description":"As principais not\u00edcias do Brasil e do mundo. Confira!","publisher":{"@id":"https:\/\/jornalpontomais.com\/site\/#organization"},"potentialAction":[{"@type":"SearchAction","target":{"@type":"EntryPoint","urlTemplate":"https:\/\/jornalpontomais.com\/site\/?s={search_term_string}"},"query-input":{"@type":"PropertyValueSpecification","valueRequired":true,"valueName":"search_term_string"}}],"inLanguage":"pt-BR"},{"@type":"Organization","@id":"https:\/\/jornalpontomais.com\/site\/#organization","name":"Jornal Ponto+","url":"https:\/\/jornalpontomais.com\/site\/","logo":{"@type":"ImageObject","inLanguage":"pt-BR","@id":"https:\/\/jornalpontomais.com\/site\/#\/schema\/logo\/image\/","url":"https:\/\/jornalpontomais.com\/site\/wp-content\/uploads\/2022\/01\/marca.png","contentUrl":"https:\/\/jornalpontomais.com\/site\/wp-content\/uploads\/2022\/01\/marca.png","width":582,"height":148,"caption":"Jornal Ponto+"},"image":{"@id":"https:\/\/jornalpontomais.com\/site\/#\/schema\/logo\/image\/"}},{"@type":"Person","@id":"https:\/\/jornalpontomais.com\/site\/#\/schema\/person\/18323f0b0f1355f2490721c48389fe9d","name":"Jornal Ponto Mais","image":{"@type":"ImageObject","inLanguage":"pt-BR","@id":"https:\/\/secure.gravatar.com\/avatar\/2ee0a9b7fe10fe32bdec8bc086e871e41eb5f4f6ecbcb7b4f2fe0d92d831405f?s=96&d=mm&r=g","url":"https:\/\/secure.gravatar.com\/avatar\/2ee0a9b7fe10fe32bdec8bc086e871e41eb5f4f6ecbcb7b4f2fe0d92d831405f?s=96&d=mm&r=g","contentUrl":"https:\/\/secure.gravatar.com\/avatar\/2ee0a9b7fe10fe32bdec8bc086e871e41eb5f4f6ecbcb7b4f2fe0d92d831405f?s=96&d=mm&r=g","caption":"Jornal Ponto Mais"},"sameAs":["https:\/\/jornalpontomais.com\/site","jornalpontomais"],"url":"https:\/\/jornalpontomais.com\/site\/author\/jornalpontomais\/"}]}},"_links":{"self":[{"href":"https:\/\/jornalpontomais.com\/site\/wp-json\/wp\/v2\/posts\/12305","targetHints":{"allow":["GET"]}}],"collection":[{"href":"https:\/\/jornalpontomais.com\/site\/wp-json\/wp\/v2\/posts"}],"about":[{"href":"https:\/\/jornalpontomais.com\/site\/wp-json\/wp\/v2\/types\/post"}],"author":[{"embeddable":true,"href":"https:\/\/jornalpontomais.com\/site\/wp-json\/wp\/v2\/users\/2"}],"replies":[{"embeddable":true,"href":"https:\/\/jornalpontomais.com\/site\/wp-json\/wp\/v2\/comments?post=12305"}],"version-history":[{"count":1,"href":"https:\/\/jornalpontomais.com\/site\/wp-json\/wp\/v2\/posts\/12305\/revisions"}],"predecessor-version":[{"id":12306,"href":"https:\/\/jornalpontomais.com\/site\/wp-json\/wp\/v2\/posts\/12305\/revisions\/12306"}],"wp:featuredmedia":[{"embeddable":true,"href":"https:\/\/jornalpontomais.com\/site\/wp-json\/wp\/v2\/media\/12307"}],"wp:attachment":[{"href":"https:\/\/jornalpontomais.com\/site\/wp-json\/wp\/v2\/media?parent=12305"}],"wp:term":[{"taxonomy":"category","embeddable":true,"href":"https:\/\/jornalpontomais.com\/site\/wp-json\/wp\/v2\/categories?post=12305"},{"taxonomy":"post_tag","embeddable":true,"href":"https:\/\/jornalpontomais.com\/site\/wp-json\/wp\/v2\/tags?post=12305"}],"curies":[{"name":"wp","href":"https:\/\/api.w.org\/{rel}","templated":true}]}}