{"id":12293,"date":"2024-03-11T09:42:50","date_gmt":"2024-03-11T12:42:50","guid":{"rendered":"https:\/\/jornalpontomais.com\/site\/?p=12293"},"modified":"2024-03-11T09:42:51","modified_gmt":"2024-03-11T12:42:51","slug":"brasil-fatura-mais-2-ouros-e-1-bronze-no-grand-prix-de-judo-da-austria","status":"publish","type":"post","link":"https:\/\/jornalpontomais.com\/site\/2024\/03\/11\/brasil-fatura-mais-2-ouros-e-1-bronze-no-grand-prix-de-judo-da-austria\/","title":{"rendered":"Brasil fatura mais 2 ouros e 1 bronze no Grand Prix de Jud\u00f4 da \u00c1ustria"},"content":{"rendered":"\n<p>O Brasil fechou o \u00faltimo dia de disputas do Grand Prix de Jud\u00f4 da \u00c1ustria, em Linz, em grande estilo. Foram dois ouros &#8211; um de Beatriz Souza (+ 78 quilos) e outro de Leonardo Gon\u00e7alves (-100 kg) &#8211; e um bronze de Rafael Buzacarini (-100 kg) conquistados neste domingo (10). A competi\u00e7\u00e3o conta pontos no ranking classificat\u00f3rio \u00e0 Olimp\u00edada de Paris, cujo fechamento ser\u00e1 em julho. Ao todo o Brasil amealhou\u00a0quatro medalhas &#8211;\u00a0na sexta (8), Larissa Pimenta j\u00e1\u00a0garantira o ouro\u00a0&#8211; e encerrou a competi\u00e7\u00e3o em\u00a0primeiro lugar no quadro de medalhas, \u00e0 frente do Jap\u00e3o (2\u00ba lugar) e dos Pa\u00edses Baixos (3\u00ba).<\/p>\n\n\n\n<figure class=\"wp-block-embed is-type-rich is-provider-twitter wp-block-embed-twitter\"><div class=\"wp-block-embed__wrapper\">\n<blockquote class=\"twitter-tweet\" data-width=\"550\" data-dnt=\"true\"><p lang=\"pt\" dir=\"ltr\">BEATRIZ SOUZA \u00c9 OURO PARA O BRASIL NO JUD\u00d4 COM DIREITO A IPPON!!! \ud83e\udd47<br><br>Que SHOW da nossa atleta \ud83e\udd29<br><br>Uma luta\u00e7a contra a holandesa Marit Kamps e, depois de um waza-ari, Bia finalizou a disputa com um belo golpe.<br><br>\u00c9 O BRASA NO TOPO!<a href=\"https:\/\/twitter.com\/hashtag\/TimeBrasil?src=hash&amp;ref_src=twsrc%5Etfw\">#TimeBrasil<\/a> <a href=\"https:\/\/twitter.com\/hashtag\/Jud%C3%B4?src=hash&amp;ref_src=twsrc%5Etfw\">#Jud\u00f4<\/a> <a href=\"https:\/\/t.co\/esBWSF0i1n\">pic.twitter.com\/esBWSF0i1n<\/a><\/p>&mdash; Time Brasil (@timebrasil) <a href=\"https:\/\/twitter.com\/timebrasil\/status\/1766886748607361026?ref_src=twsrc%5Etfw\">March 10, 2024<\/a><\/blockquote><script async src=\"https:\/\/platform.twitter.com\/widgets.js\" charset=\"utf-8\"><\/script>\n<\/div><\/figure>\n\n\n\n<figure class=\"wp-block-image\"><img decoding=\"async\" src=\"https:\/\/agenciabrasil.ebc.com.br\/ebc.gif?id=1585066&amp;o=node\" alt=\"\"\/><\/figure>\n\n\n\n<p>A peso-pesado Beatriz Souza, bronze no Mundial de 2023, derrotou hoje na final a holandesa Marit Kamps. Mal come\u00e7ou a luta, aplicou um waza-ari e, minutos depois, desferiu um ippon projetando a advers\u00e1ria. \u201cEstou muito feliz. Foi a primeira competi\u00e7\u00e3o do ano e j\u00e1 com essa medalha linda. Agrade\u00e7o muito a torcida de todos e toda energia positiva. Paris \u00e9 logo ali\u201d, comemorou Bia, paulista de Itariri , em depoimento \u00e0 Confedera\u00e7\u00e3o Brasileira de Jud\u00f4 (CBJ).<br><br><\/p>\n\n\n\n<p>Para chegar \u00e0 final dos 78kg, Beatriz superou tr\u00eas advers\u00e1rias. Venceu as duas primeiras lutas nas puni\u00e7\u00f5es: na estreia superou Oxana Diaceno (Mold\u00e1via) e depois a cubana Idalys Ortiz. Nas semifinais, a brasileira levou a melhor sobre a s\u00e9rvia Milica Zabic: anotou um waza-ari e imobilizou Zabic em um minuto de luta.\u00a0<br><br><\/p>\n\n\n\n<p><strong>Bicampe\u00e3o na \u00c1ustria<\/strong><\/p>\n\n\n\n<p>Quem tamb\u00e9m teve muito o que comemorar foi o meio-pesado Leonardo Gon\u00e7alves, ao faturar o bicampeonato no\u00a0 GP da \u00c1ustria &#8211; a primeira edi\u00e7\u00e3o do torneio foi no ano passado. Na final valendo o ouro, Gon\u00e7alves n\u00e3o se intimidou diante do portugu\u00eas Jorge Fonseca, bicampe\u00e3o mundial e medalhista ol\u00edmpico. O brasileiro venceu no\u00a0<em>golden score\u00a0<\/em>(tempo extra) ao encaixar um waza-ari no advers\u00e1rio.\u00a0<\/p>\n\n\n\n<figure class=\"wp-block-embed is-type-rich is-provider-twitter wp-block-embed-twitter\"><div class=\"wp-block-embed__wrapper\">\n<blockquote class=\"twitter-tweet\" data-width=\"550\" data-dnt=\"true\"><p lang=\"pt\" dir=\"ltr\">RAFAEL BUZACARINI \u00c9 BRONZE NO GRAND PRIX DA \u00c1USTRIA \ud83e\udd49\ud83c\udde7\ud83c\uddf7\ud83e\udd4b<br><br>Com esse bel\u00edssimo waza-ari, ele derrotou Bojan Dosen (SER) e trouxe a medalha para casa na categoria -100kg.<br><br>ELE \u00c9 O BRABO! \ud83d\udcaa<a href=\"https:\/\/twitter.com\/hashtag\/TimeBrasil?src=hash&amp;ref_src=twsrc%5Etfw\">#TimeBrasil<\/a> <a href=\"https:\/\/twitter.com\/hashtag\/Jud%C3%B4?src=hash&amp;ref_src=twsrc%5Etfw\">#Jud\u00f4<\/a> <a href=\"https:\/\/t.co\/3eXaf66RCT\">pic.twitter.com\/3eXaf66RCT<\/a><\/p>&mdash; Time Brasil (@timebrasil) <a href=\"https:\/\/twitter.com\/timebrasil\/status\/1766874392468816234?ref_src=twsrc%5Etfw\">March 10, 2024<\/a><\/blockquote><script async src=\"https:\/\/platform.twitter.com\/widgets.js\" charset=\"utf-8\"><\/script>\n<\/div><\/figure>\n\n\n\n<p>\u201cMais uma medalha a\u00ed, a segunda deste ano. Estou muito feliz, esse ano ol\u00edmpico \u00e9 um ano muito importante. Acho que aconteceu na hora certa, alguns detalhes precisam ser ajustados, mas s\u00f3 tenho a agradecer&#8221;, comemorou Buzacarini.<br><br><\/p>\n\n\n\n<p>O pr\u00f3ximo compromisso da delega\u00e7\u00e3o brasileira de jud\u00f4 ser\u00e1 o GP\u00a0de Tbilisi (Ge\u00f3rgia), de 22 a 24 de mar\u00e7o.<br><br><\/p>\n\n\n\n<p><strong>Classifica\u00e7\u00e3o para Paris 2024<\/strong><\/p>\n\n\n\n<p>A totaliza\u00e7\u00e3o de pontos no ranking da Federa\u00e7\u00e3o Internacional de Jud\u00f4 (IJF, na sigla em ingl\u00eas) teve in\u00edcio em julho de 2022 e s\u00f3 termina em junho deste ano. A modalidade reunir\u00e1 372 atletas em Paris (igualmente divididos entre homens e mulheres).\u00a0<br><br><\/p>\n\n\n\n<p>Os 17 primeiros colocados no ranking de cada categoria asseguram vaga em Paris 2024 (com o limite de um judoca por pa\u00eds). A partir das 18\u00aa coloca\u00e7\u00e3o no ranking, as vagas ser\u00e3o distribu\u00eddas por continente: Am\u00e9ricas (21 vagas), Africa (24), Europa (25), \u00c1sia (20) e Oceania (10).<\/p>\n","protected":false},"excerpt":{"rendered":"<p>O Brasil fechou o \u00faltimo dia de disputas do Grand Prix de Jud\u00f4 da \u00c1ustria, em Linz, em grande estilo. Foram dois ouros &#8211; um de Beatriz Souza (+ 78 quilos) e outro de Leonardo Gon\u00e7alves (-100 kg) &#8211; e um bronze de Rafael Buzacarini (-100 kg) conquistados neste domingo (10). A competi\u00e7\u00e3o conta pontos [&hellip;]<\/p>\n","protected":false},"author":2,"featured_media":12294,"comment_status":"open","ping_status":"open","sticky":true,"template":"","format":"standard","meta":{"om_disable_all_campaigns":false,"_monsterinsights_skip_tracking":false,"_monsterinsights_sitenote_active":false,"_monsterinsights_sitenote_note":"","_monsterinsights_sitenote_category":0,"footnotes":""},"categories":[4],"tags":[],"class_list":["post-12293","post","type-post","status-publish","format-standard","has-post-thumbnail","hentry","category-esporte"],"yoast_head":"<!-- This site is optimized with the Yoast SEO plugin v27.2 - https:\/\/yoast.com\/product\/yoast-seo-wordpress\/ -->\n<title>Brasil fatura mais 2 ouros e 1 bronze no Grand Prix de Jud\u00f4 da \u00c1ustria - Jornal Ponto Mais<\/title>\n<meta name=\"robots\" content=\"index, follow, max-snippet:-1, max-image-preview:large, max-video-preview:-1\" \/>\n<link rel=\"canonical\" href=\"https:\/\/jornalpontomais.com\/site\/2024\/03\/11\/brasil-fatura-mais-2-ouros-e-1-bronze-no-grand-prix-de-judo-da-austria\/\" \/>\n<meta property=\"og:locale\" content=\"pt_BR\" \/>\n<meta property=\"og:type\" content=\"article\" \/>\n<meta property=\"og:title\" content=\"Brasil fatura mais 2 ouros e 1 bronze no Grand Prix de Jud\u00f4 da \u00c1ustria - Jornal Ponto Mais\" \/>\n<meta property=\"og:description\" content=\"O Brasil fechou o \u00faltimo dia de disputas do Grand Prix de Jud\u00f4 da \u00c1ustria, em Linz, em grande estilo. Foram dois ouros &#8211; um de Beatriz Souza (+ 78 quilos) e outro de Leonardo Gon\u00e7alves (-100 kg) &#8211; e um bronze de Rafael Buzacarini (-100 kg) conquistados neste domingo (10). A competi\u00e7\u00e3o conta pontos [&hellip;]\" \/>\n<meta property=\"og:url\" content=\"https:\/\/jornalpontomais.com\/site\/2024\/03\/11\/brasil-fatura-mais-2-ouros-e-1-bronze-no-grand-prix-de-judo-da-austria\/\" \/>\n<meta property=\"og:site_name\" content=\"Jornal Ponto Mais\" \/>\n<meta property=\"article:published_time\" content=\"2024-03-11T12:42:50+00:00\" \/>\n<meta property=\"article:modified_time\" content=\"2024-03-11T12:42:51+00:00\" \/>\n<meta property=\"og:image\" content=\"https:\/\/jornalpontomais.com\/site\/wp-content\/uploads\/2024\/03\/beatriz_souza_ouro_gp_austria_2024.webp\" \/>\n\t<meta property=\"og:image:width\" content=\"1170\" \/>\n\t<meta property=\"og:image:height\" content=\"700\" \/>\n\t<meta property=\"og:image:type\" content=\"image\/webp\" \/>\n<meta name=\"author\" content=\"Jornal Ponto Mais\" \/>\n<meta name=\"twitter:card\" content=\"summary_large_image\" \/>\n<meta name=\"twitter:label1\" content=\"Escrito por\" \/>\n\t<meta name=\"twitter:data1\" content=\"Jornal Ponto Mais\" \/>\n\t<meta name=\"twitter:label2\" content=\"Est. tempo de leitura\" \/>\n\t<meta name=\"twitter:data2\" content=\"3 minutos\" \/>\n<script type=\"application\/ld+json\" class=\"yoast-schema-graph\">{\"@context\":\"https:\/\/schema.org\",\"@graph\":[{\"@type\":\"Article\",\"@id\":\"https:\/\/jornalpontomais.com\/site\/2024\/03\/11\/brasil-fatura-mais-2-ouros-e-1-bronze-no-grand-prix-de-judo-da-austria\/#article\",\"isPartOf\":{\"@id\":\"https:\/\/jornalpontomais.com\/site\/2024\/03\/11\/brasil-fatura-mais-2-ouros-e-1-bronze-no-grand-prix-de-judo-da-austria\/\"},\"author\":{\"name\":\"Jornal Ponto Mais\",\"@id\":\"https:\/\/jornalpontomais.com\/site\/#\/schema\/person\/18323f0b0f1355f2490721c48389fe9d\"},\"headline\":\"Brasil fatura mais 2 ouros e 1 bronze no Grand Prix de Jud\u00f4 da \u00c1ustria\",\"datePublished\":\"2024-03-11T12:42:50+00:00\",\"dateModified\":\"2024-03-11T12:42:51+00:00\",\"mainEntityOfPage\":{\"@id\":\"https:\/\/jornalpontomais.com\/site\/2024\/03\/11\/brasil-fatura-mais-2-ouros-e-1-bronze-no-grand-prix-de-judo-da-austria\/\"},\"wordCount\":489,\"commentCount\":0,\"publisher\":{\"@id\":\"https:\/\/jornalpontomais.com\/site\/#organization\"},\"image\":{\"@id\":\"https:\/\/jornalpontomais.com\/site\/2024\/03\/11\/brasil-fatura-mais-2-ouros-e-1-bronze-no-grand-prix-de-judo-da-austria\/#primaryimage\"},\"thumbnailUrl\":\"https:\/\/jornalpontomais.com\/site\/wp-content\/uploads\/2024\/03\/beatriz_souza_ouro_gp_austria_2024.webp\",\"articleSection\":[\"Esporte\"],\"inLanguage\":\"pt-BR\",\"potentialAction\":[{\"@type\":\"CommentAction\",\"name\":\"Comment\",\"target\":[\"https:\/\/jornalpontomais.com\/site\/2024\/03\/11\/brasil-fatura-mais-2-ouros-e-1-bronze-no-grand-prix-de-judo-da-austria\/#respond\"]}]},{\"@type\":\"WebPage\",\"@id\":\"https:\/\/jornalpontomais.com\/site\/2024\/03\/11\/brasil-fatura-mais-2-ouros-e-1-bronze-no-grand-prix-de-judo-da-austria\/\",\"url\":\"https:\/\/jornalpontomais.com\/site\/2024\/03\/11\/brasil-fatura-mais-2-ouros-e-1-bronze-no-grand-prix-de-judo-da-austria\/\",\"name\":\"Brasil fatura mais 2 ouros e 1 bronze no Grand Prix de Jud\u00f4 da \u00c1ustria - Jornal Ponto Mais\",\"isPartOf\":{\"@id\":\"https:\/\/jornalpontomais.com\/site\/#website\"},\"primaryImageOfPage\":{\"@id\":\"https:\/\/jornalpontomais.com\/site\/2024\/03\/11\/brasil-fatura-mais-2-ouros-e-1-bronze-no-grand-prix-de-judo-da-austria\/#primaryimage\"},\"image\":{\"@id\":\"https:\/\/jornalpontomais.com\/site\/2024\/03\/11\/brasil-fatura-mais-2-ouros-e-1-bronze-no-grand-prix-de-judo-da-austria\/#primaryimage\"},\"thumbnailUrl\":\"https:\/\/jornalpontomais.com\/site\/wp-content\/uploads\/2024\/03\/beatriz_souza_ouro_gp_austria_2024.webp\",\"datePublished\":\"2024-03-11T12:42:50+00:00\",\"dateModified\":\"2024-03-11T12:42:51+00:00\",\"breadcrumb\":{\"@id\":\"https:\/\/jornalpontomais.com\/site\/2024\/03\/11\/brasil-fatura-mais-2-ouros-e-1-bronze-no-grand-prix-de-judo-da-austria\/#breadcrumb\"},\"inLanguage\":\"pt-BR\",\"potentialAction\":[{\"@type\":\"ReadAction\",\"target\":[\"https:\/\/jornalpontomais.com\/site\/2024\/03\/11\/brasil-fatura-mais-2-ouros-e-1-bronze-no-grand-prix-de-judo-da-austria\/\"]}]},{\"@type\":\"ImageObject\",\"inLanguage\":\"pt-BR\",\"@id\":\"https:\/\/jornalpontomais.com\/site\/2024\/03\/11\/brasil-fatura-mais-2-ouros-e-1-bronze-no-grand-prix-de-judo-da-austria\/#primaryimage\",\"url\":\"https:\/\/jornalpontomais.com\/site\/wp-content\/uploads\/2024\/03\/beatriz_souza_ouro_gp_austria_2024.webp\",\"contentUrl\":\"https:\/\/jornalpontomais.com\/site\/wp-content\/uploads\/2024\/03\/beatriz_souza_ouro_gp_austria_2024.webp\",\"width\":1170,\"height\":700},{\"@type\":\"BreadcrumbList\",\"@id\":\"https:\/\/jornalpontomais.com\/site\/2024\/03\/11\/brasil-fatura-mais-2-ouros-e-1-bronze-no-grand-prix-de-judo-da-austria\/#breadcrumb\",\"itemListElement\":[{\"@type\":\"ListItem\",\"position\":1,\"name\":\"In\u00edcio\",\"item\":\"https:\/\/jornalpontomais.com\/site\/\"},{\"@type\":\"ListItem\",\"position\":2,\"name\":\"Brasil fatura mais 2 ouros e 1 bronze no Grand Prix de Jud\u00f4 da \u00c1ustria\"}]},{\"@type\":\"WebSite\",\"@id\":\"https:\/\/jornalpontomais.com\/site\/#website\",\"url\":\"https:\/\/jornalpontomais.com\/site\/\",\"name\":\"Jornal Ponto Mais\",\"description\":\"As principais not\u00edcias do Brasil e do mundo. Confira!\",\"publisher\":{\"@id\":\"https:\/\/jornalpontomais.com\/site\/#organization\"},\"potentialAction\":[{\"@type\":\"SearchAction\",\"target\":{\"@type\":\"EntryPoint\",\"urlTemplate\":\"https:\/\/jornalpontomais.com\/site\/?s={search_term_string}\"},\"query-input\":{\"@type\":\"PropertyValueSpecification\",\"valueRequired\":true,\"valueName\":\"search_term_string\"}}],\"inLanguage\":\"pt-BR\"},{\"@type\":\"Organization\",\"@id\":\"https:\/\/jornalpontomais.com\/site\/#organization\",\"name\":\"Jornal Ponto+\",\"url\":\"https:\/\/jornalpontomais.com\/site\/\",\"logo\":{\"@type\":\"ImageObject\",\"inLanguage\":\"pt-BR\",\"@id\":\"https:\/\/jornalpontomais.com\/site\/#\/schema\/logo\/image\/\",\"url\":\"https:\/\/jornalpontomais.com\/site\/wp-content\/uploads\/2022\/01\/marca.png\",\"contentUrl\":\"https:\/\/jornalpontomais.com\/site\/wp-content\/uploads\/2022\/01\/marca.png\",\"width\":582,\"height\":148,\"caption\":\"Jornal Ponto+\"},\"image\":{\"@id\":\"https:\/\/jornalpontomais.com\/site\/#\/schema\/logo\/image\/\"}},{\"@type\":\"Person\",\"@id\":\"https:\/\/jornalpontomais.com\/site\/#\/schema\/person\/18323f0b0f1355f2490721c48389fe9d\",\"name\":\"Jornal Ponto Mais\",\"image\":{\"@type\":\"ImageObject\",\"inLanguage\":\"pt-BR\",\"@id\":\"https:\/\/secure.gravatar.com\/avatar\/2ee0a9b7fe10fe32bdec8bc086e871e41eb5f4f6ecbcb7b4f2fe0d92d831405f?s=96&d=mm&r=g\",\"url\":\"https:\/\/secure.gravatar.com\/avatar\/2ee0a9b7fe10fe32bdec8bc086e871e41eb5f4f6ecbcb7b4f2fe0d92d831405f?s=96&d=mm&r=g\",\"contentUrl\":\"https:\/\/secure.gravatar.com\/avatar\/2ee0a9b7fe10fe32bdec8bc086e871e41eb5f4f6ecbcb7b4f2fe0d92d831405f?s=96&d=mm&r=g\",\"caption\":\"Jornal Ponto Mais\"},\"sameAs\":[\"https:\/\/jornalpontomais.com\/site\",\"jornalpontomais\"],\"url\":\"https:\/\/jornalpontomais.com\/site\/author\/jornalpontomais\/\"}]}<\/script>\n<!-- \/ Yoast SEO plugin. -->","yoast_head_json":{"title":"Brasil fatura mais 2 ouros e 1 bronze no Grand Prix de Jud\u00f4 da \u00c1ustria - Jornal Ponto Mais","robots":{"index":"index","follow":"follow","max-snippet":"max-snippet:-1","max-image-preview":"max-image-preview:large","max-video-preview":"max-video-preview:-1"},"canonical":"https:\/\/jornalpontomais.com\/site\/2024\/03\/11\/brasil-fatura-mais-2-ouros-e-1-bronze-no-grand-prix-de-judo-da-austria\/","og_locale":"pt_BR","og_type":"article","og_title":"Brasil fatura mais 2 ouros e 1 bronze no Grand Prix de Jud\u00f4 da \u00c1ustria - Jornal Ponto Mais","og_description":"O Brasil fechou o \u00faltimo dia de disputas do Grand Prix de Jud\u00f4 da \u00c1ustria, em Linz, em grande estilo. Foram dois ouros &#8211; um de Beatriz Souza (+ 78 quilos) e outro de Leonardo Gon\u00e7alves (-100 kg) &#8211; e um bronze de Rafael Buzacarini (-100 kg) conquistados neste domingo (10). A competi\u00e7\u00e3o conta pontos [&hellip;]","og_url":"https:\/\/jornalpontomais.com\/site\/2024\/03\/11\/brasil-fatura-mais-2-ouros-e-1-bronze-no-grand-prix-de-judo-da-austria\/","og_site_name":"Jornal Ponto Mais","article_published_time":"2024-03-11T12:42:50+00:00","article_modified_time":"2024-03-11T12:42:51+00:00","og_image":[{"width":1170,"height":700,"url":"https:\/\/jornalpontomais.com\/site\/wp-content\/uploads\/2024\/03\/beatriz_souza_ouro_gp_austria_2024.webp","type":"image\/webp"}],"author":"Jornal Ponto Mais","twitter_card":"summary_large_image","twitter_misc":{"Escrito por":"Jornal Ponto Mais","Est. tempo de leitura":"3 minutos"},"schema":{"@context":"https:\/\/schema.org","@graph":[{"@type":"Article","@id":"https:\/\/jornalpontomais.com\/site\/2024\/03\/11\/brasil-fatura-mais-2-ouros-e-1-bronze-no-grand-prix-de-judo-da-austria\/#article","isPartOf":{"@id":"https:\/\/jornalpontomais.com\/site\/2024\/03\/11\/brasil-fatura-mais-2-ouros-e-1-bronze-no-grand-prix-de-judo-da-austria\/"},"author":{"name":"Jornal Ponto Mais","@id":"https:\/\/jornalpontomais.com\/site\/#\/schema\/person\/18323f0b0f1355f2490721c48389fe9d"},"headline":"Brasil fatura mais 2 ouros e 1 bronze no Grand Prix de Jud\u00f4 da \u00c1ustria","datePublished":"2024-03-11T12:42:50+00:00","dateModified":"2024-03-11T12:42:51+00:00","mainEntityOfPage":{"@id":"https:\/\/jornalpontomais.com\/site\/2024\/03\/11\/brasil-fatura-mais-2-ouros-e-1-bronze-no-grand-prix-de-judo-da-austria\/"},"wordCount":489,"commentCount":0,"publisher":{"@id":"https:\/\/jornalpontomais.com\/site\/#organization"},"image":{"@id":"https:\/\/jornalpontomais.com\/site\/2024\/03\/11\/brasil-fatura-mais-2-ouros-e-1-bronze-no-grand-prix-de-judo-da-austria\/#primaryimage"},"thumbnailUrl":"https:\/\/jornalpontomais.com\/site\/wp-content\/uploads\/2024\/03\/beatriz_souza_ouro_gp_austria_2024.webp","articleSection":["Esporte"],"inLanguage":"pt-BR","potentialAction":[{"@type":"CommentAction","name":"Comment","target":["https:\/\/jornalpontomais.com\/site\/2024\/03\/11\/brasil-fatura-mais-2-ouros-e-1-bronze-no-grand-prix-de-judo-da-austria\/#respond"]}]},{"@type":"WebPage","@id":"https:\/\/jornalpontomais.com\/site\/2024\/03\/11\/brasil-fatura-mais-2-ouros-e-1-bronze-no-grand-prix-de-judo-da-austria\/","url":"https:\/\/jornalpontomais.com\/site\/2024\/03\/11\/brasil-fatura-mais-2-ouros-e-1-bronze-no-grand-prix-de-judo-da-austria\/","name":"Brasil fatura mais 2 ouros e 1 bronze no Grand Prix de Jud\u00f4 da \u00c1ustria - Jornal Ponto Mais","isPartOf":{"@id":"https:\/\/jornalpontomais.com\/site\/#website"},"primaryImageOfPage":{"@id":"https:\/\/jornalpontomais.com\/site\/2024\/03\/11\/brasil-fatura-mais-2-ouros-e-1-bronze-no-grand-prix-de-judo-da-austria\/#primaryimage"},"image":{"@id":"https:\/\/jornalpontomais.com\/site\/2024\/03\/11\/brasil-fatura-mais-2-ouros-e-1-bronze-no-grand-prix-de-judo-da-austria\/#primaryimage"},"thumbnailUrl":"https:\/\/jornalpontomais.com\/site\/wp-content\/uploads\/2024\/03\/beatriz_souza_ouro_gp_austria_2024.webp","datePublished":"2024-03-11T12:42:50+00:00","dateModified":"2024-03-11T12:42:51+00:00","breadcrumb":{"@id":"https:\/\/jornalpontomais.com\/site\/2024\/03\/11\/brasil-fatura-mais-2-ouros-e-1-bronze-no-grand-prix-de-judo-da-austria\/#breadcrumb"},"inLanguage":"pt-BR","potentialAction":[{"@type":"ReadAction","target":["https:\/\/jornalpontomais.com\/site\/2024\/03\/11\/brasil-fatura-mais-2-ouros-e-1-bronze-no-grand-prix-de-judo-da-austria\/"]}]},{"@type":"ImageObject","inLanguage":"pt-BR","@id":"https:\/\/jornalpontomais.com\/site\/2024\/03\/11\/brasil-fatura-mais-2-ouros-e-1-bronze-no-grand-prix-de-judo-da-austria\/#primaryimage","url":"https:\/\/jornalpontomais.com\/site\/wp-content\/uploads\/2024\/03\/beatriz_souza_ouro_gp_austria_2024.webp","contentUrl":"https:\/\/jornalpontomais.com\/site\/wp-content\/uploads\/2024\/03\/beatriz_souza_ouro_gp_austria_2024.webp","width":1170,"height":700},{"@type":"BreadcrumbList","@id":"https:\/\/jornalpontomais.com\/site\/2024\/03\/11\/brasil-fatura-mais-2-ouros-e-1-bronze-no-grand-prix-de-judo-da-austria\/#breadcrumb","itemListElement":[{"@type":"ListItem","position":1,"name":"In\u00edcio","item":"https:\/\/jornalpontomais.com\/site\/"},{"@type":"ListItem","position":2,"name":"Brasil fatura mais 2 ouros e 1 bronze no Grand Prix de Jud\u00f4 da \u00c1ustria"}]},{"@type":"WebSite","@id":"https:\/\/jornalpontomais.com\/site\/#website","url":"https:\/\/jornalpontomais.com\/site\/","name":"Jornal Ponto Mais","description":"As principais not\u00edcias do Brasil e do mundo. Confira!","publisher":{"@id":"https:\/\/jornalpontomais.com\/site\/#organization"},"potentialAction":[{"@type":"SearchAction","target":{"@type":"EntryPoint","urlTemplate":"https:\/\/jornalpontomais.com\/site\/?s={search_term_string}"},"query-input":{"@type":"PropertyValueSpecification","valueRequired":true,"valueName":"search_term_string"}}],"inLanguage":"pt-BR"},{"@type":"Organization","@id":"https:\/\/jornalpontomais.com\/site\/#organization","name":"Jornal Ponto+","url":"https:\/\/jornalpontomais.com\/site\/","logo":{"@type":"ImageObject","inLanguage":"pt-BR","@id":"https:\/\/jornalpontomais.com\/site\/#\/schema\/logo\/image\/","url":"https:\/\/jornalpontomais.com\/site\/wp-content\/uploads\/2022\/01\/marca.png","contentUrl":"https:\/\/jornalpontomais.com\/site\/wp-content\/uploads\/2022\/01\/marca.png","width":582,"height":148,"caption":"Jornal Ponto+"},"image":{"@id":"https:\/\/jornalpontomais.com\/site\/#\/schema\/logo\/image\/"}},{"@type":"Person","@id":"https:\/\/jornalpontomais.com\/site\/#\/schema\/person\/18323f0b0f1355f2490721c48389fe9d","name":"Jornal Ponto Mais","image":{"@type":"ImageObject","inLanguage":"pt-BR","@id":"https:\/\/secure.gravatar.com\/avatar\/2ee0a9b7fe10fe32bdec8bc086e871e41eb5f4f6ecbcb7b4f2fe0d92d831405f?s=96&d=mm&r=g","url":"https:\/\/secure.gravatar.com\/avatar\/2ee0a9b7fe10fe32bdec8bc086e871e41eb5f4f6ecbcb7b4f2fe0d92d831405f?s=96&d=mm&r=g","contentUrl":"https:\/\/secure.gravatar.com\/avatar\/2ee0a9b7fe10fe32bdec8bc086e871e41eb5f4f6ecbcb7b4f2fe0d92d831405f?s=96&d=mm&r=g","caption":"Jornal Ponto Mais"},"sameAs":["https:\/\/jornalpontomais.com\/site","jornalpontomais"],"url":"https:\/\/jornalpontomais.com\/site\/author\/jornalpontomais\/"}]}},"_links":{"self":[{"href":"https:\/\/jornalpontomais.com\/site\/wp-json\/wp\/v2\/posts\/12293","targetHints":{"allow":["GET"]}}],"collection":[{"href":"https:\/\/jornalpontomais.com\/site\/wp-json\/wp\/v2\/posts"}],"about":[{"href":"https:\/\/jornalpontomais.com\/site\/wp-json\/wp\/v2\/types\/post"}],"author":[{"embeddable":true,"href":"https:\/\/jornalpontomais.com\/site\/wp-json\/wp\/v2\/users\/2"}],"replies":[{"embeddable":true,"href":"https:\/\/jornalpontomais.com\/site\/wp-json\/wp\/v2\/comments?post=12293"}],"version-history":[{"count":1,"href":"https:\/\/jornalpontomais.com\/site\/wp-json\/wp\/v2\/posts\/12293\/revisions"}],"predecessor-version":[{"id":12295,"href":"https:\/\/jornalpontomais.com\/site\/wp-json\/wp\/v2\/posts\/12293\/revisions\/12295"}],"wp:featuredmedia":[{"embeddable":true,"href":"https:\/\/jornalpontomais.com\/site\/wp-json\/wp\/v2\/media\/12294"}],"wp:attachment":[{"href":"https:\/\/jornalpontomais.com\/site\/wp-json\/wp\/v2\/media?parent=12293"}],"wp:term":[{"taxonomy":"category","embeddable":true,"href":"https:\/\/jornalpontomais.com\/site\/wp-json\/wp\/v2\/categories?post=12293"},{"taxonomy":"post_tag","embeddable":true,"href":"https:\/\/jornalpontomais.com\/site\/wp-json\/wp\/v2\/tags?post=12293"}],"curies":[{"name":"wp","href":"https:\/\/api.w.org\/{rel}","templated":true}]}}