{"id":12223,"date":"2024-03-06T10:12:12","date_gmt":"2024-03-06T13:12:12","guid":{"rendered":"https:\/\/jornalpontomais.com\/site\/?p=12223"},"modified":"2024-03-06T10:12:13","modified_gmt":"2024-03-06T13:12:13","slug":"libertadores-botafogo-e-braga-iniciam-disputa-por-vaga-na-fase-de-grupos","status":"publish","type":"post","link":"https:\/\/jornalpontomais.com\/site\/2024\/03\/06\/libertadores-botafogo-e-braga-iniciam-disputa-por-vaga-na-fase-de-grupos\/","title":{"rendered":"Libertadores: Botafogo e Braga iniciam disputa por vaga na fase de grupos"},"content":{"rendered":"\n<p>O Brasil ter\u00e1 mais um representante na fase de grupos da pr\u00f3xima edi\u00e7\u00e3o da Copa Libertadores. Esta equipe come\u00e7a a ser definida a partir das 21h30 (hor\u00e1rio de Bras\u00edlia) desta quarta-feira (6), quando Botafogo e Bragantino se enfrentam no est\u00e1dio Nilton Santos pela 3\u00aa etapa pr\u00e9via da competi\u00e7\u00e3o.<br><br><\/p>\n\n\n\n<p>A equipe que avan\u00e7ar nesta disputa se juntar\u00e1 a Fluminense, Palmeiras, S\u00e3o Paulo, Gr\u00eamio, Atl\u00e9tico-MG e Flamengo para jogar a fase de grupos do torneio de clubes mais importante da Am\u00e9rica do Sul.<br><br><\/p>\n\n\n\n<p>O Botafogo chega ao confronto em um \u00f3timo momento da temporada. Primeiro porque garantiu a vaga na 3\u00aa etapa pr\u00e9via da competi\u00e7\u00e3o ao golear o Aurora (Bol\u00edvia) por 6 a 0. Depois porque, pela \u00faltima rodada da Ta\u00e7a Guanabara do Campeonato Carioca, superou o Fluminense por 4 a 2 em uma partida na qual atuou com uma equipe alternativa. Apesar de a goleada n\u00e3o ter sido suficiente para garantir a classifica\u00e7\u00e3o para a semifinal do Estadual, os bons resultados servem de motiva\u00e7\u00e3o para o Alvinegro de General Severiano.<\/p>\n\n\n\n<figure class=\"wp-block-embed is-type-rich is-provider-twitter wp-block-embed-twitter\"><div class=\"wp-block-embed__wrapper\">\n<blockquote class=\"twitter-tweet\" data-width=\"550\" data-dnt=\"true\"><p lang=\"pt\" dir=\"ltr\">Reapresenta\u00e7\u00e3o do elenco alvinegro no Lonier. Foco no duelo pela Conmebol Libertadores, Glorioso! \ud83d\udd25\ud83d\udcaa\ud83c\udffe <a href=\"https:\/\/twitter.com\/hashtag\/VamosBOTAFOGO?src=hash&amp;ref_src=twsrc%5Etfw\">#VamosBOTAFOGO<\/a> <br><br>\ud83d\udcf8 V\u00edtor Silva\/ BFR <a href=\"https:\/\/t.co\/8OBR4gv9WX\">pic.twitter.com\/8OBR4gv9WX<\/a><\/p>&mdash; Botafogo F.R. (@Botafogo) <a href=\"https:\/\/twitter.com\/Botafogo\/status\/1764704786425749532?ref_src=twsrc%5Etfw\">March 4, 2024<\/a><\/blockquote><script async src=\"https:\/\/platform.twitter.com\/widgets.js\" charset=\"utf-8\"><\/script>\n<\/div><\/figure>\n\n\n\n<p>Agora, diante do Bragantino, a expectativa \u00e9 de que o t\u00e9cnico interino F\u00e1bio Matias mande a campo o que tem de melhor, contando com o retorno de pe\u00e7as importantes como os meio-campistas Tch\u00ea Tch\u00ea e Eduardo e o trio de ataque formado por J\u00fanior Santos, Tiquinho Soares e Savarino.<br><br><\/p>\n\n\n\n<p>O Massa Bruta tamb\u00e9m chega \u00e0 partida decisiva em um bom momento, ap\u00f3s derrotar o Santos por 1 a 0 em um jogo no qual disputou todo o segundo tempo com um homem a menos. O resultado garantiu \u00e0 equipe de Bragan\u00e7a Paulista a primeira posi\u00e7\u00e3o do Grupo C do Campeonato Paulista, competi\u00e7\u00e3o na qual j\u00e1 tem vaga garantida na fase das quartas de final, na qual medir\u00e1 for\u00e7as com a Inter de Limeira.<\/p>\n\n\n\n<figure class=\"wp-block-embed is-type-rich is-provider-twitter wp-block-embed-twitter\"><div class=\"wp-block-embed__wrapper\">\n<blockquote class=\"twitter-tweet\" data-width=\"550\" data-dnt=\"true\"><p lang=\"pt\" dir=\"ltr\">\ud83d\udccd \ud835\udc6a\ud835\udc86\ud835\udc8f\ud835\udc95\ud835\udc93\ud835\udc90 \ud835\udc85\ud835\udc86 \ud835\udc77\ud835\udc86\ud835\udc93\ud835\udc87\ud835\udc90\ud835\udc93\ud835\udc8e\ud835\udc82\ud835\udc8f\ud835\udc84\ud835\udc86 &amp; \ud835\udc6b\ud835\udc86\ud835\udc94\ud835\udc86\ud835\udc8f\ud835\udc97\ud835\udc90\ud835\udc8d\ud835\udc97\ud835\udc8a\ud835\udc8e\ud835\udc86\ud835\udc8f\ud835\udc95\ud835\udc90! <br><br>\u00daltimo trabalho antes de embarcar para o Rio! \ud83c\udfc3\u200d\u2642\ufe0f<br><br>\ud83d\udcf8: Ari Ferreira<a href=\"https:\/\/twitter.com\/hashtag\/RedBullBragantino?src=hash&amp;ref_src=twsrc%5Etfw\">#RedBullBragantino<\/a> <a href=\"https:\/\/t.co\/jAjzEUU63N\">pic.twitter.com\/jAjzEUU63N<\/a><\/p>&mdash; Red Bull Bragantino (@RedBullBraga) <a href=\"https:\/\/twitter.com\/RedBullBraga\/status\/1765049159151738977?ref_src=twsrc%5Etfw\">March 5, 2024<\/a><\/blockquote><script async src=\"https:\/\/platform.twitter.com\/widgets.js\" charset=\"utf-8\"><\/script>\n<\/div><\/figure>\n\n\n\n<p>O t\u00e9cnico Pedro Caixinha tem alguns problemas para montar sua equipe para o jogo com o Botafogo. O primeiro \u00e9 lidar com a aus\u00eancia de Henry Mosquera, Lucas Evangelista, Matheus Fernandes, Nathan Camargo e Eduardo Santos, todos com problemas f\u00edsicos. Al\u00e9m disso ele n\u00e3o conta mais com o zagueiro L\u00e9o Ortiz, que acaba de acertar com o Flamengo. Assim, o Bragantino deve entrar em campo com a seguinte forma\u00e7\u00e3o: Cleiton; Nathan Mendes, Lucas Cunha, Luan C\u00e2ndido e Juninho Capixaba; Jadsom, Eric Ramires e Lincoln; Helinho, Vitinho e Eduardo Sasha.<\/p>\n","protected":false},"excerpt":{"rendered":"<p>O Brasil ter\u00e1 mais um representante na fase de grupos da pr\u00f3xima edi\u00e7\u00e3o da Copa Libertadores. Esta equipe come\u00e7a a ser definida a partir das 21h30 (hor\u00e1rio de Bras\u00edlia) desta quarta-feira (6), quando Botafogo e Bragantino se enfrentam no est\u00e1dio Nilton Santos pela 3\u00aa etapa pr\u00e9via da competi\u00e7\u00e3o. A equipe que avan\u00e7ar nesta disputa se [&hellip;]<\/p>\n","protected":false},"author":2,"featured_media":12224,"comment_status":"open","ping_status":"open","sticky":true,"template":"","format":"standard","meta":{"om_disable_all_campaigns":false,"_monsterinsights_skip_tracking":false,"_monsterinsights_sitenote_active":false,"_monsterinsights_sitenote_note":"","_monsterinsights_sitenote_category":0,"footnotes":""},"categories":[4],"tags":[],"class_list":["post-12223","post","type-post","status-publish","format-standard","has-post-thumbnail","hentry","category-esporte"],"yoast_head":"<!-- This site is optimized with the Yoast SEO plugin v27.2 - https:\/\/yoast.com\/product\/yoast-seo-wordpress\/ -->\n<title>Libertadores: Botafogo e Braga iniciam disputa por vaga na fase de grupos - Jornal Ponto Mais<\/title>\n<meta name=\"robots\" content=\"index, follow, max-snippet:-1, max-image-preview:large, max-video-preview:-1\" \/>\n<link rel=\"canonical\" href=\"https:\/\/jornalpontomais.com\/site\/2024\/03\/06\/libertadores-botafogo-e-braga-iniciam-disputa-por-vaga-na-fase-de-grupos\/\" \/>\n<meta property=\"og:locale\" content=\"pt_BR\" \/>\n<meta property=\"og:type\" content=\"article\" \/>\n<meta property=\"og:title\" content=\"Libertadores: Botafogo e Braga iniciam disputa por vaga na fase de grupos - Jornal Ponto Mais\" \/>\n<meta property=\"og:description\" content=\"O Brasil ter\u00e1 mais um representante na fase de grupos da pr\u00f3xima edi\u00e7\u00e3o da Copa Libertadores. Esta equipe come\u00e7a a ser definida a partir das 21h30 (hor\u00e1rio de Bras\u00edlia) desta quarta-feira (6), quando Botafogo e Bragantino se enfrentam no est\u00e1dio Nilton Santos pela 3\u00aa etapa pr\u00e9via da competi\u00e7\u00e3o. A equipe que avan\u00e7ar nesta disputa se [&hellip;]\" \/>\n<meta property=\"og:url\" content=\"https:\/\/jornalpontomais.com\/site\/2024\/03\/06\/libertadores-botafogo-e-braga-iniciam-disputa-por-vaga-na-fase-de-grupos\/\" \/>\n<meta property=\"og:site_name\" content=\"Jornal Ponto Mais\" \/>\n<meta property=\"article:published_time\" content=\"2024-03-06T13:12:12+00:00\" \/>\n<meta property=\"article:modified_time\" content=\"2024-03-06T13:12:13+00:00\" \/>\n<meta property=\"og:image\" content=\"https:\/\/jornalpontomais.com\/site\/wp-content\/uploads\/2024\/03\/53136691017_b1c2e452ab_o.webp\" \/>\n\t<meta property=\"og:image:width\" content=\"1170\" \/>\n\t<meta property=\"og:image:height\" content=\"700\" \/>\n\t<meta property=\"og:image:type\" content=\"image\/webp\" \/>\n<meta name=\"author\" content=\"Jornal Ponto Mais\" \/>\n<meta name=\"twitter:card\" content=\"summary_large_image\" \/>\n<meta name=\"twitter:label1\" content=\"Escrito por\" \/>\n\t<meta name=\"twitter:data1\" content=\"Jornal Ponto Mais\" \/>\n\t<meta name=\"twitter:label2\" content=\"Est. tempo de leitura\" \/>\n\t<meta name=\"twitter:data2\" content=\"3 minutos\" \/>\n<script type=\"application\/ld+json\" class=\"yoast-schema-graph\">{\"@context\":\"https:\/\/schema.org\",\"@graph\":[{\"@type\":\"Article\",\"@id\":\"https:\/\/jornalpontomais.com\/site\/2024\/03\/06\/libertadores-botafogo-e-braga-iniciam-disputa-por-vaga-na-fase-de-grupos\/#article\",\"isPartOf\":{\"@id\":\"https:\/\/jornalpontomais.com\/site\/2024\/03\/06\/libertadores-botafogo-e-braga-iniciam-disputa-por-vaga-na-fase-de-grupos\/\"},\"author\":{\"name\":\"Jornal Ponto Mais\",\"@id\":\"https:\/\/jornalpontomais.com\/site\/#\/schema\/person\/18323f0b0f1355f2490721c48389fe9d\"},\"headline\":\"Libertadores: Botafogo e Braga iniciam disputa por vaga na fase de grupos\",\"datePublished\":\"2024-03-06T13:12:12+00:00\",\"dateModified\":\"2024-03-06T13:12:13+00:00\",\"mainEntityOfPage\":{\"@id\":\"https:\/\/jornalpontomais.com\/site\/2024\/03\/06\/libertadores-botafogo-e-braga-iniciam-disputa-por-vaga-na-fase-de-grupos\/\"},\"wordCount\":428,\"commentCount\":0,\"publisher\":{\"@id\":\"https:\/\/jornalpontomais.com\/site\/#organization\"},\"image\":{\"@id\":\"https:\/\/jornalpontomais.com\/site\/2024\/03\/06\/libertadores-botafogo-e-braga-iniciam-disputa-por-vaga-na-fase-de-grupos\/#primaryimage\"},\"thumbnailUrl\":\"https:\/\/jornalpontomais.com\/site\/wp-content\/uploads\/2024\/03\/53136691017_b1c2e452ab_o.webp\",\"articleSection\":[\"Esporte\"],\"inLanguage\":\"pt-BR\",\"potentialAction\":[{\"@type\":\"CommentAction\",\"name\":\"Comment\",\"target\":[\"https:\/\/jornalpontomais.com\/site\/2024\/03\/06\/libertadores-botafogo-e-braga-iniciam-disputa-por-vaga-na-fase-de-grupos\/#respond\"]}]},{\"@type\":\"WebPage\",\"@id\":\"https:\/\/jornalpontomais.com\/site\/2024\/03\/06\/libertadores-botafogo-e-braga-iniciam-disputa-por-vaga-na-fase-de-grupos\/\",\"url\":\"https:\/\/jornalpontomais.com\/site\/2024\/03\/06\/libertadores-botafogo-e-braga-iniciam-disputa-por-vaga-na-fase-de-grupos\/\",\"name\":\"Libertadores: Botafogo e Braga iniciam disputa por vaga na fase de grupos - Jornal Ponto Mais\",\"isPartOf\":{\"@id\":\"https:\/\/jornalpontomais.com\/site\/#website\"},\"primaryImageOfPage\":{\"@id\":\"https:\/\/jornalpontomais.com\/site\/2024\/03\/06\/libertadores-botafogo-e-braga-iniciam-disputa-por-vaga-na-fase-de-grupos\/#primaryimage\"},\"image\":{\"@id\":\"https:\/\/jornalpontomais.com\/site\/2024\/03\/06\/libertadores-botafogo-e-braga-iniciam-disputa-por-vaga-na-fase-de-grupos\/#primaryimage\"},\"thumbnailUrl\":\"https:\/\/jornalpontomais.com\/site\/wp-content\/uploads\/2024\/03\/53136691017_b1c2e452ab_o.webp\",\"datePublished\":\"2024-03-06T13:12:12+00:00\",\"dateModified\":\"2024-03-06T13:12:13+00:00\",\"breadcrumb\":{\"@id\":\"https:\/\/jornalpontomais.com\/site\/2024\/03\/06\/libertadores-botafogo-e-braga-iniciam-disputa-por-vaga-na-fase-de-grupos\/#breadcrumb\"},\"inLanguage\":\"pt-BR\",\"potentialAction\":[{\"@type\":\"ReadAction\",\"target\":[\"https:\/\/jornalpontomais.com\/site\/2024\/03\/06\/libertadores-botafogo-e-braga-iniciam-disputa-por-vaga-na-fase-de-grupos\/\"]}]},{\"@type\":\"ImageObject\",\"inLanguage\":\"pt-BR\",\"@id\":\"https:\/\/jornalpontomais.com\/site\/2024\/03\/06\/libertadores-botafogo-e-braga-iniciam-disputa-por-vaga-na-fase-de-grupos\/#primaryimage\",\"url\":\"https:\/\/jornalpontomais.com\/site\/wp-content\/uploads\/2024\/03\/53136691017_b1c2e452ab_o.webp\",\"contentUrl\":\"https:\/\/jornalpontomais.com\/site\/wp-content\/uploads\/2024\/03\/53136691017_b1c2e452ab_o.webp\",\"width\":1170,\"height\":700},{\"@type\":\"BreadcrumbList\",\"@id\":\"https:\/\/jornalpontomais.com\/site\/2024\/03\/06\/libertadores-botafogo-e-braga-iniciam-disputa-por-vaga-na-fase-de-grupos\/#breadcrumb\",\"itemListElement\":[{\"@type\":\"ListItem\",\"position\":1,\"name\":\"In\u00edcio\",\"item\":\"https:\/\/jornalpontomais.com\/site\/\"},{\"@type\":\"ListItem\",\"position\":2,\"name\":\"Libertadores: Botafogo e Braga iniciam disputa por vaga na fase de grupos\"}]},{\"@type\":\"WebSite\",\"@id\":\"https:\/\/jornalpontomais.com\/site\/#website\",\"url\":\"https:\/\/jornalpontomais.com\/site\/\",\"name\":\"Jornal Ponto Mais\",\"description\":\"As principais not\u00edcias do Brasil e do mundo. Confira!\",\"publisher\":{\"@id\":\"https:\/\/jornalpontomais.com\/site\/#organization\"},\"potentialAction\":[{\"@type\":\"SearchAction\",\"target\":{\"@type\":\"EntryPoint\",\"urlTemplate\":\"https:\/\/jornalpontomais.com\/site\/?s={search_term_string}\"},\"query-input\":{\"@type\":\"PropertyValueSpecification\",\"valueRequired\":true,\"valueName\":\"search_term_string\"}}],\"inLanguage\":\"pt-BR\"},{\"@type\":\"Organization\",\"@id\":\"https:\/\/jornalpontomais.com\/site\/#organization\",\"name\":\"Jornal Ponto+\",\"url\":\"https:\/\/jornalpontomais.com\/site\/\",\"logo\":{\"@type\":\"ImageObject\",\"inLanguage\":\"pt-BR\",\"@id\":\"https:\/\/jornalpontomais.com\/site\/#\/schema\/logo\/image\/\",\"url\":\"https:\/\/jornalpontomais.com\/site\/wp-content\/uploads\/2022\/01\/marca.png\",\"contentUrl\":\"https:\/\/jornalpontomais.com\/site\/wp-content\/uploads\/2022\/01\/marca.png\",\"width\":582,\"height\":148,\"caption\":\"Jornal Ponto+\"},\"image\":{\"@id\":\"https:\/\/jornalpontomais.com\/site\/#\/schema\/logo\/image\/\"}},{\"@type\":\"Person\",\"@id\":\"https:\/\/jornalpontomais.com\/site\/#\/schema\/person\/18323f0b0f1355f2490721c48389fe9d\",\"name\":\"Jornal Ponto Mais\",\"image\":{\"@type\":\"ImageObject\",\"inLanguage\":\"pt-BR\",\"@id\":\"https:\/\/secure.gravatar.com\/avatar\/2ee0a9b7fe10fe32bdec8bc086e871e41eb5f4f6ecbcb7b4f2fe0d92d831405f?s=96&d=mm&r=g\",\"url\":\"https:\/\/secure.gravatar.com\/avatar\/2ee0a9b7fe10fe32bdec8bc086e871e41eb5f4f6ecbcb7b4f2fe0d92d831405f?s=96&d=mm&r=g\",\"contentUrl\":\"https:\/\/secure.gravatar.com\/avatar\/2ee0a9b7fe10fe32bdec8bc086e871e41eb5f4f6ecbcb7b4f2fe0d92d831405f?s=96&d=mm&r=g\",\"caption\":\"Jornal Ponto Mais\"},\"sameAs\":[\"https:\/\/jornalpontomais.com\/site\",\"jornalpontomais\"],\"url\":\"https:\/\/jornalpontomais.com\/site\/author\/jornalpontomais\/\"}]}<\/script>\n<!-- \/ Yoast SEO plugin. -->","yoast_head_json":{"title":"Libertadores: Botafogo e Braga iniciam disputa por vaga na fase de grupos - Jornal Ponto Mais","robots":{"index":"index","follow":"follow","max-snippet":"max-snippet:-1","max-image-preview":"max-image-preview:large","max-video-preview":"max-video-preview:-1"},"canonical":"https:\/\/jornalpontomais.com\/site\/2024\/03\/06\/libertadores-botafogo-e-braga-iniciam-disputa-por-vaga-na-fase-de-grupos\/","og_locale":"pt_BR","og_type":"article","og_title":"Libertadores: Botafogo e Braga iniciam disputa por vaga na fase de grupos - Jornal Ponto Mais","og_description":"O Brasil ter\u00e1 mais um representante na fase de grupos da pr\u00f3xima edi\u00e7\u00e3o da Copa Libertadores. Esta equipe come\u00e7a a ser definida a partir das 21h30 (hor\u00e1rio de Bras\u00edlia) desta quarta-feira (6), quando Botafogo e Bragantino se enfrentam no est\u00e1dio Nilton Santos pela 3\u00aa etapa pr\u00e9via da competi\u00e7\u00e3o. A equipe que avan\u00e7ar nesta disputa se [&hellip;]","og_url":"https:\/\/jornalpontomais.com\/site\/2024\/03\/06\/libertadores-botafogo-e-braga-iniciam-disputa-por-vaga-na-fase-de-grupos\/","og_site_name":"Jornal Ponto Mais","article_published_time":"2024-03-06T13:12:12+00:00","article_modified_time":"2024-03-06T13:12:13+00:00","og_image":[{"width":1170,"height":700,"url":"https:\/\/jornalpontomais.com\/site\/wp-content\/uploads\/2024\/03\/53136691017_b1c2e452ab_o.webp","type":"image\/webp"}],"author":"Jornal Ponto Mais","twitter_card":"summary_large_image","twitter_misc":{"Escrito por":"Jornal Ponto Mais","Est. tempo de leitura":"3 minutos"},"schema":{"@context":"https:\/\/schema.org","@graph":[{"@type":"Article","@id":"https:\/\/jornalpontomais.com\/site\/2024\/03\/06\/libertadores-botafogo-e-braga-iniciam-disputa-por-vaga-na-fase-de-grupos\/#article","isPartOf":{"@id":"https:\/\/jornalpontomais.com\/site\/2024\/03\/06\/libertadores-botafogo-e-braga-iniciam-disputa-por-vaga-na-fase-de-grupos\/"},"author":{"name":"Jornal Ponto Mais","@id":"https:\/\/jornalpontomais.com\/site\/#\/schema\/person\/18323f0b0f1355f2490721c48389fe9d"},"headline":"Libertadores: Botafogo e Braga iniciam disputa por vaga na fase de grupos","datePublished":"2024-03-06T13:12:12+00:00","dateModified":"2024-03-06T13:12:13+00:00","mainEntityOfPage":{"@id":"https:\/\/jornalpontomais.com\/site\/2024\/03\/06\/libertadores-botafogo-e-braga-iniciam-disputa-por-vaga-na-fase-de-grupos\/"},"wordCount":428,"commentCount":0,"publisher":{"@id":"https:\/\/jornalpontomais.com\/site\/#organization"},"image":{"@id":"https:\/\/jornalpontomais.com\/site\/2024\/03\/06\/libertadores-botafogo-e-braga-iniciam-disputa-por-vaga-na-fase-de-grupos\/#primaryimage"},"thumbnailUrl":"https:\/\/jornalpontomais.com\/site\/wp-content\/uploads\/2024\/03\/53136691017_b1c2e452ab_o.webp","articleSection":["Esporte"],"inLanguage":"pt-BR","potentialAction":[{"@type":"CommentAction","name":"Comment","target":["https:\/\/jornalpontomais.com\/site\/2024\/03\/06\/libertadores-botafogo-e-braga-iniciam-disputa-por-vaga-na-fase-de-grupos\/#respond"]}]},{"@type":"WebPage","@id":"https:\/\/jornalpontomais.com\/site\/2024\/03\/06\/libertadores-botafogo-e-braga-iniciam-disputa-por-vaga-na-fase-de-grupos\/","url":"https:\/\/jornalpontomais.com\/site\/2024\/03\/06\/libertadores-botafogo-e-braga-iniciam-disputa-por-vaga-na-fase-de-grupos\/","name":"Libertadores: Botafogo e Braga iniciam disputa por vaga na fase de grupos - Jornal Ponto Mais","isPartOf":{"@id":"https:\/\/jornalpontomais.com\/site\/#website"},"primaryImageOfPage":{"@id":"https:\/\/jornalpontomais.com\/site\/2024\/03\/06\/libertadores-botafogo-e-braga-iniciam-disputa-por-vaga-na-fase-de-grupos\/#primaryimage"},"image":{"@id":"https:\/\/jornalpontomais.com\/site\/2024\/03\/06\/libertadores-botafogo-e-braga-iniciam-disputa-por-vaga-na-fase-de-grupos\/#primaryimage"},"thumbnailUrl":"https:\/\/jornalpontomais.com\/site\/wp-content\/uploads\/2024\/03\/53136691017_b1c2e452ab_o.webp","datePublished":"2024-03-06T13:12:12+00:00","dateModified":"2024-03-06T13:12:13+00:00","breadcrumb":{"@id":"https:\/\/jornalpontomais.com\/site\/2024\/03\/06\/libertadores-botafogo-e-braga-iniciam-disputa-por-vaga-na-fase-de-grupos\/#breadcrumb"},"inLanguage":"pt-BR","potentialAction":[{"@type":"ReadAction","target":["https:\/\/jornalpontomais.com\/site\/2024\/03\/06\/libertadores-botafogo-e-braga-iniciam-disputa-por-vaga-na-fase-de-grupos\/"]}]},{"@type":"ImageObject","inLanguage":"pt-BR","@id":"https:\/\/jornalpontomais.com\/site\/2024\/03\/06\/libertadores-botafogo-e-braga-iniciam-disputa-por-vaga-na-fase-de-grupos\/#primaryimage","url":"https:\/\/jornalpontomais.com\/site\/wp-content\/uploads\/2024\/03\/53136691017_b1c2e452ab_o.webp","contentUrl":"https:\/\/jornalpontomais.com\/site\/wp-content\/uploads\/2024\/03\/53136691017_b1c2e452ab_o.webp","width":1170,"height":700},{"@type":"BreadcrumbList","@id":"https:\/\/jornalpontomais.com\/site\/2024\/03\/06\/libertadores-botafogo-e-braga-iniciam-disputa-por-vaga-na-fase-de-grupos\/#breadcrumb","itemListElement":[{"@type":"ListItem","position":1,"name":"In\u00edcio","item":"https:\/\/jornalpontomais.com\/site\/"},{"@type":"ListItem","position":2,"name":"Libertadores: Botafogo e Braga iniciam disputa por vaga na fase de grupos"}]},{"@type":"WebSite","@id":"https:\/\/jornalpontomais.com\/site\/#website","url":"https:\/\/jornalpontomais.com\/site\/","name":"Jornal Ponto Mais","description":"As principais not\u00edcias do Brasil e do mundo. Confira!","publisher":{"@id":"https:\/\/jornalpontomais.com\/site\/#organization"},"potentialAction":[{"@type":"SearchAction","target":{"@type":"EntryPoint","urlTemplate":"https:\/\/jornalpontomais.com\/site\/?s={search_term_string}"},"query-input":{"@type":"PropertyValueSpecification","valueRequired":true,"valueName":"search_term_string"}}],"inLanguage":"pt-BR"},{"@type":"Organization","@id":"https:\/\/jornalpontomais.com\/site\/#organization","name":"Jornal Ponto+","url":"https:\/\/jornalpontomais.com\/site\/","logo":{"@type":"ImageObject","inLanguage":"pt-BR","@id":"https:\/\/jornalpontomais.com\/site\/#\/schema\/logo\/image\/","url":"https:\/\/jornalpontomais.com\/site\/wp-content\/uploads\/2022\/01\/marca.png","contentUrl":"https:\/\/jornalpontomais.com\/site\/wp-content\/uploads\/2022\/01\/marca.png","width":582,"height":148,"caption":"Jornal Ponto+"},"image":{"@id":"https:\/\/jornalpontomais.com\/site\/#\/schema\/logo\/image\/"}},{"@type":"Person","@id":"https:\/\/jornalpontomais.com\/site\/#\/schema\/person\/18323f0b0f1355f2490721c48389fe9d","name":"Jornal Ponto Mais","image":{"@type":"ImageObject","inLanguage":"pt-BR","@id":"https:\/\/secure.gravatar.com\/avatar\/2ee0a9b7fe10fe32bdec8bc086e871e41eb5f4f6ecbcb7b4f2fe0d92d831405f?s=96&d=mm&r=g","url":"https:\/\/secure.gravatar.com\/avatar\/2ee0a9b7fe10fe32bdec8bc086e871e41eb5f4f6ecbcb7b4f2fe0d92d831405f?s=96&d=mm&r=g","contentUrl":"https:\/\/secure.gravatar.com\/avatar\/2ee0a9b7fe10fe32bdec8bc086e871e41eb5f4f6ecbcb7b4f2fe0d92d831405f?s=96&d=mm&r=g","caption":"Jornal Ponto Mais"},"sameAs":["https:\/\/jornalpontomais.com\/site","jornalpontomais"],"url":"https:\/\/jornalpontomais.com\/site\/author\/jornalpontomais\/"}]}},"_links":{"self":[{"href":"https:\/\/jornalpontomais.com\/site\/wp-json\/wp\/v2\/posts\/12223","targetHints":{"allow":["GET"]}}],"collection":[{"href":"https:\/\/jornalpontomais.com\/site\/wp-json\/wp\/v2\/posts"}],"about":[{"href":"https:\/\/jornalpontomais.com\/site\/wp-json\/wp\/v2\/types\/post"}],"author":[{"embeddable":true,"href":"https:\/\/jornalpontomais.com\/site\/wp-json\/wp\/v2\/users\/2"}],"replies":[{"embeddable":true,"href":"https:\/\/jornalpontomais.com\/site\/wp-json\/wp\/v2\/comments?post=12223"}],"version-history":[{"count":1,"href":"https:\/\/jornalpontomais.com\/site\/wp-json\/wp\/v2\/posts\/12223\/revisions"}],"predecessor-version":[{"id":12225,"href":"https:\/\/jornalpontomais.com\/site\/wp-json\/wp\/v2\/posts\/12223\/revisions\/12225"}],"wp:featuredmedia":[{"embeddable":true,"href":"https:\/\/jornalpontomais.com\/site\/wp-json\/wp\/v2\/media\/12224"}],"wp:attachment":[{"href":"https:\/\/jornalpontomais.com\/site\/wp-json\/wp\/v2\/media?parent=12223"}],"wp:term":[{"taxonomy":"category","embeddable":true,"href":"https:\/\/jornalpontomais.com\/site\/wp-json\/wp\/v2\/categories?post=12223"},{"taxonomy":"post_tag","embeddable":true,"href":"https:\/\/jornalpontomais.com\/site\/wp-json\/wp\/v2\/tags?post=12223"}],"curies":[{"name":"wp","href":"https:\/\/api.w.org\/{rel}","templated":true}]}}