{"id":12220,"date":"2024-03-06T09:45:49","date_gmt":"2024-03-06T12:45:49","guid":{"rendered":"https:\/\/jornalpontomais.com\/site\/?p=12220"},"modified":"2024-03-06T09:45:50","modified_gmt":"2024-03-06T12:45:50","slug":"preco-da-cesta-de-derivados-lacteos-tem-aumento-de-496-em-fevereiro","status":"publish","type":"post","link":"https:\/\/jornalpontomais.com\/site\/2024\/03\/06\/preco-da-cesta-de-derivados-lacteos-tem-aumento-de-496-em-fevereiro\/","title":{"rendered":"Pre\u00e7o da cesta de derivados l\u00e1cteos tem aumento de 4,96% em fevereiro"},"content":{"rendered":"\n<p>A edi\u00e7\u00e3o de fevereiro do Boletim de Mercado do Setor L\u00e1cteo Goiano, que compara os pre\u00e7os m\u00e9dios da cesta de derivados l\u00e1cteos, mostra um aumento em compara\u00e7\u00e3o com o m\u00eas anterior. Na m\u00e9dia ponderada, a cesta apresentou varia\u00e7\u00e3o positiva de 4,96%.<br><br><\/p>\n\n\n\n<p>O pre\u00e7o m\u00e9dio com maior aumento foi o leite UHT integral (+10,23%). Na sequ\u00eancia, vieram: creme de leite a granel (+7,47%), queijo mu\u00e7arela (+4,55%) e leite em p\u00f3 integral (+4,47%). S\u00f3 foi registrada queda no pre\u00e7o m\u00e9dio do leite condensado (-1,77%). Os resultados foram apresentados durante reuni\u00e3o da C\u00e2mara T\u00e9cnica e de Concilia\u00e7\u00e3o da Cadeia L\u00e1ctea de Goi\u00e1s nesta sexta-feira (1\u00b0\/03).<br><br><\/p>\n\n\n\n<p>O Secret\u00e1rio de Estado de Agricultura, Pecu\u00e1ria e Abastecimento, Pedro Leonardo Rezende, destaca que o levantamento fornece uma refer\u00eancia para o com\u00e9rcio de produtos l\u00e1cteos ao permitir a an\u00e1lise fundamentada das din\u00e2micas do mercado. \u201cEssa transpar\u00eancia \u00e9 fundamental para os agentes envolvidos na cadeia produtiva, contribuindo para decis\u00f5es informadas e estrat\u00e9gias eficazes dentro do setor\u201d.<br><br><\/p>\n\n\n\n<p><strong>Boletim <\/strong><\/p>\n\n\n\n<p>Na edi\u00e7\u00e3o de fevereiro do Boletim de Mercado do Setor L\u00e1cteo Goiano, \u00e9 poss\u00edvel verificar tamb\u00e9m a varia\u00e7\u00e3o mensal do \u00edndice de pre\u00e7os da cesta de derivados l\u00e1cteos nos \u00faltimos 12 meses. Clique e acesse:\u00a0<a href=\"https:\/\/www.agricultura.go.gov.br\/files\/2024\/BOLETIMDOLEITE-Fevereiro2024.pdf\">https:\/\/www.agricultura.go.gov.br\/files\/2024\/BOLETIMDOLEITE-Fevereiro2024.pdf<\/a>\u00a0<br><br><\/p>\n\n\n\n<p>O informativo \u00e9 uma parceria entre Secretaria de Estado de Agricultura, Pecu\u00e1ria e Abastecimento (Seapa), Secretaria-Geral da Governadoria (SGG), Instituto Mauro Borges (IMB), Secretaria de Estado da Economia, Sindicato das Ind\u00fastrias de Latic\u00ednios no Estado de Goi\u00e1s (Sindileite) e Federa\u00e7\u00e3o da Agricultura e Pecu\u00e1ria de Goi\u00e1s (Faeg).<\/p>\n","protected":false},"excerpt":{"rendered":"<p>A edi\u00e7\u00e3o de fevereiro do Boletim de Mercado do Setor L\u00e1cteo Goiano, que compara os pre\u00e7os m\u00e9dios da cesta de derivados l\u00e1cteos, mostra um aumento em compara\u00e7\u00e3o com o m\u00eas anterior. Na m\u00e9dia ponderada, a cesta apresentou varia\u00e7\u00e3o positiva de 4,96%. O pre\u00e7o m\u00e9dio com maior aumento foi o leite UHT integral (+10,23%). Na sequ\u00eancia, [&hellip;]<\/p>\n","protected":false},"author":2,"featured_media":12221,"comment_status":"open","ping_status":"open","sticky":true,"template":"","format":"standard","meta":{"om_disable_all_campaigns":false,"_monsterinsights_skip_tracking":false,"_monsterinsights_sitenote_active":false,"_monsterinsights_sitenote_note":"","_monsterinsights_sitenote_category":0,"footnotes":""},"categories":[37],"tags":[],"class_list":["post-12220","post","type-post","status-publish","format-standard","has-post-thumbnail","hentry","category-economia"],"yoast_head":"<!-- This site is optimized with the Yoast SEO plugin v27.2 - https:\/\/yoast.com\/product\/yoast-seo-wordpress\/ -->\n<title>Pre\u00e7o da cesta de derivados l\u00e1cteos tem aumento de 4,96% em fevereiro - Jornal Ponto Mais<\/title>\n<meta name=\"robots\" content=\"index, follow, max-snippet:-1, max-image-preview:large, max-video-preview:-1\" \/>\n<link rel=\"canonical\" href=\"https:\/\/jornalpontomais.com\/site\/2024\/03\/06\/preco-da-cesta-de-derivados-lacteos-tem-aumento-de-496-em-fevereiro\/\" \/>\n<meta property=\"og:locale\" content=\"pt_BR\" \/>\n<meta property=\"og:type\" content=\"article\" \/>\n<meta property=\"og:title\" content=\"Pre\u00e7o da cesta de derivados l\u00e1cteos tem aumento de 4,96% em fevereiro - Jornal Ponto Mais\" \/>\n<meta property=\"og:description\" content=\"A edi\u00e7\u00e3o de fevereiro do Boletim de Mercado do Setor L\u00e1cteo Goiano, que compara os pre\u00e7os m\u00e9dios da cesta de derivados l\u00e1cteos, mostra um aumento em compara\u00e7\u00e3o com o m\u00eas anterior. Na m\u00e9dia ponderada, a cesta apresentou varia\u00e7\u00e3o positiva de 4,96%. O pre\u00e7o m\u00e9dio com maior aumento foi o leite UHT integral (+10,23%). Na sequ\u00eancia, [&hellip;]\" \/>\n<meta property=\"og:url\" content=\"https:\/\/jornalpontomais.com\/site\/2024\/03\/06\/preco-da-cesta-de-derivados-lacteos-tem-aumento-de-496-em-fevereiro\/\" \/>\n<meta property=\"og:site_name\" content=\"Jornal Ponto Mais\" \/>\n<meta property=\"article:published_time\" content=\"2024-03-06T12:45:49+00:00\" \/>\n<meta property=\"article:modified_time\" content=\"2024-03-06T12:45:50+00:00\" \/>\n<meta property=\"og:image\" content=\"https:\/\/jornalpontomais.com\/site\/wp-content\/uploads\/2024\/03\/Leite-desnatado-2.webp\" \/>\n\t<meta property=\"og:image:width\" content=\"1024\" \/>\n\t<meta property=\"og:image:height\" content=\"683\" \/>\n\t<meta property=\"og:image:type\" content=\"image\/webp\" \/>\n<meta name=\"author\" content=\"Jornal Ponto Mais\" \/>\n<meta name=\"twitter:card\" content=\"summary_large_image\" \/>\n<meta name=\"twitter:label1\" content=\"Escrito por\" \/>\n\t<meta name=\"twitter:data1\" content=\"Jornal Ponto Mais\" \/>\n\t<meta name=\"twitter:label2\" content=\"Est. tempo de leitura\" \/>\n\t<meta name=\"twitter:data2\" content=\"2 minutos\" \/>\n<script type=\"application\/ld+json\" class=\"yoast-schema-graph\">{\"@context\":\"https:\/\/schema.org\",\"@graph\":[{\"@type\":\"Article\",\"@id\":\"https:\/\/jornalpontomais.com\/site\/2024\/03\/06\/preco-da-cesta-de-derivados-lacteos-tem-aumento-de-496-em-fevereiro\/#article\",\"isPartOf\":{\"@id\":\"https:\/\/jornalpontomais.com\/site\/2024\/03\/06\/preco-da-cesta-de-derivados-lacteos-tem-aumento-de-496-em-fevereiro\/\"},\"author\":{\"name\":\"Jornal Ponto Mais\",\"@id\":\"https:\/\/jornalpontomais.com\/site\/#\/schema\/person\/18323f0b0f1355f2490721c48389fe9d\"},\"headline\":\"Pre\u00e7o da cesta de derivados l\u00e1cteos tem aumento de 4,96% em fevereiro\",\"datePublished\":\"2024-03-06T12:45:49+00:00\",\"dateModified\":\"2024-03-06T12:45:50+00:00\",\"mainEntityOfPage\":{\"@id\":\"https:\/\/jornalpontomais.com\/site\/2024\/03\/06\/preco-da-cesta-de-derivados-lacteos-tem-aumento-de-496-em-fevereiro\/\"},\"wordCount\":297,\"commentCount\":0,\"publisher\":{\"@id\":\"https:\/\/jornalpontomais.com\/site\/#organization\"},\"image\":{\"@id\":\"https:\/\/jornalpontomais.com\/site\/2024\/03\/06\/preco-da-cesta-de-derivados-lacteos-tem-aumento-de-496-em-fevereiro\/#primaryimage\"},\"thumbnailUrl\":\"https:\/\/jornalpontomais.com\/site\/wp-content\/uploads\/2024\/03\/Leite-desnatado-2.webp\",\"articleSection\":[\"Economia\"],\"inLanguage\":\"pt-BR\",\"potentialAction\":[{\"@type\":\"CommentAction\",\"name\":\"Comment\",\"target\":[\"https:\/\/jornalpontomais.com\/site\/2024\/03\/06\/preco-da-cesta-de-derivados-lacteos-tem-aumento-de-496-em-fevereiro\/#respond\"]}]},{\"@type\":\"WebPage\",\"@id\":\"https:\/\/jornalpontomais.com\/site\/2024\/03\/06\/preco-da-cesta-de-derivados-lacteos-tem-aumento-de-496-em-fevereiro\/\",\"url\":\"https:\/\/jornalpontomais.com\/site\/2024\/03\/06\/preco-da-cesta-de-derivados-lacteos-tem-aumento-de-496-em-fevereiro\/\",\"name\":\"Pre\u00e7o da cesta de derivados l\u00e1cteos tem aumento de 4,96% em fevereiro - Jornal Ponto Mais\",\"isPartOf\":{\"@id\":\"https:\/\/jornalpontomais.com\/site\/#website\"},\"primaryImageOfPage\":{\"@id\":\"https:\/\/jornalpontomais.com\/site\/2024\/03\/06\/preco-da-cesta-de-derivados-lacteos-tem-aumento-de-496-em-fevereiro\/#primaryimage\"},\"image\":{\"@id\":\"https:\/\/jornalpontomais.com\/site\/2024\/03\/06\/preco-da-cesta-de-derivados-lacteos-tem-aumento-de-496-em-fevereiro\/#primaryimage\"},\"thumbnailUrl\":\"https:\/\/jornalpontomais.com\/site\/wp-content\/uploads\/2024\/03\/Leite-desnatado-2.webp\",\"datePublished\":\"2024-03-06T12:45:49+00:00\",\"dateModified\":\"2024-03-06T12:45:50+00:00\",\"breadcrumb\":{\"@id\":\"https:\/\/jornalpontomais.com\/site\/2024\/03\/06\/preco-da-cesta-de-derivados-lacteos-tem-aumento-de-496-em-fevereiro\/#breadcrumb\"},\"inLanguage\":\"pt-BR\",\"potentialAction\":[{\"@type\":\"ReadAction\",\"target\":[\"https:\/\/jornalpontomais.com\/site\/2024\/03\/06\/preco-da-cesta-de-derivados-lacteos-tem-aumento-de-496-em-fevereiro\/\"]}]},{\"@type\":\"ImageObject\",\"inLanguage\":\"pt-BR\",\"@id\":\"https:\/\/jornalpontomais.com\/site\/2024\/03\/06\/preco-da-cesta-de-derivados-lacteos-tem-aumento-de-496-em-fevereiro\/#primaryimage\",\"url\":\"https:\/\/jornalpontomais.com\/site\/wp-content\/uploads\/2024\/03\/Leite-desnatado-2.webp\",\"contentUrl\":\"https:\/\/jornalpontomais.com\/site\/wp-content\/uploads\/2024\/03\/Leite-desnatado-2.webp\",\"width\":1024,\"height\":683},{\"@type\":\"BreadcrumbList\",\"@id\":\"https:\/\/jornalpontomais.com\/site\/2024\/03\/06\/preco-da-cesta-de-derivados-lacteos-tem-aumento-de-496-em-fevereiro\/#breadcrumb\",\"itemListElement\":[{\"@type\":\"ListItem\",\"position\":1,\"name\":\"In\u00edcio\",\"item\":\"https:\/\/jornalpontomais.com\/site\/\"},{\"@type\":\"ListItem\",\"position\":2,\"name\":\"Pre\u00e7o da cesta de derivados l\u00e1cteos tem aumento de 4,96% em fevereiro\"}]},{\"@type\":\"WebSite\",\"@id\":\"https:\/\/jornalpontomais.com\/site\/#website\",\"url\":\"https:\/\/jornalpontomais.com\/site\/\",\"name\":\"Jornal Ponto Mais\",\"description\":\"As principais not\u00edcias do Brasil e do mundo. Confira!\",\"publisher\":{\"@id\":\"https:\/\/jornalpontomais.com\/site\/#organization\"},\"potentialAction\":[{\"@type\":\"SearchAction\",\"target\":{\"@type\":\"EntryPoint\",\"urlTemplate\":\"https:\/\/jornalpontomais.com\/site\/?s={search_term_string}\"},\"query-input\":{\"@type\":\"PropertyValueSpecification\",\"valueRequired\":true,\"valueName\":\"search_term_string\"}}],\"inLanguage\":\"pt-BR\"},{\"@type\":\"Organization\",\"@id\":\"https:\/\/jornalpontomais.com\/site\/#organization\",\"name\":\"Jornal Ponto+\",\"url\":\"https:\/\/jornalpontomais.com\/site\/\",\"logo\":{\"@type\":\"ImageObject\",\"inLanguage\":\"pt-BR\",\"@id\":\"https:\/\/jornalpontomais.com\/site\/#\/schema\/logo\/image\/\",\"url\":\"https:\/\/jornalpontomais.com\/site\/wp-content\/uploads\/2022\/01\/marca.png\",\"contentUrl\":\"https:\/\/jornalpontomais.com\/site\/wp-content\/uploads\/2022\/01\/marca.png\",\"width\":582,\"height\":148,\"caption\":\"Jornal Ponto+\"},\"image\":{\"@id\":\"https:\/\/jornalpontomais.com\/site\/#\/schema\/logo\/image\/\"}},{\"@type\":\"Person\",\"@id\":\"https:\/\/jornalpontomais.com\/site\/#\/schema\/person\/18323f0b0f1355f2490721c48389fe9d\",\"name\":\"Jornal Ponto Mais\",\"image\":{\"@type\":\"ImageObject\",\"inLanguage\":\"pt-BR\",\"@id\":\"https:\/\/secure.gravatar.com\/avatar\/2ee0a9b7fe10fe32bdec8bc086e871e41eb5f4f6ecbcb7b4f2fe0d92d831405f?s=96&d=mm&r=g\",\"url\":\"https:\/\/secure.gravatar.com\/avatar\/2ee0a9b7fe10fe32bdec8bc086e871e41eb5f4f6ecbcb7b4f2fe0d92d831405f?s=96&d=mm&r=g\",\"contentUrl\":\"https:\/\/secure.gravatar.com\/avatar\/2ee0a9b7fe10fe32bdec8bc086e871e41eb5f4f6ecbcb7b4f2fe0d92d831405f?s=96&d=mm&r=g\",\"caption\":\"Jornal Ponto Mais\"},\"sameAs\":[\"https:\/\/jornalpontomais.com\/site\",\"jornalpontomais\"],\"url\":\"https:\/\/jornalpontomais.com\/site\/author\/jornalpontomais\/\"}]}<\/script>\n<!-- \/ Yoast SEO plugin. -->","yoast_head_json":{"title":"Pre\u00e7o da cesta de derivados l\u00e1cteos tem aumento de 4,96% em fevereiro - Jornal Ponto Mais","robots":{"index":"index","follow":"follow","max-snippet":"max-snippet:-1","max-image-preview":"max-image-preview:large","max-video-preview":"max-video-preview:-1"},"canonical":"https:\/\/jornalpontomais.com\/site\/2024\/03\/06\/preco-da-cesta-de-derivados-lacteos-tem-aumento-de-496-em-fevereiro\/","og_locale":"pt_BR","og_type":"article","og_title":"Pre\u00e7o da cesta de derivados l\u00e1cteos tem aumento de 4,96% em fevereiro - Jornal Ponto Mais","og_description":"A edi\u00e7\u00e3o de fevereiro do Boletim de Mercado do Setor L\u00e1cteo Goiano, que compara os pre\u00e7os m\u00e9dios da cesta de derivados l\u00e1cteos, mostra um aumento em compara\u00e7\u00e3o com o m\u00eas anterior. Na m\u00e9dia ponderada, a cesta apresentou varia\u00e7\u00e3o positiva de 4,96%. O pre\u00e7o m\u00e9dio com maior aumento foi o leite UHT integral (+10,23%). Na sequ\u00eancia, [&hellip;]","og_url":"https:\/\/jornalpontomais.com\/site\/2024\/03\/06\/preco-da-cesta-de-derivados-lacteos-tem-aumento-de-496-em-fevereiro\/","og_site_name":"Jornal Ponto Mais","article_published_time":"2024-03-06T12:45:49+00:00","article_modified_time":"2024-03-06T12:45:50+00:00","og_image":[{"width":1024,"height":683,"url":"https:\/\/jornalpontomais.com\/site\/wp-content\/uploads\/2024\/03\/Leite-desnatado-2.webp","type":"image\/webp"}],"author":"Jornal Ponto Mais","twitter_card":"summary_large_image","twitter_misc":{"Escrito por":"Jornal Ponto Mais","Est. tempo de leitura":"2 minutos"},"schema":{"@context":"https:\/\/schema.org","@graph":[{"@type":"Article","@id":"https:\/\/jornalpontomais.com\/site\/2024\/03\/06\/preco-da-cesta-de-derivados-lacteos-tem-aumento-de-496-em-fevereiro\/#article","isPartOf":{"@id":"https:\/\/jornalpontomais.com\/site\/2024\/03\/06\/preco-da-cesta-de-derivados-lacteos-tem-aumento-de-496-em-fevereiro\/"},"author":{"name":"Jornal Ponto Mais","@id":"https:\/\/jornalpontomais.com\/site\/#\/schema\/person\/18323f0b0f1355f2490721c48389fe9d"},"headline":"Pre\u00e7o da cesta de derivados l\u00e1cteos tem aumento de 4,96% em fevereiro","datePublished":"2024-03-06T12:45:49+00:00","dateModified":"2024-03-06T12:45:50+00:00","mainEntityOfPage":{"@id":"https:\/\/jornalpontomais.com\/site\/2024\/03\/06\/preco-da-cesta-de-derivados-lacteos-tem-aumento-de-496-em-fevereiro\/"},"wordCount":297,"commentCount":0,"publisher":{"@id":"https:\/\/jornalpontomais.com\/site\/#organization"},"image":{"@id":"https:\/\/jornalpontomais.com\/site\/2024\/03\/06\/preco-da-cesta-de-derivados-lacteos-tem-aumento-de-496-em-fevereiro\/#primaryimage"},"thumbnailUrl":"https:\/\/jornalpontomais.com\/site\/wp-content\/uploads\/2024\/03\/Leite-desnatado-2.webp","articleSection":["Economia"],"inLanguage":"pt-BR","potentialAction":[{"@type":"CommentAction","name":"Comment","target":["https:\/\/jornalpontomais.com\/site\/2024\/03\/06\/preco-da-cesta-de-derivados-lacteos-tem-aumento-de-496-em-fevereiro\/#respond"]}]},{"@type":"WebPage","@id":"https:\/\/jornalpontomais.com\/site\/2024\/03\/06\/preco-da-cesta-de-derivados-lacteos-tem-aumento-de-496-em-fevereiro\/","url":"https:\/\/jornalpontomais.com\/site\/2024\/03\/06\/preco-da-cesta-de-derivados-lacteos-tem-aumento-de-496-em-fevereiro\/","name":"Pre\u00e7o da cesta de derivados l\u00e1cteos tem aumento de 4,96% em fevereiro - Jornal Ponto Mais","isPartOf":{"@id":"https:\/\/jornalpontomais.com\/site\/#website"},"primaryImageOfPage":{"@id":"https:\/\/jornalpontomais.com\/site\/2024\/03\/06\/preco-da-cesta-de-derivados-lacteos-tem-aumento-de-496-em-fevereiro\/#primaryimage"},"image":{"@id":"https:\/\/jornalpontomais.com\/site\/2024\/03\/06\/preco-da-cesta-de-derivados-lacteos-tem-aumento-de-496-em-fevereiro\/#primaryimage"},"thumbnailUrl":"https:\/\/jornalpontomais.com\/site\/wp-content\/uploads\/2024\/03\/Leite-desnatado-2.webp","datePublished":"2024-03-06T12:45:49+00:00","dateModified":"2024-03-06T12:45:50+00:00","breadcrumb":{"@id":"https:\/\/jornalpontomais.com\/site\/2024\/03\/06\/preco-da-cesta-de-derivados-lacteos-tem-aumento-de-496-em-fevereiro\/#breadcrumb"},"inLanguage":"pt-BR","potentialAction":[{"@type":"ReadAction","target":["https:\/\/jornalpontomais.com\/site\/2024\/03\/06\/preco-da-cesta-de-derivados-lacteos-tem-aumento-de-496-em-fevereiro\/"]}]},{"@type":"ImageObject","inLanguage":"pt-BR","@id":"https:\/\/jornalpontomais.com\/site\/2024\/03\/06\/preco-da-cesta-de-derivados-lacteos-tem-aumento-de-496-em-fevereiro\/#primaryimage","url":"https:\/\/jornalpontomais.com\/site\/wp-content\/uploads\/2024\/03\/Leite-desnatado-2.webp","contentUrl":"https:\/\/jornalpontomais.com\/site\/wp-content\/uploads\/2024\/03\/Leite-desnatado-2.webp","width":1024,"height":683},{"@type":"BreadcrumbList","@id":"https:\/\/jornalpontomais.com\/site\/2024\/03\/06\/preco-da-cesta-de-derivados-lacteos-tem-aumento-de-496-em-fevereiro\/#breadcrumb","itemListElement":[{"@type":"ListItem","position":1,"name":"In\u00edcio","item":"https:\/\/jornalpontomais.com\/site\/"},{"@type":"ListItem","position":2,"name":"Pre\u00e7o da cesta de derivados l\u00e1cteos tem aumento de 4,96% em fevereiro"}]},{"@type":"WebSite","@id":"https:\/\/jornalpontomais.com\/site\/#website","url":"https:\/\/jornalpontomais.com\/site\/","name":"Jornal Ponto Mais","description":"As principais not\u00edcias do Brasil e do mundo. Confira!","publisher":{"@id":"https:\/\/jornalpontomais.com\/site\/#organization"},"potentialAction":[{"@type":"SearchAction","target":{"@type":"EntryPoint","urlTemplate":"https:\/\/jornalpontomais.com\/site\/?s={search_term_string}"},"query-input":{"@type":"PropertyValueSpecification","valueRequired":true,"valueName":"search_term_string"}}],"inLanguage":"pt-BR"},{"@type":"Organization","@id":"https:\/\/jornalpontomais.com\/site\/#organization","name":"Jornal Ponto+","url":"https:\/\/jornalpontomais.com\/site\/","logo":{"@type":"ImageObject","inLanguage":"pt-BR","@id":"https:\/\/jornalpontomais.com\/site\/#\/schema\/logo\/image\/","url":"https:\/\/jornalpontomais.com\/site\/wp-content\/uploads\/2022\/01\/marca.png","contentUrl":"https:\/\/jornalpontomais.com\/site\/wp-content\/uploads\/2022\/01\/marca.png","width":582,"height":148,"caption":"Jornal Ponto+"},"image":{"@id":"https:\/\/jornalpontomais.com\/site\/#\/schema\/logo\/image\/"}},{"@type":"Person","@id":"https:\/\/jornalpontomais.com\/site\/#\/schema\/person\/18323f0b0f1355f2490721c48389fe9d","name":"Jornal Ponto Mais","image":{"@type":"ImageObject","inLanguage":"pt-BR","@id":"https:\/\/secure.gravatar.com\/avatar\/2ee0a9b7fe10fe32bdec8bc086e871e41eb5f4f6ecbcb7b4f2fe0d92d831405f?s=96&d=mm&r=g","url":"https:\/\/secure.gravatar.com\/avatar\/2ee0a9b7fe10fe32bdec8bc086e871e41eb5f4f6ecbcb7b4f2fe0d92d831405f?s=96&d=mm&r=g","contentUrl":"https:\/\/secure.gravatar.com\/avatar\/2ee0a9b7fe10fe32bdec8bc086e871e41eb5f4f6ecbcb7b4f2fe0d92d831405f?s=96&d=mm&r=g","caption":"Jornal Ponto Mais"},"sameAs":["https:\/\/jornalpontomais.com\/site","jornalpontomais"],"url":"https:\/\/jornalpontomais.com\/site\/author\/jornalpontomais\/"}]}},"_links":{"self":[{"href":"https:\/\/jornalpontomais.com\/site\/wp-json\/wp\/v2\/posts\/12220","targetHints":{"allow":["GET"]}}],"collection":[{"href":"https:\/\/jornalpontomais.com\/site\/wp-json\/wp\/v2\/posts"}],"about":[{"href":"https:\/\/jornalpontomais.com\/site\/wp-json\/wp\/v2\/types\/post"}],"author":[{"embeddable":true,"href":"https:\/\/jornalpontomais.com\/site\/wp-json\/wp\/v2\/users\/2"}],"replies":[{"embeddable":true,"href":"https:\/\/jornalpontomais.com\/site\/wp-json\/wp\/v2\/comments?post=12220"}],"version-history":[{"count":1,"href":"https:\/\/jornalpontomais.com\/site\/wp-json\/wp\/v2\/posts\/12220\/revisions"}],"predecessor-version":[{"id":12222,"href":"https:\/\/jornalpontomais.com\/site\/wp-json\/wp\/v2\/posts\/12220\/revisions\/12222"}],"wp:featuredmedia":[{"embeddable":true,"href":"https:\/\/jornalpontomais.com\/site\/wp-json\/wp\/v2\/media\/12221"}],"wp:attachment":[{"href":"https:\/\/jornalpontomais.com\/site\/wp-json\/wp\/v2\/media?parent=12220"}],"wp:term":[{"taxonomy":"category","embeddable":true,"href":"https:\/\/jornalpontomais.com\/site\/wp-json\/wp\/v2\/categories?post=12220"},{"taxonomy":"post_tag","embeddable":true,"href":"https:\/\/jornalpontomais.com\/site\/wp-json\/wp\/v2\/tags?post=12220"}],"curies":[{"name":"wp","href":"https:\/\/api.w.org\/{rel}","templated":true}]}}