{"id":12175,"date":"2024-03-04T10:46:47","date_gmt":"2024-03-04T13:46:47","guid":{"rendered":"https:\/\/jornalpontomais.com\/site\/?p=12175"},"modified":"2024-03-04T10:46:48","modified_gmt":"2024-03-04T13:46:48","slug":"empresas-privadas-tem-3-meses-para-aderir-voluntariamente-ao-domicilio-judicial-eletronico","status":"publish","type":"post","link":"https:\/\/jornalpontomais.com\/site\/2024\/03\/04\/empresas-privadas-tem-3-meses-para-aderir-voluntariamente-ao-domicilio-judicial-eletronico\/","title":{"rendered":"Empresas privadas t\u00eam 3 meses para aderir voluntariamente ao domic\u00edlio judicial eletr\u00f4nico"},"content":{"rendered":"\n<p>Desde a \u00faltima sexta-feira (1\u00ba), grandes e m\u00e9dias empresas t\u00eam a oportunidade de se inscrever voluntariamente no Domic\u00edlio Judicial Eletr\u00f4nico, uma ferramenta inovadora do Programa Justi\u00e7a 4.0. Essa plataforma centraliza as comunica\u00e7\u00f5es de processos vindas dos tribunais brasileiros, promovendo efici\u00eancia e acessibilidade no universo jur\u00eddico.<br><br><\/p>\n\n\n\n<p>A partir de 30 de maio, o cadastro para empresas privadas ser\u00e1 compuls\u00f3rio, utilizando dados da Receita Federal, sob risco de penalidades e perda de prazos processuais. Assim, as empresas t\u00eam tr\u00eas meses para aderirem \u00e0 modalidade.<br><br><\/p>\n\n\n\n<p>O prazo para o registro de pessoas jur\u00eddicas, tanto p\u00fablicas quanto privadas, e de pessoas f\u00edsicas foi estabelecido pela Portaria CNJ n\u00ba 46, anunciada pelo Ministro Lu\u00eds Roberto Barroso durante a abertura do Ano Judici\u00e1rio do CNJ em 20 de fevereiro.<br><br><\/p>\n\n\n\n<p>Esta marca a segunda fase de expans\u00e3o do sistema, iniciado em 2023, com uma previs\u00e3o de tr\u00eas meses de dura\u00e7\u00e3o. O Conselho Nacional de Justi\u00e7a (CNJ) almeja a ades\u00e3o volunt\u00e1ria de 350 mil empresas privadas ativas, dotadas de CNPJ, que passar\u00e3o a monitorar processos e a\u00e7\u00f5es judiciais na plataforma.<br><br><\/p>\n\n\n\n<p>O Domic\u00edlio Judicial Eletr\u00f4nico, uma solu\u00e7\u00e3o digital e gratuita, visa facilitar e agilizar consultas para quem recebe cita\u00e7\u00f5es, intima\u00e7\u00f5es e outras comunica\u00e7\u00f5es de processos. Al\u00e9m de proporcionar comodidade e celeridade, a digitaliza\u00e7\u00e3o e centraliza\u00e7\u00e3o das informa\u00e7\u00f5es contribuem para a economia de recursos, tanto humanos quanto financeiros, beneficiando tribunais e usu\u00e1rios.<br><br><\/p>\n\n\n\n<p><strong>Mudan\u00e7as e aten\u00e7\u00e3o aos prazos<\/strong><\/p>\n\n\n\n<p>O sistema trouxe altera\u00e7\u00f5es significativas nos prazos para leitura e ci\u00eancia das informa\u00e7\u00f5es expedidas. Ap\u00f3s o envio de cita\u00e7\u00f5es pelos tribunais, os usu\u00e1rios t\u00eam tr\u00eas dias \u00fateis para realizar a consulta. J\u00e1 para intima\u00e7\u00f5es, o prazo \u00e9 de 10 dias corridos a partir do envio pelo tribunal, sendo que ao final desses per\u00edodos, a comunica\u00e7\u00e3o ser\u00e1 considerada automaticamente realizada.<br><br><\/p>\n\n\n\n<p><strong>Consequ\u00eancias do descumprimento<\/strong><\/p>\n\n\n\n<p>O descumprimento das regras pode acarretar preju\u00edzos financeiros significativos. A n\u00e3o confirma\u00e7\u00e3o do recebimento de cita\u00e7\u00e3o dentro do prazo legal, sem justificativa, sujeita o infrator a multa de at\u00e9 5% do valor da causa por ato atentat\u00f3rio \u00e0 dignidade da Justi\u00e7a.<br><br><\/p>\n\n\n\n<p><strong>Orienta\u00e7\u00f5es aos usu\u00e1rios<\/strong><\/p>\n\n\n\n<p>\u00c9 fundamental que os usu\u00e1rios estejam cientes do funcionamento do sistema e devidamente registrados para receber todas as informa\u00e7\u00f5es de processos em um endere\u00e7o judicial virtual. Manter o cadastro atualizado, gerenciar permiss\u00f5es de perfis, e acionar a op\u00e7\u00e3o de receber notifica\u00e7\u00f5es s\u00e3o pr\u00e1ticas essenciais.<br><br><\/p>\n\n\n\n<p>A plataforma possibilita ativar alertas por e-mail para auxiliar os usu\u00e1rios no controle de prazos. Em caso de d\u00favidas ou problemas t\u00e9cnicos, as pessoas cadastradas devem buscar os canais de atendimento do tribunal respons\u00e1vel pela comunica\u00e7\u00e3o enviada.<br><br><\/p>\n\n\n\n<p><strong>Institui\u00e7\u00e3o legal e abrang\u00eancia<\/strong><\/p>\n\n\n\n<p>A cita\u00e7\u00e3o por meio eletr\u00f4nico foi institu\u00edda pelo artigo 246 do C\u00f3digo de Processo Civil, sendo regulamentada em 2022 pela Resolu\u00e7\u00e3o CNJ n\u00ba 455, que determinou a realiza\u00e7\u00e3o exclusiva das comunica\u00e7\u00f5es processuais pelo Domic\u00edlio.<br><br><\/p>\n\n\n\n<p>O cadastro, agora obrigat\u00f3rio para Uni\u00e3o, estados, Distrito Federal, munic\u00edpios, entidades da administra\u00e7\u00e3o indireta, empresas p\u00fablicas e privadas, estende-se ao Minist\u00e9rio P\u00fablico, \u00e0 Defensoria P\u00fablica e \u00e0 Advocacia P\u00fablica. Isentam-se pessoas f\u00edsicas, pequenas e microempresas cadastradas na Rede Nacional para a Simplifica\u00e7\u00e3o do Registro e da Legaliza\u00e7\u00e3o de Empresas e Neg\u00f3cios (Redesim), embora o CNJ encoraje a ades\u00e3o em todos os casos.<br><br><\/p>\n\n\n\n<p><strong>Primeira etapa e perspectivas futuras<\/strong><\/p>\n\n\n\n<p>A primeira etapa do Domic\u00edlio, em 2023, direcionou-se a bancos e institui\u00e7\u00f5es financeiras, contando com o apoio da Federa\u00e7\u00e3o Brasileira de Bancos (Febraban), resultando no cadastro de mais de 9 mil empresas do setor. A fase atual foca no cadastro de empresas privadas em todo o pa\u00eds, com um p\u00fablico estimado em 20 milh\u00f5es de empresas ativas, incluindo 350 mil de grande e m\u00e9dio porte, segundo dados do Painel de Registro de Empresas do governo federal.<\/p>\n","protected":false},"excerpt":{"rendered":"<p>Desde a \u00faltima sexta-feira (1\u00ba), grandes e m\u00e9dias empresas t\u00eam a oportunidade de se inscrever voluntariamente no Domic\u00edlio Judicial Eletr\u00f4nico, uma ferramenta inovadora do Programa Justi\u00e7a 4.0. Essa plataforma centraliza as comunica\u00e7\u00f5es de processos vindas dos tribunais brasileiros, promovendo efici\u00eancia e acessibilidade no universo jur\u00eddico. A partir de 30 de maio, o cadastro para empresas [&hellip;]<\/p>\n","protected":false},"author":2,"featured_media":12176,"comment_status":"open","ping_status":"open","sticky":true,"template":"","format":"standard","meta":{"om_disable_all_campaigns":false,"_monsterinsights_skip_tracking":false,"_monsterinsights_sitenote_active":false,"_monsterinsights_sitenote_note":"","_monsterinsights_sitenote_category":0,"footnotes":""},"categories":[37],"tags":[],"class_list":["post-12175","post","type-post","status-publish","format-standard","has-post-thumbnail","hentry","category-economia"],"yoast_head":"<!-- This site is optimized with the Yoast SEO plugin v27.2 - https:\/\/yoast.com\/product\/yoast-seo-wordpress\/ -->\n<title>Empresas privadas t\u00eam 3 meses para aderir voluntariamente ao domic\u00edlio judicial eletr\u00f4nico - Jornal Ponto Mais<\/title>\n<meta name=\"robots\" content=\"index, follow, max-snippet:-1, max-image-preview:large, max-video-preview:-1\" \/>\n<link rel=\"canonical\" href=\"https:\/\/jornalpontomais.com\/site\/2024\/03\/04\/empresas-privadas-tem-3-meses-para-aderir-voluntariamente-ao-domicilio-judicial-eletronico\/\" \/>\n<meta property=\"og:locale\" content=\"pt_BR\" \/>\n<meta property=\"og:type\" content=\"article\" \/>\n<meta property=\"og:title\" content=\"Empresas privadas t\u00eam 3 meses para aderir voluntariamente ao domic\u00edlio judicial eletr\u00f4nico - Jornal Ponto Mais\" \/>\n<meta property=\"og:description\" content=\"Desde a \u00faltima sexta-feira (1\u00ba), grandes e m\u00e9dias empresas t\u00eam a oportunidade de se inscrever voluntariamente no Domic\u00edlio Judicial Eletr\u00f4nico, uma ferramenta inovadora do Programa Justi\u00e7a 4.0. Essa plataforma centraliza as comunica\u00e7\u00f5es de processos vindas dos tribunais brasileiros, promovendo efici\u00eancia e acessibilidade no universo jur\u00eddico. A partir de 30 de maio, o cadastro para empresas [&hellip;]\" \/>\n<meta property=\"og:url\" content=\"https:\/\/jornalpontomais.com\/site\/2024\/03\/04\/empresas-privadas-tem-3-meses-para-aderir-voluntariamente-ao-domicilio-judicial-eletronico\/\" \/>\n<meta property=\"og:site_name\" content=\"Jornal Ponto Mais\" \/>\n<meta property=\"article:published_time\" content=\"2024-03-04T13:46:47+00:00\" \/>\n<meta property=\"article:modified_time\" content=\"2024-03-04T13:46:48+00:00\" \/>\n<meta property=\"og:image\" content=\"https:\/\/jornalpontomais.com\/site\/wp-content\/uploads\/2024\/03\/45c22f62-0b33-4fe5-9631-4f45e198bc3d.jpg\" \/>\n\t<meta property=\"og:image:width\" content=\"1312\" \/>\n\t<meta property=\"og:image:height\" content=\"875\" \/>\n\t<meta property=\"og:image:type\" content=\"image\/jpeg\" \/>\n<meta name=\"author\" content=\"Jornal Ponto Mais\" \/>\n<meta name=\"twitter:card\" content=\"summary_large_image\" \/>\n<meta name=\"twitter:label1\" content=\"Escrito por\" \/>\n\t<meta name=\"twitter:data1\" content=\"Jornal Ponto Mais\" \/>\n\t<meta name=\"twitter:label2\" content=\"Est. tempo de leitura\" \/>\n\t<meta name=\"twitter:data2\" content=\"4 minutos\" \/>\n<script type=\"application\/ld+json\" class=\"yoast-schema-graph\">{\"@context\":\"https:\/\/schema.org\",\"@graph\":[{\"@type\":\"Article\",\"@id\":\"https:\/\/jornalpontomais.com\/site\/2024\/03\/04\/empresas-privadas-tem-3-meses-para-aderir-voluntariamente-ao-domicilio-judicial-eletronico\/#article\",\"isPartOf\":{\"@id\":\"https:\/\/jornalpontomais.com\/site\/2024\/03\/04\/empresas-privadas-tem-3-meses-para-aderir-voluntariamente-ao-domicilio-judicial-eletronico\/\"},\"author\":{\"name\":\"Jornal Ponto Mais\",\"@id\":\"https:\/\/jornalpontomais.com\/site\/#\/schema\/person\/18323f0b0f1355f2490721c48389fe9d\"},\"headline\":\"Empresas privadas t\u00eam 3 meses para aderir voluntariamente ao domic\u00edlio judicial eletr\u00f4nico\",\"datePublished\":\"2024-03-04T13:46:47+00:00\",\"dateModified\":\"2024-03-04T13:46:48+00:00\",\"mainEntityOfPage\":{\"@id\":\"https:\/\/jornalpontomais.com\/site\/2024\/03\/04\/empresas-privadas-tem-3-meses-para-aderir-voluntariamente-ao-domicilio-judicial-eletronico\/\"},\"wordCount\":689,\"commentCount\":0,\"publisher\":{\"@id\":\"https:\/\/jornalpontomais.com\/site\/#organization\"},\"image\":{\"@id\":\"https:\/\/jornalpontomais.com\/site\/2024\/03\/04\/empresas-privadas-tem-3-meses-para-aderir-voluntariamente-ao-domicilio-judicial-eletronico\/#primaryimage\"},\"thumbnailUrl\":\"https:\/\/jornalpontomais.com\/site\/wp-content\/uploads\/2024\/03\/45c22f62-0b33-4fe5-9631-4f45e198bc3d.jpg\",\"articleSection\":[\"Economia\"],\"inLanguage\":\"pt-BR\",\"potentialAction\":[{\"@type\":\"CommentAction\",\"name\":\"Comment\",\"target\":[\"https:\/\/jornalpontomais.com\/site\/2024\/03\/04\/empresas-privadas-tem-3-meses-para-aderir-voluntariamente-ao-domicilio-judicial-eletronico\/#respond\"]}]},{\"@type\":\"WebPage\",\"@id\":\"https:\/\/jornalpontomais.com\/site\/2024\/03\/04\/empresas-privadas-tem-3-meses-para-aderir-voluntariamente-ao-domicilio-judicial-eletronico\/\",\"url\":\"https:\/\/jornalpontomais.com\/site\/2024\/03\/04\/empresas-privadas-tem-3-meses-para-aderir-voluntariamente-ao-domicilio-judicial-eletronico\/\",\"name\":\"Empresas privadas t\u00eam 3 meses para aderir voluntariamente ao domic\u00edlio judicial eletr\u00f4nico - Jornal Ponto Mais\",\"isPartOf\":{\"@id\":\"https:\/\/jornalpontomais.com\/site\/#website\"},\"primaryImageOfPage\":{\"@id\":\"https:\/\/jornalpontomais.com\/site\/2024\/03\/04\/empresas-privadas-tem-3-meses-para-aderir-voluntariamente-ao-domicilio-judicial-eletronico\/#primaryimage\"},\"image\":{\"@id\":\"https:\/\/jornalpontomais.com\/site\/2024\/03\/04\/empresas-privadas-tem-3-meses-para-aderir-voluntariamente-ao-domicilio-judicial-eletronico\/#primaryimage\"},\"thumbnailUrl\":\"https:\/\/jornalpontomais.com\/site\/wp-content\/uploads\/2024\/03\/45c22f62-0b33-4fe5-9631-4f45e198bc3d.jpg\",\"datePublished\":\"2024-03-04T13:46:47+00:00\",\"dateModified\":\"2024-03-04T13:46:48+00:00\",\"breadcrumb\":{\"@id\":\"https:\/\/jornalpontomais.com\/site\/2024\/03\/04\/empresas-privadas-tem-3-meses-para-aderir-voluntariamente-ao-domicilio-judicial-eletronico\/#breadcrumb\"},\"inLanguage\":\"pt-BR\",\"potentialAction\":[{\"@type\":\"ReadAction\",\"target\":[\"https:\/\/jornalpontomais.com\/site\/2024\/03\/04\/empresas-privadas-tem-3-meses-para-aderir-voluntariamente-ao-domicilio-judicial-eletronico\/\"]}]},{\"@type\":\"ImageObject\",\"inLanguage\":\"pt-BR\",\"@id\":\"https:\/\/jornalpontomais.com\/site\/2024\/03\/04\/empresas-privadas-tem-3-meses-para-aderir-voluntariamente-ao-domicilio-judicial-eletronico\/#primaryimage\",\"url\":\"https:\/\/jornalpontomais.com\/site\/wp-content\/uploads\/2024\/03\/45c22f62-0b33-4fe5-9631-4f45e198bc3d.jpg\",\"contentUrl\":\"https:\/\/jornalpontomais.com\/site\/wp-content\/uploads\/2024\/03\/45c22f62-0b33-4fe5-9631-4f45e198bc3d.jpg\",\"width\":1312,\"height\":875},{\"@type\":\"BreadcrumbList\",\"@id\":\"https:\/\/jornalpontomais.com\/site\/2024\/03\/04\/empresas-privadas-tem-3-meses-para-aderir-voluntariamente-ao-domicilio-judicial-eletronico\/#breadcrumb\",\"itemListElement\":[{\"@type\":\"ListItem\",\"position\":1,\"name\":\"In\u00edcio\",\"item\":\"https:\/\/jornalpontomais.com\/site\/\"},{\"@type\":\"ListItem\",\"position\":2,\"name\":\"Empresas privadas t\u00eam 3 meses para aderir voluntariamente ao domic\u00edlio judicial eletr\u00f4nico\"}]},{\"@type\":\"WebSite\",\"@id\":\"https:\/\/jornalpontomais.com\/site\/#website\",\"url\":\"https:\/\/jornalpontomais.com\/site\/\",\"name\":\"Jornal Ponto Mais\",\"description\":\"As principais not\u00edcias do Brasil e do mundo. Confira!\",\"publisher\":{\"@id\":\"https:\/\/jornalpontomais.com\/site\/#organization\"},\"potentialAction\":[{\"@type\":\"SearchAction\",\"target\":{\"@type\":\"EntryPoint\",\"urlTemplate\":\"https:\/\/jornalpontomais.com\/site\/?s={search_term_string}\"},\"query-input\":{\"@type\":\"PropertyValueSpecification\",\"valueRequired\":true,\"valueName\":\"search_term_string\"}}],\"inLanguage\":\"pt-BR\"},{\"@type\":\"Organization\",\"@id\":\"https:\/\/jornalpontomais.com\/site\/#organization\",\"name\":\"Jornal Ponto+\",\"url\":\"https:\/\/jornalpontomais.com\/site\/\",\"logo\":{\"@type\":\"ImageObject\",\"inLanguage\":\"pt-BR\",\"@id\":\"https:\/\/jornalpontomais.com\/site\/#\/schema\/logo\/image\/\",\"url\":\"https:\/\/jornalpontomais.com\/site\/wp-content\/uploads\/2022\/01\/marca.png\",\"contentUrl\":\"https:\/\/jornalpontomais.com\/site\/wp-content\/uploads\/2022\/01\/marca.png\",\"width\":582,\"height\":148,\"caption\":\"Jornal Ponto+\"},\"image\":{\"@id\":\"https:\/\/jornalpontomais.com\/site\/#\/schema\/logo\/image\/\"}},{\"@type\":\"Person\",\"@id\":\"https:\/\/jornalpontomais.com\/site\/#\/schema\/person\/18323f0b0f1355f2490721c48389fe9d\",\"name\":\"Jornal Ponto Mais\",\"image\":{\"@type\":\"ImageObject\",\"inLanguage\":\"pt-BR\",\"@id\":\"https:\/\/secure.gravatar.com\/avatar\/2ee0a9b7fe10fe32bdec8bc086e871e41eb5f4f6ecbcb7b4f2fe0d92d831405f?s=96&d=mm&r=g\",\"url\":\"https:\/\/secure.gravatar.com\/avatar\/2ee0a9b7fe10fe32bdec8bc086e871e41eb5f4f6ecbcb7b4f2fe0d92d831405f?s=96&d=mm&r=g\",\"contentUrl\":\"https:\/\/secure.gravatar.com\/avatar\/2ee0a9b7fe10fe32bdec8bc086e871e41eb5f4f6ecbcb7b4f2fe0d92d831405f?s=96&d=mm&r=g\",\"caption\":\"Jornal Ponto Mais\"},\"sameAs\":[\"https:\/\/jornalpontomais.com\/site\",\"jornalpontomais\"],\"url\":\"https:\/\/jornalpontomais.com\/site\/author\/jornalpontomais\/\"}]}<\/script>\n<!-- \/ Yoast SEO plugin. -->","yoast_head_json":{"title":"Empresas privadas t\u00eam 3 meses para aderir voluntariamente ao domic\u00edlio judicial eletr\u00f4nico - Jornal Ponto Mais","robots":{"index":"index","follow":"follow","max-snippet":"max-snippet:-1","max-image-preview":"max-image-preview:large","max-video-preview":"max-video-preview:-1"},"canonical":"https:\/\/jornalpontomais.com\/site\/2024\/03\/04\/empresas-privadas-tem-3-meses-para-aderir-voluntariamente-ao-domicilio-judicial-eletronico\/","og_locale":"pt_BR","og_type":"article","og_title":"Empresas privadas t\u00eam 3 meses para aderir voluntariamente ao domic\u00edlio judicial eletr\u00f4nico - Jornal Ponto Mais","og_description":"Desde a \u00faltima sexta-feira (1\u00ba), grandes e m\u00e9dias empresas t\u00eam a oportunidade de se inscrever voluntariamente no Domic\u00edlio Judicial Eletr\u00f4nico, uma ferramenta inovadora do Programa Justi\u00e7a 4.0. Essa plataforma centraliza as comunica\u00e7\u00f5es de processos vindas dos tribunais brasileiros, promovendo efici\u00eancia e acessibilidade no universo jur\u00eddico. A partir de 30 de maio, o cadastro para empresas [&hellip;]","og_url":"https:\/\/jornalpontomais.com\/site\/2024\/03\/04\/empresas-privadas-tem-3-meses-para-aderir-voluntariamente-ao-domicilio-judicial-eletronico\/","og_site_name":"Jornal Ponto Mais","article_published_time":"2024-03-04T13:46:47+00:00","article_modified_time":"2024-03-04T13:46:48+00:00","og_image":[{"width":1312,"height":875,"url":"https:\/\/jornalpontomais.com\/site\/wp-content\/uploads\/2024\/03\/45c22f62-0b33-4fe5-9631-4f45e198bc3d.jpg","type":"image\/jpeg"}],"author":"Jornal Ponto Mais","twitter_card":"summary_large_image","twitter_misc":{"Escrito por":"Jornal Ponto Mais","Est. tempo de leitura":"4 minutos"},"schema":{"@context":"https:\/\/schema.org","@graph":[{"@type":"Article","@id":"https:\/\/jornalpontomais.com\/site\/2024\/03\/04\/empresas-privadas-tem-3-meses-para-aderir-voluntariamente-ao-domicilio-judicial-eletronico\/#article","isPartOf":{"@id":"https:\/\/jornalpontomais.com\/site\/2024\/03\/04\/empresas-privadas-tem-3-meses-para-aderir-voluntariamente-ao-domicilio-judicial-eletronico\/"},"author":{"name":"Jornal Ponto Mais","@id":"https:\/\/jornalpontomais.com\/site\/#\/schema\/person\/18323f0b0f1355f2490721c48389fe9d"},"headline":"Empresas privadas t\u00eam 3 meses para aderir voluntariamente ao domic\u00edlio judicial eletr\u00f4nico","datePublished":"2024-03-04T13:46:47+00:00","dateModified":"2024-03-04T13:46:48+00:00","mainEntityOfPage":{"@id":"https:\/\/jornalpontomais.com\/site\/2024\/03\/04\/empresas-privadas-tem-3-meses-para-aderir-voluntariamente-ao-domicilio-judicial-eletronico\/"},"wordCount":689,"commentCount":0,"publisher":{"@id":"https:\/\/jornalpontomais.com\/site\/#organization"},"image":{"@id":"https:\/\/jornalpontomais.com\/site\/2024\/03\/04\/empresas-privadas-tem-3-meses-para-aderir-voluntariamente-ao-domicilio-judicial-eletronico\/#primaryimage"},"thumbnailUrl":"https:\/\/jornalpontomais.com\/site\/wp-content\/uploads\/2024\/03\/45c22f62-0b33-4fe5-9631-4f45e198bc3d.jpg","articleSection":["Economia"],"inLanguage":"pt-BR","potentialAction":[{"@type":"CommentAction","name":"Comment","target":["https:\/\/jornalpontomais.com\/site\/2024\/03\/04\/empresas-privadas-tem-3-meses-para-aderir-voluntariamente-ao-domicilio-judicial-eletronico\/#respond"]}]},{"@type":"WebPage","@id":"https:\/\/jornalpontomais.com\/site\/2024\/03\/04\/empresas-privadas-tem-3-meses-para-aderir-voluntariamente-ao-domicilio-judicial-eletronico\/","url":"https:\/\/jornalpontomais.com\/site\/2024\/03\/04\/empresas-privadas-tem-3-meses-para-aderir-voluntariamente-ao-domicilio-judicial-eletronico\/","name":"Empresas privadas t\u00eam 3 meses para aderir voluntariamente ao domic\u00edlio judicial eletr\u00f4nico - Jornal Ponto Mais","isPartOf":{"@id":"https:\/\/jornalpontomais.com\/site\/#website"},"primaryImageOfPage":{"@id":"https:\/\/jornalpontomais.com\/site\/2024\/03\/04\/empresas-privadas-tem-3-meses-para-aderir-voluntariamente-ao-domicilio-judicial-eletronico\/#primaryimage"},"image":{"@id":"https:\/\/jornalpontomais.com\/site\/2024\/03\/04\/empresas-privadas-tem-3-meses-para-aderir-voluntariamente-ao-domicilio-judicial-eletronico\/#primaryimage"},"thumbnailUrl":"https:\/\/jornalpontomais.com\/site\/wp-content\/uploads\/2024\/03\/45c22f62-0b33-4fe5-9631-4f45e198bc3d.jpg","datePublished":"2024-03-04T13:46:47+00:00","dateModified":"2024-03-04T13:46:48+00:00","breadcrumb":{"@id":"https:\/\/jornalpontomais.com\/site\/2024\/03\/04\/empresas-privadas-tem-3-meses-para-aderir-voluntariamente-ao-domicilio-judicial-eletronico\/#breadcrumb"},"inLanguage":"pt-BR","potentialAction":[{"@type":"ReadAction","target":["https:\/\/jornalpontomais.com\/site\/2024\/03\/04\/empresas-privadas-tem-3-meses-para-aderir-voluntariamente-ao-domicilio-judicial-eletronico\/"]}]},{"@type":"ImageObject","inLanguage":"pt-BR","@id":"https:\/\/jornalpontomais.com\/site\/2024\/03\/04\/empresas-privadas-tem-3-meses-para-aderir-voluntariamente-ao-domicilio-judicial-eletronico\/#primaryimage","url":"https:\/\/jornalpontomais.com\/site\/wp-content\/uploads\/2024\/03\/45c22f62-0b33-4fe5-9631-4f45e198bc3d.jpg","contentUrl":"https:\/\/jornalpontomais.com\/site\/wp-content\/uploads\/2024\/03\/45c22f62-0b33-4fe5-9631-4f45e198bc3d.jpg","width":1312,"height":875},{"@type":"BreadcrumbList","@id":"https:\/\/jornalpontomais.com\/site\/2024\/03\/04\/empresas-privadas-tem-3-meses-para-aderir-voluntariamente-ao-domicilio-judicial-eletronico\/#breadcrumb","itemListElement":[{"@type":"ListItem","position":1,"name":"In\u00edcio","item":"https:\/\/jornalpontomais.com\/site\/"},{"@type":"ListItem","position":2,"name":"Empresas privadas t\u00eam 3 meses para aderir voluntariamente ao domic\u00edlio judicial eletr\u00f4nico"}]},{"@type":"WebSite","@id":"https:\/\/jornalpontomais.com\/site\/#website","url":"https:\/\/jornalpontomais.com\/site\/","name":"Jornal Ponto Mais","description":"As principais not\u00edcias do Brasil e do mundo. Confira!","publisher":{"@id":"https:\/\/jornalpontomais.com\/site\/#organization"},"potentialAction":[{"@type":"SearchAction","target":{"@type":"EntryPoint","urlTemplate":"https:\/\/jornalpontomais.com\/site\/?s={search_term_string}"},"query-input":{"@type":"PropertyValueSpecification","valueRequired":true,"valueName":"search_term_string"}}],"inLanguage":"pt-BR"},{"@type":"Organization","@id":"https:\/\/jornalpontomais.com\/site\/#organization","name":"Jornal Ponto+","url":"https:\/\/jornalpontomais.com\/site\/","logo":{"@type":"ImageObject","inLanguage":"pt-BR","@id":"https:\/\/jornalpontomais.com\/site\/#\/schema\/logo\/image\/","url":"https:\/\/jornalpontomais.com\/site\/wp-content\/uploads\/2022\/01\/marca.png","contentUrl":"https:\/\/jornalpontomais.com\/site\/wp-content\/uploads\/2022\/01\/marca.png","width":582,"height":148,"caption":"Jornal Ponto+"},"image":{"@id":"https:\/\/jornalpontomais.com\/site\/#\/schema\/logo\/image\/"}},{"@type":"Person","@id":"https:\/\/jornalpontomais.com\/site\/#\/schema\/person\/18323f0b0f1355f2490721c48389fe9d","name":"Jornal Ponto Mais","image":{"@type":"ImageObject","inLanguage":"pt-BR","@id":"https:\/\/secure.gravatar.com\/avatar\/2ee0a9b7fe10fe32bdec8bc086e871e41eb5f4f6ecbcb7b4f2fe0d92d831405f?s=96&d=mm&r=g","url":"https:\/\/secure.gravatar.com\/avatar\/2ee0a9b7fe10fe32bdec8bc086e871e41eb5f4f6ecbcb7b4f2fe0d92d831405f?s=96&d=mm&r=g","contentUrl":"https:\/\/secure.gravatar.com\/avatar\/2ee0a9b7fe10fe32bdec8bc086e871e41eb5f4f6ecbcb7b4f2fe0d92d831405f?s=96&d=mm&r=g","caption":"Jornal Ponto Mais"},"sameAs":["https:\/\/jornalpontomais.com\/site","jornalpontomais"],"url":"https:\/\/jornalpontomais.com\/site\/author\/jornalpontomais\/"}]}},"_links":{"self":[{"href":"https:\/\/jornalpontomais.com\/site\/wp-json\/wp\/v2\/posts\/12175","targetHints":{"allow":["GET"]}}],"collection":[{"href":"https:\/\/jornalpontomais.com\/site\/wp-json\/wp\/v2\/posts"}],"about":[{"href":"https:\/\/jornalpontomais.com\/site\/wp-json\/wp\/v2\/types\/post"}],"author":[{"embeddable":true,"href":"https:\/\/jornalpontomais.com\/site\/wp-json\/wp\/v2\/users\/2"}],"replies":[{"embeddable":true,"href":"https:\/\/jornalpontomais.com\/site\/wp-json\/wp\/v2\/comments?post=12175"}],"version-history":[{"count":1,"href":"https:\/\/jornalpontomais.com\/site\/wp-json\/wp\/v2\/posts\/12175\/revisions"}],"predecessor-version":[{"id":12177,"href":"https:\/\/jornalpontomais.com\/site\/wp-json\/wp\/v2\/posts\/12175\/revisions\/12177"}],"wp:featuredmedia":[{"embeddable":true,"href":"https:\/\/jornalpontomais.com\/site\/wp-json\/wp\/v2\/media\/12176"}],"wp:attachment":[{"href":"https:\/\/jornalpontomais.com\/site\/wp-json\/wp\/v2\/media?parent=12175"}],"wp:term":[{"taxonomy":"category","embeddable":true,"href":"https:\/\/jornalpontomais.com\/site\/wp-json\/wp\/v2\/categories?post=12175"},{"taxonomy":"post_tag","embeddable":true,"href":"https:\/\/jornalpontomais.com\/site\/wp-json\/wp\/v2\/tags?post=12175"}],"curies":[{"name":"wp","href":"https:\/\/api.w.org\/{rel}","templated":true}]}}