{"id":12160,"date":"2024-03-02T11:24:36","date_gmt":"2024-03-02T14:24:36","guid":{"rendered":"https:\/\/jornalpontomais.com\/site\/?p=12160"},"modified":"2024-03-02T11:24:37","modified_gmt":"2024-03-02T14:24:37","slug":"inflamacao-cerebral-pode-aumentar-problemas-de-humor-na-doenca-de-alzheimer","status":"publish","type":"post","link":"https:\/\/jornalpontomais.com\/site\/2024\/03\/02\/inflamacao-cerebral-pode-aumentar-problemas-de-humor-na-doenca-de-alzheimer\/","title":{"rendered":"Inflama\u00e7\u00e3o cerebral pode aumentar problemas de humor na doen\u00e7a de Alzheimer"},"content":{"rendered":"\n<p>Um estudo conduzido por pesquisadores da Universidade de Pittsburgh, nos Estados Unidos, revelou uma liga\u00e7\u00e3o entre inflama\u00e7\u00e3o cerebral e varia\u00e7\u00f5es de humor em pacientes diagnosticados com Alzheimer.<br><br><\/p>\n\n\n\n<p>De acordo com os pesquisadores, a inflama\u00e7\u00e3o no c\u00e9rebro parece desempenhar um papel significativo nos problemas de humor enfrentados por pacientes com Alzheimer, em contraste com os marcadores tradicionais da doen\u00e7a, como as prote\u00ednas beta amil\u00f3ide ou tau.<br><br><\/p>\n\n\n\n<p>A presen\u00e7a de inflama\u00e7\u00e3o cerebral est\u00e1 fortemente correlacionada com relatos de cuidadores ou familiares sobre mudan\u00e7as abruptas de humor, que v\u00e3o desde a calma at\u00e9 a agita\u00e7\u00e3o ou raiva. Al\u00e9m disso, os indiv\u00edduos que apresentaram n\u00edveis mais elevados de sofrimento tamb\u00e9m apresentaram n\u00edveis mais elevados de inflama\u00e7\u00e3o cerebral.<br><br><\/p>\n\n\n\n<p>O estudo envolveu a participa\u00e7\u00e3o de 109 idosos, a maioria dos quais n\u00e3o manifestava defici\u00eancias cognitivas, mas apresentava resultados positivos para amiloide e tau. Tanto os exames cerebrais quanto as avalia\u00e7\u00f5es cl\u00ednicas revelaram que a inflama\u00e7\u00e3o causada pela resposta imunol\u00f3gica do c\u00e9rebro estava fortemente associada a uma s\u00e9rie de sintomas psiqui\u00e1tricos, incluindo dist\u00farbios do sono e agita\u00e7\u00e3o. Embora os n\u00edveis de amiloide e tau fossem indicativos desses sintomas, a inflama\u00e7\u00e3o cerebral parecia ter um impacto adicional.<br><br><\/p>\n\n\n\n<p>Os pesquisadores observaram que sintomas como irritabilidade excessiva tendem a surgir nos est\u00e1gios iniciais da progress\u00e3o do Alzheimer, sugerindo que a inflama\u00e7\u00e3o pode desempenhar um papel mais significativo do que se pensava anteriormente. Eles destacam que essas descobertas tamb\u00e9m podem ter implica\u00e7\u00f5es importantes para outras doen\u00e7as degenerativas do c\u00e9rebro.<\/p>\n\n\n\n<p><em>Fonte: JAMA Network Open. DOI: 10.1001\/jamanetworkopen.2023.45175.<\/em><\/p>\n","protected":false},"excerpt":{"rendered":"<p>Um estudo conduzido por pesquisadores da Universidade de Pittsburgh, nos Estados Unidos, revelou uma liga\u00e7\u00e3o entre inflama\u00e7\u00e3o cerebral e varia\u00e7\u00f5es de humor em pacientes diagnosticados com Alzheimer. De acordo com os pesquisadores, a inflama\u00e7\u00e3o no c\u00e9rebro parece desempenhar um papel significativo nos problemas de humor enfrentados por pacientes com Alzheimer, em contraste com os marcadores [&hellip;]<\/p>\n","protected":false},"author":2,"featured_media":8083,"comment_status":"open","ping_status":"open","sticky":true,"template":"","format":"standard","meta":{"om_disable_all_campaigns":false,"_monsterinsights_skip_tracking":false,"_monsterinsights_sitenote_active":false,"_monsterinsights_sitenote_note":"","_monsterinsights_sitenote_category":0,"footnotes":""},"categories":[3],"tags":[],"class_list":["post-12160","post","type-post","status-publish","format-standard","has-post-thumbnail","hentry","category-saude"],"yoast_head":"<!-- This site is optimized with the Yoast SEO plugin v27.2 - https:\/\/yoast.com\/product\/yoast-seo-wordpress\/ -->\n<title>Inflama\u00e7\u00e3o cerebral pode aumentar problemas de humor na doen\u00e7a de Alzheimer - Jornal Ponto Mais<\/title>\n<meta name=\"robots\" content=\"index, follow, max-snippet:-1, max-image-preview:large, max-video-preview:-1\" \/>\n<link rel=\"canonical\" href=\"https:\/\/jornalpontomais.com\/site\/2024\/03\/02\/inflamacao-cerebral-pode-aumentar-problemas-de-humor-na-doenca-de-alzheimer\/\" \/>\n<meta property=\"og:locale\" content=\"pt_BR\" \/>\n<meta property=\"og:type\" content=\"article\" \/>\n<meta property=\"og:title\" content=\"Inflama\u00e7\u00e3o cerebral pode aumentar problemas de humor na doen\u00e7a de Alzheimer - Jornal Ponto Mais\" \/>\n<meta property=\"og:description\" content=\"Um estudo conduzido por pesquisadores da Universidade de Pittsburgh, nos Estados Unidos, revelou uma liga\u00e7\u00e3o entre inflama\u00e7\u00e3o cerebral e varia\u00e7\u00f5es de humor em pacientes diagnosticados com Alzheimer. De acordo com os pesquisadores, a inflama\u00e7\u00e3o no c\u00e9rebro parece desempenhar um papel significativo nos problemas de humor enfrentados por pacientes com Alzheimer, em contraste com os marcadores [&hellip;]\" \/>\n<meta property=\"og:url\" content=\"https:\/\/jornalpontomais.com\/site\/2024\/03\/02\/inflamacao-cerebral-pode-aumentar-problemas-de-humor-na-doenca-de-alzheimer\/\" \/>\n<meta property=\"og:site_name\" content=\"Jornal Ponto Mais\" \/>\n<meta property=\"article:published_time\" content=\"2024-03-02T14:24:36+00:00\" \/>\n<meta property=\"article:modified_time\" content=\"2024-03-02T14:24:37+00:00\" \/>\n<meta property=\"og:image\" content=\"https:\/\/jornalpontomais.com\/site\/wp-content\/uploads\/2023\/06\/idoso_casaderepouso_sp_treino.jpg\" \/>\n\t<meta property=\"og:image:width\" content=\"1000\" \/>\n\t<meta property=\"og:image:height\" content=\"667\" \/>\n\t<meta property=\"og:image:type\" content=\"image\/jpeg\" \/>\n<meta name=\"author\" content=\"Jornal Ponto Mais\" \/>\n<meta name=\"twitter:card\" content=\"summary_large_image\" \/>\n<meta name=\"twitter:label1\" content=\"Escrito por\" \/>\n\t<meta name=\"twitter:data1\" content=\"Jornal Ponto Mais\" \/>\n\t<meta name=\"twitter:label2\" content=\"Est. tempo de leitura\" \/>\n\t<meta name=\"twitter:data2\" content=\"2 minutos\" \/>\n<script type=\"application\/ld+json\" class=\"yoast-schema-graph\">{\"@context\":\"https:\/\/schema.org\",\"@graph\":[{\"@type\":\"Article\",\"@id\":\"https:\/\/jornalpontomais.com\/site\/2024\/03\/02\/inflamacao-cerebral-pode-aumentar-problemas-de-humor-na-doenca-de-alzheimer\/#article\",\"isPartOf\":{\"@id\":\"https:\/\/jornalpontomais.com\/site\/2024\/03\/02\/inflamacao-cerebral-pode-aumentar-problemas-de-humor-na-doenca-de-alzheimer\/\"},\"author\":{\"name\":\"Jornal Ponto Mais\",\"@id\":\"https:\/\/jornalpontomais.com\/site\/#\/schema\/person\/18323f0b0f1355f2490721c48389fe9d\"},\"headline\":\"Inflama\u00e7\u00e3o cerebral pode aumentar problemas de humor na doen\u00e7a de Alzheimer\",\"datePublished\":\"2024-03-02T14:24:36+00:00\",\"dateModified\":\"2024-03-02T14:24:37+00:00\",\"mainEntityOfPage\":{\"@id\":\"https:\/\/jornalpontomais.com\/site\/2024\/03\/02\/inflamacao-cerebral-pode-aumentar-problemas-de-humor-na-doenca-de-alzheimer\/\"},\"wordCount\":296,\"commentCount\":0,\"publisher\":{\"@id\":\"https:\/\/jornalpontomais.com\/site\/#organization\"},\"image\":{\"@id\":\"https:\/\/jornalpontomais.com\/site\/2024\/03\/02\/inflamacao-cerebral-pode-aumentar-problemas-de-humor-na-doenca-de-alzheimer\/#primaryimage\"},\"thumbnailUrl\":\"https:\/\/jornalpontomais.com\/site\/wp-content\/uploads\/2023\/06\/idoso_casaderepouso_sp_treino.jpg\",\"articleSection\":[\"Sa\u00fade\"],\"inLanguage\":\"pt-BR\",\"potentialAction\":[{\"@type\":\"CommentAction\",\"name\":\"Comment\",\"target\":[\"https:\/\/jornalpontomais.com\/site\/2024\/03\/02\/inflamacao-cerebral-pode-aumentar-problemas-de-humor-na-doenca-de-alzheimer\/#respond\"]}]},{\"@type\":\"WebPage\",\"@id\":\"https:\/\/jornalpontomais.com\/site\/2024\/03\/02\/inflamacao-cerebral-pode-aumentar-problemas-de-humor-na-doenca-de-alzheimer\/\",\"url\":\"https:\/\/jornalpontomais.com\/site\/2024\/03\/02\/inflamacao-cerebral-pode-aumentar-problemas-de-humor-na-doenca-de-alzheimer\/\",\"name\":\"Inflama\u00e7\u00e3o cerebral pode aumentar problemas de humor na doen\u00e7a de Alzheimer - Jornal Ponto Mais\",\"isPartOf\":{\"@id\":\"https:\/\/jornalpontomais.com\/site\/#website\"},\"primaryImageOfPage\":{\"@id\":\"https:\/\/jornalpontomais.com\/site\/2024\/03\/02\/inflamacao-cerebral-pode-aumentar-problemas-de-humor-na-doenca-de-alzheimer\/#primaryimage\"},\"image\":{\"@id\":\"https:\/\/jornalpontomais.com\/site\/2024\/03\/02\/inflamacao-cerebral-pode-aumentar-problemas-de-humor-na-doenca-de-alzheimer\/#primaryimage\"},\"thumbnailUrl\":\"https:\/\/jornalpontomais.com\/site\/wp-content\/uploads\/2023\/06\/idoso_casaderepouso_sp_treino.jpg\",\"datePublished\":\"2024-03-02T14:24:36+00:00\",\"dateModified\":\"2024-03-02T14:24:37+00:00\",\"breadcrumb\":{\"@id\":\"https:\/\/jornalpontomais.com\/site\/2024\/03\/02\/inflamacao-cerebral-pode-aumentar-problemas-de-humor-na-doenca-de-alzheimer\/#breadcrumb\"},\"inLanguage\":\"pt-BR\",\"potentialAction\":[{\"@type\":\"ReadAction\",\"target\":[\"https:\/\/jornalpontomais.com\/site\/2024\/03\/02\/inflamacao-cerebral-pode-aumentar-problemas-de-humor-na-doenca-de-alzheimer\/\"]}]},{\"@type\":\"ImageObject\",\"inLanguage\":\"pt-BR\",\"@id\":\"https:\/\/jornalpontomais.com\/site\/2024\/03\/02\/inflamacao-cerebral-pode-aumentar-problemas-de-humor-na-doenca-de-alzheimer\/#primaryimage\",\"url\":\"https:\/\/jornalpontomais.com\/site\/wp-content\/uploads\/2023\/06\/idoso_casaderepouso_sp_treino.jpg\",\"contentUrl\":\"https:\/\/jornalpontomais.com\/site\/wp-content\/uploads\/2023\/06\/idoso_casaderepouso_sp_treino.jpg\",\"width\":1000,\"height\":667},{\"@type\":\"BreadcrumbList\",\"@id\":\"https:\/\/jornalpontomais.com\/site\/2024\/03\/02\/inflamacao-cerebral-pode-aumentar-problemas-de-humor-na-doenca-de-alzheimer\/#breadcrumb\",\"itemListElement\":[{\"@type\":\"ListItem\",\"position\":1,\"name\":\"In\u00edcio\",\"item\":\"https:\/\/jornalpontomais.com\/site\/\"},{\"@type\":\"ListItem\",\"position\":2,\"name\":\"Inflama\u00e7\u00e3o cerebral pode aumentar problemas de humor na doen\u00e7a de Alzheimer\"}]},{\"@type\":\"WebSite\",\"@id\":\"https:\/\/jornalpontomais.com\/site\/#website\",\"url\":\"https:\/\/jornalpontomais.com\/site\/\",\"name\":\"Jornal Ponto Mais\",\"description\":\"As principais not\u00edcias do Brasil e do mundo. Confira!\",\"publisher\":{\"@id\":\"https:\/\/jornalpontomais.com\/site\/#organization\"},\"potentialAction\":[{\"@type\":\"SearchAction\",\"target\":{\"@type\":\"EntryPoint\",\"urlTemplate\":\"https:\/\/jornalpontomais.com\/site\/?s={search_term_string}\"},\"query-input\":{\"@type\":\"PropertyValueSpecification\",\"valueRequired\":true,\"valueName\":\"search_term_string\"}}],\"inLanguage\":\"pt-BR\"},{\"@type\":\"Organization\",\"@id\":\"https:\/\/jornalpontomais.com\/site\/#organization\",\"name\":\"Jornal Ponto+\",\"url\":\"https:\/\/jornalpontomais.com\/site\/\",\"logo\":{\"@type\":\"ImageObject\",\"inLanguage\":\"pt-BR\",\"@id\":\"https:\/\/jornalpontomais.com\/site\/#\/schema\/logo\/image\/\",\"url\":\"https:\/\/jornalpontomais.com\/site\/wp-content\/uploads\/2022\/01\/marca.png\",\"contentUrl\":\"https:\/\/jornalpontomais.com\/site\/wp-content\/uploads\/2022\/01\/marca.png\",\"width\":582,\"height\":148,\"caption\":\"Jornal Ponto+\"},\"image\":{\"@id\":\"https:\/\/jornalpontomais.com\/site\/#\/schema\/logo\/image\/\"}},{\"@type\":\"Person\",\"@id\":\"https:\/\/jornalpontomais.com\/site\/#\/schema\/person\/18323f0b0f1355f2490721c48389fe9d\",\"name\":\"Jornal Ponto Mais\",\"image\":{\"@type\":\"ImageObject\",\"inLanguage\":\"pt-BR\",\"@id\":\"https:\/\/secure.gravatar.com\/avatar\/2ee0a9b7fe10fe32bdec8bc086e871e41eb5f4f6ecbcb7b4f2fe0d92d831405f?s=96&d=mm&r=g\",\"url\":\"https:\/\/secure.gravatar.com\/avatar\/2ee0a9b7fe10fe32bdec8bc086e871e41eb5f4f6ecbcb7b4f2fe0d92d831405f?s=96&d=mm&r=g\",\"contentUrl\":\"https:\/\/secure.gravatar.com\/avatar\/2ee0a9b7fe10fe32bdec8bc086e871e41eb5f4f6ecbcb7b4f2fe0d92d831405f?s=96&d=mm&r=g\",\"caption\":\"Jornal Ponto Mais\"},\"sameAs\":[\"https:\/\/jornalpontomais.com\/site\",\"jornalpontomais\"],\"url\":\"https:\/\/jornalpontomais.com\/site\/author\/jornalpontomais\/\"}]}<\/script>\n<!-- \/ Yoast SEO plugin. -->","yoast_head_json":{"title":"Inflama\u00e7\u00e3o cerebral pode aumentar problemas de humor na doen\u00e7a de Alzheimer - Jornal Ponto Mais","robots":{"index":"index","follow":"follow","max-snippet":"max-snippet:-1","max-image-preview":"max-image-preview:large","max-video-preview":"max-video-preview:-1"},"canonical":"https:\/\/jornalpontomais.com\/site\/2024\/03\/02\/inflamacao-cerebral-pode-aumentar-problemas-de-humor-na-doenca-de-alzheimer\/","og_locale":"pt_BR","og_type":"article","og_title":"Inflama\u00e7\u00e3o cerebral pode aumentar problemas de humor na doen\u00e7a de Alzheimer - Jornal Ponto Mais","og_description":"Um estudo conduzido por pesquisadores da Universidade de Pittsburgh, nos Estados Unidos, revelou uma liga\u00e7\u00e3o entre inflama\u00e7\u00e3o cerebral e varia\u00e7\u00f5es de humor em pacientes diagnosticados com Alzheimer. De acordo com os pesquisadores, a inflama\u00e7\u00e3o no c\u00e9rebro parece desempenhar um papel significativo nos problemas de humor enfrentados por pacientes com Alzheimer, em contraste com os marcadores [&hellip;]","og_url":"https:\/\/jornalpontomais.com\/site\/2024\/03\/02\/inflamacao-cerebral-pode-aumentar-problemas-de-humor-na-doenca-de-alzheimer\/","og_site_name":"Jornal Ponto Mais","article_published_time":"2024-03-02T14:24:36+00:00","article_modified_time":"2024-03-02T14:24:37+00:00","og_image":[{"width":1000,"height":667,"url":"https:\/\/jornalpontomais.com\/site\/wp-content\/uploads\/2023\/06\/idoso_casaderepouso_sp_treino.jpg","type":"image\/jpeg"}],"author":"Jornal Ponto Mais","twitter_card":"summary_large_image","twitter_misc":{"Escrito por":"Jornal Ponto Mais","Est. tempo de leitura":"2 minutos"},"schema":{"@context":"https:\/\/schema.org","@graph":[{"@type":"Article","@id":"https:\/\/jornalpontomais.com\/site\/2024\/03\/02\/inflamacao-cerebral-pode-aumentar-problemas-de-humor-na-doenca-de-alzheimer\/#article","isPartOf":{"@id":"https:\/\/jornalpontomais.com\/site\/2024\/03\/02\/inflamacao-cerebral-pode-aumentar-problemas-de-humor-na-doenca-de-alzheimer\/"},"author":{"name":"Jornal Ponto Mais","@id":"https:\/\/jornalpontomais.com\/site\/#\/schema\/person\/18323f0b0f1355f2490721c48389fe9d"},"headline":"Inflama\u00e7\u00e3o cerebral pode aumentar problemas de humor na doen\u00e7a de Alzheimer","datePublished":"2024-03-02T14:24:36+00:00","dateModified":"2024-03-02T14:24:37+00:00","mainEntityOfPage":{"@id":"https:\/\/jornalpontomais.com\/site\/2024\/03\/02\/inflamacao-cerebral-pode-aumentar-problemas-de-humor-na-doenca-de-alzheimer\/"},"wordCount":296,"commentCount":0,"publisher":{"@id":"https:\/\/jornalpontomais.com\/site\/#organization"},"image":{"@id":"https:\/\/jornalpontomais.com\/site\/2024\/03\/02\/inflamacao-cerebral-pode-aumentar-problemas-de-humor-na-doenca-de-alzheimer\/#primaryimage"},"thumbnailUrl":"https:\/\/jornalpontomais.com\/site\/wp-content\/uploads\/2023\/06\/idoso_casaderepouso_sp_treino.jpg","articleSection":["Sa\u00fade"],"inLanguage":"pt-BR","potentialAction":[{"@type":"CommentAction","name":"Comment","target":["https:\/\/jornalpontomais.com\/site\/2024\/03\/02\/inflamacao-cerebral-pode-aumentar-problemas-de-humor-na-doenca-de-alzheimer\/#respond"]}]},{"@type":"WebPage","@id":"https:\/\/jornalpontomais.com\/site\/2024\/03\/02\/inflamacao-cerebral-pode-aumentar-problemas-de-humor-na-doenca-de-alzheimer\/","url":"https:\/\/jornalpontomais.com\/site\/2024\/03\/02\/inflamacao-cerebral-pode-aumentar-problemas-de-humor-na-doenca-de-alzheimer\/","name":"Inflama\u00e7\u00e3o cerebral pode aumentar problemas de humor na doen\u00e7a de Alzheimer - Jornal Ponto Mais","isPartOf":{"@id":"https:\/\/jornalpontomais.com\/site\/#website"},"primaryImageOfPage":{"@id":"https:\/\/jornalpontomais.com\/site\/2024\/03\/02\/inflamacao-cerebral-pode-aumentar-problemas-de-humor-na-doenca-de-alzheimer\/#primaryimage"},"image":{"@id":"https:\/\/jornalpontomais.com\/site\/2024\/03\/02\/inflamacao-cerebral-pode-aumentar-problemas-de-humor-na-doenca-de-alzheimer\/#primaryimage"},"thumbnailUrl":"https:\/\/jornalpontomais.com\/site\/wp-content\/uploads\/2023\/06\/idoso_casaderepouso_sp_treino.jpg","datePublished":"2024-03-02T14:24:36+00:00","dateModified":"2024-03-02T14:24:37+00:00","breadcrumb":{"@id":"https:\/\/jornalpontomais.com\/site\/2024\/03\/02\/inflamacao-cerebral-pode-aumentar-problemas-de-humor-na-doenca-de-alzheimer\/#breadcrumb"},"inLanguage":"pt-BR","potentialAction":[{"@type":"ReadAction","target":["https:\/\/jornalpontomais.com\/site\/2024\/03\/02\/inflamacao-cerebral-pode-aumentar-problemas-de-humor-na-doenca-de-alzheimer\/"]}]},{"@type":"ImageObject","inLanguage":"pt-BR","@id":"https:\/\/jornalpontomais.com\/site\/2024\/03\/02\/inflamacao-cerebral-pode-aumentar-problemas-de-humor-na-doenca-de-alzheimer\/#primaryimage","url":"https:\/\/jornalpontomais.com\/site\/wp-content\/uploads\/2023\/06\/idoso_casaderepouso_sp_treino.jpg","contentUrl":"https:\/\/jornalpontomais.com\/site\/wp-content\/uploads\/2023\/06\/idoso_casaderepouso_sp_treino.jpg","width":1000,"height":667},{"@type":"BreadcrumbList","@id":"https:\/\/jornalpontomais.com\/site\/2024\/03\/02\/inflamacao-cerebral-pode-aumentar-problemas-de-humor-na-doenca-de-alzheimer\/#breadcrumb","itemListElement":[{"@type":"ListItem","position":1,"name":"In\u00edcio","item":"https:\/\/jornalpontomais.com\/site\/"},{"@type":"ListItem","position":2,"name":"Inflama\u00e7\u00e3o cerebral pode aumentar problemas de humor na doen\u00e7a de Alzheimer"}]},{"@type":"WebSite","@id":"https:\/\/jornalpontomais.com\/site\/#website","url":"https:\/\/jornalpontomais.com\/site\/","name":"Jornal Ponto Mais","description":"As principais not\u00edcias do Brasil e do mundo. Confira!","publisher":{"@id":"https:\/\/jornalpontomais.com\/site\/#organization"},"potentialAction":[{"@type":"SearchAction","target":{"@type":"EntryPoint","urlTemplate":"https:\/\/jornalpontomais.com\/site\/?s={search_term_string}"},"query-input":{"@type":"PropertyValueSpecification","valueRequired":true,"valueName":"search_term_string"}}],"inLanguage":"pt-BR"},{"@type":"Organization","@id":"https:\/\/jornalpontomais.com\/site\/#organization","name":"Jornal Ponto+","url":"https:\/\/jornalpontomais.com\/site\/","logo":{"@type":"ImageObject","inLanguage":"pt-BR","@id":"https:\/\/jornalpontomais.com\/site\/#\/schema\/logo\/image\/","url":"https:\/\/jornalpontomais.com\/site\/wp-content\/uploads\/2022\/01\/marca.png","contentUrl":"https:\/\/jornalpontomais.com\/site\/wp-content\/uploads\/2022\/01\/marca.png","width":582,"height":148,"caption":"Jornal Ponto+"},"image":{"@id":"https:\/\/jornalpontomais.com\/site\/#\/schema\/logo\/image\/"}},{"@type":"Person","@id":"https:\/\/jornalpontomais.com\/site\/#\/schema\/person\/18323f0b0f1355f2490721c48389fe9d","name":"Jornal Ponto Mais","image":{"@type":"ImageObject","inLanguage":"pt-BR","@id":"https:\/\/secure.gravatar.com\/avatar\/2ee0a9b7fe10fe32bdec8bc086e871e41eb5f4f6ecbcb7b4f2fe0d92d831405f?s=96&d=mm&r=g","url":"https:\/\/secure.gravatar.com\/avatar\/2ee0a9b7fe10fe32bdec8bc086e871e41eb5f4f6ecbcb7b4f2fe0d92d831405f?s=96&d=mm&r=g","contentUrl":"https:\/\/secure.gravatar.com\/avatar\/2ee0a9b7fe10fe32bdec8bc086e871e41eb5f4f6ecbcb7b4f2fe0d92d831405f?s=96&d=mm&r=g","caption":"Jornal Ponto Mais"},"sameAs":["https:\/\/jornalpontomais.com\/site","jornalpontomais"],"url":"https:\/\/jornalpontomais.com\/site\/author\/jornalpontomais\/"}]}},"_links":{"self":[{"href":"https:\/\/jornalpontomais.com\/site\/wp-json\/wp\/v2\/posts\/12160","targetHints":{"allow":["GET"]}}],"collection":[{"href":"https:\/\/jornalpontomais.com\/site\/wp-json\/wp\/v2\/posts"}],"about":[{"href":"https:\/\/jornalpontomais.com\/site\/wp-json\/wp\/v2\/types\/post"}],"author":[{"embeddable":true,"href":"https:\/\/jornalpontomais.com\/site\/wp-json\/wp\/v2\/users\/2"}],"replies":[{"embeddable":true,"href":"https:\/\/jornalpontomais.com\/site\/wp-json\/wp\/v2\/comments?post=12160"}],"version-history":[{"count":1,"href":"https:\/\/jornalpontomais.com\/site\/wp-json\/wp\/v2\/posts\/12160\/revisions"}],"predecessor-version":[{"id":12161,"href":"https:\/\/jornalpontomais.com\/site\/wp-json\/wp\/v2\/posts\/12160\/revisions\/12161"}],"wp:featuredmedia":[{"embeddable":true,"href":"https:\/\/jornalpontomais.com\/site\/wp-json\/wp\/v2\/media\/8083"}],"wp:attachment":[{"href":"https:\/\/jornalpontomais.com\/site\/wp-json\/wp\/v2\/media?parent=12160"}],"wp:term":[{"taxonomy":"category","embeddable":true,"href":"https:\/\/jornalpontomais.com\/site\/wp-json\/wp\/v2\/categories?post=12160"},{"taxonomy":"post_tag","embeddable":true,"href":"https:\/\/jornalpontomais.com\/site\/wp-json\/wp\/v2\/tags?post=12160"}],"curies":[{"name":"wp","href":"https:\/\/api.w.org\/{rel}","templated":true}]}}