{"id":12156,"date":"2024-03-02T11:00:38","date_gmt":"2024-03-02T14:00:38","guid":{"rendered":"https:\/\/jornalpontomais.com\/site\/?p=12156"},"modified":"2024-03-02T11:00:40","modified_gmt":"2024-03-02T14:00:40","slug":"cuidados-com-dengue-devem-ser-maiores-na-gestacao","status":"publish","type":"post","link":"https:\/\/jornalpontomais.com\/site\/2024\/03\/02\/cuidados-com-dengue-devem-ser-maiores-na-gestacao\/","title":{"rendered":"Cuidados com dengue devem ser maiores na gesta\u00e7\u00e3o"},"content":{"rendered":"\n<p>O odor e o aumento do g\u00e1s carb\u00f4nico exalado pela pele das gestantes, aliados ao aumento da sua temperatura corporal, s\u00e3o fatores importantes para a atra\u00e7\u00e3o do mosquito Aedes aegypti. Al\u00e9m disso, as gr\u00e1vidas e pu\u00e9rperas est\u00e3o entre os grupos populacionais mais suscet\u00edveis a complica\u00e7\u00f5es e evolu\u00e7\u00e3o para as formas mais graves da dengue.&nbsp;<img decoding=\"async\" src=\"https:\/\/agenciabrasil.ebc.com.br\/ebc.png?id=1583823&amp;o=node\"><img decoding=\"async\" src=\"https:\/\/agenciabrasil.ebc.com.br\/ebc.gif?id=1583823&amp;o=node\"><br><br><\/p>\n\n\n\n<p>O n\u00famero de casos de dengue em gestantes aumentou 345,2% nas seis primeiras semanas deste ano, na compara\u00e7\u00e3o com o mesmo per\u00edodo de 2023, segundo dados epidemiol\u00f3gicos do Minist\u00e9rio da Sa\u00fade divulgados nesta sexta-feira (1\u00ba).&nbsp;<br><br><\/p>\n\n\n\n<p>Diante desse cen\u00e1rio, a&nbsp; Federa\u00e7\u00e3o Brasileira de Ginecologia Obstetr\u00edcia (Febasgo) lan\u00e7ou o Manual de Preven\u00e7\u00e3o, Diagn\u00f3stico e Tratamento da Dengue na Gesta\u00e7\u00e3o e no Puerp\u00e9rio, em colabora\u00e7\u00e3o com o Minist\u00e9rio da Sa\u00fade e a Organiza\u00e7\u00e3o Pan-Americana de Sa\u00fade (Opas). O guia foi elaborado pelo Grupo de Trabalho dedicado ao manejo da doen\u00e7a em gestantes e pu\u00e9rperas, composto por 16 especialistas em ginecologia obstetr\u00edcia e traz dicas para evitar o cont\u00e1gio e prevenir complica\u00e7\u00f5es relacionadas \u00e0 dengue.&nbsp;<br><br><\/p>\n\n\n\n<p>\u201cUma vez infectadas, as gestantes t\u00eam maiores chances de apresentar desfechos desfavor\u00e1veis em compara\u00e7\u00e3o com n\u00e3o gestantes. Portanto, esse grupo \u00e9 de especial interesse e cuidado&#8221;, explica o m\u00e9dico Ant\u00f4nio Braga, membro do Grupo de Trabalho sobre Dengue na Gesta\u00e7\u00e3o da Febrasgo.<br><br><\/p>\n\n\n\n<p><strong>Preven\u00e7\u00e3o<\/strong><\/p>\n\n\n\n<p>O controle dos criadouros de Aedes aegypti, as barreiras mec\u00e2nicas para evitar que o mosquito entre nas resid\u00eancias, como telas em portas e janelas, o uso de inseticidas, de roupas apropriadas e de repelentes est\u00e3o entre as recomenda\u00e7\u00f5es para evitar a contamina\u00e7\u00e3o. O uso de inseticidas por vaporiza\u00e7\u00e3o ambiental, tamb\u00e9m chamada de nebuliza\u00e7\u00e3o espacial ou fumac\u00ea, ou domiciliar, tamb\u00e9m est\u00e1 entre as medidas recomendadas.&nbsp;<br><br><\/p>\n\n\n\n<p>Segundo a Febrasgo, as gestantes devem priorizar o uso de repelentes aprovados pela Ag\u00eancia Nacional de Vigil\u00e2ncia Sanit\u00e1ria (Anvisa), como picaridina, icaridina, N,N-dietil-meta-toluamida (DEET), IR 3535 ou EBAAP.&nbsp;&nbsp;<br><br><\/p>\n\n\n\n<p>Outra vari\u00e1vel importante \u00e9 a prefer\u00eancia de cor para a qual o mosquito \u00e9 atra\u00eddo. A Febrasgo recomenda evitar o uso de roupas de cor vermelha, azul, alaranjada ou preta. Por sua vez, a cor branca n\u00e3o atrai o mosquito.&nbsp;<br><br><\/p>\n\n\n\n<p><strong>Recomenda\u00e7\u00f5es&nbsp;<\/strong><\/p>\n\n\n\n<p>Em casos de infec\u00e7\u00e3o com menor gravidade, a orienta\u00e7\u00e3o \u00e9 repouso e aumento da ingest\u00e3o de l\u00edquidos. Gestantes com dengue requerem avalia\u00e7\u00e3o di\u00e1ria, incluindo repeti\u00e7\u00e3o do hemograma at\u00e9 48 horas ap\u00f3s a febre desaparecer.&nbsp;<br><br><\/p>\n\n\n\n<p>Se o estado for grave, com sinais de alarme, a interna\u00e7\u00e3o \u00e9 indicada. Em situa\u00e7\u00f5es de choque, sangramento ou disfun\u00e7\u00e3o grave de \u00f3rg\u00e3os, a paciente deve receber tratamento em uma unidade de terapia intensiva.<\/p>\n","protected":false},"excerpt":{"rendered":"<p>O odor e o aumento do g\u00e1s carb\u00f4nico exalado pela pele das gestantes, aliados ao aumento da sua temperatura corporal, s\u00e3o fatores importantes para a atra\u00e7\u00e3o do mosquito Aedes aegypti. Al\u00e9m disso, as gr\u00e1vidas e pu\u00e9rperas est\u00e3o entre os grupos populacionais mais suscet\u00edveis a complica\u00e7\u00f5es e evolu\u00e7\u00e3o para as formas mais graves da dengue.&nbsp; O [&hellip;]<\/p>\n","protected":false},"author":2,"featured_media":11904,"comment_status":"open","ping_status":"open","sticky":false,"template":"","format":"standard","meta":{"om_disable_all_campaigns":false,"_monsterinsights_skip_tracking":false,"_monsterinsights_sitenote_active":false,"_monsterinsights_sitenote_note":"","_monsterinsights_sitenote_category":0,"footnotes":""},"categories":[3],"tags":[],"class_list":["post-12156","post","type-post","status-publish","format-standard","has-post-thumbnail","hentry","category-saude"],"yoast_head":"<!-- This site is optimized with the Yoast SEO plugin v27.2 - https:\/\/yoast.com\/product\/yoast-seo-wordpress\/ -->\n<title>Cuidados com dengue devem ser maiores na gesta\u00e7\u00e3o - Jornal Ponto Mais<\/title>\n<meta name=\"robots\" content=\"index, follow, max-snippet:-1, max-image-preview:large, max-video-preview:-1\" \/>\n<link rel=\"canonical\" href=\"https:\/\/jornalpontomais.com\/site\/2024\/03\/02\/cuidados-com-dengue-devem-ser-maiores-na-gestacao\/\" \/>\n<meta property=\"og:locale\" content=\"pt_BR\" \/>\n<meta property=\"og:type\" content=\"article\" \/>\n<meta property=\"og:title\" content=\"Cuidados com dengue devem ser maiores na gesta\u00e7\u00e3o - Jornal Ponto Mais\" \/>\n<meta property=\"og:description\" content=\"O odor e o aumento do g\u00e1s carb\u00f4nico exalado pela pele das gestantes, aliados ao aumento da sua temperatura corporal, s\u00e3o fatores importantes para a atra\u00e7\u00e3o do mosquito Aedes aegypti. Al\u00e9m disso, as gr\u00e1vidas e pu\u00e9rperas est\u00e3o entre os grupos populacionais mais suscet\u00edveis a complica\u00e7\u00f5es e evolu\u00e7\u00e3o para as formas mais graves da dengue.&nbsp; O [&hellip;]\" \/>\n<meta property=\"og:url\" content=\"https:\/\/jornalpontomais.com\/site\/2024\/03\/02\/cuidados-com-dengue-devem-ser-maiores-na-gestacao\/\" \/>\n<meta property=\"og:site_name\" content=\"Jornal Ponto Mais\" \/>\n<meta property=\"article:published_time\" content=\"2024-03-02T14:00:38+00:00\" \/>\n<meta property=\"article:modified_time\" content=\"2024-03-02T14:00:40+00:00\" \/>\n<meta property=\"og:image\" content=\"https:\/\/jornalpontomais.com\/site\/wp-content\/uploads\/2024\/02\/mulher-gravida-gravidez-gestacao-barriga-1611086446142_v2_4x3.jpg\" \/>\n\t<meta property=\"og:image:width\" content=\"1138\" \/>\n\t<meta property=\"og:image:height\" content=\"854\" \/>\n\t<meta property=\"og:image:type\" content=\"image\/jpeg\" \/>\n<meta name=\"author\" content=\"Jornal Ponto Mais\" \/>\n<meta name=\"twitter:card\" content=\"summary_large_image\" \/>\n<meta name=\"twitter:label1\" content=\"Escrito por\" \/>\n\t<meta name=\"twitter:data1\" content=\"Jornal Ponto Mais\" \/>\n\t<meta name=\"twitter:label2\" content=\"Est. tempo de leitura\" \/>\n\t<meta name=\"twitter:data2\" content=\"3 minutos\" \/>\n<script type=\"application\/ld+json\" class=\"yoast-schema-graph\">{\"@context\":\"https:\/\/schema.org\",\"@graph\":[{\"@type\":\"Article\",\"@id\":\"https:\/\/jornalpontomais.com\/site\/2024\/03\/02\/cuidados-com-dengue-devem-ser-maiores-na-gestacao\/#article\",\"isPartOf\":{\"@id\":\"https:\/\/jornalpontomais.com\/site\/2024\/03\/02\/cuidados-com-dengue-devem-ser-maiores-na-gestacao\/\"},\"author\":{\"name\":\"Jornal Ponto Mais\",\"@id\":\"https:\/\/jornalpontomais.com\/site\/#\/schema\/person\/18323f0b0f1355f2490721c48389fe9d\"},\"headline\":\"Cuidados com dengue devem ser maiores na gesta\u00e7\u00e3o\",\"datePublished\":\"2024-03-02T14:00:38+00:00\",\"dateModified\":\"2024-03-02T14:00:40+00:00\",\"mainEntityOfPage\":{\"@id\":\"https:\/\/jornalpontomais.com\/site\/2024\/03\/02\/cuidados-com-dengue-devem-ser-maiores-na-gestacao\/\"},\"wordCount\":489,\"commentCount\":0,\"publisher\":{\"@id\":\"https:\/\/jornalpontomais.com\/site\/#organization\"},\"image\":{\"@id\":\"https:\/\/jornalpontomais.com\/site\/2024\/03\/02\/cuidados-com-dengue-devem-ser-maiores-na-gestacao\/#primaryimage\"},\"thumbnailUrl\":\"https:\/\/jornalpontomais.com\/site\/wp-content\/uploads\/2024\/02\/mulher-gravida-gravidez-gestacao-barriga-1611086446142_v2_4x3.jpg\",\"articleSection\":[\"Sa\u00fade\"],\"inLanguage\":\"pt-BR\",\"potentialAction\":[{\"@type\":\"CommentAction\",\"name\":\"Comment\",\"target\":[\"https:\/\/jornalpontomais.com\/site\/2024\/03\/02\/cuidados-com-dengue-devem-ser-maiores-na-gestacao\/#respond\"]}]},{\"@type\":\"WebPage\",\"@id\":\"https:\/\/jornalpontomais.com\/site\/2024\/03\/02\/cuidados-com-dengue-devem-ser-maiores-na-gestacao\/\",\"url\":\"https:\/\/jornalpontomais.com\/site\/2024\/03\/02\/cuidados-com-dengue-devem-ser-maiores-na-gestacao\/\",\"name\":\"Cuidados com dengue devem ser maiores na gesta\u00e7\u00e3o - Jornal Ponto Mais\",\"isPartOf\":{\"@id\":\"https:\/\/jornalpontomais.com\/site\/#website\"},\"primaryImageOfPage\":{\"@id\":\"https:\/\/jornalpontomais.com\/site\/2024\/03\/02\/cuidados-com-dengue-devem-ser-maiores-na-gestacao\/#primaryimage\"},\"image\":{\"@id\":\"https:\/\/jornalpontomais.com\/site\/2024\/03\/02\/cuidados-com-dengue-devem-ser-maiores-na-gestacao\/#primaryimage\"},\"thumbnailUrl\":\"https:\/\/jornalpontomais.com\/site\/wp-content\/uploads\/2024\/02\/mulher-gravida-gravidez-gestacao-barriga-1611086446142_v2_4x3.jpg\",\"datePublished\":\"2024-03-02T14:00:38+00:00\",\"dateModified\":\"2024-03-02T14:00:40+00:00\",\"breadcrumb\":{\"@id\":\"https:\/\/jornalpontomais.com\/site\/2024\/03\/02\/cuidados-com-dengue-devem-ser-maiores-na-gestacao\/#breadcrumb\"},\"inLanguage\":\"pt-BR\",\"potentialAction\":[{\"@type\":\"ReadAction\",\"target\":[\"https:\/\/jornalpontomais.com\/site\/2024\/03\/02\/cuidados-com-dengue-devem-ser-maiores-na-gestacao\/\"]}]},{\"@type\":\"ImageObject\",\"inLanguage\":\"pt-BR\",\"@id\":\"https:\/\/jornalpontomais.com\/site\/2024\/03\/02\/cuidados-com-dengue-devem-ser-maiores-na-gestacao\/#primaryimage\",\"url\":\"https:\/\/jornalpontomais.com\/site\/wp-content\/uploads\/2024\/02\/mulher-gravida-gravidez-gestacao-barriga-1611086446142_v2_4x3.jpg\",\"contentUrl\":\"https:\/\/jornalpontomais.com\/site\/wp-content\/uploads\/2024\/02\/mulher-gravida-gravidez-gestacao-barriga-1611086446142_v2_4x3.jpg\",\"width\":1138,\"height\":854},{\"@type\":\"BreadcrumbList\",\"@id\":\"https:\/\/jornalpontomais.com\/site\/2024\/03\/02\/cuidados-com-dengue-devem-ser-maiores-na-gestacao\/#breadcrumb\",\"itemListElement\":[{\"@type\":\"ListItem\",\"position\":1,\"name\":\"In\u00edcio\",\"item\":\"https:\/\/jornalpontomais.com\/site\/\"},{\"@type\":\"ListItem\",\"position\":2,\"name\":\"Cuidados com dengue devem ser maiores na gesta\u00e7\u00e3o\"}]},{\"@type\":\"WebSite\",\"@id\":\"https:\/\/jornalpontomais.com\/site\/#website\",\"url\":\"https:\/\/jornalpontomais.com\/site\/\",\"name\":\"Jornal Ponto Mais\",\"description\":\"As principais not\u00edcias do Brasil e do mundo. Confira!\",\"publisher\":{\"@id\":\"https:\/\/jornalpontomais.com\/site\/#organization\"},\"potentialAction\":[{\"@type\":\"SearchAction\",\"target\":{\"@type\":\"EntryPoint\",\"urlTemplate\":\"https:\/\/jornalpontomais.com\/site\/?s={search_term_string}\"},\"query-input\":{\"@type\":\"PropertyValueSpecification\",\"valueRequired\":true,\"valueName\":\"search_term_string\"}}],\"inLanguage\":\"pt-BR\"},{\"@type\":\"Organization\",\"@id\":\"https:\/\/jornalpontomais.com\/site\/#organization\",\"name\":\"Jornal Ponto+\",\"url\":\"https:\/\/jornalpontomais.com\/site\/\",\"logo\":{\"@type\":\"ImageObject\",\"inLanguage\":\"pt-BR\",\"@id\":\"https:\/\/jornalpontomais.com\/site\/#\/schema\/logo\/image\/\",\"url\":\"https:\/\/jornalpontomais.com\/site\/wp-content\/uploads\/2022\/01\/marca.png\",\"contentUrl\":\"https:\/\/jornalpontomais.com\/site\/wp-content\/uploads\/2022\/01\/marca.png\",\"width\":582,\"height\":148,\"caption\":\"Jornal Ponto+\"},\"image\":{\"@id\":\"https:\/\/jornalpontomais.com\/site\/#\/schema\/logo\/image\/\"}},{\"@type\":\"Person\",\"@id\":\"https:\/\/jornalpontomais.com\/site\/#\/schema\/person\/18323f0b0f1355f2490721c48389fe9d\",\"name\":\"Jornal Ponto Mais\",\"image\":{\"@type\":\"ImageObject\",\"inLanguage\":\"pt-BR\",\"@id\":\"https:\/\/secure.gravatar.com\/avatar\/2ee0a9b7fe10fe32bdec8bc086e871e41eb5f4f6ecbcb7b4f2fe0d92d831405f?s=96&d=mm&r=g\",\"url\":\"https:\/\/secure.gravatar.com\/avatar\/2ee0a9b7fe10fe32bdec8bc086e871e41eb5f4f6ecbcb7b4f2fe0d92d831405f?s=96&d=mm&r=g\",\"contentUrl\":\"https:\/\/secure.gravatar.com\/avatar\/2ee0a9b7fe10fe32bdec8bc086e871e41eb5f4f6ecbcb7b4f2fe0d92d831405f?s=96&d=mm&r=g\",\"caption\":\"Jornal Ponto Mais\"},\"sameAs\":[\"https:\/\/jornalpontomais.com\/site\",\"jornalpontomais\"],\"url\":\"https:\/\/jornalpontomais.com\/site\/author\/jornalpontomais\/\"}]}<\/script>\n<!-- \/ Yoast SEO plugin. -->","yoast_head_json":{"title":"Cuidados com dengue devem ser maiores na gesta\u00e7\u00e3o - Jornal Ponto Mais","robots":{"index":"index","follow":"follow","max-snippet":"max-snippet:-1","max-image-preview":"max-image-preview:large","max-video-preview":"max-video-preview:-1"},"canonical":"https:\/\/jornalpontomais.com\/site\/2024\/03\/02\/cuidados-com-dengue-devem-ser-maiores-na-gestacao\/","og_locale":"pt_BR","og_type":"article","og_title":"Cuidados com dengue devem ser maiores na gesta\u00e7\u00e3o - Jornal Ponto Mais","og_description":"O odor e o aumento do g\u00e1s carb\u00f4nico exalado pela pele das gestantes, aliados ao aumento da sua temperatura corporal, s\u00e3o fatores importantes para a atra\u00e7\u00e3o do mosquito Aedes aegypti. Al\u00e9m disso, as gr\u00e1vidas e pu\u00e9rperas est\u00e3o entre os grupos populacionais mais suscet\u00edveis a complica\u00e7\u00f5es e evolu\u00e7\u00e3o para as formas mais graves da dengue.&nbsp; O [&hellip;]","og_url":"https:\/\/jornalpontomais.com\/site\/2024\/03\/02\/cuidados-com-dengue-devem-ser-maiores-na-gestacao\/","og_site_name":"Jornal Ponto Mais","article_published_time":"2024-03-02T14:00:38+00:00","article_modified_time":"2024-03-02T14:00:40+00:00","og_image":[{"width":1138,"height":854,"url":"https:\/\/jornalpontomais.com\/site\/wp-content\/uploads\/2024\/02\/mulher-gravida-gravidez-gestacao-barriga-1611086446142_v2_4x3.jpg","type":"image\/jpeg"}],"author":"Jornal Ponto Mais","twitter_card":"summary_large_image","twitter_misc":{"Escrito por":"Jornal Ponto Mais","Est. tempo de leitura":"3 minutos"},"schema":{"@context":"https:\/\/schema.org","@graph":[{"@type":"Article","@id":"https:\/\/jornalpontomais.com\/site\/2024\/03\/02\/cuidados-com-dengue-devem-ser-maiores-na-gestacao\/#article","isPartOf":{"@id":"https:\/\/jornalpontomais.com\/site\/2024\/03\/02\/cuidados-com-dengue-devem-ser-maiores-na-gestacao\/"},"author":{"name":"Jornal Ponto Mais","@id":"https:\/\/jornalpontomais.com\/site\/#\/schema\/person\/18323f0b0f1355f2490721c48389fe9d"},"headline":"Cuidados com dengue devem ser maiores na gesta\u00e7\u00e3o","datePublished":"2024-03-02T14:00:38+00:00","dateModified":"2024-03-02T14:00:40+00:00","mainEntityOfPage":{"@id":"https:\/\/jornalpontomais.com\/site\/2024\/03\/02\/cuidados-com-dengue-devem-ser-maiores-na-gestacao\/"},"wordCount":489,"commentCount":0,"publisher":{"@id":"https:\/\/jornalpontomais.com\/site\/#organization"},"image":{"@id":"https:\/\/jornalpontomais.com\/site\/2024\/03\/02\/cuidados-com-dengue-devem-ser-maiores-na-gestacao\/#primaryimage"},"thumbnailUrl":"https:\/\/jornalpontomais.com\/site\/wp-content\/uploads\/2024\/02\/mulher-gravida-gravidez-gestacao-barriga-1611086446142_v2_4x3.jpg","articleSection":["Sa\u00fade"],"inLanguage":"pt-BR","potentialAction":[{"@type":"CommentAction","name":"Comment","target":["https:\/\/jornalpontomais.com\/site\/2024\/03\/02\/cuidados-com-dengue-devem-ser-maiores-na-gestacao\/#respond"]}]},{"@type":"WebPage","@id":"https:\/\/jornalpontomais.com\/site\/2024\/03\/02\/cuidados-com-dengue-devem-ser-maiores-na-gestacao\/","url":"https:\/\/jornalpontomais.com\/site\/2024\/03\/02\/cuidados-com-dengue-devem-ser-maiores-na-gestacao\/","name":"Cuidados com dengue devem ser maiores na gesta\u00e7\u00e3o - Jornal Ponto Mais","isPartOf":{"@id":"https:\/\/jornalpontomais.com\/site\/#website"},"primaryImageOfPage":{"@id":"https:\/\/jornalpontomais.com\/site\/2024\/03\/02\/cuidados-com-dengue-devem-ser-maiores-na-gestacao\/#primaryimage"},"image":{"@id":"https:\/\/jornalpontomais.com\/site\/2024\/03\/02\/cuidados-com-dengue-devem-ser-maiores-na-gestacao\/#primaryimage"},"thumbnailUrl":"https:\/\/jornalpontomais.com\/site\/wp-content\/uploads\/2024\/02\/mulher-gravida-gravidez-gestacao-barriga-1611086446142_v2_4x3.jpg","datePublished":"2024-03-02T14:00:38+00:00","dateModified":"2024-03-02T14:00:40+00:00","breadcrumb":{"@id":"https:\/\/jornalpontomais.com\/site\/2024\/03\/02\/cuidados-com-dengue-devem-ser-maiores-na-gestacao\/#breadcrumb"},"inLanguage":"pt-BR","potentialAction":[{"@type":"ReadAction","target":["https:\/\/jornalpontomais.com\/site\/2024\/03\/02\/cuidados-com-dengue-devem-ser-maiores-na-gestacao\/"]}]},{"@type":"ImageObject","inLanguage":"pt-BR","@id":"https:\/\/jornalpontomais.com\/site\/2024\/03\/02\/cuidados-com-dengue-devem-ser-maiores-na-gestacao\/#primaryimage","url":"https:\/\/jornalpontomais.com\/site\/wp-content\/uploads\/2024\/02\/mulher-gravida-gravidez-gestacao-barriga-1611086446142_v2_4x3.jpg","contentUrl":"https:\/\/jornalpontomais.com\/site\/wp-content\/uploads\/2024\/02\/mulher-gravida-gravidez-gestacao-barriga-1611086446142_v2_4x3.jpg","width":1138,"height":854},{"@type":"BreadcrumbList","@id":"https:\/\/jornalpontomais.com\/site\/2024\/03\/02\/cuidados-com-dengue-devem-ser-maiores-na-gestacao\/#breadcrumb","itemListElement":[{"@type":"ListItem","position":1,"name":"In\u00edcio","item":"https:\/\/jornalpontomais.com\/site\/"},{"@type":"ListItem","position":2,"name":"Cuidados com dengue devem ser maiores na gesta\u00e7\u00e3o"}]},{"@type":"WebSite","@id":"https:\/\/jornalpontomais.com\/site\/#website","url":"https:\/\/jornalpontomais.com\/site\/","name":"Jornal Ponto Mais","description":"As principais not\u00edcias do Brasil e do mundo. Confira!","publisher":{"@id":"https:\/\/jornalpontomais.com\/site\/#organization"},"potentialAction":[{"@type":"SearchAction","target":{"@type":"EntryPoint","urlTemplate":"https:\/\/jornalpontomais.com\/site\/?s={search_term_string}"},"query-input":{"@type":"PropertyValueSpecification","valueRequired":true,"valueName":"search_term_string"}}],"inLanguage":"pt-BR"},{"@type":"Organization","@id":"https:\/\/jornalpontomais.com\/site\/#organization","name":"Jornal Ponto+","url":"https:\/\/jornalpontomais.com\/site\/","logo":{"@type":"ImageObject","inLanguage":"pt-BR","@id":"https:\/\/jornalpontomais.com\/site\/#\/schema\/logo\/image\/","url":"https:\/\/jornalpontomais.com\/site\/wp-content\/uploads\/2022\/01\/marca.png","contentUrl":"https:\/\/jornalpontomais.com\/site\/wp-content\/uploads\/2022\/01\/marca.png","width":582,"height":148,"caption":"Jornal Ponto+"},"image":{"@id":"https:\/\/jornalpontomais.com\/site\/#\/schema\/logo\/image\/"}},{"@type":"Person","@id":"https:\/\/jornalpontomais.com\/site\/#\/schema\/person\/18323f0b0f1355f2490721c48389fe9d","name":"Jornal Ponto Mais","image":{"@type":"ImageObject","inLanguage":"pt-BR","@id":"https:\/\/secure.gravatar.com\/avatar\/2ee0a9b7fe10fe32bdec8bc086e871e41eb5f4f6ecbcb7b4f2fe0d92d831405f?s=96&d=mm&r=g","url":"https:\/\/secure.gravatar.com\/avatar\/2ee0a9b7fe10fe32bdec8bc086e871e41eb5f4f6ecbcb7b4f2fe0d92d831405f?s=96&d=mm&r=g","contentUrl":"https:\/\/secure.gravatar.com\/avatar\/2ee0a9b7fe10fe32bdec8bc086e871e41eb5f4f6ecbcb7b4f2fe0d92d831405f?s=96&d=mm&r=g","caption":"Jornal Ponto Mais"},"sameAs":["https:\/\/jornalpontomais.com\/site","jornalpontomais"],"url":"https:\/\/jornalpontomais.com\/site\/author\/jornalpontomais\/"}]}},"_links":{"self":[{"href":"https:\/\/jornalpontomais.com\/site\/wp-json\/wp\/v2\/posts\/12156","targetHints":{"allow":["GET"]}}],"collection":[{"href":"https:\/\/jornalpontomais.com\/site\/wp-json\/wp\/v2\/posts"}],"about":[{"href":"https:\/\/jornalpontomais.com\/site\/wp-json\/wp\/v2\/types\/post"}],"author":[{"embeddable":true,"href":"https:\/\/jornalpontomais.com\/site\/wp-json\/wp\/v2\/users\/2"}],"replies":[{"embeddable":true,"href":"https:\/\/jornalpontomais.com\/site\/wp-json\/wp\/v2\/comments?post=12156"}],"version-history":[{"count":1,"href":"https:\/\/jornalpontomais.com\/site\/wp-json\/wp\/v2\/posts\/12156\/revisions"}],"predecessor-version":[{"id":12157,"href":"https:\/\/jornalpontomais.com\/site\/wp-json\/wp\/v2\/posts\/12156\/revisions\/12157"}],"wp:featuredmedia":[{"embeddable":true,"href":"https:\/\/jornalpontomais.com\/site\/wp-json\/wp\/v2\/media\/11904"}],"wp:attachment":[{"href":"https:\/\/jornalpontomais.com\/site\/wp-json\/wp\/v2\/media?parent=12156"}],"wp:term":[{"taxonomy":"category","embeddable":true,"href":"https:\/\/jornalpontomais.com\/site\/wp-json\/wp\/v2\/categories?post=12156"},{"taxonomy":"post_tag","embeddable":true,"href":"https:\/\/jornalpontomais.com\/site\/wp-json\/wp\/v2\/tags?post=12156"}],"curies":[{"name":"wp","href":"https:\/\/api.w.org\/{rel}","templated":true}]}}