{"id":12139,"date":"2024-03-01T12:09:20","date_gmt":"2024-03-01T15:09:20","guid":{"rendered":"https:\/\/jornalpontomais.com\/site\/?p=12139"},"modified":"2024-03-01T12:09:21","modified_gmt":"2024-03-01T15:09:21","slug":"economia-brasileira-cresce-29-em-2023","status":"publish","type":"post","link":"https:\/\/jornalpontomais.com\/site\/2024\/03\/01\/economia-brasileira-cresce-29-em-2023\/","title":{"rendered":"Economia brasileira cresce 2,9% em 2023"},"content":{"rendered":"\n<p>O Produto Interno Bruto (PIB), que \u00e9 a soma de todos os bens e servi\u00e7os produzidos no pa\u00eds, cresceu 2,9% em 2023, com um valor total de R$ 10,9 trilh\u00f5es. Em 2022, a taxa de crescimento havia sido 3%. Os dados foram divulgados nesta sexta-feira (1\u00b0) pelo Instituto Brasileiro de Geografia e Estat\u00edstica (IBGE).<img decoding=\"async\" src=\"https:\/\/agenciabrasil.ebc.com.br\/ebc.png?id=1583718&amp;o=node\"><img decoding=\"async\" src=\"https:\/\/agenciabrasil.ebc.com.br\/ebc.gif?id=1583718&amp;o=node\"><br><br><\/p>\n\n\n\n<p>A alta do PIB no ano foi puxada por uma alta recorde de 15,1% do setor agropecu\u00e1rio, o maior avan\u00e7o desde o in\u00edcio da s\u00e9rie hist\u00f3rica da pesquisa, em 1995. Tamb\u00e9m apresentaram aumentos os setores da ind\u00fastria (1,6%) e do servi\u00e7os (2,4%). &#8220;A agropecu\u00e1ria cresceu 15,1% no ano passado, puxada muito pelos crescimentos nas produ\u00e7\u00f5es de soja e milho, duas das mais importantes lavouras do Brasil&#8221;, explicou a pesquisadora do IBGE, Rebeca Palis. &#8220;A ind\u00fastria extrativa mineral, com a extra\u00e7\u00e3o de petr\u00f3leo e min\u00e9rio de ferro, cresceu bastante tamb\u00e9m&#8221;.<br><br><\/p>\n\n\n\n<p>Segundo Rebeca, a agropecu\u00e1ria e a ind\u00fastria extrativa responderam por metade do crescimento do PIB. &#8220;Vale ressaltar tamb\u00e9m duas outras atividades importantes na economia: a parte de eletricidade, \u00e1gua, g\u00e1s e esgoto e a parte de intermedia\u00e7\u00e3o financeira&#8221;.<br><br><\/p>\n\n\n\n<p>Sob a \u00f3tica da demanda, o crescimento foi puxado pelo consumo das fam\u00edlias (3,1%), consumo do governo (1,7%) e exporta\u00e7\u00f5es (9,1%). A queda de 1,2% das importa\u00e7\u00f5es tamb\u00e9m contribuiu para o resultado. A forma\u00e7\u00e3o bruta de capital fixo, isto \u00e9, os investimentos, por outro lado, caiu 3% no ano.<br><br><\/p>\n\n\n\n<p>Na passagem do terceiro para o quarto trimestre do ano, o PIB manteve-se est\u00e1vel. J\u00e1 na compara\u00e7\u00e3o do quarto trimestre de 2023 com o mesmo per\u00edodo do ano anterior, houve alta de 2,1%.<\/p>\n","protected":false},"excerpt":{"rendered":"<p>O Produto Interno Bruto (PIB), que \u00e9 a soma de todos os bens e servi\u00e7os produzidos no pa\u00eds, cresceu 2,9% em 2023, com um valor total de R$ 10,9 trilh\u00f5es. Em 2022, a taxa de crescimento havia sido 3%. Os dados foram divulgados nesta sexta-feira (1\u00b0) pelo Instituto Brasileiro de Geografia e Estat\u00edstica (IBGE). A [&hellip;]<\/p>\n","protected":false},"author":2,"featured_media":12141,"comment_status":"open","ping_status":"open","sticky":true,"template":"","format":"standard","meta":{"om_disable_all_campaigns":false,"_monsterinsights_skip_tracking":false,"_monsterinsights_sitenote_active":false,"_monsterinsights_sitenote_note":"","_monsterinsights_sitenote_category":0,"footnotes":""},"categories":[37],"tags":[],"class_list":["post-12139","post","type-post","status-publish","format-standard","has-post-thumbnail","hentry","category-economia"],"yoast_head":"<!-- This site is optimized with the Yoast SEO plugin v27.2 - https:\/\/yoast.com\/product\/yoast-seo-wordpress\/ -->\n<title>Economia brasileira cresce 2,9% em 2023<\/title>\n<meta name=\"robots\" content=\"index, follow, max-snippet:-1, max-image-preview:large, max-video-preview:-1\" \/>\n<link rel=\"canonical\" href=\"https:\/\/jornalpontomais.com\/site\/2024\/03\/01\/economia-brasileira-cresce-29-em-2023\/\" \/>\n<meta property=\"og:locale\" content=\"pt_BR\" \/>\n<meta property=\"og:type\" content=\"article\" \/>\n<meta property=\"og:title\" content=\"Economia brasileira cresce 2,9% em 2023\" \/>\n<meta property=\"og:description\" content=\"O Produto Interno Bruto (PIB), que \u00e9 a soma de todos os bens e servi\u00e7os produzidos no pa\u00eds, cresceu 2,9% em 2023, com um valor total de R$ 10,9 trilh\u00f5es. Em 2022, a taxa de crescimento havia sido 3%. Os dados foram divulgados nesta sexta-feira (1\u00b0) pelo Instituto Brasileiro de Geografia e Estat\u00edstica (IBGE). A [&hellip;]\" \/>\n<meta property=\"og:url\" content=\"https:\/\/jornalpontomais.com\/site\/2024\/03\/01\/economia-brasileira-cresce-29-em-2023\/\" \/>\n<meta property=\"og:site_name\" content=\"Jornal Ponto Mais\" \/>\n<meta property=\"article:published_time\" content=\"2024-03-01T15:09:20+00:00\" \/>\n<meta property=\"article:modified_time\" content=\"2024-03-01T15:09:21+00:00\" \/>\n<meta property=\"og:image\" content=\"https:\/\/jornalpontomais.com\/site\/wp-content\/uploads\/2024\/03\/economia_ilustracao-5.webp\" \/>\n\t<meta property=\"og:image:width\" content=\"1170\" \/>\n\t<meta property=\"og:image:height\" content=\"700\" \/>\n\t<meta property=\"og:image:type\" content=\"image\/webp\" \/>\n<meta name=\"author\" content=\"Jornal Ponto Mais\" \/>\n<meta name=\"twitter:card\" content=\"summary_large_image\" \/>\n<meta name=\"twitter:label1\" content=\"Escrito por\" \/>\n\t<meta name=\"twitter:data1\" content=\"Jornal Ponto Mais\" \/>\n\t<meta name=\"twitter:label2\" content=\"Est. tempo de leitura\" \/>\n\t<meta name=\"twitter:data2\" content=\"2 minutos\" \/>\n<script type=\"application\/ld+json\" class=\"yoast-schema-graph\">{\"@context\":\"https:\/\/schema.org\",\"@graph\":[{\"@type\":\"Article\",\"@id\":\"https:\/\/jornalpontomais.com\/site\/2024\/03\/01\/economia-brasileira-cresce-29-em-2023\/#article\",\"isPartOf\":{\"@id\":\"https:\/\/jornalpontomais.com\/site\/2024\/03\/01\/economia-brasileira-cresce-29-em-2023\/\"},\"author\":{\"name\":\"Jornal Ponto Mais\",\"@id\":\"https:\/\/jornalpontomais.com\/site\/#\/schema\/person\/18323f0b0f1355f2490721c48389fe9d\"},\"headline\":\"Economia brasileira cresce 2,9% em 2023\",\"datePublished\":\"2024-03-01T15:09:20+00:00\",\"dateModified\":\"2024-03-01T15:09:21+00:00\",\"mainEntityOfPage\":{\"@id\":\"https:\/\/jornalpontomais.com\/site\/2024\/03\/01\/economia-brasileira-cresce-29-em-2023\/\"},\"wordCount\":279,\"commentCount\":0,\"publisher\":{\"@id\":\"https:\/\/jornalpontomais.com\/site\/#organization\"},\"image\":{\"@id\":\"https:\/\/jornalpontomais.com\/site\/2024\/03\/01\/economia-brasileira-cresce-29-em-2023\/#primaryimage\"},\"thumbnailUrl\":\"https:\/\/jornalpontomais.com\/site\/wp-content\/uploads\/2024\/03\/economia_ilustracao-5.webp\",\"articleSection\":[\"Economia\"],\"inLanguage\":\"pt-BR\",\"potentialAction\":[{\"@type\":\"CommentAction\",\"name\":\"Comment\",\"target\":[\"https:\/\/jornalpontomais.com\/site\/2024\/03\/01\/economia-brasileira-cresce-29-em-2023\/#respond\"]}]},{\"@type\":\"WebPage\",\"@id\":\"https:\/\/jornalpontomais.com\/site\/2024\/03\/01\/economia-brasileira-cresce-29-em-2023\/\",\"url\":\"https:\/\/jornalpontomais.com\/site\/2024\/03\/01\/economia-brasileira-cresce-29-em-2023\/\",\"name\":\"Economia brasileira cresce 2,9% em 2023\",\"isPartOf\":{\"@id\":\"https:\/\/jornalpontomais.com\/site\/#website\"},\"primaryImageOfPage\":{\"@id\":\"https:\/\/jornalpontomais.com\/site\/2024\/03\/01\/economia-brasileira-cresce-29-em-2023\/#primaryimage\"},\"image\":{\"@id\":\"https:\/\/jornalpontomais.com\/site\/2024\/03\/01\/economia-brasileira-cresce-29-em-2023\/#primaryimage\"},\"thumbnailUrl\":\"https:\/\/jornalpontomais.com\/site\/wp-content\/uploads\/2024\/03\/economia_ilustracao-5.webp\",\"datePublished\":\"2024-03-01T15:09:20+00:00\",\"dateModified\":\"2024-03-01T15:09:21+00:00\",\"breadcrumb\":{\"@id\":\"https:\/\/jornalpontomais.com\/site\/2024\/03\/01\/economia-brasileira-cresce-29-em-2023\/#breadcrumb\"},\"inLanguage\":\"pt-BR\",\"potentialAction\":[{\"@type\":\"ReadAction\",\"target\":[\"https:\/\/jornalpontomais.com\/site\/2024\/03\/01\/economia-brasileira-cresce-29-em-2023\/\"]}]},{\"@type\":\"ImageObject\",\"inLanguage\":\"pt-BR\",\"@id\":\"https:\/\/jornalpontomais.com\/site\/2024\/03\/01\/economia-brasileira-cresce-29-em-2023\/#primaryimage\",\"url\":\"https:\/\/jornalpontomais.com\/site\/wp-content\/uploads\/2024\/03\/economia_ilustracao-5.webp\",\"contentUrl\":\"https:\/\/jornalpontomais.com\/site\/wp-content\/uploads\/2024\/03\/economia_ilustracao-5.webp\",\"width\":1170,\"height\":700},{\"@type\":\"BreadcrumbList\",\"@id\":\"https:\/\/jornalpontomais.com\/site\/2024\/03\/01\/economia-brasileira-cresce-29-em-2023\/#breadcrumb\",\"itemListElement\":[{\"@type\":\"ListItem\",\"position\":1,\"name\":\"In\u00edcio\",\"item\":\"https:\/\/jornalpontomais.com\/site\/\"},{\"@type\":\"ListItem\",\"position\":2,\"name\":\"Economia brasileira cresce 2,9% em 2023\"}]},{\"@type\":\"WebSite\",\"@id\":\"https:\/\/jornalpontomais.com\/site\/#website\",\"url\":\"https:\/\/jornalpontomais.com\/site\/\",\"name\":\"Jornal Ponto Mais\",\"description\":\"As principais not\u00edcias do Brasil e do mundo. Confira!\",\"publisher\":{\"@id\":\"https:\/\/jornalpontomais.com\/site\/#organization\"},\"potentialAction\":[{\"@type\":\"SearchAction\",\"target\":{\"@type\":\"EntryPoint\",\"urlTemplate\":\"https:\/\/jornalpontomais.com\/site\/?s={search_term_string}\"},\"query-input\":{\"@type\":\"PropertyValueSpecification\",\"valueRequired\":true,\"valueName\":\"search_term_string\"}}],\"inLanguage\":\"pt-BR\"},{\"@type\":\"Organization\",\"@id\":\"https:\/\/jornalpontomais.com\/site\/#organization\",\"name\":\"Jornal Ponto+\",\"url\":\"https:\/\/jornalpontomais.com\/site\/\",\"logo\":{\"@type\":\"ImageObject\",\"inLanguage\":\"pt-BR\",\"@id\":\"https:\/\/jornalpontomais.com\/site\/#\/schema\/logo\/image\/\",\"url\":\"https:\/\/jornalpontomais.com\/site\/wp-content\/uploads\/2022\/01\/marca.png\",\"contentUrl\":\"https:\/\/jornalpontomais.com\/site\/wp-content\/uploads\/2022\/01\/marca.png\",\"width\":582,\"height\":148,\"caption\":\"Jornal Ponto+\"},\"image\":{\"@id\":\"https:\/\/jornalpontomais.com\/site\/#\/schema\/logo\/image\/\"}},{\"@type\":\"Person\",\"@id\":\"https:\/\/jornalpontomais.com\/site\/#\/schema\/person\/18323f0b0f1355f2490721c48389fe9d\",\"name\":\"Jornal Ponto Mais\",\"image\":{\"@type\":\"ImageObject\",\"inLanguage\":\"pt-BR\",\"@id\":\"https:\/\/secure.gravatar.com\/avatar\/2ee0a9b7fe10fe32bdec8bc086e871e41eb5f4f6ecbcb7b4f2fe0d92d831405f?s=96&d=mm&r=g\",\"url\":\"https:\/\/secure.gravatar.com\/avatar\/2ee0a9b7fe10fe32bdec8bc086e871e41eb5f4f6ecbcb7b4f2fe0d92d831405f?s=96&d=mm&r=g\",\"contentUrl\":\"https:\/\/secure.gravatar.com\/avatar\/2ee0a9b7fe10fe32bdec8bc086e871e41eb5f4f6ecbcb7b4f2fe0d92d831405f?s=96&d=mm&r=g\",\"caption\":\"Jornal Ponto Mais\"},\"sameAs\":[\"https:\/\/jornalpontomais.com\/site\",\"jornalpontomais\"],\"url\":\"https:\/\/jornalpontomais.com\/site\/author\/jornalpontomais\/\"}]}<\/script>\n<!-- \/ Yoast SEO plugin. -->","yoast_head_json":{"title":"Economia brasileira cresce 2,9% em 2023","robots":{"index":"index","follow":"follow","max-snippet":"max-snippet:-1","max-image-preview":"max-image-preview:large","max-video-preview":"max-video-preview:-1"},"canonical":"https:\/\/jornalpontomais.com\/site\/2024\/03\/01\/economia-brasileira-cresce-29-em-2023\/","og_locale":"pt_BR","og_type":"article","og_title":"Economia brasileira cresce 2,9% em 2023","og_description":"O Produto Interno Bruto (PIB), que \u00e9 a soma de todos os bens e servi\u00e7os produzidos no pa\u00eds, cresceu 2,9% em 2023, com um valor total de R$ 10,9 trilh\u00f5es. Em 2022, a taxa de crescimento havia sido 3%. Os dados foram divulgados nesta sexta-feira (1\u00b0) pelo Instituto Brasileiro de Geografia e Estat\u00edstica (IBGE). A [&hellip;]","og_url":"https:\/\/jornalpontomais.com\/site\/2024\/03\/01\/economia-brasileira-cresce-29-em-2023\/","og_site_name":"Jornal Ponto Mais","article_published_time":"2024-03-01T15:09:20+00:00","article_modified_time":"2024-03-01T15:09:21+00:00","og_image":[{"width":1170,"height":700,"url":"https:\/\/jornalpontomais.com\/site\/wp-content\/uploads\/2024\/03\/economia_ilustracao-5.webp","type":"image\/webp"}],"author":"Jornal Ponto Mais","twitter_card":"summary_large_image","twitter_misc":{"Escrito por":"Jornal Ponto Mais","Est. tempo de leitura":"2 minutos"},"schema":{"@context":"https:\/\/schema.org","@graph":[{"@type":"Article","@id":"https:\/\/jornalpontomais.com\/site\/2024\/03\/01\/economia-brasileira-cresce-29-em-2023\/#article","isPartOf":{"@id":"https:\/\/jornalpontomais.com\/site\/2024\/03\/01\/economia-brasileira-cresce-29-em-2023\/"},"author":{"name":"Jornal Ponto Mais","@id":"https:\/\/jornalpontomais.com\/site\/#\/schema\/person\/18323f0b0f1355f2490721c48389fe9d"},"headline":"Economia brasileira cresce 2,9% em 2023","datePublished":"2024-03-01T15:09:20+00:00","dateModified":"2024-03-01T15:09:21+00:00","mainEntityOfPage":{"@id":"https:\/\/jornalpontomais.com\/site\/2024\/03\/01\/economia-brasileira-cresce-29-em-2023\/"},"wordCount":279,"commentCount":0,"publisher":{"@id":"https:\/\/jornalpontomais.com\/site\/#organization"},"image":{"@id":"https:\/\/jornalpontomais.com\/site\/2024\/03\/01\/economia-brasileira-cresce-29-em-2023\/#primaryimage"},"thumbnailUrl":"https:\/\/jornalpontomais.com\/site\/wp-content\/uploads\/2024\/03\/economia_ilustracao-5.webp","articleSection":["Economia"],"inLanguage":"pt-BR","potentialAction":[{"@type":"CommentAction","name":"Comment","target":["https:\/\/jornalpontomais.com\/site\/2024\/03\/01\/economia-brasileira-cresce-29-em-2023\/#respond"]}]},{"@type":"WebPage","@id":"https:\/\/jornalpontomais.com\/site\/2024\/03\/01\/economia-brasileira-cresce-29-em-2023\/","url":"https:\/\/jornalpontomais.com\/site\/2024\/03\/01\/economia-brasileira-cresce-29-em-2023\/","name":"Economia brasileira cresce 2,9% em 2023","isPartOf":{"@id":"https:\/\/jornalpontomais.com\/site\/#website"},"primaryImageOfPage":{"@id":"https:\/\/jornalpontomais.com\/site\/2024\/03\/01\/economia-brasileira-cresce-29-em-2023\/#primaryimage"},"image":{"@id":"https:\/\/jornalpontomais.com\/site\/2024\/03\/01\/economia-brasileira-cresce-29-em-2023\/#primaryimage"},"thumbnailUrl":"https:\/\/jornalpontomais.com\/site\/wp-content\/uploads\/2024\/03\/economia_ilustracao-5.webp","datePublished":"2024-03-01T15:09:20+00:00","dateModified":"2024-03-01T15:09:21+00:00","breadcrumb":{"@id":"https:\/\/jornalpontomais.com\/site\/2024\/03\/01\/economia-brasileira-cresce-29-em-2023\/#breadcrumb"},"inLanguage":"pt-BR","potentialAction":[{"@type":"ReadAction","target":["https:\/\/jornalpontomais.com\/site\/2024\/03\/01\/economia-brasileira-cresce-29-em-2023\/"]}]},{"@type":"ImageObject","inLanguage":"pt-BR","@id":"https:\/\/jornalpontomais.com\/site\/2024\/03\/01\/economia-brasileira-cresce-29-em-2023\/#primaryimage","url":"https:\/\/jornalpontomais.com\/site\/wp-content\/uploads\/2024\/03\/economia_ilustracao-5.webp","contentUrl":"https:\/\/jornalpontomais.com\/site\/wp-content\/uploads\/2024\/03\/economia_ilustracao-5.webp","width":1170,"height":700},{"@type":"BreadcrumbList","@id":"https:\/\/jornalpontomais.com\/site\/2024\/03\/01\/economia-brasileira-cresce-29-em-2023\/#breadcrumb","itemListElement":[{"@type":"ListItem","position":1,"name":"In\u00edcio","item":"https:\/\/jornalpontomais.com\/site\/"},{"@type":"ListItem","position":2,"name":"Economia brasileira cresce 2,9% em 2023"}]},{"@type":"WebSite","@id":"https:\/\/jornalpontomais.com\/site\/#website","url":"https:\/\/jornalpontomais.com\/site\/","name":"Jornal Ponto Mais","description":"As principais not\u00edcias do Brasil e do mundo. Confira!","publisher":{"@id":"https:\/\/jornalpontomais.com\/site\/#organization"},"potentialAction":[{"@type":"SearchAction","target":{"@type":"EntryPoint","urlTemplate":"https:\/\/jornalpontomais.com\/site\/?s={search_term_string}"},"query-input":{"@type":"PropertyValueSpecification","valueRequired":true,"valueName":"search_term_string"}}],"inLanguage":"pt-BR"},{"@type":"Organization","@id":"https:\/\/jornalpontomais.com\/site\/#organization","name":"Jornal Ponto+","url":"https:\/\/jornalpontomais.com\/site\/","logo":{"@type":"ImageObject","inLanguage":"pt-BR","@id":"https:\/\/jornalpontomais.com\/site\/#\/schema\/logo\/image\/","url":"https:\/\/jornalpontomais.com\/site\/wp-content\/uploads\/2022\/01\/marca.png","contentUrl":"https:\/\/jornalpontomais.com\/site\/wp-content\/uploads\/2022\/01\/marca.png","width":582,"height":148,"caption":"Jornal Ponto+"},"image":{"@id":"https:\/\/jornalpontomais.com\/site\/#\/schema\/logo\/image\/"}},{"@type":"Person","@id":"https:\/\/jornalpontomais.com\/site\/#\/schema\/person\/18323f0b0f1355f2490721c48389fe9d","name":"Jornal Ponto Mais","image":{"@type":"ImageObject","inLanguage":"pt-BR","@id":"https:\/\/secure.gravatar.com\/avatar\/2ee0a9b7fe10fe32bdec8bc086e871e41eb5f4f6ecbcb7b4f2fe0d92d831405f?s=96&d=mm&r=g","url":"https:\/\/secure.gravatar.com\/avatar\/2ee0a9b7fe10fe32bdec8bc086e871e41eb5f4f6ecbcb7b4f2fe0d92d831405f?s=96&d=mm&r=g","contentUrl":"https:\/\/secure.gravatar.com\/avatar\/2ee0a9b7fe10fe32bdec8bc086e871e41eb5f4f6ecbcb7b4f2fe0d92d831405f?s=96&d=mm&r=g","caption":"Jornal Ponto Mais"},"sameAs":["https:\/\/jornalpontomais.com\/site","jornalpontomais"],"url":"https:\/\/jornalpontomais.com\/site\/author\/jornalpontomais\/"}]}},"_links":{"self":[{"href":"https:\/\/jornalpontomais.com\/site\/wp-json\/wp\/v2\/posts\/12139","targetHints":{"allow":["GET"]}}],"collection":[{"href":"https:\/\/jornalpontomais.com\/site\/wp-json\/wp\/v2\/posts"}],"about":[{"href":"https:\/\/jornalpontomais.com\/site\/wp-json\/wp\/v2\/types\/post"}],"author":[{"embeddable":true,"href":"https:\/\/jornalpontomais.com\/site\/wp-json\/wp\/v2\/users\/2"}],"replies":[{"embeddable":true,"href":"https:\/\/jornalpontomais.com\/site\/wp-json\/wp\/v2\/comments?post=12139"}],"version-history":[{"count":1,"href":"https:\/\/jornalpontomais.com\/site\/wp-json\/wp\/v2\/posts\/12139\/revisions"}],"predecessor-version":[{"id":12142,"href":"https:\/\/jornalpontomais.com\/site\/wp-json\/wp\/v2\/posts\/12139\/revisions\/12142"}],"wp:featuredmedia":[{"embeddable":true,"href":"https:\/\/jornalpontomais.com\/site\/wp-json\/wp\/v2\/media\/12141"}],"wp:attachment":[{"href":"https:\/\/jornalpontomais.com\/site\/wp-json\/wp\/v2\/media?parent=12139"}],"wp:term":[{"taxonomy":"category","embeddable":true,"href":"https:\/\/jornalpontomais.com\/site\/wp-json\/wp\/v2\/categories?post=12139"},{"taxonomy":"post_tag","embeddable":true,"href":"https:\/\/jornalpontomais.com\/site\/wp-json\/wp\/v2\/tags?post=12139"}],"curies":[{"name":"wp","href":"https:\/\/api.w.org\/{rel}","templated":true}]}}