{"id":12129,"date":"2024-03-01T09:26:23","date_gmt":"2024-03-01T12:26:23","guid":{"rendered":"https:\/\/jornalpontomais.com\/site\/?p=12129"},"modified":"2024-03-01T09:26:24","modified_gmt":"2024-03-01T12:26:24","slug":"goias-amplia-vacinacao-contra-dengue-para-10-a-14-anos","status":"publish","type":"post","link":"https:\/\/jornalpontomais.com\/site\/2024\/03\/01\/goias-amplia-vacinacao-contra-dengue-para-10-a-14-anos\/","title":{"rendered":"Goi\u00e1s amplia vacina\u00e7\u00e3o contra dengue para 10 a 14 anos"},"content":{"rendered":"\n<p>A Secretaria da Sa\u00fade de Goi\u00e1s\u00a0(SES) anunciou nesta quinta-feira, 29, a amplia\u00e7\u00e3o da faixa et\u00e1ria apta a receber o imunizante contra dengue no estado. Assim, os munic\u00edpios que desejarem podem iniciar a aplica\u00e7\u00e3o da vacina Qdenga em crian\u00e7as e adolescentes de 10 a 14 anos.<\/p>\n\n\n\n<p>Goi\u00e1s \u00e9 o segundo estado do pa\u00eds a anunciar a decis\u00e3o. O esquema vacinal \u00e9 composto por duas doses, com intervalo de 90 dias entre cada uma. Segundo o titular da SES, Ras\u00edvel dos Santos, a inten\u00e7\u00e3o \u00e9 intensificar a prote\u00e7\u00e3o \u00e0s crian\u00e7as e adolescentes.<br><br><\/p>\n\n\n\n<p><strong>10 a 14 anos<\/strong><\/p>\n\n\n\n<p>\u201cN\u00f3s tivemos uma boa procura pela vacina nos primeiros dias da campanha, mas a ades\u00e3o diminuiu com o passar do tempo e apenas 13,1% das crian\u00e7as com idade entre 10 e 11 anos foram vacinadas\u201d, afirmou.<br><br><\/p>\n\n\n\n<p>\u201cN\u00f3s conversamos com o Minist\u00e9rio da Sa\u00fade e o Conselho de Secret\u00e1rios Municipais de Sa\u00fade de Goi\u00e1s e todos foram un\u00e2nimes em afirmar que a amplia\u00e7\u00e3o da faixa et\u00e1ria \u00e9 a melhor estrat\u00e9gia para levarmos prote\u00e7\u00e3o a mais crian\u00e7as e adolescentes em todo o estado\u201d, disse.<br><br><\/p>\n\n\n\n<p>A import\u00e2ncia da imuniza\u00e7\u00e3o contra dengue foi refor\u00e7ada por pediatras do Hospital Estadual da Crian\u00e7a e do Adolescente (Hecad). O diretor t\u00e9cnico da unidade, Andr\u00e9 Resende, explicou que as crian\u00e7as e adolescentes s\u00e3o o p\u00fablico com maior quantidade de interna\u00e7\u00f5es por dengue, atr\u00e1s apenas dos idosos. \u201cIsso acontece porque o principal fator de risco para o desenvolvimento da forma grave da doen\u00e7a \u00e9 a segunda infec\u00e7\u00e3o. Em locais como Goi\u00e1s, que historicamente tem registrado altos n\u00edveis de transmiss\u00e3o, a segunda infec\u00e7\u00e3o acontece nessa faixa et\u00e1ria, que j\u00e1 teve contato com a dengue na inf\u00e2ncia\u201d, ressaltou o m\u00e9dico.<br><br><\/p>\n\n\n\n<p>\u201c\u00c9 importante que os pais estejam cientes de que a Qdenga \u00e9 uma vacina segura, que promove a imuniza\u00e7\u00e3o da crian\u00e7a contra os quatro sorotipos do v\u00edrus da dengue por cerca de quatro anos\u201d, completou a pediatra Maysa Carvalho.<br><br><\/p>\n\n\n\n<p>A Secretaria de Sa\u00fade recebeu at\u00e9 o momento 158.518 doses da Qdenga, que foram distribu\u00eddas para 134 munic\u00edpios goianos.<br><br><\/p>\n\n\n\n<p><strong>Atendimento<\/strong><\/p>\n\n\n\n<p>O atendimento no Hecad a crian\u00e7as e adolescentes com dengue aumentou 110% neste ano em compara\u00e7\u00e3o com os dois primeiros meses do ano passado. Foram 62 atendimentos e duas interna\u00e7\u00f5es em janeiro e fevereiro de 2023 enquanto neste ano foram realizados 131 atendimentos e 32 interna\u00e7\u00f5es.<\/p>\n","protected":false},"excerpt":{"rendered":"<p>A Secretaria da Sa\u00fade de Goi\u00e1s\u00a0(SES) anunciou nesta quinta-feira, 29, a amplia\u00e7\u00e3o da faixa et\u00e1ria apta a receber o imunizante contra dengue no estado. Assim, os munic\u00edpios que desejarem podem iniciar a aplica\u00e7\u00e3o da vacina Qdenga em crian\u00e7as e adolescentes de 10 a 14 anos. Goi\u00e1s \u00e9 o segundo estado do pa\u00eds a anunciar a [&hellip;]<\/p>\n","protected":false},"author":2,"featured_media":12130,"comment_status":"open","ping_status":"open","sticky":true,"template":"","format":"standard","meta":{"om_disable_all_campaigns":false,"_monsterinsights_skip_tracking":false,"_monsterinsights_sitenote_active":false,"_monsterinsights_sitenote_note":"","_monsterinsights_sitenote_category":0,"footnotes":""},"categories":[3],"tags":[],"class_list":["post-12129","post","type-post","status-publish","format-standard","has-post-thumbnail","hentry","category-saude"],"yoast_head":"<!-- This site is optimized with the Yoast SEO plugin v27.2 - https:\/\/yoast.com\/product\/yoast-seo-wordpress\/ -->\n<title>Goi\u00e1s amplia vacina\u00e7\u00e3o contra dengue para 10 a 14 anos - Jornal Ponto Mais<\/title>\n<meta name=\"robots\" content=\"index, follow, max-snippet:-1, max-image-preview:large, max-video-preview:-1\" \/>\n<link rel=\"canonical\" href=\"https:\/\/jornalpontomais.com\/site\/2024\/03\/01\/goias-amplia-vacinacao-contra-dengue-para-10-a-14-anos\/\" \/>\n<meta property=\"og:locale\" content=\"pt_BR\" \/>\n<meta property=\"og:type\" content=\"article\" \/>\n<meta property=\"og:title\" content=\"Goi\u00e1s amplia vacina\u00e7\u00e3o contra dengue para 10 a 14 anos - Jornal Ponto Mais\" \/>\n<meta property=\"og:description\" content=\"A Secretaria da Sa\u00fade de Goi\u00e1s\u00a0(SES) anunciou nesta quinta-feira, 29, a amplia\u00e7\u00e3o da faixa et\u00e1ria apta a receber o imunizante contra dengue no estado. Assim, os munic\u00edpios que desejarem podem iniciar a aplica\u00e7\u00e3o da vacina Qdenga em crian\u00e7as e adolescentes de 10 a 14 anos. Goi\u00e1s \u00e9 o segundo estado do pa\u00eds a anunciar a [&hellip;]\" \/>\n<meta property=\"og:url\" content=\"https:\/\/jornalpontomais.com\/site\/2024\/03\/01\/goias-amplia-vacinacao-contra-dengue-para-10-a-14-anos\/\" \/>\n<meta property=\"og:site_name\" content=\"Jornal Ponto Mais\" \/>\n<meta property=\"article:published_time\" content=\"2024-03-01T12:26:23+00:00\" \/>\n<meta property=\"article:modified_time\" content=\"2024-03-01T12:26:24+00:00\" \/>\n<meta property=\"og:image\" content=\"https:\/\/jornalpontomais.com\/site\/wp-content\/uploads\/2024\/03\/Vacina-dengue-Qdenga-1215x811-1.jpg\" \/>\n\t<meta property=\"og:image:width\" content=\"1215\" \/>\n\t<meta property=\"og:image:height\" content=\"811\" \/>\n\t<meta property=\"og:image:type\" content=\"image\/jpeg\" \/>\n<meta name=\"author\" content=\"Jornal Ponto Mais\" \/>\n<meta name=\"twitter:card\" content=\"summary_large_image\" \/>\n<meta name=\"twitter:label1\" content=\"Escrito por\" \/>\n\t<meta name=\"twitter:data1\" content=\"Jornal Ponto Mais\" \/>\n\t<meta name=\"twitter:label2\" content=\"Est. tempo de leitura\" \/>\n\t<meta name=\"twitter:data2\" content=\"3 minutos\" \/>\n<script type=\"application\/ld+json\" class=\"yoast-schema-graph\">{\"@context\":\"https:\/\/schema.org\",\"@graph\":[{\"@type\":\"Article\",\"@id\":\"https:\/\/jornalpontomais.com\/site\/2024\/03\/01\/goias-amplia-vacinacao-contra-dengue-para-10-a-14-anos\/#article\",\"isPartOf\":{\"@id\":\"https:\/\/jornalpontomais.com\/site\/2024\/03\/01\/goias-amplia-vacinacao-contra-dengue-para-10-a-14-anos\/\"},\"author\":{\"name\":\"Jornal Ponto Mais\",\"@id\":\"https:\/\/jornalpontomais.com\/site\/#\/schema\/person\/18323f0b0f1355f2490721c48389fe9d\"},\"headline\":\"Goi\u00e1s amplia vacina\u00e7\u00e3o contra dengue para 10 a 14 anos\",\"datePublished\":\"2024-03-01T12:26:23+00:00\",\"dateModified\":\"2024-03-01T12:26:24+00:00\",\"mainEntityOfPage\":{\"@id\":\"https:\/\/jornalpontomais.com\/site\/2024\/03\/01\/goias-amplia-vacinacao-contra-dengue-para-10-a-14-anos\/\"},\"wordCount\":424,\"commentCount\":0,\"publisher\":{\"@id\":\"https:\/\/jornalpontomais.com\/site\/#organization\"},\"image\":{\"@id\":\"https:\/\/jornalpontomais.com\/site\/2024\/03\/01\/goias-amplia-vacinacao-contra-dengue-para-10-a-14-anos\/#primaryimage\"},\"thumbnailUrl\":\"https:\/\/jornalpontomais.com\/site\/wp-content\/uploads\/2024\/03\/Vacina-dengue-Qdenga-1215x811-1.jpg\",\"articleSection\":[\"Sa\u00fade\"],\"inLanguage\":\"pt-BR\",\"potentialAction\":[{\"@type\":\"CommentAction\",\"name\":\"Comment\",\"target\":[\"https:\/\/jornalpontomais.com\/site\/2024\/03\/01\/goias-amplia-vacinacao-contra-dengue-para-10-a-14-anos\/#respond\"]}]},{\"@type\":\"WebPage\",\"@id\":\"https:\/\/jornalpontomais.com\/site\/2024\/03\/01\/goias-amplia-vacinacao-contra-dengue-para-10-a-14-anos\/\",\"url\":\"https:\/\/jornalpontomais.com\/site\/2024\/03\/01\/goias-amplia-vacinacao-contra-dengue-para-10-a-14-anos\/\",\"name\":\"Goi\u00e1s amplia vacina\u00e7\u00e3o contra dengue para 10 a 14 anos - Jornal Ponto Mais\",\"isPartOf\":{\"@id\":\"https:\/\/jornalpontomais.com\/site\/#website\"},\"primaryImageOfPage\":{\"@id\":\"https:\/\/jornalpontomais.com\/site\/2024\/03\/01\/goias-amplia-vacinacao-contra-dengue-para-10-a-14-anos\/#primaryimage\"},\"image\":{\"@id\":\"https:\/\/jornalpontomais.com\/site\/2024\/03\/01\/goias-amplia-vacinacao-contra-dengue-para-10-a-14-anos\/#primaryimage\"},\"thumbnailUrl\":\"https:\/\/jornalpontomais.com\/site\/wp-content\/uploads\/2024\/03\/Vacina-dengue-Qdenga-1215x811-1.jpg\",\"datePublished\":\"2024-03-01T12:26:23+00:00\",\"dateModified\":\"2024-03-01T12:26:24+00:00\",\"breadcrumb\":{\"@id\":\"https:\/\/jornalpontomais.com\/site\/2024\/03\/01\/goias-amplia-vacinacao-contra-dengue-para-10-a-14-anos\/#breadcrumb\"},\"inLanguage\":\"pt-BR\",\"potentialAction\":[{\"@type\":\"ReadAction\",\"target\":[\"https:\/\/jornalpontomais.com\/site\/2024\/03\/01\/goias-amplia-vacinacao-contra-dengue-para-10-a-14-anos\/\"]}]},{\"@type\":\"ImageObject\",\"inLanguage\":\"pt-BR\",\"@id\":\"https:\/\/jornalpontomais.com\/site\/2024\/03\/01\/goias-amplia-vacinacao-contra-dengue-para-10-a-14-anos\/#primaryimage\",\"url\":\"https:\/\/jornalpontomais.com\/site\/wp-content\/uploads\/2024\/03\/Vacina-dengue-Qdenga-1215x811-1.jpg\",\"contentUrl\":\"https:\/\/jornalpontomais.com\/site\/wp-content\/uploads\/2024\/03\/Vacina-dengue-Qdenga-1215x811-1.jpg\",\"width\":1215,\"height\":811},{\"@type\":\"BreadcrumbList\",\"@id\":\"https:\/\/jornalpontomais.com\/site\/2024\/03\/01\/goias-amplia-vacinacao-contra-dengue-para-10-a-14-anos\/#breadcrumb\",\"itemListElement\":[{\"@type\":\"ListItem\",\"position\":1,\"name\":\"In\u00edcio\",\"item\":\"https:\/\/jornalpontomais.com\/site\/\"},{\"@type\":\"ListItem\",\"position\":2,\"name\":\"Goi\u00e1s amplia vacina\u00e7\u00e3o contra dengue para 10 a 14 anos\"}]},{\"@type\":\"WebSite\",\"@id\":\"https:\/\/jornalpontomais.com\/site\/#website\",\"url\":\"https:\/\/jornalpontomais.com\/site\/\",\"name\":\"Jornal Ponto Mais\",\"description\":\"As principais not\u00edcias do Brasil e do mundo. Confira!\",\"publisher\":{\"@id\":\"https:\/\/jornalpontomais.com\/site\/#organization\"},\"potentialAction\":[{\"@type\":\"SearchAction\",\"target\":{\"@type\":\"EntryPoint\",\"urlTemplate\":\"https:\/\/jornalpontomais.com\/site\/?s={search_term_string}\"},\"query-input\":{\"@type\":\"PropertyValueSpecification\",\"valueRequired\":true,\"valueName\":\"search_term_string\"}}],\"inLanguage\":\"pt-BR\"},{\"@type\":\"Organization\",\"@id\":\"https:\/\/jornalpontomais.com\/site\/#organization\",\"name\":\"Jornal Ponto+\",\"url\":\"https:\/\/jornalpontomais.com\/site\/\",\"logo\":{\"@type\":\"ImageObject\",\"inLanguage\":\"pt-BR\",\"@id\":\"https:\/\/jornalpontomais.com\/site\/#\/schema\/logo\/image\/\",\"url\":\"https:\/\/jornalpontomais.com\/site\/wp-content\/uploads\/2022\/01\/marca.png\",\"contentUrl\":\"https:\/\/jornalpontomais.com\/site\/wp-content\/uploads\/2022\/01\/marca.png\",\"width\":582,\"height\":148,\"caption\":\"Jornal Ponto+\"},\"image\":{\"@id\":\"https:\/\/jornalpontomais.com\/site\/#\/schema\/logo\/image\/\"}},{\"@type\":\"Person\",\"@id\":\"https:\/\/jornalpontomais.com\/site\/#\/schema\/person\/18323f0b0f1355f2490721c48389fe9d\",\"name\":\"Jornal Ponto Mais\",\"image\":{\"@type\":\"ImageObject\",\"inLanguage\":\"pt-BR\",\"@id\":\"https:\/\/secure.gravatar.com\/avatar\/2ee0a9b7fe10fe32bdec8bc086e871e41eb5f4f6ecbcb7b4f2fe0d92d831405f?s=96&d=mm&r=g\",\"url\":\"https:\/\/secure.gravatar.com\/avatar\/2ee0a9b7fe10fe32bdec8bc086e871e41eb5f4f6ecbcb7b4f2fe0d92d831405f?s=96&d=mm&r=g\",\"contentUrl\":\"https:\/\/secure.gravatar.com\/avatar\/2ee0a9b7fe10fe32bdec8bc086e871e41eb5f4f6ecbcb7b4f2fe0d92d831405f?s=96&d=mm&r=g\",\"caption\":\"Jornal Ponto Mais\"},\"sameAs\":[\"https:\/\/jornalpontomais.com\/site\",\"jornalpontomais\"],\"url\":\"https:\/\/jornalpontomais.com\/site\/author\/jornalpontomais\/\"}]}<\/script>\n<!-- \/ Yoast SEO plugin. -->","yoast_head_json":{"title":"Goi\u00e1s amplia vacina\u00e7\u00e3o contra dengue para 10 a 14 anos - Jornal Ponto Mais","robots":{"index":"index","follow":"follow","max-snippet":"max-snippet:-1","max-image-preview":"max-image-preview:large","max-video-preview":"max-video-preview:-1"},"canonical":"https:\/\/jornalpontomais.com\/site\/2024\/03\/01\/goias-amplia-vacinacao-contra-dengue-para-10-a-14-anos\/","og_locale":"pt_BR","og_type":"article","og_title":"Goi\u00e1s amplia vacina\u00e7\u00e3o contra dengue para 10 a 14 anos - Jornal Ponto Mais","og_description":"A Secretaria da Sa\u00fade de Goi\u00e1s\u00a0(SES) anunciou nesta quinta-feira, 29, a amplia\u00e7\u00e3o da faixa et\u00e1ria apta a receber o imunizante contra dengue no estado. Assim, os munic\u00edpios que desejarem podem iniciar a aplica\u00e7\u00e3o da vacina Qdenga em crian\u00e7as e adolescentes de 10 a 14 anos. Goi\u00e1s \u00e9 o segundo estado do pa\u00eds a anunciar a [&hellip;]","og_url":"https:\/\/jornalpontomais.com\/site\/2024\/03\/01\/goias-amplia-vacinacao-contra-dengue-para-10-a-14-anos\/","og_site_name":"Jornal Ponto Mais","article_published_time":"2024-03-01T12:26:23+00:00","article_modified_time":"2024-03-01T12:26:24+00:00","og_image":[{"width":1215,"height":811,"url":"https:\/\/jornalpontomais.com\/site\/wp-content\/uploads\/2024\/03\/Vacina-dengue-Qdenga-1215x811-1.jpg","type":"image\/jpeg"}],"author":"Jornal Ponto Mais","twitter_card":"summary_large_image","twitter_misc":{"Escrito por":"Jornal Ponto Mais","Est. tempo de leitura":"3 minutos"},"schema":{"@context":"https:\/\/schema.org","@graph":[{"@type":"Article","@id":"https:\/\/jornalpontomais.com\/site\/2024\/03\/01\/goias-amplia-vacinacao-contra-dengue-para-10-a-14-anos\/#article","isPartOf":{"@id":"https:\/\/jornalpontomais.com\/site\/2024\/03\/01\/goias-amplia-vacinacao-contra-dengue-para-10-a-14-anos\/"},"author":{"name":"Jornal Ponto Mais","@id":"https:\/\/jornalpontomais.com\/site\/#\/schema\/person\/18323f0b0f1355f2490721c48389fe9d"},"headline":"Goi\u00e1s amplia vacina\u00e7\u00e3o contra dengue para 10 a 14 anos","datePublished":"2024-03-01T12:26:23+00:00","dateModified":"2024-03-01T12:26:24+00:00","mainEntityOfPage":{"@id":"https:\/\/jornalpontomais.com\/site\/2024\/03\/01\/goias-amplia-vacinacao-contra-dengue-para-10-a-14-anos\/"},"wordCount":424,"commentCount":0,"publisher":{"@id":"https:\/\/jornalpontomais.com\/site\/#organization"},"image":{"@id":"https:\/\/jornalpontomais.com\/site\/2024\/03\/01\/goias-amplia-vacinacao-contra-dengue-para-10-a-14-anos\/#primaryimage"},"thumbnailUrl":"https:\/\/jornalpontomais.com\/site\/wp-content\/uploads\/2024\/03\/Vacina-dengue-Qdenga-1215x811-1.jpg","articleSection":["Sa\u00fade"],"inLanguage":"pt-BR","potentialAction":[{"@type":"CommentAction","name":"Comment","target":["https:\/\/jornalpontomais.com\/site\/2024\/03\/01\/goias-amplia-vacinacao-contra-dengue-para-10-a-14-anos\/#respond"]}]},{"@type":"WebPage","@id":"https:\/\/jornalpontomais.com\/site\/2024\/03\/01\/goias-amplia-vacinacao-contra-dengue-para-10-a-14-anos\/","url":"https:\/\/jornalpontomais.com\/site\/2024\/03\/01\/goias-amplia-vacinacao-contra-dengue-para-10-a-14-anos\/","name":"Goi\u00e1s amplia vacina\u00e7\u00e3o contra dengue para 10 a 14 anos - Jornal Ponto Mais","isPartOf":{"@id":"https:\/\/jornalpontomais.com\/site\/#website"},"primaryImageOfPage":{"@id":"https:\/\/jornalpontomais.com\/site\/2024\/03\/01\/goias-amplia-vacinacao-contra-dengue-para-10-a-14-anos\/#primaryimage"},"image":{"@id":"https:\/\/jornalpontomais.com\/site\/2024\/03\/01\/goias-amplia-vacinacao-contra-dengue-para-10-a-14-anos\/#primaryimage"},"thumbnailUrl":"https:\/\/jornalpontomais.com\/site\/wp-content\/uploads\/2024\/03\/Vacina-dengue-Qdenga-1215x811-1.jpg","datePublished":"2024-03-01T12:26:23+00:00","dateModified":"2024-03-01T12:26:24+00:00","breadcrumb":{"@id":"https:\/\/jornalpontomais.com\/site\/2024\/03\/01\/goias-amplia-vacinacao-contra-dengue-para-10-a-14-anos\/#breadcrumb"},"inLanguage":"pt-BR","potentialAction":[{"@type":"ReadAction","target":["https:\/\/jornalpontomais.com\/site\/2024\/03\/01\/goias-amplia-vacinacao-contra-dengue-para-10-a-14-anos\/"]}]},{"@type":"ImageObject","inLanguage":"pt-BR","@id":"https:\/\/jornalpontomais.com\/site\/2024\/03\/01\/goias-amplia-vacinacao-contra-dengue-para-10-a-14-anos\/#primaryimage","url":"https:\/\/jornalpontomais.com\/site\/wp-content\/uploads\/2024\/03\/Vacina-dengue-Qdenga-1215x811-1.jpg","contentUrl":"https:\/\/jornalpontomais.com\/site\/wp-content\/uploads\/2024\/03\/Vacina-dengue-Qdenga-1215x811-1.jpg","width":1215,"height":811},{"@type":"BreadcrumbList","@id":"https:\/\/jornalpontomais.com\/site\/2024\/03\/01\/goias-amplia-vacinacao-contra-dengue-para-10-a-14-anos\/#breadcrumb","itemListElement":[{"@type":"ListItem","position":1,"name":"In\u00edcio","item":"https:\/\/jornalpontomais.com\/site\/"},{"@type":"ListItem","position":2,"name":"Goi\u00e1s amplia vacina\u00e7\u00e3o contra dengue para 10 a 14 anos"}]},{"@type":"WebSite","@id":"https:\/\/jornalpontomais.com\/site\/#website","url":"https:\/\/jornalpontomais.com\/site\/","name":"Jornal Ponto Mais","description":"As principais not\u00edcias do Brasil e do mundo. Confira!","publisher":{"@id":"https:\/\/jornalpontomais.com\/site\/#organization"},"potentialAction":[{"@type":"SearchAction","target":{"@type":"EntryPoint","urlTemplate":"https:\/\/jornalpontomais.com\/site\/?s={search_term_string}"},"query-input":{"@type":"PropertyValueSpecification","valueRequired":true,"valueName":"search_term_string"}}],"inLanguage":"pt-BR"},{"@type":"Organization","@id":"https:\/\/jornalpontomais.com\/site\/#organization","name":"Jornal Ponto+","url":"https:\/\/jornalpontomais.com\/site\/","logo":{"@type":"ImageObject","inLanguage":"pt-BR","@id":"https:\/\/jornalpontomais.com\/site\/#\/schema\/logo\/image\/","url":"https:\/\/jornalpontomais.com\/site\/wp-content\/uploads\/2022\/01\/marca.png","contentUrl":"https:\/\/jornalpontomais.com\/site\/wp-content\/uploads\/2022\/01\/marca.png","width":582,"height":148,"caption":"Jornal Ponto+"},"image":{"@id":"https:\/\/jornalpontomais.com\/site\/#\/schema\/logo\/image\/"}},{"@type":"Person","@id":"https:\/\/jornalpontomais.com\/site\/#\/schema\/person\/18323f0b0f1355f2490721c48389fe9d","name":"Jornal Ponto Mais","image":{"@type":"ImageObject","inLanguage":"pt-BR","@id":"https:\/\/secure.gravatar.com\/avatar\/2ee0a9b7fe10fe32bdec8bc086e871e41eb5f4f6ecbcb7b4f2fe0d92d831405f?s=96&d=mm&r=g","url":"https:\/\/secure.gravatar.com\/avatar\/2ee0a9b7fe10fe32bdec8bc086e871e41eb5f4f6ecbcb7b4f2fe0d92d831405f?s=96&d=mm&r=g","contentUrl":"https:\/\/secure.gravatar.com\/avatar\/2ee0a9b7fe10fe32bdec8bc086e871e41eb5f4f6ecbcb7b4f2fe0d92d831405f?s=96&d=mm&r=g","caption":"Jornal Ponto Mais"},"sameAs":["https:\/\/jornalpontomais.com\/site","jornalpontomais"],"url":"https:\/\/jornalpontomais.com\/site\/author\/jornalpontomais\/"}]}},"_links":{"self":[{"href":"https:\/\/jornalpontomais.com\/site\/wp-json\/wp\/v2\/posts\/12129","targetHints":{"allow":["GET"]}}],"collection":[{"href":"https:\/\/jornalpontomais.com\/site\/wp-json\/wp\/v2\/posts"}],"about":[{"href":"https:\/\/jornalpontomais.com\/site\/wp-json\/wp\/v2\/types\/post"}],"author":[{"embeddable":true,"href":"https:\/\/jornalpontomais.com\/site\/wp-json\/wp\/v2\/users\/2"}],"replies":[{"embeddable":true,"href":"https:\/\/jornalpontomais.com\/site\/wp-json\/wp\/v2\/comments?post=12129"}],"version-history":[{"count":1,"href":"https:\/\/jornalpontomais.com\/site\/wp-json\/wp\/v2\/posts\/12129\/revisions"}],"predecessor-version":[{"id":12131,"href":"https:\/\/jornalpontomais.com\/site\/wp-json\/wp\/v2\/posts\/12129\/revisions\/12131"}],"wp:featuredmedia":[{"embeddable":true,"href":"https:\/\/jornalpontomais.com\/site\/wp-json\/wp\/v2\/media\/12130"}],"wp:attachment":[{"href":"https:\/\/jornalpontomais.com\/site\/wp-json\/wp\/v2\/media?parent=12129"}],"wp:term":[{"taxonomy":"category","embeddable":true,"href":"https:\/\/jornalpontomais.com\/site\/wp-json\/wp\/v2\/categories?post=12129"},{"taxonomy":"post_tag","embeddable":true,"href":"https:\/\/jornalpontomais.com\/site\/wp-json\/wp\/v2\/tags?post=12129"}],"curies":[{"name":"wp","href":"https:\/\/api.w.org\/{rel}","templated":true}]}}