{"id":12016,"date":"2024-02-22T16:50:38","date_gmt":"2024-02-22T19:50:38","guid":{"rendered":"https:\/\/jornalpontomais.com\/site\/?p=12016"},"modified":"2024-02-22T16:50:39","modified_gmt":"2024-02-22T19:50:39","slug":"doenca-coronariana-precoce-e-forte-preditor-de-demencia","status":"publish","type":"post","link":"https:\/\/jornalpontomais.com\/site\/2024\/02\/22\/doenca-coronariana-precoce-e-forte-preditor-de-demencia\/","title":{"rendered":"Doen\u00e7a coronariana precoce \u00e9 forte preditor de dem\u00eancia"},"content":{"rendered":"\n<p>Um estudo conduzido na Universidade de Pequim, na China, revela que pessoas diagnosticadas com doen\u00e7a coronariana no in\u00edcio da meia-idade enfrentam um risco significativamente maior de desenvolver dem\u00eancia mais tarde na vida, em compara\u00e7\u00e3o com indiv\u00edduos com cora\u00e7\u00f5es saud\u00e1veis.<br><br><\/p>\n\n\n\n<p>Ao analisar os dados de sa\u00fade de 432.667 pacientes do Servi\u00e7o Nacional de Sa\u00fade do Biobanco do Reino Unido, os pesquisadores descobriram uma rela\u00e7\u00e3o direta entre a idade mais jovem no diagn\u00f3stico da doen\u00e7a coronariana e um aumento no risco de dem\u00eancia. A cada diminui\u00e7\u00e3o de dez anos na idade de in\u00edcio da doen\u00e7a coronariana, o risco de dem\u00eancia aumentava proporcionalmente.<br><br><\/p>\n\n\n\n<p>Durante um per\u00edodo de acompanhamento m\u00e9dio de 13 anos, os dados revelaram 5.876 casos de dem\u00eancia, 2.540 casos de doen\u00e7a de Alzheimer e 1.220 casos de dem\u00eancia vascular entre os participantes. Verificou-se que o in\u00edcio precoce da doen\u00e7a coronariana estava associado a um aumento de 25% no risco de dem\u00eancia, um aumento de 29% no risco de doen\u00e7a de Alzheimer e um aumento de 22% no risco de dem\u00eancia vascular, em compara\u00e7\u00e3o com indiv\u00edduos com cora\u00e7\u00f5es saud\u00e1veis.<\/p>\n\n\n\n<p><em>Fonte: Journal of the American Heart Association. DOI: 10.1161\/JAHA.123.031407.<\/em><\/p>\n","protected":false},"excerpt":{"rendered":"<p>Um estudo conduzido na Universidade de Pequim, na China, revela que pessoas diagnosticadas com doen\u00e7a coronariana no in\u00edcio da meia-idade enfrentam um risco significativamente maior de desenvolver dem\u00eancia mais tarde na vida, em compara\u00e7\u00e3o com indiv\u00edduos com cora\u00e7\u00f5es saud\u00e1veis. Ao analisar os dados de sa\u00fade de 432.667 pacientes do Servi\u00e7o Nacional de Sa\u00fade do Biobanco [&hellip;]<\/p>\n","protected":false},"author":2,"featured_media":12017,"comment_status":"open","ping_status":"open","sticky":true,"template":"","format":"standard","meta":{"om_disable_all_campaigns":false,"_monsterinsights_skip_tracking":false,"_monsterinsights_sitenote_active":false,"_monsterinsights_sitenote_note":"","_monsterinsights_sitenote_category":0,"footnotes":""},"categories":[3],"tags":[],"class_list":["post-12016","post","type-post","status-publish","format-standard","has-post-thumbnail","hentry","category-saude"],"yoast_head":"<!-- This site is optimized with the Yoast SEO plugin v27.2 - https:\/\/yoast.com\/product\/yoast-seo-wordpress\/ -->\n<title>Doen\u00e7a coronariana precoce \u00e9 forte preditor de dem\u00eancia - Jornal Ponto Mais<\/title>\n<meta name=\"robots\" content=\"index, follow, max-snippet:-1, max-image-preview:large, max-video-preview:-1\" \/>\n<link rel=\"canonical\" href=\"https:\/\/jornalpontomais.com\/site\/2024\/02\/22\/doenca-coronariana-precoce-e-forte-preditor-de-demencia\/\" \/>\n<meta property=\"og:locale\" content=\"pt_BR\" \/>\n<meta property=\"og:type\" content=\"article\" \/>\n<meta property=\"og:title\" content=\"Doen\u00e7a coronariana precoce \u00e9 forte preditor de dem\u00eancia - Jornal Ponto Mais\" \/>\n<meta property=\"og:description\" content=\"Um estudo conduzido na Universidade de Pequim, na China, revela que pessoas diagnosticadas com doen\u00e7a coronariana no in\u00edcio da meia-idade enfrentam um risco significativamente maior de desenvolver dem\u00eancia mais tarde na vida, em compara\u00e7\u00e3o com indiv\u00edduos com cora\u00e7\u00f5es saud\u00e1veis. Ao analisar os dados de sa\u00fade de 432.667 pacientes do Servi\u00e7o Nacional de Sa\u00fade do Biobanco [&hellip;]\" \/>\n<meta property=\"og:url\" content=\"https:\/\/jornalpontomais.com\/site\/2024\/02\/22\/doenca-coronariana-precoce-e-forte-preditor-de-demencia\/\" \/>\n<meta property=\"og:site_name\" content=\"Jornal Ponto Mais\" \/>\n<meta property=\"article:published_time\" content=\"2024-02-22T19:50:38+00:00\" \/>\n<meta property=\"article:modified_time\" content=\"2024-02-22T19:50:39+00:00\" \/>\n<meta property=\"og:image\" content=\"https:\/\/jornalpontomais.com\/site\/wp-content\/uploads\/2024\/02\/O-Que-e-Doenca-Arterial-Coronariana-DAC.jpg\" \/>\n\t<meta property=\"og:image:width\" content=\"800\" \/>\n\t<meta property=\"og:image:height\" content=\"450\" \/>\n\t<meta property=\"og:image:type\" content=\"image\/jpeg\" \/>\n<meta name=\"author\" content=\"Jornal Ponto Mais\" \/>\n<meta name=\"twitter:card\" content=\"summary_large_image\" \/>\n<meta name=\"twitter:label1\" content=\"Escrito por\" \/>\n\t<meta name=\"twitter:data1\" content=\"Jornal Ponto Mais\" \/>\n\t<meta name=\"twitter:label2\" content=\"Est. tempo de leitura\" \/>\n\t<meta name=\"twitter:data2\" content=\"2 minutos\" \/>\n<script type=\"application\/ld+json\" class=\"yoast-schema-graph\">{\"@context\":\"https:\/\/schema.org\",\"@graph\":[{\"@type\":\"Article\",\"@id\":\"https:\/\/jornalpontomais.com\/site\/2024\/02\/22\/doenca-coronariana-precoce-e-forte-preditor-de-demencia\/#article\",\"isPartOf\":{\"@id\":\"https:\/\/jornalpontomais.com\/site\/2024\/02\/22\/doenca-coronariana-precoce-e-forte-preditor-de-demencia\/\"},\"author\":{\"name\":\"Jornal Ponto Mais\",\"@id\":\"https:\/\/jornalpontomais.com\/site\/#\/schema\/person\/18323f0b0f1355f2490721c48389fe9d\"},\"headline\":\"Doen\u00e7a coronariana precoce \u00e9 forte preditor de dem\u00eancia\",\"datePublished\":\"2024-02-22T19:50:38+00:00\",\"dateModified\":\"2024-02-22T19:50:39+00:00\",\"mainEntityOfPage\":{\"@id\":\"https:\/\/jornalpontomais.com\/site\/2024\/02\/22\/doenca-coronariana-precoce-e-forte-preditor-de-demencia\/\"},\"wordCount\":219,\"commentCount\":0,\"publisher\":{\"@id\":\"https:\/\/jornalpontomais.com\/site\/#organization\"},\"image\":{\"@id\":\"https:\/\/jornalpontomais.com\/site\/2024\/02\/22\/doenca-coronariana-precoce-e-forte-preditor-de-demencia\/#primaryimage\"},\"thumbnailUrl\":\"https:\/\/jornalpontomais.com\/site\/wp-content\/uploads\/2024\/02\/O-Que-e-Doenca-Arterial-Coronariana-DAC.jpg\",\"articleSection\":[\"Sa\u00fade\"],\"inLanguage\":\"pt-BR\",\"potentialAction\":[{\"@type\":\"CommentAction\",\"name\":\"Comment\",\"target\":[\"https:\/\/jornalpontomais.com\/site\/2024\/02\/22\/doenca-coronariana-precoce-e-forte-preditor-de-demencia\/#respond\"]}]},{\"@type\":\"WebPage\",\"@id\":\"https:\/\/jornalpontomais.com\/site\/2024\/02\/22\/doenca-coronariana-precoce-e-forte-preditor-de-demencia\/\",\"url\":\"https:\/\/jornalpontomais.com\/site\/2024\/02\/22\/doenca-coronariana-precoce-e-forte-preditor-de-demencia\/\",\"name\":\"Doen\u00e7a coronariana precoce \u00e9 forte preditor de dem\u00eancia - Jornal Ponto Mais\",\"isPartOf\":{\"@id\":\"https:\/\/jornalpontomais.com\/site\/#website\"},\"primaryImageOfPage\":{\"@id\":\"https:\/\/jornalpontomais.com\/site\/2024\/02\/22\/doenca-coronariana-precoce-e-forte-preditor-de-demencia\/#primaryimage\"},\"image\":{\"@id\":\"https:\/\/jornalpontomais.com\/site\/2024\/02\/22\/doenca-coronariana-precoce-e-forte-preditor-de-demencia\/#primaryimage\"},\"thumbnailUrl\":\"https:\/\/jornalpontomais.com\/site\/wp-content\/uploads\/2024\/02\/O-Que-e-Doenca-Arterial-Coronariana-DAC.jpg\",\"datePublished\":\"2024-02-22T19:50:38+00:00\",\"dateModified\":\"2024-02-22T19:50:39+00:00\",\"breadcrumb\":{\"@id\":\"https:\/\/jornalpontomais.com\/site\/2024\/02\/22\/doenca-coronariana-precoce-e-forte-preditor-de-demencia\/#breadcrumb\"},\"inLanguage\":\"pt-BR\",\"potentialAction\":[{\"@type\":\"ReadAction\",\"target\":[\"https:\/\/jornalpontomais.com\/site\/2024\/02\/22\/doenca-coronariana-precoce-e-forte-preditor-de-demencia\/\"]}]},{\"@type\":\"ImageObject\",\"inLanguage\":\"pt-BR\",\"@id\":\"https:\/\/jornalpontomais.com\/site\/2024\/02\/22\/doenca-coronariana-precoce-e-forte-preditor-de-demencia\/#primaryimage\",\"url\":\"https:\/\/jornalpontomais.com\/site\/wp-content\/uploads\/2024\/02\/O-Que-e-Doenca-Arterial-Coronariana-DAC.jpg\",\"contentUrl\":\"https:\/\/jornalpontomais.com\/site\/wp-content\/uploads\/2024\/02\/O-Que-e-Doenca-Arterial-Coronariana-DAC.jpg\",\"width\":800,\"height\":450},{\"@type\":\"BreadcrumbList\",\"@id\":\"https:\/\/jornalpontomais.com\/site\/2024\/02\/22\/doenca-coronariana-precoce-e-forte-preditor-de-demencia\/#breadcrumb\",\"itemListElement\":[{\"@type\":\"ListItem\",\"position\":1,\"name\":\"In\u00edcio\",\"item\":\"https:\/\/jornalpontomais.com\/site\/\"},{\"@type\":\"ListItem\",\"position\":2,\"name\":\"Doen\u00e7a coronariana precoce \u00e9 forte preditor de dem\u00eancia\"}]},{\"@type\":\"WebSite\",\"@id\":\"https:\/\/jornalpontomais.com\/site\/#website\",\"url\":\"https:\/\/jornalpontomais.com\/site\/\",\"name\":\"Jornal Ponto Mais\",\"description\":\"As principais not\u00edcias do Brasil e do mundo. Confira!\",\"publisher\":{\"@id\":\"https:\/\/jornalpontomais.com\/site\/#organization\"},\"potentialAction\":[{\"@type\":\"SearchAction\",\"target\":{\"@type\":\"EntryPoint\",\"urlTemplate\":\"https:\/\/jornalpontomais.com\/site\/?s={search_term_string}\"},\"query-input\":{\"@type\":\"PropertyValueSpecification\",\"valueRequired\":true,\"valueName\":\"search_term_string\"}}],\"inLanguage\":\"pt-BR\"},{\"@type\":\"Organization\",\"@id\":\"https:\/\/jornalpontomais.com\/site\/#organization\",\"name\":\"Jornal Ponto+\",\"url\":\"https:\/\/jornalpontomais.com\/site\/\",\"logo\":{\"@type\":\"ImageObject\",\"inLanguage\":\"pt-BR\",\"@id\":\"https:\/\/jornalpontomais.com\/site\/#\/schema\/logo\/image\/\",\"url\":\"https:\/\/jornalpontomais.com\/site\/wp-content\/uploads\/2022\/01\/marca.png\",\"contentUrl\":\"https:\/\/jornalpontomais.com\/site\/wp-content\/uploads\/2022\/01\/marca.png\",\"width\":582,\"height\":148,\"caption\":\"Jornal Ponto+\"},\"image\":{\"@id\":\"https:\/\/jornalpontomais.com\/site\/#\/schema\/logo\/image\/\"}},{\"@type\":\"Person\",\"@id\":\"https:\/\/jornalpontomais.com\/site\/#\/schema\/person\/18323f0b0f1355f2490721c48389fe9d\",\"name\":\"Jornal Ponto Mais\",\"image\":{\"@type\":\"ImageObject\",\"inLanguage\":\"pt-BR\",\"@id\":\"https:\/\/secure.gravatar.com\/avatar\/2ee0a9b7fe10fe32bdec8bc086e871e41eb5f4f6ecbcb7b4f2fe0d92d831405f?s=96&d=mm&r=g\",\"url\":\"https:\/\/secure.gravatar.com\/avatar\/2ee0a9b7fe10fe32bdec8bc086e871e41eb5f4f6ecbcb7b4f2fe0d92d831405f?s=96&d=mm&r=g\",\"contentUrl\":\"https:\/\/secure.gravatar.com\/avatar\/2ee0a9b7fe10fe32bdec8bc086e871e41eb5f4f6ecbcb7b4f2fe0d92d831405f?s=96&d=mm&r=g\",\"caption\":\"Jornal Ponto Mais\"},\"sameAs\":[\"https:\/\/jornalpontomais.com\/site\",\"jornalpontomais\"],\"url\":\"https:\/\/jornalpontomais.com\/site\/author\/jornalpontomais\/\"}]}<\/script>\n<!-- \/ Yoast SEO plugin. -->","yoast_head_json":{"title":"Doen\u00e7a coronariana precoce \u00e9 forte preditor de dem\u00eancia - Jornal Ponto Mais","robots":{"index":"index","follow":"follow","max-snippet":"max-snippet:-1","max-image-preview":"max-image-preview:large","max-video-preview":"max-video-preview:-1"},"canonical":"https:\/\/jornalpontomais.com\/site\/2024\/02\/22\/doenca-coronariana-precoce-e-forte-preditor-de-demencia\/","og_locale":"pt_BR","og_type":"article","og_title":"Doen\u00e7a coronariana precoce \u00e9 forte preditor de dem\u00eancia - Jornal Ponto Mais","og_description":"Um estudo conduzido na Universidade de Pequim, na China, revela que pessoas diagnosticadas com doen\u00e7a coronariana no in\u00edcio da meia-idade enfrentam um risco significativamente maior de desenvolver dem\u00eancia mais tarde na vida, em compara\u00e7\u00e3o com indiv\u00edduos com cora\u00e7\u00f5es saud\u00e1veis. Ao analisar os dados de sa\u00fade de 432.667 pacientes do Servi\u00e7o Nacional de Sa\u00fade do Biobanco [&hellip;]","og_url":"https:\/\/jornalpontomais.com\/site\/2024\/02\/22\/doenca-coronariana-precoce-e-forte-preditor-de-demencia\/","og_site_name":"Jornal Ponto Mais","article_published_time":"2024-02-22T19:50:38+00:00","article_modified_time":"2024-02-22T19:50:39+00:00","og_image":[{"width":800,"height":450,"url":"https:\/\/jornalpontomais.com\/site\/wp-content\/uploads\/2024\/02\/O-Que-e-Doenca-Arterial-Coronariana-DAC.jpg","type":"image\/jpeg"}],"author":"Jornal Ponto Mais","twitter_card":"summary_large_image","twitter_misc":{"Escrito por":"Jornal Ponto Mais","Est. tempo de leitura":"2 minutos"},"schema":{"@context":"https:\/\/schema.org","@graph":[{"@type":"Article","@id":"https:\/\/jornalpontomais.com\/site\/2024\/02\/22\/doenca-coronariana-precoce-e-forte-preditor-de-demencia\/#article","isPartOf":{"@id":"https:\/\/jornalpontomais.com\/site\/2024\/02\/22\/doenca-coronariana-precoce-e-forte-preditor-de-demencia\/"},"author":{"name":"Jornal Ponto Mais","@id":"https:\/\/jornalpontomais.com\/site\/#\/schema\/person\/18323f0b0f1355f2490721c48389fe9d"},"headline":"Doen\u00e7a coronariana precoce \u00e9 forte preditor de dem\u00eancia","datePublished":"2024-02-22T19:50:38+00:00","dateModified":"2024-02-22T19:50:39+00:00","mainEntityOfPage":{"@id":"https:\/\/jornalpontomais.com\/site\/2024\/02\/22\/doenca-coronariana-precoce-e-forte-preditor-de-demencia\/"},"wordCount":219,"commentCount":0,"publisher":{"@id":"https:\/\/jornalpontomais.com\/site\/#organization"},"image":{"@id":"https:\/\/jornalpontomais.com\/site\/2024\/02\/22\/doenca-coronariana-precoce-e-forte-preditor-de-demencia\/#primaryimage"},"thumbnailUrl":"https:\/\/jornalpontomais.com\/site\/wp-content\/uploads\/2024\/02\/O-Que-e-Doenca-Arterial-Coronariana-DAC.jpg","articleSection":["Sa\u00fade"],"inLanguage":"pt-BR","potentialAction":[{"@type":"CommentAction","name":"Comment","target":["https:\/\/jornalpontomais.com\/site\/2024\/02\/22\/doenca-coronariana-precoce-e-forte-preditor-de-demencia\/#respond"]}]},{"@type":"WebPage","@id":"https:\/\/jornalpontomais.com\/site\/2024\/02\/22\/doenca-coronariana-precoce-e-forte-preditor-de-demencia\/","url":"https:\/\/jornalpontomais.com\/site\/2024\/02\/22\/doenca-coronariana-precoce-e-forte-preditor-de-demencia\/","name":"Doen\u00e7a coronariana precoce \u00e9 forte preditor de dem\u00eancia - Jornal Ponto Mais","isPartOf":{"@id":"https:\/\/jornalpontomais.com\/site\/#website"},"primaryImageOfPage":{"@id":"https:\/\/jornalpontomais.com\/site\/2024\/02\/22\/doenca-coronariana-precoce-e-forte-preditor-de-demencia\/#primaryimage"},"image":{"@id":"https:\/\/jornalpontomais.com\/site\/2024\/02\/22\/doenca-coronariana-precoce-e-forte-preditor-de-demencia\/#primaryimage"},"thumbnailUrl":"https:\/\/jornalpontomais.com\/site\/wp-content\/uploads\/2024\/02\/O-Que-e-Doenca-Arterial-Coronariana-DAC.jpg","datePublished":"2024-02-22T19:50:38+00:00","dateModified":"2024-02-22T19:50:39+00:00","breadcrumb":{"@id":"https:\/\/jornalpontomais.com\/site\/2024\/02\/22\/doenca-coronariana-precoce-e-forte-preditor-de-demencia\/#breadcrumb"},"inLanguage":"pt-BR","potentialAction":[{"@type":"ReadAction","target":["https:\/\/jornalpontomais.com\/site\/2024\/02\/22\/doenca-coronariana-precoce-e-forte-preditor-de-demencia\/"]}]},{"@type":"ImageObject","inLanguage":"pt-BR","@id":"https:\/\/jornalpontomais.com\/site\/2024\/02\/22\/doenca-coronariana-precoce-e-forte-preditor-de-demencia\/#primaryimage","url":"https:\/\/jornalpontomais.com\/site\/wp-content\/uploads\/2024\/02\/O-Que-e-Doenca-Arterial-Coronariana-DAC.jpg","contentUrl":"https:\/\/jornalpontomais.com\/site\/wp-content\/uploads\/2024\/02\/O-Que-e-Doenca-Arterial-Coronariana-DAC.jpg","width":800,"height":450},{"@type":"BreadcrumbList","@id":"https:\/\/jornalpontomais.com\/site\/2024\/02\/22\/doenca-coronariana-precoce-e-forte-preditor-de-demencia\/#breadcrumb","itemListElement":[{"@type":"ListItem","position":1,"name":"In\u00edcio","item":"https:\/\/jornalpontomais.com\/site\/"},{"@type":"ListItem","position":2,"name":"Doen\u00e7a coronariana precoce \u00e9 forte preditor de dem\u00eancia"}]},{"@type":"WebSite","@id":"https:\/\/jornalpontomais.com\/site\/#website","url":"https:\/\/jornalpontomais.com\/site\/","name":"Jornal Ponto Mais","description":"As principais not\u00edcias do Brasil e do mundo. Confira!","publisher":{"@id":"https:\/\/jornalpontomais.com\/site\/#organization"},"potentialAction":[{"@type":"SearchAction","target":{"@type":"EntryPoint","urlTemplate":"https:\/\/jornalpontomais.com\/site\/?s={search_term_string}"},"query-input":{"@type":"PropertyValueSpecification","valueRequired":true,"valueName":"search_term_string"}}],"inLanguage":"pt-BR"},{"@type":"Organization","@id":"https:\/\/jornalpontomais.com\/site\/#organization","name":"Jornal Ponto+","url":"https:\/\/jornalpontomais.com\/site\/","logo":{"@type":"ImageObject","inLanguage":"pt-BR","@id":"https:\/\/jornalpontomais.com\/site\/#\/schema\/logo\/image\/","url":"https:\/\/jornalpontomais.com\/site\/wp-content\/uploads\/2022\/01\/marca.png","contentUrl":"https:\/\/jornalpontomais.com\/site\/wp-content\/uploads\/2022\/01\/marca.png","width":582,"height":148,"caption":"Jornal Ponto+"},"image":{"@id":"https:\/\/jornalpontomais.com\/site\/#\/schema\/logo\/image\/"}},{"@type":"Person","@id":"https:\/\/jornalpontomais.com\/site\/#\/schema\/person\/18323f0b0f1355f2490721c48389fe9d","name":"Jornal Ponto Mais","image":{"@type":"ImageObject","inLanguage":"pt-BR","@id":"https:\/\/secure.gravatar.com\/avatar\/2ee0a9b7fe10fe32bdec8bc086e871e41eb5f4f6ecbcb7b4f2fe0d92d831405f?s=96&d=mm&r=g","url":"https:\/\/secure.gravatar.com\/avatar\/2ee0a9b7fe10fe32bdec8bc086e871e41eb5f4f6ecbcb7b4f2fe0d92d831405f?s=96&d=mm&r=g","contentUrl":"https:\/\/secure.gravatar.com\/avatar\/2ee0a9b7fe10fe32bdec8bc086e871e41eb5f4f6ecbcb7b4f2fe0d92d831405f?s=96&d=mm&r=g","caption":"Jornal Ponto Mais"},"sameAs":["https:\/\/jornalpontomais.com\/site","jornalpontomais"],"url":"https:\/\/jornalpontomais.com\/site\/author\/jornalpontomais\/"}]}},"_links":{"self":[{"href":"https:\/\/jornalpontomais.com\/site\/wp-json\/wp\/v2\/posts\/12016","targetHints":{"allow":["GET"]}}],"collection":[{"href":"https:\/\/jornalpontomais.com\/site\/wp-json\/wp\/v2\/posts"}],"about":[{"href":"https:\/\/jornalpontomais.com\/site\/wp-json\/wp\/v2\/types\/post"}],"author":[{"embeddable":true,"href":"https:\/\/jornalpontomais.com\/site\/wp-json\/wp\/v2\/users\/2"}],"replies":[{"embeddable":true,"href":"https:\/\/jornalpontomais.com\/site\/wp-json\/wp\/v2\/comments?post=12016"}],"version-history":[{"count":1,"href":"https:\/\/jornalpontomais.com\/site\/wp-json\/wp\/v2\/posts\/12016\/revisions"}],"predecessor-version":[{"id":12018,"href":"https:\/\/jornalpontomais.com\/site\/wp-json\/wp\/v2\/posts\/12016\/revisions\/12018"}],"wp:featuredmedia":[{"embeddable":true,"href":"https:\/\/jornalpontomais.com\/site\/wp-json\/wp\/v2\/media\/12017"}],"wp:attachment":[{"href":"https:\/\/jornalpontomais.com\/site\/wp-json\/wp\/v2\/media?parent=12016"}],"wp:term":[{"taxonomy":"category","embeddable":true,"href":"https:\/\/jornalpontomais.com\/site\/wp-json\/wp\/v2\/categories?post=12016"},{"taxonomy":"post_tag","embeddable":true,"href":"https:\/\/jornalpontomais.com\/site\/wp-json\/wp\/v2\/tags?post=12016"}],"curies":[{"name":"wp","href":"https:\/\/api.w.org\/{rel}","templated":true}]}}