{"id":11947,"date":"2024-02-19T09:46:14","date_gmt":"2024-02-19T12:46:14","guid":{"rendered":"https:\/\/jornalpontomais.com\/site\/?p=11947"},"modified":"2024-02-19T09:46:15","modified_gmt":"2024-02-19T12:46:15","slug":"goias-bate-recorde-com-maior-numero-de-trabalhadores-da-historia","status":"publish","type":"post","link":"https:\/\/jornalpontomais.com\/site\/2024\/02\/19\/goias-bate-recorde-com-maior-numero-de-trabalhadores-da-historia\/","title":{"rendered":"Goi\u00e1s bate recorde com maior n\u00famero de trabalhadores da hist\u00f3ria"},"content":{"rendered":"\n<p>Goi\u00e1s bate mais um recorde e atinge 3,848 milh\u00f5es de goianos ocupados no quarto trimestre de 2023. Esse foi o maior n\u00famero de toda s\u00e9rie hist\u00f3rica, iniciada em 2012, conforme apura\u00e7\u00e3o do\u00a0Instituto Mauro Borges\u00a0(IMB), com dados da Pesquisa Nacional por Amostra Domiciliar Cont\u00ednua (Pnad Cont\u00ednua), divulgada pelo Instituto Brasileiro de Geografia e Estat\u00edsticas (IBGE).<br><br><\/p>\n\n\n\n<p>Com o resultado, o estado alcan\u00e7ou o quarto maior n\u00edvel de ocupa\u00e7\u00e3o do pa\u00eds, com 63,6%, ficando atr\u00e1s apenas do Mato Grosso do Sul (63,9%), Santa Catarina (66,1%) e Mato Grosso (66,2%). Al\u00e9m disso, Goi\u00e1s tamb\u00e9m superou a m\u00e9dia brasileira (57,6%) e atingiu o segundo melhor resultado da s\u00e9rie hist\u00f3rica goiana.<br><br><\/p>\n\n\n\n<p><strong>Trabalhadores<\/strong><\/p>\n\n\n\n<p>Na compara\u00e7\u00e3o com o mesmo trimestre do ano anterior, o crescimento no n\u00famero de ocupados no estado foi de 5,3%. Isso corresponde a um incremento absoluto de cerca de 192 mil pessoas ocupadas, e coloca Goi\u00e1s na segunda posi\u00e7\u00e3o entre os estados com maior crescimento em todo o pa\u00eds.<br><br><\/p>\n\n\n\n<p><strong>Desocupa\u00e7\u00e3o e desalentos<\/strong><\/p>\n\n\n\n<p>No \u00faltimo trimestre de 2023 a taxa de desocupa\u00e7\u00e3o em Goi\u00e1s foi de 5,6%, o menor desde o primeiro trimestre de 2015. O estado apresentou uma varia\u00e7\u00e3o de 0,3 pontos percentuais na compara\u00e7\u00e3o com o trimestre anterior, com uma redu\u00e7\u00e3o de cerca de 10 mil desocupados. No comparativo entre o quarto trimestre de 2023 com o mesmo per\u00edodo do ano anterior, onde a taxa de desocupa\u00e7\u00e3o registrava 6,6%, houve uma varia\u00e7\u00e3o de 1 ponto percentual, com a queda de 33 mil pessoas desocupadas no estado.<br><br><\/p>\n\n\n\n<p>J\u00e1 o n\u00famero de pessoas desalentadas, ou seja, aquelas pessoas que estavam sem ocupa\u00e7\u00e3o e n\u00e3o buscaram por um trabalho, foi o menor desde o quarto trimestre de 2015. A taxa de desalentados atingiu 1,1% em Goi\u00e1s, no \u00faltimo trimestre de 2023, enquanto a m\u00e9dia brasileira foi de 3,1%. No comparativo com o mesmo trimestre do ano anterior, o estado apresentou uma redu\u00e7\u00e3o de 22 mil pessoas desalentadas.<br><br><\/p>\n\n\n\n<p><strong>Rendimento<\/strong><\/p>\n\n\n\n<p>O rendimento mensal habitual m\u00e9dio real em Goi\u00e1s no \u00faltimo trimestre do ano apresentou varia\u00e7\u00e3o de 1%, na compara\u00e7\u00e3o com o trimestre anterior, e atingiu o valor de R$ 3.047, superando pelo quarto trimestre consecutivo a m\u00e9dia brasileira.<br><br><\/p>\n\n\n\n<p>Ainda no \u00faltimo trimestre de 2023, a varia\u00e7\u00e3o dos rendimentos, na compara\u00e7\u00e3o com o mesmo per\u00edodo do ano anterior, foi de 5,7%, valor que representou aumento de R$ 164. Nesse mesmo indicador, a m\u00e9dia de crescimento do rendimento real no Brasil foi de 3,3%. \u201cO maior indicador de bem-estar do estado \u00e9 a sua capacidade de gerar emprego, e, em 2023, esse indicador foi acompanhado pelo aumento da renda. Goi\u00e1s apresenta um c\u00edrculo virtuoso de crescimento, gera\u00e7\u00e3o de emprego e aumento de renda que desejamos continuar observando ao longo de 2024\u201d, destaca o diretor-executivo do IMB, Erik Figueiredo.<\/p>\n","protected":false},"excerpt":{"rendered":"<p>Goi\u00e1s bate mais um recorde e atinge 3,848 milh\u00f5es de goianos ocupados no quarto trimestre de 2023. Esse foi o maior n\u00famero de toda s\u00e9rie hist\u00f3rica, iniciada em 2012, conforme apura\u00e7\u00e3o do\u00a0Instituto Mauro Borges\u00a0(IMB), com dados da Pesquisa Nacional por Amostra Domiciliar Cont\u00ednua (Pnad Cont\u00ednua), divulgada pelo Instituto Brasileiro de Geografia e Estat\u00edsticas (IBGE). Com [&hellip;]<\/p>\n","protected":false},"author":2,"featured_media":11949,"comment_status":"open","ping_status":"open","sticky":true,"template":"","format":"standard","meta":{"om_disable_all_campaigns":false,"_monsterinsights_skip_tracking":false,"_monsterinsights_sitenote_active":false,"_monsterinsights_sitenote_note":"","_monsterinsights_sitenote_category":0,"footnotes":""},"categories":[37],"tags":[],"class_list":["post-11947","post","type-post","status-publish","format-standard","has-post-thumbnail","hentry","category-economia"],"yoast_head":"<!-- This site is optimized with the Yoast SEO plugin v27.2 - https:\/\/yoast.com\/product\/yoast-seo-wordpress\/ -->\n<title>Goi\u00e1s bate recorde com maior n\u00famero de trabalhadores da hist\u00f3ria - Jornal Ponto Mais<\/title>\n<meta name=\"robots\" content=\"index, follow, max-snippet:-1, max-image-preview:large, max-video-preview:-1\" \/>\n<link rel=\"canonical\" href=\"https:\/\/jornalpontomais.com\/site\/2024\/02\/19\/goias-bate-recorde-com-maior-numero-de-trabalhadores-da-historia\/\" \/>\n<meta property=\"og:locale\" content=\"pt_BR\" \/>\n<meta property=\"og:type\" content=\"article\" \/>\n<meta property=\"og:title\" content=\"Goi\u00e1s bate recorde com maior n\u00famero de trabalhadores da hist\u00f3ria - Jornal Ponto Mais\" \/>\n<meta property=\"og:description\" content=\"Goi\u00e1s bate mais um recorde e atinge 3,848 milh\u00f5es de goianos ocupados no quarto trimestre de 2023. Esse foi o maior n\u00famero de toda s\u00e9rie hist\u00f3rica, iniciada em 2012, conforme apura\u00e7\u00e3o do\u00a0Instituto Mauro Borges\u00a0(IMB), com dados da Pesquisa Nacional por Amostra Domiciliar Cont\u00ednua (Pnad Cont\u00ednua), divulgada pelo Instituto Brasileiro de Geografia e Estat\u00edsticas (IBGE). Com [&hellip;]\" \/>\n<meta property=\"og:url\" content=\"https:\/\/jornalpontomais.com\/site\/2024\/02\/19\/goias-bate-recorde-com-maior-numero-de-trabalhadores-da-historia\/\" \/>\n<meta property=\"og:site_name\" content=\"Jornal Ponto Mais\" \/>\n<meta property=\"article:published_time\" content=\"2024-02-19T12:46:14+00:00\" \/>\n<meta property=\"article:modified_time\" content=\"2024-02-19T12:46:15+00:00\" \/>\n<meta property=\"og:image\" content=\"https:\/\/jornalpontomais.com\/site\/wp-content\/uploads\/2024\/02\/Trabalhador-1215x809-1.jpg\" \/>\n\t<meta property=\"og:image:width\" content=\"1215\" \/>\n\t<meta property=\"og:image:height\" content=\"809\" \/>\n\t<meta property=\"og:image:type\" content=\"image\/jpeg\" \/>\n<meta name=\"author\" content=\"Jornal Ponto Mais\" \/>\n<meta name=\"twitter:card\" content=\"summary_large_image\" \/>\n<meta name=\"twitter:label1\" content=\"Escrito por\" \/>\n\t<meta name=\"twitter:data1\" content=\"Jornal Ponto Mais\" \/>\n\t<meta name=\"twitter:label2\" content=\"Est. tempo de leitura\" \/>\n\t<meta name=\"twitter:data2\" content=\"3 minutos\" \/>\n<script type=\"application\/ld+json\" class=\"yoast-schema-graph\">{\"@context\":\"https:\/\/schema.org\",\"@graph\":[{\"@type\":\"Article\",\"@id\":\"https:\/\/jornalpontomais.com\/site\/2024\/02\/19\/goias-bate-recorde-com-maior-numero-de-trabalhadores-da-historia\/#article\",\"isPartOf\":{\"@id\":\"https:\/\/jornalpontomais.com\/site\/2024\/02\/19\/goias-bate-recorde-com-maior-numero-de-trabalhadores-da-historia\/\"},\"author\":{\"name\":\"Jornal Ponto Mais\",\"@id\":\"https:\/\/jornalpontomais.com\/site\/#\/schema\/person\/18323f0b0f1355f2490721c48389fe9d\"},\"headline\":\"Goi\u00e1s bate recorde com maior n\u00famero de trabalhadores da hist\u00f3ria\",\"datePublished\":\"2024-02-19T12:46:14+00:00\",\"dateModified\":\"2024-02-19T12:46:15+00:00\",\"mainEntityOfPage\":{\"@id\":\"https:\/\/jornalpontomais.com\/site\/2024\/02\/19\/goias-bate-recorde-com-maior-numero-de-trabalhadores-da-historia\/\"},\"wordCount\":482,\"commentCount\":0,\"publisher\":{\"@id\":\"https:\/\/jornalpontomais.com\/site\/#organization\"},\"image\":{\"@id\":\"https:\/\/jornalpontomais.com\/site\/2024\/02\/19\/goias-bate-recorde-com-maior-numero-de-trabalhadores-da-historia\/#primaryimage\"},\"thumbnailUrl\":\"https:\/\/jornalpontomais.com\/site\/wp-content\/uploads\/2024\/02\/Trabalhador-1215x809-1.jpg\",\"articleSection\":[\"Economia\"],\"inLanguage\":\"pt-BR\",\"potentialAction\":[{\"@type\":\"CommentAction\",\"name\":\"Comment\",\"target\":[\"https:\/\/jornalpontomais.com\/site\/2024\/02\/19\/goias-bate-recorde-com-maior-numero-de-trabalhadores-da-historia\/#respond\"]}]},{\"@type\":\"WebPage\",\"@id\":\"https:\/\/jornalpontomais.com\/site\/2024\/02\/19\/goias-bate-recorde-com-maior-numero-de-trabalhadores-da-historia\/\",\"url\":\"https:\/\/jornalpontomais.com\/site\/2024\/02\/19\/goias-bate-recorde-com-maior-numero-de-trabalhadores-da-historia\/\",\"name\":\"Goi\u00e1s bate recorde com maior n\u00famero de trabalhadores da hist\u00f3ria - Jornal Ponto Mais\",\"isPartOf\":{\"@id\":\"https:\/\/jornalpontomais.com\/site\/#website\"},\"primaryImageOfPage\":{\"@id\":\"https:\/\/jornalpontomais.com\/site\/2024\/02\/19\/goias-bate-recorde-com-maior-numero-de-trabalhadores-da-historia\/#primaryimage\"},\"image\":{\"@id\":\"https:\/\/jornalpontomais.com\/site\/2024\/02\/19\/goias-bate-recorde-com-maior-numero-de-trabalhadores-da-historia\/#primaryimage\"},\"thumbnailUrl\":\"https:\/\/jornalpontomais.com\/site\/wp-content\/uploads\/2024\/02\/Trabalhador-1215x809-1.jpg\",\"datePublished\":\"2024-02-19T12:46:14+00:00\",\"dateModified\":\"2024-02-19T12:46:15+00:00\",\"breadcrumb\":{\"@id\":\"https:\/\/jornalpontomais.com\/site\/2024\/02\/19\/goias-bate-recorde-com-maior-numero-de-trabalhadores-da-historia\/#breadcrumb\"},\"inLanguage\":\"pt-BR\",\"potentialAction\":[{\"@type\":\"ReadAction\",\"target\":[\"https:\/\/jornalpontomais.com\/site\/2024\/02\/19\/goias-bate-recorde-com-maior-numero-de-trabalhadores-da-historia\/\"]}]},{\"@type\":\"ImageObject\",\"inLanguage\":\"pt-BR\",\"@id\":\"https:\/\/jornalpontomais.com\/site\/2024\/02\/19\/goias-bate-recorde-com-maior-numero-de-trabalhadores-da-historia\/#primaryimage\",\"url\":\"https:\/\/jornalpontomais.com\/site\/wp-content\/uploads\/2024\/02\/Trabalhador-1215x809-1.jpg\",\"contentUrl\":\"https:\/\/jornalpontomais.com\/site\/wp-content\/uploads\/2024\/02\/Trabalhador-1215x809-1.jpg\",\"width\":1215,\"height\":809},{\"@type\":\"BreadcrumbList\",\"@id\":\"https:\/\/jornalpontomais.com\/site\/2024\/02\/19\/goias-bate-recorde-com-maior-numero-de-trabalhadores-da-historia\/#breadcrumb\",\"itemListElement\":[{\"@type\":\"ListItem\",\"position\":1,\"name\":\"In\u00edcio\",\"item\":\"https:\/\/jornalpontomais.com\/site\/\"},{\"@type\":\"ListItem\",\"position\":2,\"name\":\"Goi\u00e1s bate recorde com maior n\u00famero de trabalhadores da hist\u00f3ria\"}]},{\"@type\":\"WebSite\",\"@id\":\"https:\/\/jornalpontomais.com\/site\/#website\",\"url\":\"https:\/\/jornalpontomais.com\/site\/\",\"name\":\"Jornal Ponto Mais\",\"description\":\"As principais not\u00edcias do Brasil e do mundo. Confira!\",\"publisher\":{\"@id\":\"https:\/\/jornalpontomais.com\/site\/#organization\"},\"potentialAction\":[{\"@type\":\"SearchAction\",\"target\":{\"@type\":\"EntryPoint\",\"urlTemplate\":\"https:\/\/jornalpontomais.com\/site\/?s={search_term_string}\"},\"query-input\":{\"@type\":\"PropertyValueSpecification\",\"valueRequired\":true,\"valueName\":\"search_term_string\"}}],\"inLanguage\":\"pt-BR\"},{\"@type\":\"Organization\",\"@id\":\"https:\/\/jornalpontomais.com\/site\/#organization\",\"name\":\"Jornal Ponto+\",\"url\":\"https:\/\/jornalpontomais.com\/site\/\",\"logo\":{\"@type\":\"ImageObject\",\"inLanguage\":\"pt-BR\",\"@id\":\"https:\/\/jornalpontomais.com\/site\/#\/schema\/logo\/image\/\",\"url\":\"https:\/\/jornalpontomais.com\/site\/wp-content\/uploads\/2022\/01\/marca.png\",\"contentUrl\":\"https:\/\/jornalpontomais.com\/site\/wp-content\/uploads\/2022\/01\/marca.png\",\"width\":582,\"height\":148,\"caption\":\"Jornal Ponto+\"},\"image\":{\"@id\":\"https:\/\/jornalpontomais.com\/site\/#\/schema\/logo\/image\/\"}},{\"@type\":\"Person\",\"@id\":\"https:\/\/jornalpontomais.com\/site\/#\/schema\/person\/18323f0b0f1355f2490721c48389fe9d\",\"name\":\"Jornal Ponto Mais\",\"image\":{\"@type\":\"ImageObject\",\"inLanguage\":\"pt-BR\",\"@id\":\"https:\/\/secure.gravatar.com\/avatar\/2ee0a9b7fe10fe32bdec8bc086e871e41eb5f4f6ecbcb7b4f2fe0d92d831405f?s=96&d=mm&r=g\",\"url\":\"https:\/\/secure.gravatar.com\/avatar\/2ee0a9b7fe10fe32bdec8bc086e871e41eb5f4f6ecbcb7b4f2fe0d92d831405f?s=96&d=mm&r=g\",\"contentUrl\":\"https:\/\/secure.gravatar.com\/avatar\/2ee0a9b7fe10fe32bdec8bc086e871e41eb5f4f6ecbcb7b4f2fe0d92d831405f?s=96&d=mm&r=g\",\"caption\":\"Jornal Ponto Mais\"},\"sameAs\":[\"https:\/\/jornalpontomais.com\/site\",\"jornalpontomais\"],\"url\":\"https:\/\/jornalpontomais.com\/site\/author\/jornalpontomais\/\"}]}<\/script>\n<!-- \/ Yoast SEO plugin. -->","yoast_head_json":{"title":"Goi\u00e1s bate recorde com maior n\u00famero de trabalhadores da hist\u00f3ria - Jornal Ponto Mais","robots":{"index":"index","follow":"follow","max-snippet":"max-snippet:-1","max-image-preview":"max-image-preview:large","max-video-preview":"max-video-preview:-1"},"canonical":"https:\/\/jornalpontomais.com\/site\/2024\/02\/19\/goias-bate-recorde-com-maior-numero-de-trabalhadores-da-historia\/","og_locale":"pt_BR","og_type":"article","og_title":"Goi\u00e1s bate recorde com maior n\u00famero de trabalhadores da hist\u00f3ria - Jornal Ponto Mais","og_description":"Goi\u00e1s bate mais um recorde e atinge 3,848 milh\u00f5es de goianos ocupados no quarto trimestre de 2023. Esse foi o maior n\u00famero de toda s\u00e9rie hist\u00f3rica, iniciada em 2012, conforme apura\u00e7\u00e3o do\u00a0Instituto Mauro Borges\u00a0(IMB), com dados da Pesquisa Nacional por Amostra Domiciliar Cont\u00ednua (Pnad Cont\u00ednua), divulgada pelo Instituto Brasileiro de Geografia e Estat\u00edsticas (IBGE). Com [&hellip;]","og_url":"https:\/\/jornalpontomais.com\/site\/2024\/02\/19\/goias-bate-recorde-com-maior-numero-de-trabalhadores-da-historia\/","og_site_name":"Jornal Ponto Mais","article_published_time":"2024-02-19T12:46:14+00:00","article_modified_time":"2024-02-19T12:46:15+00:00","og_image":[{"width":1215,"height":809,"url":"https:\/\/jornalpontomais.com\/site\/wp-content\/uploads\/2024\/02\/Trabalhador-1215x809-1.jpg","type":"image\/jpeg"}],"author":"Jornal Ponto Mais","twitter_card":"summary_large_image","twitter_misc":{"Escrito por":"Jornal Ponto Mais","Est. tempo de leitura":"3 minutos"},"schema":{"@context":"https:\/\/schema.org","@graph":[{"@type":"Article","@id":"https:\/\/jornalpontomais.com\/site\/2024\/02\/19\/goias-bate-recorde-com-maior-numero-de-trabalhadores-da-historia\/#article","isPartOf":{"@id":"https:\/\/jornalpontomais.com\/site\/2024\/02\/19\/goias-bate-recorde-com-maior-numero-de-trabalhadores-da-historia\/"},"author":{"name":"Jornal Ponto Mais","@id":"https:\/\/jornalpontomais.com\/site\/#\/schema\/person\/18323f0b0f1355f2490721c48389fe9d"},"headline":"Goi\u00e1s bate recorde com maior n\u00famero de trabalhadores da hist\u00f3ria","datePublished":"2024-02-19T12:46:14+00:00","dateModified":"2024-02-19T12:46:15+00:00","mainEntityOfPage":{"@id":"https:\/\/jornalpontomais.com\/site\/2024\/02\/19\/goias-bate-recorde-com-maior-numero-de-trabalhadores-da-historia\/"},"wordCount":482,"commentCount":0,"publisher":{"@id":"https:\/\/jornalpontomais.com\/site\/#organization"},"image":{"@id":"https:\/\/jornalpontomais.com\/site\/2024\/02\/19\/goias-bate-recorde-com-maior-numero-de-trabalhadores-da-historia\/#primaryimage"},"thumbnailUrl":"https:\/\/jornalpontomais.com\/site\/wp-content\/uploads\/2024\/02\/Trabalhador-1215x809-1.jpg","articleSection":["Economia"],"inLanguage":"pt-BR","potentialAction":[{"@type":"CommentAction","name":"Comment","target":["https:\/\/jornalpontomais.com\/site\/2024\/02\/19\/goias-bate-recorde-com-maior-numero-de-trabalhadores-da-historia\/#respond"]}]},{"@type":"WebPage","@id":"https:\/\/jornalpontomais.com\/site\/2024\/02\/19\/goias-bate-recorde-com-maior-numero-de-trabalhadores-da-historia\/","url":"https:\/\/jornalpontomais.com\/site\/2024\/02\/19\/goias-bate-recorde-com-maior-numero-de-trabalhadores-da-historia\/","name":"Goi\u00e1s bate recorde com maior n\u00famero de trabalhadores da hist\u00f3ria - Jornal Ponto Mais","isPartOf":{"@id":"https:\/\/jornalpontomais.com\/site\/#website"},"primaryImageOfPage":{"@id":"https:\/\/jornalpontomais.com\/site\/2024\/02\/19\/goias-bate-recorde-com-maior-numero-de-trabalhadores-da-historia\/#primaryimage"},"image":{"@id":"https:\/\/jornalpontomais.com\/site\/2024\/02\/19\/goias-bate-recorde-com-maior-numero-de-trabalhadores-da-historia\/#primaryimage"},"thumbnailUrl":"https:\/\/jornalpontomais.com\/site\/wp-content\/uploads\/2024\/02\/Trabalhador-1215x809-1.jpg","datePublished":"2024-02-19T12:46:14+00:00","dateModified":"2024-02-19T12:46:15+00:00","breadcrumb":{"@id":"https:\/\/jornalpontomais.com\/site\/2024\/02\/19\/goias-bate-recorde-com-maior-numero-de-trabalhadores-da-historia\/#breadcrumb"},"inLanguage":"pt-BR","potentialAction":[{"@type":"ReadAction","target":["https:\/\/jornalpontomais.com\/site\/2024\/02\/19\/goias-bate-recorde-com-maior-numero-de-trabalhadores-da-historia\/"]}]},{"@type":"ImageObject","inLanguage":"pt-BR","@id":"https:\/\/jornalpontomais.com\/site\/2024\/02\/19\/goias-bate-recorde-com-maior-numero-de-trabalhadores-da-historia\/#primaryimage","url":"https:\/\/jornalpontomais.com\/site\/wp-content\/uploads\/2024\/02\/Trabalhador-1215x809-1.jpg","contentUrl":"https:\/\/jornalpontomais.com\/site\/wp-content\/uploads\/2024\/02\/Trabalhador-1215x809-1.jpg","width":1215,"height":809},{"@type":"BreadcrumbList","@id":"https:\/\/jornalpontomais.com\/site\/2024\/02\/19\/goias-bate-recorde-com-maior-numero-de-trabalhadores-da-historia\/#breadcrumb","itemListElement":[{"@type":"ListItem","position":1,"name":"In\u00edcio","item":"https:\/\/jornalpontomais.com\/site\/"},{"@type":"ListItem","position":2,"name":"Goi\u00e1s bate recorde com maior n\u00famero de trabalhadores da hist\u00f3ria"}]},{"@type":"WebSite","@id":"https:\/\/jornalpontomais.com\/site\/#website","url":"https:\/\/jornalpontomais.com\/site\/","name":"Jornal Ponto Mais","description":"As principais not\u00edcias do Brasil e do mundo. Confira!","publisher":{"@id":"https:\/\/jornalpontomais.com\/site\/#organization"},"potentialAction":[{"@type":"SearchAction","target":{"@type":"EntryPoint","urlTemplate":"https:\/\/jornalpontomais.com\/site\/?s={search_term_string}"},"query-input":{"@type":"PropertyValueSpecification","valueRequired":true,"valueName":"search_term_string"}}],"inLanguage":"pt-BR"},{"@type":"Organization","@id":"https:\/\/jornalpontomais.com\/site\/#organization","name":"Jornal Ponto+","url":"https:\/\/jornalpontomais.com\/site\/","logo":{"@type":"ImageObject","inLanguage":"pt-BR","@id":"https:\/\/jornalpontomais.com\/site\/#\/schema\/logo\/image\/","url":"https:\/\/jornalpontomais.com\/site\/wp-content\/uploads\/2022\/01\/marca.png","contentUrl":"https:\/\/jornalpontomais.com\/site\/wp-content\/uploads\/2022\/01\/marca.png","width":582,"height":148,"caption":"Jornal Ponto+"},"image":{"@id":"https:\/\/jornalpontomais.com\/site\/#\/schema\/logo\/image\/"}},{"@type":"Person","@id":"https:\/\/jornalpontomais.com\/site\/#\/schema\/person\/18323f0b0f1355f2490721c48389fe9d","name":"Jornal Ponto Mais","image":{"@type":"ImageObject","inLanguage":"pt-BR","@id":"https:\/\/secure.gravatar.com\/avatar\/2ee0a9b7fe10fe32bdec8bc086e871e41eb5f4f6ecbcb7b4f2fe0d92d831405f?s=96&d=mm&r=g","url":"https:\/\/secure.gravatar.com\/avatar\/2ee0a9b7fe10fe32bdec8bc086e871e41eb5f4f6ecbcb7b4f2fe0d92d831405f?s=96&d=mm&r=g","contentUrl":"https:\/\/secure.gravatar.com\/avatar\/2ee0a9b7fe10fe32bdec8bc086e871e41eb5f4f6ecbcb7b4f2fe0d92d831405f?s=96&d=mm&r=g","caption":"Jornal Ponto Mais"},"sameAs":["https:\/\/jornalpontomais.com\/site","jornalpontomais"],"url":"https:\/\/jornalpontomais.com\/site\/author\/jornalpontomais\/"}]}},"_links":{"self":[{"href":"https:\/\/jornalpontomais.com\/site\/wp-json\/wp\/v2\/posts\/11947","targetHints":{"allow":["GET"]}}],"collection":[{"href":"https:\/\/jornalpontomais.com\/site\/wp-json\/wp\/v2\/posts"}],"about":[{"href":"https:\/\/jornalpontomais.com\/site\/wp-json\/wp\/v2\/types\/post"}],"author":[{"embeddable":true,"href":"https:\/\/jornalpontomais.com\/site\/wp-json\/wp\/v2\/users\/2"}],"replies":[{"embeddable":true,"href":"https:\/\/jornalpontomais.com\/site\/wp-json\/wp\/v2\/comments?post=11947"}],"version-history":[{"count":1,"href":"https:\/\/jornalpontomais.com\/site\/wp-json\/wp\/v2\/posts\/11947\/revisions"}],"predecessor-version":[{"id":11950,"href":"https:\/\/jornalpontomais.com\/site\/wp-json\/wp\/v2\/posts\/11947\/revisions\/11950"}],"wp:featuredmedia":[{"embeddable":true,"href":"https:\/\/jornalpontomais.com\/site\/wp-json\/wp\/v2\/media\/11949"}],"wp:attachment":[{"href":"https:\/\/jornalpontomais.com\/site\/wp-json\/wp\/v2\/media?parent=11947"}],"wp:term":[{"taxonomy":"category","embeddable":true,"href":"https:\/\/jornalpontomais.com\/site\/wp-json\/wp\/v2\/categories?post=11947"},{"taxonomy":"post_tag","embeddable":true,"href":"https:\/\/jornalpontomais.com\/site\/wp-json\/wp\/v2\/tags?post=11947"}],"curies":[{"name":"wp","href":"https:\/\/api.w.org\/{rel}","templated":true}]}}