{"id":11930,"date":"2024-02-16T10:44:46","date_gmt":"2024-02-16T13:44:46","guid":{"rendered":"https:\/\/jornalpontomais.com\/site\/?p=11930"},"modified":"2024-02-16T10:44:47","modified_gmt":"2024-02-16T13:44:47","slug":"comeca-a-vacinacao-contra-a-dengue-em-goias","status":"publish","type":"post","link":"https:\/\/jornalpontomais.com\/site\/2024\/02\/16\/comeca-a-vacinacao-contra-a-dengue-em-goias\/","title":{"rendered":"Come\u00e7a a vacina\u00e7\u00e3o contra a dengue em Goi\u00e1s"},"content":{"rendered":"\n<p>Com a meta de reduzir o n\u00famero de casos graves de dengue no grupo priorit\u00e1rio, que inclui crian\u00e7as entre 10 e 11 anos, o governador Ronaldo Caiado abriu, nesta quinta-feira (15\/02), a vacina\u00e7\u00e3o contra a dengue em Goi\u00e1s.<br><br><\/p>\n\n\n\n<p>O evento foi realizado na UBS Santa Luzia, no Jardim Ol\u00edmpico, em Aparecida de Goi\u00e2nia, e contou com a presen\u00e7a do prefeito Vilmar Mariano, do secret\u00e1rio estadual de Sa\u00fade, Ras\u00edvel dos Reis, e de outras autoridades. \u201cCuidar e salvar vidas, esse \u00e9 o objetivo\u201d, declarou Caiado.<br><br><\/p>\n\n\n\n<p>M\u00e9dico h\u00e1 quase cinco d\u00e9cadas, o governador aplicou a primeira dose da vacina Qdenga durante a solenidade. A menina Ana Vit\u00f3ria Batista, de 10 anos, foi a primeira pessoa imunizada pela rede p\u00fablica estadual. \u201cTemos crit\u00e9rios para que a pessoa tome a vacina. Vai come\u00e7ar nesta faixa et\u00e1ria e, de acordo com aquilo que for remetido pelo Minist\u00e9rio da Sa\u00fade, vamos ampliando\u201d, explicou Caiado.<br><br><\/p>\n\n\n\n<p>A a\u00e7\u00e3o come\u00e7a no mesmo m\u00eas em que o Estado declarou situa\u00e7\u00e3o de emerg\u00eancia em sa\u00fade devido ao aumento do n\u00famero de casos de dengue. A vacina\u00e7\u00e3o j\u00e1 ocorre em 51 dos 134 munic\u00edpios definidos como priorit\u00e1rios, e mais 71 munic\u00edpios v\u00e3o receber mais doses a partir desta quinta-feira (15\/02), totalizando 151.968 doses enviadas pelo Minist\u00e9rio da Sa\u00fade.<br><br><\/p>\n\n\n\n<p>O Governo de Goi\u00e1s capacitou profissionais da sa\u00fade dos munic\u00edpios para realizar a imuniza\u00e7\u00e3o e tamb\u00e9m a notifica\u00e7\u00e3o e cuidados com os pacientes acometidos pela doen\u00e7a.<br><br><\/p>\n\n\n\n<p>Al\u00e9m disso, desde o m\u00eas passado, o Governo do Estado lidera a instala\u00e7\u00e3o dos chamados\u00a0\u201cGabinetes contra a Dengue\u201d, incentivando que cada munic\u00edpio goiano tenha uma estrutura espec\u00edfica para o trabalho, de forma a unificar estrat\u00e9gias. Durante o lan\u00e7amento da a\u00e7\u00e3o, o governador lembrou que a participa\u00e7\u00e3o da popula\u00e7\u00e3o \u00e9 fundamental para vencer a batalha contra o Aedes aegypti, mosquito transmissor da doen\u00e7a. \u201cO maior foco est\u00e1 no\u00a0lixo nas casas. N\u00e3o podemos deixar \u00e1gua parada porque ali \u00e9 o criat\u00f3rio do mosquito\u201d, destacou Caiado.<br><br><\/p>\n\n\n\n<p>Secret\u00e1rio Estadual de Sa\u00fade, Ras\u00edvel dos Reis refor\u00e7ou o pedido para que todos se unam no combate ao mosquito: \u201c\u00c9 um momento de alerta. Estamos observando um aumento da circula\u00e7\u00e3o do v\u00edrus tipo 2, e isso preocupa porque ele pode provocar casos mais graves\u201d, afirmou. \u201cPerder um familiar por uma doen\u00e7a evit\u00e1vel \u00e9 uma coisa inadmiss\u00edvel, ent\u00e3o conto com a ajuda de cada um de voc\u00eas\u201d, completou ele.<br><br><\/p>\n\n\n\n<p><strong>Vacina\u00e7\u00e3o contra a dengue<\/strong><\/p>\n\n\n\n<p>O imunizante Qdenga \u00e9 quadrivalente, ou seja, capaz de proteger contra os quatro sorotipos da dengue. O esquema vacinal \u00e9 composto por duas doses, com intervalo de tr\u00eas meses entre elas. Inicialmente, a meta \u00e9 imunizar pessoas entre 10 e 11 anos, faixa et\u00e1ria considerada segura e eficaz pela fabricante japonesa Takeda.<br><br><\/p>\n\n\n\n<p>Posteriormente, com a chegada de novas doses, o p\u00fablico-alvo deve ser ampliado para adolescentes at\u00e9 14 anos, 11 meses e 29 dias. Suzy Batista, m\u00e3e de Ana Vit\u00f3ria Batista, primeira crian\u00e7a a receber a vacina, endossou a import\u00e2ncia da ades\u00e3o das fam\u00edlias para proteger vidas. \u201cTrouxe ela para vacinar porque o surto de dengue hoje est\u00e1 muito grande\u201d, disse ela, conclamando outros pais a fazerem o mesmo: \u201cVenha com seu filho para vacinar, venha fazer parte da campanha e somar com a gente\u201d.<br><br><\/p>\n\n\n\n<p>O Brasil \u00e9 o primeiro pa\u00eds a ofertar vacina\u00e7\u00e3o contra a dengue no sistema p\u00fablico de sa\u00fade. Os 134 munic\u00edpios goianos que receber\u00e3o os imunizantes passaram por alguns crit\u00e9rios de escolha, entre eles: ter mais de 100 mil habitantes e alta transmiss\u00e3o da doen\u00e7a; maior n\u00famero de casos entre 2023 e 2024; e predomin\u00e2ncia do sorotipo 2 no final do ano passado.<\/p>\n","protected":false},"excerpt":{"rendered":"<p>Com a meta de reduzir o n\u00famero de casos graves de dengue no grupo priorit\u00e1rio, que inclui crian\u00e7as entre 10 e 11 anos, o governador Ronaldo Caiado abriu, nesta quinta-feira (15\/02), a vacina\u00e7\u00e3o contra a dengue em Goi\u00e1s. O evento foi realizado na UBS Santa Luzia, no Jardim Ol\u00edmpico, em Aparecida de Goi\u00e2nia, e contou [&hellip;]<\/p>\n","protected":false},"author":2,"featured_media":11931,"comment_status":"open","ping_status":"open","sticky":true,"template":"","format":"standard","meta":{"om_disable_all_campaigns":false,"_monsterinsights_skip_tracking":false,"_monsterinsights_sitenote_active":false,"_monsterinsights_sitenote_note":"","_monsterinsights_sitenote_category":0,"footnotes":""},"categories":[3],"tags":[],"class_list":["post-11930","post","type-post","status-publish","format-standard","has-post-thumbnail","hentry","category-saude"],"yoast_head":"<!-- This site is optimized with the Yoast SEO plugin v27.2 - https:\/\/yoast.com\/product\/yoast-seo-wordpress\/ -->\n<title>Come\u00e7a a vacina\u00e7\u00e3o contra a dengue em Goi\u00e1s - Jornal Ponto Mais<\/title>\n<meta name=\"robots\" content=\"index, follow, max-snippet:-1, max-image-preview:large, max-video-preview:-1\" \/>\n<link rel=\"canonical\" href=\"https:\/\/jornalpontomais.com\/site\/2024\/02\/16\/comeca-a-vacinacao-contra-a-dengue-em-goias\/\" \/>\n<meta property=\"og:locale\" content=\"pt_BR\" \/>\n<meta property=\"og:type\" content=\"article\" \/>\n<meta property=\"og:title\" content=\"Come\u00e7a a vacina\u00e7\u00e3o contra a dengue em Goi\u00e1s - Jornal Ponto Mais\" \/>\n<meta property=\"og:description\" content=\"Com a meta de reduzir o n\u00famero de casos graves de dengue no grupo priorit\u00e1rio, que inclui crian\u00e7as entre 10 e 11 anos, o governador Ronaldo Caiado abriu, nesta quinta-feira (15\/02), a vacina\u00e7\u00e3o contra a dengue em Goi\u00e1s. O evento foi realizado na UBS Santa Luzia, no Jardim Ol\u00edmpico, em Aparecida de Goi\u00e2nia, e contou [&hellip;]\" \/>\n<meta property=\"og:url\" content=\"https:\/\/jornalpontomais.com\/site\/2024\/02\/16\/comeca-a-vacinacao-contra-a-dengue-em-goias\/\" \/>\n<meta property=\"og:site_name\" content=\"Jornal Ponto Mais\" \/>\n<meta property=\"article:published_time\" content=\"2024-02-16T13:44:46+00:00\" \/>\n<meta property=\"article:modified_time\" content=\"2024-02-16T13:44:47+00:00\" \/>\n<meta property=\"og:image\" content=\"https:\/\/jornalpontomais.com\/site\/wp-content\/uploads\/2024\/02\/Caiado-aplica-vacina-contra-a-dengue-1215x810-1.jpeg\" \/>\n\t<meta property=\"og:image:width\" content=\"1215\" \/>\n\t<meta property=\"og:image:height\" content=\"810\" \/>\n\t<meta property=\"og:image:type\" content=\"image\/jpeg\" \/>\n<meta name=\"author\" content=\"Jornal Ponto Mais\" \/>\n<meta name=\"twitter:card\" content=\"summary_large_image\" \/>\n<meta name=\"twitter:label1\" content=\"Escrito por\" \/>\n\t<meta name=\"twitter:data1\" content=\"Jornal Ponto Mais\" \/>\n\t<meta name=\"twitter:label2\" content=\"Est. tempo de leitura\" \/>\n\t<meta name=\"twitter:data2\" content=\"4 minutos\" \/>\n<script type=\"application\/ld+json\" class=\"yoast-schema-graph\">{\"@context\":\"https:\/\/schema.org\",\"@graph\":[{\"@type\":\"Article\",\"@id\":\"https:\/\/jornalpontomais.com\/site\/2024\/02\/16\/comeca-a-vacinacao-contra-a-dengue-em-goias\/#article\",\"isPartOf\":{\"@id\":\"https:\/\/jornalpontomais.com\/site\/2024\/02\/16\/comeca-a-vacinacao-contra-a-dengue-em-goias\/\"},\"author\":{\"name\":\"Jornal Ponto Mais\",\"@id\":\"https:\/\/jornalpontomais.com\/site\/#\/schema\/person\/18323f0b0f1355f2490721c48389fe9d\"},\"headline\":\"Come\u00e7a a vacina\u00e7\u00e3o contra a dengue em Goi\u00e1s\",\"datePublished\":\"2024-02-16T13:44:46+00:00\",\"dateModified\":\"2024-02-16T13:44:47+00:00\",\"mainEntityOfPage\":{\"@id\":\"https:\/\/jornalpontomais.com\/site\/2024\/02\/16\/comeca-a-vacinacao-contra-a-dengue-em-goias\/\"},\"wordCount\":654,\"commentCount\":0,\"publisher\":{\"@id\":\"https:\/\/jornalpontomais.com\/site\/#organization\"},\"image\":{\"@id\":\"https:\/\/jornalpontomais.com\/site\/2024\/02\/16\/comeca-a-vacinacao-contra-a-dengue-em-goias\/#primaryimage\"},\"thumbnailUrl\":\"https:\/\/jornalpontomais.com\/site\/wp-content\/uploads\/2024\/02\/Caiado-aplica-vacina-contra-a-dengue-1215x810-1.jpeg\",\"articleSection\":[\"Sa\u00fade\"],\"inLanguage\":\"pt-BR\",\"potentialAction\":[{\"@type\":\"CommentAction\",\"name\":\"Comment\",\"target\":[\"https:\/\/jornalpontomais.com\/site\/2024\/02\/16\/comeca-a-vacinacao-contra-a-dengue-em-goias\/#respond\"]}]},{\"@type\":\"WebPage\",\"@id\":\"https:\/\/jornalpontomais.com\/site\/2024\/02\/16\/comeca-a-vacinacao-contra-a-dengue-em-goias\/\",\"url\":\"https:\/\/jornalpontomais.com\/site\/2024\/02\/16\/comeca-a-vacinacao-contra-a-dengue-em-goias\/\",\"name\":\"Come\u00e7a a vacina\u00e7\u00e3o contra a dengue em Goi\u00e1s - Jornal Ponto Mais\",\"isPartOf\":{\"@id\":\"https:\/\/jornalpontomais.com\/site\/#website\"},\"primaryImageOfPage\":{\"@id\":\"https:\/\/jornalpontomais.com\/site\/2024\/02\/16\/comeca-a-vacinacao-contra-a-dengue-em-goias\/#primaryimage\"},\"image\":{\"@id\":\"https:\/\/jornalpontomais.com\/site\/2024\/02\/16\/comeca-a-vacinacao-contra-a-dengue-em-goias\/#primaryimage\"},\"thumbnailUrl\":\"https:\/\/jornalpontomais.com\/site\/wp-content\/uploads\/2024\/02\/Caiado-aplica-vacina-contra-a-dengue-1215x810-1.jpeg\",\"datePublished\":\"2024-02-16T13:44:46+00:00\",\"dateModified\":\"2024-02-16T13:44:47+00:00\",\"breadcrumb\":{\"@id\":\"https:\/\/jornalpontomais.com\/site\/2024\/02\/16\/comeca-a-vacinacao-contra-a-dengue-em-goias\/#breadcrumb\"},\"inLanguage\":\"pt-BR\",\"potentialAction\":[{\"@type\":\"ReadAction\",\"target\":[\"https:\/\/jornalpontomais.com\/site\/2024\/02\/16\/comeca-a-vacinacao-contra-a-dengue-em-goias\/\"]}]},{\"@type\":\"ImageObject\",\"inLanguage\":\"pt-BR\",\"@id\":\"https:\/\/jornalpontomais.com\/site\/2024\/02\/16\/comeca-a-vacinacao-contra-a-dengue-em-goias\/#primaryimage\",\"url\":\"https:\/\/jornalpontomais.com\/site\/wp-content\/uploads\/2024\/02\/Caiado-aplica-vacina-contra-a-dengue-1215x810-1.jpeg\",\"contentUrl\":\"https:\/\/jornalpontomais.com\/site\/wp-content\/uploads\/2024\/02\/Caiado-aplica-vacina-contra-a-dengue-1215x810-1.jpeg\",\"width\":1215,\"height\":810},{\"@type\":\"BreadcrumbList\",\"@id\":\"https:\/\/jornalpontomais.com\/site\/2024\/02\/16\/comeca-a-vacinacao-contra-a-dengue-em-goias\/#breadcrumb\",\"itemListElement\":[{\"@type\":\"ListItem\",\"position\":1,\"name\":\"In\u00edcio\",\"item\":\"https:\/\/jornalpontomais.com\/site\/\"},{\"@type\":\"ListItem\",\"position\":2,\"name\":\"Come\u00e7a a vacina\u00e7\u00e3o contra a dengue em Goi\u00e1s\"}]},{\"@type\":\"WebSite\",\"@id\":\"https:\/\/jornalpontomais.com\/site\/#website\",\"url\":\"https:\/\/jornalpontomais.com\/site\/\",\"name\":\"Jornal Ponto Mais\",\"description\":\"As principais not\u00edcias do Brasil e do mundo. Confira!\",\"publisher\":{\"@id\":\"https:\/\/jornalpontomais.com\/site\/#organization\"},\"potentialAction\":[{\"@type\":\"SearchAction\",\"target\":{\"@type\":\"EntryPoint\",\"urlTemplate\":\"https:\/\/jornalpontomais.com\/site\/?s={search_term_string}\"},\"query-input\":{\"@type\":\"PropertyValueSpecification\",\"valueRequired\":true,\"valueName\":\"search_term_string\"}}],\"inLanguage\":\"pt-BR\"},{\"@type\":\"Organization\",\"@id\":\"https:\/\/jornalpontomais.com\/site\/#organization\",\"name\":\"Jornal Ponto+\",\"url\":\"https:\/\/jornalpontomais.com\/site\/\",\"logo\":{\"@type\":\"ImageObject\",\"inLanguage\":\"pt-BR\",\"@id\":\"https:\/\/jornalpontomais.com\/site\/#\/schema\/logo\/image\/\",\"url\":\"https:\/\/jornalpontomais.com\/site\/wp-content\/uploads\/2022\/01\/marca.png\",\"contentUrl\":\"https:\/\/jornalpontomais.com\/site\/wp-content\/uploads\/2022\/01\/marca.png\",\"width\":582,\"height\":148,\"caption\":\"Jornal Ponto+\"},\"image\":{\"@id\":\"https:\/\/jornalpontomais.com\/site\/#\/schema\/logo\/image\/\"}},{\"@type\":\"Person\",\"@id\":\"https:\/\/jornalpontomais.com\/site\/#\/schema\/person\/18323f0b0f1355f2490721c48389fe9d\",\"name\":\"Jornal Ponto Mais\",\"image\":{\"@type\":\"ImageObject\",\"inLanguage\":\"pt-BR\",\"@id\":\"https:\/\/secure.gravatar.com\/avatar\/2ee0a9b7fe10fe32bdec8bc086e871e41eb5f4f6ecbcb7b4f2fe0d92d831405f?s=96&d=mm&r=g\",\"url\":\"https:\/\/secure.gravatar.com\/avatar\/2ee0a9b7fe10fe32bdec8bc086e871e41eb5f4f6ecbcb7b4f2fe0d92d831405f?s=96&d=mm&r=g\",\"contentUrl\":\"https:\/\/secure.gravatar.com\/avatar\/2ee0a9b7fe10fe32bdec8bc086e871e41eb5f4f6ecbcb7b4f2fe0d92d831405f?s=96&d=mm&r=g\",\"caption\":\"Jornal Ponto Mais\"},\"sameAs\":[\"https:\/\/jornalpontomais.com\/site\",\"jornalpontomais\"],\"url\":\"https:\/\/jornalpontomais.com\/site\/author\/jornalpontomais\/\"}]}<\/script>\n<!-- \/ Yoast SEO plugin. -->","yoast_head_json":{"title":"Come\u00e7a a vacina\u00e7\u00e3o contra a dengue em Goi\u00e1s - Jornal Ponto Mais","robots":{"index":"index","follow":"follow","max-snippet":"max-snippet:-1","max-image-preview":"max-image-preview:large","max-video-preview":"max-video-preview:-1"},"canonical":"https:\/\/jornalpontomais.com\/site\/2024\/02\/16\/comeca-a-vacinacao-contra-a-dengue-em-goias\/","og_locale":"pt_BR","og_type":"article","og_title":"Come\u00e7a a vacina\u00e7\u00e3o contra a dengue em Goi\u00e1s - Jornal Ponto Mais","og_description":"Com a meta de reduzir o n\u00famero de casos graves de dengue no grupo priorit\u00e1rio, que inclui crian\u00e7as entre 10 e 11 anos, o governador Ronaldo Caiado abriu, nesta quinta-feira (15\/02), a vacina\u00e7\u00e3o contra a dengue em Goi\u00e1s. O evento foi realizado na UBS Santa Luzia, no Jardim Ol\u00edmpico, em Aparecida de Goi\u00e2nia, e contou [&hellip;]","og_url":"https:\/\/jornalpontomais.com\/site\/2024\/02\/16\/comeca-a-vacinacao-contra-a-dengue-em-goias\/","og_site_name":"Jornal Ponto Mais","article_published_time":"2024-02-16T13:44:46+00:00","article_modified_time":"2024-02-16T13:44:47+00:00","og_image":[{"width":1215,"height":810,"url":"https:\/\/jornalpontomais.com\/site\/wp-content\/uploads\/2024\/02\/Caiado-aplica-vacina-contra-a-dengue-1215x810-1.jpeg","type":"image\/jpeg"}],"author":"Jornal Ponto Mais","twitter_card":"summary_large_image","twitter_misc":{"Escrito por":"Jornal Ponto Mais","Est. tempo de leitura":"4 minutos"},"schema":{"@context":"https:\/\/schema.org","@graph":[{"@type":"Article","@id":"https:\/\/jornalpontomais.com\/site\/2024\/02\/16\/comeca-a-vacinacao-contra-a-dengue-em-goias\/#article","isPartOf":{"@id":"https:\/\/jornalpontomais.com\/site\/2024\/02\/16\/comeca-a-vacinacao-contra-a-dengue-em-goias\/"},"author":{"name":"Jornal Ponto Mais","@id":"https:\/\/jornalpontomais.com\/site\/#\/schema\/person\/18323f0b0f1355f2490721c48389fe9d"},"headline":"Come\u00e7a a vacina\u00e7\u00e3o contra a dengue em Goi\u00e1s","datePublished":"2024-02-16T13:44:46+00:00","dateModified":"2024-02-16T13:44:47+00:00","mainEntityOfPage":{"@id":"https:\/\/jornalpontomais.com\/site\/2024\/02\/16\/comeca-a-vacinacao-contra-a-dengue-em-goias\/"},"wordCount":654,"commentCount":0,"publisher":{"@id":"https:\/\/jornalpontomais.com\/site\/#organization"},"image":{"@id":"https:\/\/jornalpontomais.com\/site\/2024\/02\/16\/comeca-a-vacinacao-contra-a-dengue-em-goias\/#primaryimage"},"thumbnailUrl":"https:\/\/jornalpontomais.com\/site\/wp-content\/uploads\/2024\/02\/Caiado-aplica-vacina-contra-a-dengue-1215x810-1.jpeg","articleSection":["Sa\u00fade"],"inLanguage":"pt-BR","potentialAction":[{"@type":"CommentAction","name":"Comment","target":["https:\/\/jornalpontomais.com\/site\/2024\/02\/16\/comeca-a-vacinacao-contra-a-dengue-em-goias\/#respond"]}]},{"@type":"WebPage","@id":"https:\/\/jornalpontomais.com\/site\/2024\/02\/16\/comeca-a-vacinacao-contra-a-dengue-em-goias\/","url":"https:\/\/jornalpontomais.com\/site\/2024\/02\/16\/comeca-a-vacinacao-contra-a-dengue-em-goias\/","name":"Come\u00e7a a vacina\u00e7\u00e3o contra a dengue em Goi\u00e1s - Jornal Ponto Mais","isPartOf":{"@id":"https:\/\/jornalpontomais.com\/site\/#website"},"primaryImageOfPage":{"@id":"https:\/\/jornalpontomais.com\/site\/2024\/02\/16\/comeca-a-vacinacao-contra-a-dengue-em-goias\/#primaryimage"},"image":{"@id":"https:\/\/jornalpontomais.com\/site\/2024\/02\/16\/comeca-a-vacinacao-contra-a-dengue-em-goias\/#primaryimage"},"thumbnailUrl":"https:\/\/jornalpontomais.com\/site\/wp-content\/uploads\/2024\/02\/Caiado-aplica-vacina-contra-a-dengue-1215x810-1.jpeg","datePublished":"2024-02-16T13:44:46+00:00","dateModified":"2024-02-16T13:44:47+00:00","breadcrumb":{"@id":"https:\/\/jornalpontomais.com\/site\/2024\/02\/16\/comeca-a-vacinacao-contra-a-dengue-em-goias\/#breadcrumb"},"inLanguage":"pt-BR","potentialAction":[{"@type":"ReadAction","target":["https:\/\/jornalpontomais.com\/site\/2024\/02\/16\/comeca-a-vacinacao-contra-a-dengue-em-goias\/"]}]},{"@type":"ImageObject","inLanguage":"pt-BR","@id":"https:\/\/jornalpontomais.com\/site\/2024\/02\/16\/comeca-a-vacinacao-contra-a-dengue-em-goias\/#primaryimage","url":"https:\/\/jornalpontomais.com\/site\/wp-content\/uploads\/2024\/02\/Caiado-aplica-vacina-contra-a-dengue-1215x810-1.jpeg","contentUrl":"https:\/\/jornalpontomais.com\/site\/wp-content\/uploads\/2024\/02\/Caiado-aplica-vacina-contra-a-dengue-1215x810-1.jpeg","width":1215,"height":810},{"@type":"BreadcrumbList","@id":"https:\/\/jornalpontomais.com\/site\/2024\/02\/16\/comeca-a-vacinacao-contra-a-dengue-em-goias\/#breadcrumb","itemListElement":[{"@type":"ListItem","position":1,"name":"In\u00edcio","item":"https:\/\/jornalpontomais.com\/site\/"},{"@type":"ListItem","position":2,"name":"Come\u00e7a a vacina\u00e7\u00e3o contra a dengue em Goi\u00e1s"}]},{"@type":"WebSite","@id":"https:\/\/jornalpontomais.com\/site\/#website","url":"https:\/\/jornalpontomais.com\/site\/","name":"Jornal Ponto Mais","description":"As principais not\u00edcias do Brasil e do mundo. Confira!","publisher":{"@id":"https:\/\/jornalpontomais.com\/site\/#organization"},"potentialAction":[{"@type":"SearchAction","target":{"@type":"EntryPoint","urlTemplate":"https:\/\/jornalpontomais.com\/site\/?s={search_term_string}"},"query-input":{"@type":"PropertyValueSpecification","valueRequired":true,"valueName":"search_term_string"}}],"inLanguage":"pt-BR"},{"@type":"Organization","@id":"https:\/\/jornalpontomais.com\/site\/#organization","name":"Jornal Ponto+","url":"https:\/\/jornalpontomais.com\/site\/","logo":{"@type":"ImageObject","inLanguage":"pt-BR","@id":"https:\/\/jornalpontomais.com\/site\/#\/schema\/logo\/image\/","url":"https:\/\/jornalpontomais.com\/site\/wp-content\/uploads\/2022\/01\/marca.png","contentUrl":"https:\/\/jornalpontomais.com\/site\/wp-content\/uploads\/2022\/01\/marca.png","width":582,"height":148,"caption":"Jornal Ponto+"},"image":{"@id":"https:\/\/jornalpontomais.com\/site\/#\/schema\/logo\/image\/"}},{"@type":"Person","@id":"https:\/\/jornalpontomais.com\/site\/#\/schema\/person\/18323f0b0f1355f2490721c48389fe9d","name":"Jornal Ponto Mais","image":{"@type":"ImageObject","inLanguage":"pt-BR","@id":"https:\/\/secure.gravatar.com\/avatar\/2ee0a9b7fe10fe32bdec8bc086e871e41eb5f4f6ecbcb7b4f2fe0d92d831405f?s=96&d=mm&r=g","url":"https:\/\/secure.gravatar.com\/avatar\/2ee0a9b7fe10fe32bdec8bc086e871e41eb5f4f6ecbcb7b4f2fe0d92d831405f?s=96&d=mm&r=g","contentUrl":"https:\/\/secure.gravatar.com\/avatar\/2ee0a9b7fe10fe32bdec8bc086e871e41eb5f4f6ecbcb7b4f2fe0d92d831405f?s=96&d=mm&r=g","caption":"Jornal Ponto Mais"},"sameAs":["https:\/\/jornalpontomais.com\/site","jornalpontomais"],"url":"https:\/\/jornalpontomais.com\/site\/author\/jornalpontomais\/"}]}},"_links":{"self":[{"href":"https:\/\/jornalpontomais.com\/site\/wp-json\/wp\/v2\/posts\/11930","targetHints":{"allow":["GET"]}}],"collection":[{"href":"https:\/\/jornalpontomais.com\/site\/wp-json\/wp\/v2\/posts"}],"about":[{"href":"https:\/\/jornalpontomais.com\/site\/wp-json\/wp\/v2\/types\/post"}],"author":[{"embeddable":true,"href":"https:\/\/jornalpontomais.com\/site\/wp-json\/wp\/v2\/users\/2"}],"replies":[{"embeddable":true,"href":"https:\/\/jornalpontomais.com\/site\/wp-json\/wp\/v2\/comments?post=11930"}],"version-history":[{"count":1,"href":"https:\/\/jornalpontomais.com\/site\/wp-json\/wp\/v2\/posts\/11930\/revisions"}],"predecessor-version":[{"id":11932,"href":"https:\/\/jornalpontomais.com\/site\/wp-json\/wp\/v2\/posts\/11930\/revisions\/11932"}],"wp:featuredmedia":[{"embeddable":true,"href":"https:\/\/jornalpontomais.com\/site\/wp-json\/wp\/v2\/media\/11931"}],"wp:attachment":[{"href":"https:\/\/jornalpontomais.com\/site\/wp-json\/wp\/v2\/media?parent=11930"}],"wp:term":[{"taxonomy":"category","embeddable":true,"href":"https:\/\/jornalpontomais.com\/site\/wp-json\/wp\/v2\/categories?post=11930"},{"taxonomy":"post_tag","embeddable":true,"href":"https:\/\/jornalpontomais.com\/site\/wp-json\/wp\/v2\/tags?post=11930"}],"curies":[{"name":"wp","href":"https:\/\/api.w.org\/{rel}","templated":true}]}}