{"id":11878,"date":"2024-02-12T15:09:40","date_gmt":"2024-02-12T18:09:40","guid":{"rendered":"https:\/\/jornalpontomais.com\/site\/?p=11878"},"modified":"2024-02-12T15:09:41","modified_gmt":"2024-02-12T18:09:41","slug":"goias-participa-de-grupos-que-discutem-regulamentacao-da-reforma-tributaria","status":"publish","type":"post","link":"https:\/\/jornalpontomais.com\/site\/2024\/02\/12\/goias-participa-de-grupos-que-discutem-regulamentacao-da-reforma-tributaria\/","title":{"rendered":"Goi\u00e1s participa de grupos que discutem regulamenta\u00e7\u00e3o da Reforma Tribut\u00e1ria"},"content":{"rendered":"\n<p>Ap\u00f3s se posicionar com firmeza na defesa dos interesses do estado durante a discuss\u00e3o da Reforma Tribut\u00e1ria, o Governo de Goi\u00e1s participa agora do processo de regulamenta\u00e7\u00e3o do novo conjunto de leis.<br><br><\/p>\n\n\n\n<p>O gerente de Combust\u00edveis da Secretaria d<br> e Economia de Goi\u00e1s, Fernando C\u00e9sar Ganzer; o de Representa\u00e7\u00e3o no Confaz e Rela\u00e7\u00f5es Federativas, Elder Souto Silva Pinto; e dois auditores, Davi Oliveira Braga e Eliezer de Assis Santos \u2013 foram indicados pelo Comit\u00ea de Secret\u00e1rios de Fazenda dos Estados e do DF (Comsefaz) para integrar os grupos oficiais de representa\u00e7\u00e3o dos Estados no Programa de Assessoramento T\u00e9cnico de Implementa\u00e7\u00e3o da Reforma Tribut\u00e1ria sobre o Consumo (PAT-RTC). \u201cA atua\u00e7\u00e3o dos t\u00e9cnicos de Goi\u00e1s \u00e9 fundamental, pois o n\u00famero de remiss\u00f5es da Reforma Tribut\u00e1ria na lei complementar foi muito grande \u2013 mais de 60 aspectos dependem dessa regulamenta\u00e7\u00e3o\u201d, explica a secret\u00e1ria de Economia de Goi\u00e1s, Selene Peres Peres Nunes.<br><br><br>\u201cIsso definir\u00e1 a fatia de arrecada\u00e7\u00e3o que caber\u00e1 ao Estado, bem como a atratividade para as empresas, com consequ\u00eancias para a renda e o emprego. Estamos empenhados na defesa dos interesses dos goianos neste processo\u201d, garante.<br><br><\/p>\n\n\n\n<p>O Programa de Assessoramento T\u00e9cnico de Implementa\u00e7\u00e3o da Reforma da Tributa\u00e7\u00e3o sobre o Consumo foi criado pelo Minist\u00e9rio da Fazenda para subsidiar a elabora\u00e7\u00e3o dos anteprojetos de lei decorrentes da reforma tribut\u00e1ria. L\u00e1 est\u00e3o reunidos t\u00e9cnicos dos estados e dos munic\u00edpios, al\u00e9m da Uni\u00e3o. O trabalho come\u00e7ou no dia 29 de janeiro, com previs\u00e3o de durar 60 dias, e \u00e9 realizado por meio de reuni\u00f5es virtuais.<br><br><\/p>\n\n\n\n<p><strong>Reforma tribut\u00e1ria \u2013 Regime espec\u00edfico<\/strong><\/p>\n\n\n\n<p>Os representantes da Secretaria de Economia de Goi\u00e1s discutem assuntos como o regime espec\u00edfico de opera\u00e7\u00f5es com bens im\u00f3veis, com a inten\u00e7\u00e3o de propor anteprojeto de lei complementar referente ao Regime Espec\u00edfico do IBS incidente sobre opera\u00e7\u00f5es com bens im\u00f3veis. Debatem ainda o regime espec\u00edfico de combust\u00edveis e biocombust\u00edveis, assim como estudos e anteprojeto de lei complementar referente ao Regime Espec\u00edfico do IBS incidente sobre opera\u00e7\u00f5es com combust\u00edveis e biocombust\u00edveis.<br><br><\/p>\n\n\n\n<p>Outro grupo t\u00e9cnico discute a regulamenta\u00e7\u00e3o da distribui\u00e7\u00e3o dos recursos do Imposto sobre Bens e Servi\u00e7os (IBS), inclusive durante o per\u00edodo de transi\u00e7\u00e3o. L\u00e1 ser\u00e3o feitos estudos e propostas de lei complementar referente \u00e0 distribui\u00e7\u00e3o dos recursos do IBS, regimes favorecidos, regimes espec\u00edficos, regimes diferenciados, cota-parte dos munic\u00edpios, reten\u00e7\u00e3o e gest\u00e3o dos recursos em caixa pelo Comit\u00ea Gestor, al\u00e9m da distribui\u00e7\u00e3o do IBS durante a transi\u00e7\u00e3o federativa e seguro receita.<br><br><\/p>\n\n\n\n<p>A regulamenta\u00e7\u00e3o do Imposto Seletivo \u00e9 tema de outro grupo que vai delinear o anteprojeto de lei complementar referente ao Imposto Seletivo, estabelecendo crit\u00e9rios, prazos e formas de participa\u00e7\u00e3o dos entes subnacionais na sua arrecada\u00e7\u00e3o.<br><br><\/p>\n\n\n\n<p>Por fim, o grupo de t\u00e9cnicos de Goi\u00e1s estar\u00e1 na equipe de Quantifica\u00e7\u00e3o para apoiar a Comiss\u00e3o de Sistematiza\u00e7\u00e3o e os Grupos T\u00e9cnicos com o fornecimento de dados, informa\u00e7\u00f5es sobre o impacto nas al\u00edquotas de refer\u00eancia de diferentes op\u00e7\u00f5es de regulamenta\u00e7\u00e3o do Imposto sobre Bens e Servi\u00e7os e da Contribui\u00e7\u00e3o sobre Bens e Servi\u00e7os; e avalia\u00e7\u00e3o quantitativa de impactos das mudan\u00e7as propostas no sistema tribut\u00e1rio.<\/p>\n","protected":false},"excerpt":{"rendered":"<p>Ap\u00f3s se posicionar com firmeza na defesa dos interesses do estado durante a discuss\u00e3o da Reforma Tribut\u00e1ria, o Governo de Goi\u00e1s participa agora do processo de regulamenta\u00e7\u00e3o do novo conjunto de leis. O gerente de Combust\u00edveis da Secretaria d e Economia de Goi\u00e1s, Fernando C\u00e9sar Ganzer; o de Representa\u00e7\u00e3o no Confaz e Rela\u00e7\u00f5es Federativas, Elder [&hellip;]<\/p>\n","protected":false},"author":2,"featured_media":11879,"comment_status":"open","ping_status":"open","sticky":true,"template":"","format":"standard","meta":{"om_disable_all_campaigns":false,"_monsterinsights_skip_tracking":false,"_monsterinsights_sitenote_active":false,"_monsterinsights_sitenote_note":"","_monsterinsights_sitenote_category":0,"footnotes":""},"categories":[37],"tags":[],"class_list":["post-11878","post","type-post","status-publish","format-standard","has-post-thumbnail","hentry","category-economia"],"yoast_head":"<!-- This site is optimized with the Yoast SEO plugin v27.2 - https:\/\/yoast.com\/product\/yoast-seo-wordpress\/ -->\n<title>Goi\u00e1s participa de grupos que discutem regulamenta\u00e7\u00e3o da Reforma Tribut\u00e1ria - Jornal Ponto Mais<\/title>\n<meta name=\"robots\" content=\"index, follow, max-snippet:-1, max-image-preview:large, max-video-preview:-1\" \/>\n<link rel=\"canonical\" href=\"https:\/\/jornalpontomais.com\/site\/2024\/02\/12\/goias-participa-de-grupos-que-discutem-regulamentacao-da-reforma-tributaria\/\" \/>\n<meta property=\"og:locale\" content=\"pt_BR\" \/>\n<meta property=\"og:type\" content=\"article\" \/>\n<meta property=\"og:title\" content=\"Goi\u00e1s participa de grupos que discutem regulamenta\u00e7\u00e3o da Reforma Tribut\u00e1ria - Jornal Ponto Mais\" \/>\n<meta property=\"og:description\" content=\"Ap\u00f3s se posicionar com firmeza na defesa dos interesses do estado durante a discuss\u00e3o da Reforma Tribut\u00e1ria, o Governo de Goi\u00e1s participa agora do processo de regulamenta\u00e7\u00e3o do novo conjunto de leis. O gerente de Combust\u00edveis da Secretaria d e Economia de Goi\u00e1s, Fernando C\u00e9sar Ganzer; o de Representa\u00e7\u00e3o no Confaz e Rela\u00e7\u00f5es Federativas, Elder [&hellip;]\" \/>\n<meta property=\"og:url\" content=\"https:\/\/jornalpontomais.com\/site\/2024\/02\/12\/goias-participa-de-grupos-que-discutem-regulamentacao-da-reforma-tributaria\/\" \/>\n<meta property=\"og:site_name\" content=\"Jornal Ponto Mais\" \/>\n<meta property=\"article:published_time\" content=\"2024-02-12T18:09:40+00:00\" \/>\n<meta property=\"article:modified_time\" content=\"2024-02-12T18:09:41+00:00\" \/>\n<meta property=\"og:image\" content=\"https:\/\/jornalpontomais.com\/site\/wp-content\/uploads\/2024\/02\/Equipe-da-Economia-que-participa-de-grupo-da-Reforma-Tributaria-1215x683-1.jpeg\" \/>\n\t<meta property=\"og:image:width\" content=\"1215\" \/>\n\t<meta property=\"og:image:height\" content=\"683\" \/>\n\t<meta property=\"og:image:type\" content=\"image\/jpeg\" \/>\n<meta name=\"author\" content=\"Jornal Ponto Mais\" \/>\n<meta name=\"twitter:card\" content=\"summary_large_image\" \/>\n<meta name=\"twitter:label1\" content=\"Escrito por\" \/>\n\t<meta name=\"twitter:data1\" content=\"Jornal Ponto Mais\" \/>\n\t<meta name=\"twitter:label2\" content=\"Est. tempo de leitura\" \/>\n\t<meta name=\"twitter:data2\" content=\"3 minutos\" \/>\n<script type=\"application\/ld+json\" class=\"yoast-schema-graph\">{\"@context\":\"https:\/\/schema.org\",\"@graph\":[{\"@type\":\"Article\",\"@id\":\"https:\/\/jornalpontomais.com\/site\/2024\/02\/12\/goias-participa-de-grupos-que-discutem-regulamentacao-da-reforma-tributaria\/#article\",\"isPartOf\":{\"@id\":\"https:\/\/jornalpontomais.com\/site\/2024\/02\/12\/goias-participa-de-grupos-que-discutem-regulamentacao-da-reforma-tributaria\/\"},\"author\":{\"name\":\"Jornal Ponto Mais\",\"@id\":\"https:\/\/jornalpontomais.com\/site\/#\/schema\/person\/18323f0b0f1355f2490721c48389fe9d\"},\"headline\":\"Goi\u00e1s participa de grupos que discutem regulamenta\u00e7\u00e3o da Reforma Tribut\u00e1ria\",\"datePublished\":\"2024-02-12T18:09:40+00:00\",\"dateModified\":\"2024-02-12T18:09:41+00:00\",\"mainEntityOfPage\":{\"@id\":\"https:\/\/jornalpontomais.com\/site\/2024\/02\/12\/goias-participa-de-grupos-que-discutem-regulamentacao-da-reforma-tributaria\/\"},\"wordCount\":591,\"commentCount\":0,\"publisher\":{\"@id\":\"https:\/\/jornalpontomais.com\/site\/#organization\"},\"image\":{\"@id\":\"https:\/\/jornalpontomais.com\/site\/2024\/02\/12\/goias-participa-de-grupos-que-discutem-regulamentacao-da-reforma-tributaria\/#primaryimage\"},\"thumbnailUrl\":\"https:\/\/jornalpontomais.com\/site\/wp-content\/uploads\/2024\/02\/Equipe-da-Economia-que-participa-de-grupo-da-Reforma-Tributaria-1215x683-1.jpeg\",\"articleSection\":[\"Economia\"],\"inLanguage\":\"pt-BR\",\"potentialAction\":[{\"@type\":\"CommentAction\",\"name\":\"Comment\",\"target\":[\"https:\/\/jornalpontomais.com\/site\/2024\/02\/12\/goias-participa-de-grupos-que-discutem-regulamentacao-da-reforma-tributaria\/#respond\"]}]},{\"@type\":\"WebPage\",\"@id\":\"https:\/\/jornalpontomais.com\/site\/2024\/02\/12\/goias-participa-de-grupos-que-discutem-regulamentacao-da-reforma-tributaria\/\",\"url\":\"https:\/\/jornalpontomais.com\/site\/2024\/02\/12\/goias-participa-de-grupos-que-discutem-regulamentacao-da-reforma-tributaria\/\",\"name\":\"Goi\u00e1s participa de grupos que discutem regulamenta\u00e7\u00e3o da Reforma Tribut\u00e1ria - Jornal Ponto Mais\",\"isPartOf\":{\"@id\":\"https:\/\/jornalpontomais.com\/site\/#website\"},\"primaryImageOfPage\":{\"@id\":\"https:\/\/jornalpontomais.com\/site\/2024\/02\/12\/goias-participa-de-grupos-que-discutem-regulamentacao-da-reforma-tributaria\/#primaryimage\"},\"image\":{\"@id\":\"https:\/\/jornalpontomais.com\/site\/2024\/02\/12\/goias-participa-de-grupos-que-discutem-regulamentacao-da-reforma-tributaria\/#primaryimage\"},\"thumbnailUrl\":\"https:\/\/jornalpontomais.com\/site\/wp-content\/uploads\/2024\/02\/Equipe-da-Economia-que-participa-de-grupo-da-Reforma-Tributaria-1215x683-1.jpeg\",\"datePublished\":\"2024-02-12T18:09:40+00:00\",\"dateModified\":\"2024-02-12T18:09:41+00:00\",\"breadcrumb\":{\"@id\":\"https:\/\/jornalpontomais.com\/site\/2024\/02\/12\/goias-participa-de-grupos-que-discutem-regulamentacao-da-reforma-tributaria\/#breadcrumb\"},\"inLanguage\":\"pt-BR\",\"potentialAction\":[{\"@type\":\"ReadAction\",\"target\":[\"https:\/\/jornalpontomais.com\/site\/2024\/02\/12\/goias-participa-de-grupos-que-discutem-regulamentacao-da-reforma-tributaria\/\"]}]},{\"@type\":\"ImageObject\",\"inLanguage\":\"pt-BR\",\"@id\":\"https:\/\/jornalpontomais.com\/site\/2024\/02\/12\/goias-participa-de-grupos-que-discutem-regulamentacao-da-reforma-tributaria\/#primaryimage\",\"url\":\"https:\/\/jornalpontomais.com\/site\/wp-content\/uploads\/2024\/02\/Equipe-da-Economia-que-participa-de-grupo-da-Reforma-Tributaria-1215x683-1.jpeg\",\"contentUrl\":\"https:\/\/jornalpontomais.com\/site\/wp-content\/uploads\/2024\/02\/Equipe-da-Economia-que-participa-de-grupo-da-Reforma-Tributaria-1215x683-1.jpeg\",\"width\":1215,\"height\":683},{\"@type\":\"BreadcrumbList\",\"@id\":\"https:\/\/jornalpontomais.com\/site\/2024\/02\/12\/goias-participa-de-grupos-que-discutem-regulamentacao-da-reforma-tributaria\/#breadcrumb\",\"itemListElement\":[{\"@type\":\"ListItem\",\"position\":1,\"name\":\"In\u00edcio\",\"item\":\"https:\/\/jornalpontomais.com\/site\/\"},{\"@type\":\"ListItem\",\"position\":2,\"name\":\"Goi\u00e1s participa de grupos que discutem regulamenta\u00e7\u00e3o da Reforma Tribut\u00e1ria\"}]},{\"@type\":\"WebSite\",\"@id\":\"https:\/\/jornalpontomais.com\/site\/#website\",\"url\":\"https:\/\/jornalpontomais.com\/site\/\",\"name\":\"Jornal Ponto Mais\",\"description\":\"As principais not\u00edcias do Brasil e do mundo. Confira!\",\"publisher\":{\"@id\":\"https:\/\/jornalpontomais.com\/site\/#organization\"},\"potentialAction\":[{\"@type\":\"SearchAction\",\"target\":{\"@type\":\"EntryPoint\",\"urlTemplate\":\"https:\/\/jornalpontomais.com\/site\/?s={search_term_string}\"},\"query-input\":{\"@type\":\"PropertyValueSpecification\",\"valueRequired\":true,\"valueName\":\"search_term_string\"}}],\"inLanguage\":\"pt-BR\"},{\"@type\":\"Organization\",\"@id\":\"https:\/\/jornalpontomais.com\/site\/#organization\",\"name\":\"Jornal Ponto+\",\"url\":\"https:\/\/jornalpontomais.com\/site\/\",\"logo\":{\"@type\":\"ImageObject\",\"inLanguage\":\"pt-BR\",\"@id\":\"https:\/\/jornalpontomais.com\/site\/#\/schema\/logo\/image\/\",\"url\":\"https:\/\/jornalpontomais.com\/site\/wp-content\/uploads\/2022\/01\/marca.png\",\"contentUrl\":\"https:\/\/jornalpontomais.com\/site\/wp-content\/uploads\/2022\/01\/marca.png\",\"width\":582,\"height\":148,\"caption\":\"Jornal Ponto+\"},\"image\":{\"@id\":\"https:\/\/jornalpontomais.com\/site\/#\/schema\/logo\/image\/\"}},{\"@type\":\"Person\",\"@id\":\"https:\/\/jornalpontomais.com\/site\/#\/schema\/person\/18323f0b0f1355f2490721c48389fe9d\",\"name\":\"Jornal Ponto Mais\",\"image\":{\"@type\":\"ImageObject\",\"inLanguage\":\"pt-BR\",\"@id\":\"https:\/\/secure.gravatar.com\/avatar\/2ee0a9b7fe10fe32bdec8bc086e871e41eb5f4f6ecbcb7b4f2fe0d92d831405f?s=96&d=mm&r=g\",\"url\":\"https:\/\/secure.gravatar.com\/avatar\/2ee0a9b7fe10fe32bdec8bc086e871e41eb5f4f6ecbcb7b4f2fe0d92d831405f?s=96&d=mm&r=g\",\"contentUrl\":\"https:\/\/secure.gravatar.com\/avatar\/2ee0a9b7fe10fe32bdec8bc086e871e41eb5f4f6ecbcb7b4f2fe0d92d831405f?s=96&d=mm&r=g\",\"caption\":\"Jornal Ponto Mais\"},\"sameAs\":[\"https:\/\/jornalpontomais.com\/site\",\"jornalpontomais\"],\"url\":\"https:\/\/jornalpontomais.com\/site\/author\/jornalpontomais\/\"}]}<\/script>\n<!-- \/ Yoast SEO plugin. -->","yoast_head_json":{"title":"Goi\u00e1s participa de grupos que discutem regulamenta\u00e7\u00e3o da Reforma Tribut\u00e1ria - Jornal Ponto Mais","robots":{"index":"index","follow":"follow","max-snippet":"max-snippet:-1","max-image-preview":"max-image-preview:large","max-video-preview":"max-video-preview:-1"},"canonical":"https:\/\/jornalpontomais.com\/site\/2024\/02\/12\/goias-participa-de-grupos-que-discutem-regulamentacao-da-reforma-tributaria\/","og_locale":"pt_BR","og_type":"article","og_title":"Goi\u00e1s participa de grupos que discutem regulamenta\u00e7\u00e3o da Reforma Tribut\u00e1ria - Jornal Ponto Mais","og_description":"Ap\u00f3s se posicionar com firmeza na defesa dos interesses do estado durante a discuss\u00e3o da Reforma Tribut\u00e1ria, o Governo de Goi\u00e1s participa agora do processo de regulamenta\u00e7\u00e3o do novo conjunto de leis. O gerente de Combust\u00edveis da Secretaria d e Economia de Goi\u00e1s, Fernando C\u00e9sar Ganzer; o de Representa\u00e7\u00e3o no Confaz e Rela\u00e7\u00f5es Federativas, Elder [&hellip;]","og_url":"https:\/\/jornalpontomais.com\/site\/2024\/02\/12\/goias-participa-de-grupos-que-discutem-regulamentacao-da-reforma-tributaria\/","og_site_name":"Jornal Ponto Mais","article_published_time":"2024-02-12T18:09:40+00:00","article_modified_time":"2024-02-12T18:09:41+00:00","og_image":[{"width":1215,"height":683,"url":"https:\/\/jornalpontomais.com\/site\/wp-content\/uploads\/2024\/02\/Equipe-da-Economia-que-participa-de-grupo-da-Reforma-Tributaria-1215x683-1.jpeg","type":"image\/jpeg"}],"author":"Jornal Ponto Mais","twitter_card":"summary_large_image","twitter_misc":{"Escrito por":"Jornal Ponto Mais","Est. tempo de leitura":"3 minutos"},"schema":{"@context":"https:\/\/schema.org","@graph":[{"@type":"Article","@id":"https:\/\/jornalpontomais.com\/site\/2024\/02\/12\/goias-participa-de-grupos-que-discutem-regulamentacao-da-reforma-tributaria\/#article","isPartOf":{"@id":"https:\/\/jornalpontomais.com\/site\/2024\/02\/12\/goias-participa-de-grupos-que-discutem-regulamentacao-da-reforma-tributaria\/"},"author":{"name":"Jornal Ponto Mais","@id":"https:\/\/jornalpontomais.com\/site\/#\/schema\/person\/18323f0b0f1355f2490721c48389fe9d"},"headline":"Goi\u00e1s participa de grupos que discutem regulamenta\u00e7\u00e3o da Reforma Tribut\u00e1ria","datePublished":"2024-02-12T18:09:40+00:00","dateModified":"2024-02-12T18:09:41+00:00","mainEntityOfPage":{"@id":"https:\/\/jornalpontomais.com\/site\/2024\/02\/12\/goias-participa-de-grupos-que-discutem-regulamentacao-da-reforma-tributaria\/"},"wordCount":591,"commentCount":0,"publisher":{"@id":"https:\/\/jornalpontomais.com\/site\/#organization"},"image":{"@id":"https:\/\/jornalpontomais.com\/site\/2024\/02\/12\/goias-participa-de-grupos-que-discutem-regulamentacao-da-reforma-tributaria\/#primaryimage"},"thumbnailUrl":"https:\/\/jornalpontomais.com\/site\/wp-content\/uploads\/2024\/02\/Equipe-da-Economia-que-participa-de-grupo-da-Reforma-Tributaria-1215x683-1.jpeg","articleSection":["Economia"],"inLanguage":"pt-BR","potentialAction":[{"@type":"CommentAction","name":"Comment","target":["https:\/\/jornalpontomais.com\/site\/2024\/02\/12\/goias-participa-de-grupos-que-discutem-regulamentacao-da-reforma-tributaria\/#respond"]}]},{"@type":"WebPage","@id":"https:\/\/jornalpontomais.com\/site\/2024\/02\/12\/goias-participa-de-grupos-que-discutem-regulamentacao-da-reforma-tributaria\/","url":"https:\/\/jornalpontomais.com\/site\/2024\/02\/12\/goias-participa-de-grupos-que-discutem-regulamentacao-da-reforma-tributaria\/","name":"Goi\u00e1s participa de grupos que discutem regulamenta\u00e7\u00e3o da Reforma Tribut\u00e1ria - Jornal Ponto Mais","isPartOf":{"@id":"https:\/\/jornalpontomais.com\/site\/#website"},"primaryImageOfPage":{"@id":"https:\/\/jornalpontomais.com\/site\/2024\/02\/12\/goias-participa-de-grupos-que-discutem-regulamentacao-da-reforma-tributaria\/#primaryimage"},"image":{"@id":"https:\/\/jornalpontomais.com\/site\/2024\/02\/12\/goias-participa-de-grupos-que-discutem-regulamentacao-da-reforma-tributaria\/#primaryimage"},"thumbnailUrl":"https:\/\/jornalpontomais.com\/site\/wp-content\/uploads\/2024\/02\/Equipe-da-Economia-que-participa-de-grupo-da-Reforma-Tributaria-1215x683-1.jpeg","datePublished":"2024-02-12T18:09:40+00:00","dateModified":"2024-02-12T18:09:41+00:00","breadcrumb":{"@id":"https:\/\/jornalpontomais.com\/site\/2024\/02\/12\/goias-participa-de-grupos-que-discutem-regulamentacao-da-reforma-tributaria\/#breadcrumb"},"inLanguage":"pt-BR","potentialAction":[{"@type":"ReadAction","target":["https:\/\/jornalpontomais.com\/site\/2024\/02\/12\/goias-participa-de-grupos-que-discutem-regulamentacao-da-reforma-tributaria\/"]}]},{"@type":"ImageObject","inLanguage":"pt-BR","@id":"https:\/\/jornalpontomais.com\/site\/2024\/02\/12\/goias-participa-de-grupos-que-discutem-regulamentacao-da-reforma-tributaria\/#primaryimage","url":"https:\/\/jornalpontomais.com\/site\/wp-content\/uploads\/2024\/02\/Equipe-da-Economia-que-participa-de-grupo-da-Reforma-Tributaria-1215x683-1.jpeg","contentUrl":"https:\/\/jornalpontomais.com\/site\/wp-content\/uploads\/2024\/02\/Equipe-da-Economia-que-participa-de-grupo-da-Reforma-Tributaria-1215x683-1.jpeg","width":1215,"height":683},{"@type":"BreadcrumbList","@id":"https:\/\/jornalpontomais.com\/site\/2024\/02\/12\/goias-participa-de-grupos-que-discutem-regulamentacao-da-reforma-tributaria\/#breadcrumb","itemListElement":[{"@type":"ListItem","position":1,"name":"In\u00edcio","item":"https:\/\/jornalpontomais.com\/site\/"},{"@type":"ListItem","position":2,"name":"Goi\u00e1s participa de grupos que discutem regulamenta\u00e7\u00e3o da Reforma Tribut\u00e1ria"}]},{"@type":"WebSite","@id":"https:\/\/jornalpontomais.com\/site\/#website","url":"https:\/\/jornalpontomais.com\/site\/","name":"Jornal Ponto Mais","description":"As principais not\u00edcias do Brasil e do mundo. Confira!","publisher":{"@id":"https:\/\/jornalpontomais.com\/site\/#organization"},"potentialAction":[{"@type":"SearchAction","target":{"@type":"EntryPoint","urlTemplate":"https:\/\/jornalpontomais.com\/site\/?s={search_term_string}"},"query-input":{"@type":"PropertyValueSpecification","valueRequired":true,"valueName":"search_term_string"}}],"inLanguage":"pt-BR"},{"@type":"Organization","@id":"https:\/\/jornalpontomais.com\/site\/#organization","name":"Jornal Ponto+","url":"https:\/\/jornalpontomais.com\/site\/","logo":{"@type":"ImageObject","inLanguage":"pt-BR","@id":"https:\/\/jornalpontomais.com\/site\/#\/schema\/logo\/image\/","url":"https:\/\/jornalpontomais.com\/site\/wp-content\/uploads\/2022\/01\/marca.png","contentUrl":"https:\/\/jornalpontomais.com\/site\/wp-content\/uploads\/2022\/01\/marca.png","width":582,"height":148,"caption":"Jornal Ponto+"},"image":{"@id":"https:\/\/jornalpontomais.com\/site\/#\/schema\/logo\/image\/"}},{"@type":"Person","@id":"https:\/\/jornalpontomais.com\/site\/#\/schema\/person\/18323f0b0f1355f2490721c48389fe9d","name":"Jornal Ponto Mais","image":{"@type":"ImageObject","inLanguage":"pt-BR","@id":"https:\/\/secure.gravatar.com\/avatar\/2ee0a9b7fe10fe32bdec8bc086e871e41eb5f4f6ecbcb7b4f2fe0d92d831405f?s=96&d=mm&r=g","url":"https:\/\/secure.gravatar.com\/avatar\/2ee0a9b7fe10fe32bdec8bc086e871e41eb5f4f6ecbcb7b4f2fe0d92d831405f?s=96&d=mm&r=g","contentUrl":"https:\/\/secure.gravatar.com\/avatar\/2ee0a9b7fe10fe32bdec8bc086e871e41eb5f4f6ecbcb7b4f2fe0d92d831405f?s=96&d=mm&r=g","caption":"Jornal Ponto Mais"},"sameAs":["https:\/\/jornalpontomais.com\/site","jornalpontomais"],"url":"https:\/\/jornalpontomais.com\/site\/author\/jornalpontomais\/"}]}},"_links":{"self":[{"href":"https:\/\/jornalpontomais.com\/site\/wp-json\/wp\/v2\/posts\/11878","targetHints":{"allow":["GET"]}}],"collection":[{"href":"https:\/\/jornalpontomais.com\/site\/wp-json\/wp\/v2\/posts"}],"about":[{"href":"https:\/\/jornalpontomais.com\/site\/wp-json\/wp\/v2\/types\/post"}],"author":[{"embeddable":true,"href":"https:\/\/jornalpontomais.com\/site\/wp-json\/wp\/v2\/users\/2"}],"replies":[{"embeddable":true,"href":"https:\/\/jornalpontomais.com\/site\/wp-json\/wp\/v2\/comments?post=11878"}],"version-history":[{"count":1,"href":"https:\/\/jornalpontomais.com\/site\/wp-json\/wp\/v2\/posts\/11878\/revisions"}],"predecessor-version":[{"id":11880,"href":"https:\/\/jornalpontomais.com\/site\/wp-json\/wp\/v2\/posts\/11878\/revisions\/11880"}],"wp:featuredmedia":[{"embeddable":true,"href":"https:\/\/jornalpontomais.com\/site\/wp-json\/wp\/v2\/media\/11879"}],"wp:attachment":[{"href":"https:\/\/jornalpontomais.com\/site\/wp-json\/wp\/v2\/media?parent=11878"}],"wp:term":[{"taxonomy":"category","embeddable":true,"href":"https:\/\/jornalpontomais.com\/site\/wp-json\/wp\/v2\/categories?post=11878"},{"taxonomy":"post_tag","embeddable":true,"href":"https:\/\/jornalpontomais.com\/site\/wp-json\/wp\/v2\/tags?post=11878"}],"curies":[{"name":"wp","href":"https:\/\/api.w.org\/{rel}","templated":true}]}}