{"id":11875,"date":"2024-02-12T15:07:41","date_gmt":"2024-02-12T18:07:41","guid":{"rendered":"https:\/\/jornalpontomais.com\/site\/?p=11875"},"modified":"2024-02-12T15:07:42","modified_gmt":"2024-02-12T18:07:42","slug":"vacinacao-contra-a-dengue-em-goias-comeca-na-quinta-15","status":"publish","type":"post","link":"https:\/\/jornalpontomais.com\/site\/2024\/02\/12\/vacinacao-contra-a-dengue-em-goias-comeca-na-quinta-15\/","title":{"rendered":"Vacina\u00e7\u00e3o contra a dengue em Goi\u00e1s come\u00e7a na quinta, 15"},"content":{"rendered":"\n<p>A Secretaria de Estado da Sa\u00fade de Goi\u00e1s recebeu 72.818 doses da vacina contra a dengue (Qdenga) na \u00faltima quinta-feira (08\/02) e conclui a distribui\u00e7\u00e3o para as regionais de todas as doses na sexta-feira (09\/02). Seguindo orienta\u00e7\u00e3o do Minist\u00e9rio da Sa\u00fade, neste primeiro momento, ser\u00e3o atendidos 51 munic\u00edpios goianos das regionais Central (26) e Centro-Sul (25).<br><br><\/p>\n\n\n\n<p>A vacina\u00e7\u00e3o contra a dengue come\u00e7a nos 51 munic\u00edpios a partir da pr\u00f3xima quinta-feira (15\/02). A faixa et\u00e1ria, que originalmente foi definida de 10 a 14 anos, est\u00e1 restringida, neste momento, para 10 e 11 anos, em fun\u00e7\u00e3o do quantitativo reduzido de doses recebidas pelo Minist\u00e9rio da Sa\u00fade.<br><br><\/p>\n\n\n\n<p>O subsecret\u00e1rio de Vigil\u00e2ncia e Aten\u00e7\u00e3o Integral \u00e0 Sa\u00fade da SES-GO, Luciano de Moura Carvalho, refor\u00e7a que, mesmo com a chegada das vacinas, os cuidados n\u00e3o devem parar. \u201cTodas as novas estrat\u00e9gias s\u00e3o bem-vindas. \u00c9 uma alegria receber as primeiras doses, mas precisamos ter em mente que o resultado da vacina \u00e9 a m\u00e9dio e longo prazo, ent\u00e3o n\u00e3o podemos descuidar das medidas de controle do vetor.\u201d<br><br><\/p>\n\n\n\n<p>Goi\u00e1s registra atualmente 14.439 casos confirmados, mais de 36 mil notificados e 6 \u00f3bitos confirmados. Luciano de Moura refor\u00e7a a import\u00e2ncia do envolvimento da popula\u00e7\u00e3o no combate ao mosquito vetor da doen\u00e7a. \u201c\u00c9 imprescind\u00edvel, neste momento, um esfor\u00e7o para eliminar os criadouros do mosquito e,ao sentir os primeiros sintomas, iniciar hidrata\u00e7\u00e3o imediatamente e procurar atendimento m\u00e9dico.\u201d<br><br><\/p>\n\n\n\n<p><strong>Estrat\u00e9gia de vacina\u00e7\u00e3o contra a dengue<\/strong><\/p>\n\n\n\n<p>A estrat\u00e9gia definida em conjunto com secret\u00e1rios municipais de sa\u00fade, a SES e o Conselho de Secretarias Municipais de Sa\u00fade do Estado de Goi\u00e1s (Cosems) \u00e9 que os 51 munic\u00edpios iniciem ao mesmo tempo a vacina\u00e7\u00e3o, para que n\u00e3o ocorra migra\u00e7\u00e3o de pessoas de uma cidade para outra em busca da imuniza\u00e7\u00e3o. Al\u00e9m disso, alguns munic\u00edpios ainda est\u00e3o finalizando a capacita\u00e7\u00e3o das equipes para receber e utilizar a vacina. A Secretaria de Estado da Sa\u00fade espera receber mais 36 mil doses na pr\u00f3xima quarta-feira (14\/02).<br><br><\/p>\n\n\n\n<p>Segundo a superintendente de Vigil\u00e2ncia em Sa\u00fade, Fl\u00favia Amorim, todas as decis\u00f5es foram tomadas em conjunto. \u201cTodas esses crit\u00e9rios foram elencados pelos munic\u00edpios, discutidos e colocados em vota\u00e7\u00e3o. Foi tudo consensual para que come\u00e7\u00e1ssemos na quinta-feira. Inclusive muitos iniciar\u00e3o a vacina\u00e7\u00e3o em escolas, que \u00e9 uma orienta\u00e7\u00e3o do Minist\u00e9rio da Sa\u00fade porque essa faixa et\u00e1ria est\u00e1 na escola e l\u00e1 \u00e9 poss\u00edvel acompanhar e dar seguimento \u00e0 imuniza\u00e7\u00e3o, que tem duas doses.\u201d<br><br><\/p>\n\n\n\n<p><strong>Restri\u00e7\u00f5es<\/strong><\/p>\n\n\n\n<p>A recomenda\u00e7\u00e3o \u00e9 que gestantes, idosos e imunodeprimidos n\u00e3o devem tomar a vacina. Al\u00e9m disso, quem teve dengue h\u00e1 menos de seis meses tamb\u00e9m n\u00e3o deve se imunizar. O ideal, nesse caso, \u00e9 esperar o prazo de seis meses para s\u00f3 depois procurar uma sala de vacina.<\/p>\n","protected":false},"excerpt":{"rendered":"<p>A Secretaria de Estado da Sa\u00fade de Goi\u00e1s recebeu 72.818 doses da vacina contra a dengue (Qdenga) na \u00faltima quinta-feira (08\/02) e conclui a distribui\u00e7\u00e3o para as regionais de todas as doses na sexta-feira (09\/02). Seguindo orienta\u00e7\u00e3o do Minist\u00e9rio da Sa\u00fade, neste primeiro momento, ser\u00e3o atendidos 51 munic\u00edpios goianos das regionais Central (26) e Centro-Sul [&hellip;]<\/p>\n","protected":false},"author":2,"featured_media":11876,"comment_status":"open","ping_status":"open","sticky":true,"template":"","format":"standard","meta":{"om_disable_all_campaigns":false,"_monsterinsights_skip_tracking":false,"_monsterinsights_sitenote_active":false,"_monsterinsights_sitenote_note":"","_monsterinsights_sitenote_category":0,"footnotes":""},"categories":[3],"tags":[],"class_list":["post-11875","post","type-post","status-publish","format-standard","has-post-thumbnail","hentry","category-saude"],"yoast_head":"<!-- This site is optimized with the Yoast SEO plugin v27.2 - https:\/\/yoast.com\/product\/yoast-seo-wordpress\/ -->\n<title>Vacina\u00e7\u00e3o contra a dengue em Goi\u00e1s come\u00e7a na quinta, 15 - Jornal Ponto Mais<\/title>\n<meta name=\"robots\" content=\"index, follow, max-snippet:-1, max-image-preview:large, max-video-preview:-1\" \/>\n<link rel=\"canonical\" href=\"https:\/\/jornalpontomais.com\/site\/2024\/02\/12\/vacinacao-contra-a-dengue-em-goias-comeca-na-quinta-15\/\" \/>\n<meta property=\"og:locale\" content=\"pt_BR\" \/>\n<meta property=\"og:type\" content=\"article\" \/>\n<meta property=\"og:title\" content=\"Vacina\u00e7\u00e3o contra a dengue em Goi\u00e1s come\u00e7a na quinta, 15 - Jornal Ponto Mais\" \/>\n<meta property=\"og:description\" content=\"A Secretaria de Estado da Sa\u00fade de Goi\u00e1s recebeu 72.818 doses da vacina contra a dengue (Qdenga) na \u00faltima quinta-feira (08\/02) e conclui a distribui\u00e7\u00e3o para as regionais de todas as doses na sexta-feira (09\/02). Seguindo orienta\u00e7\u00e3o do Minist\u00e9rio da Sa\u00fade, neste primeiro momento, ser\u00e3o atendidos 51 munic\u00edpios goianos das regionais Central (26) e Centro-Sul [&hellip;]\" \/>\n<meta property=\"og:url\" content=\"https:\/\/jornalpontomais.com\/site\/2024\/02\/12\/vacinacao-contra-a-dengue-em-goias-comeca-na-quinta-15\/\" \/>\n<meta property=\"og:site_name\" content=\"Jornal Ponto Mais\" \/>\n<meta property=\"article:published_time\" content=\"2024-02-12T18:07:41+00:00\" \/>\n<meta property=\"article:modified_time\" content=\"2024-02-12T18:07:42+00:00\" \/>\n<meta property=\"og:image\" content=\"https:\/\/jornalpontomais.com\/site\/wp-content\/uploads\/2024\/02\/Goias-recebe-vacinas-contra-a-dengue-1215x812-1.jpeg\" \/>\n\t<meta property=\"og:image:width\" content=\"1215\" \/>\n\t<meta property=\"og:image:height\" content=\"812\" \/>\n\t<meta property=\"og:image:type\" content=\"image\/jpeg\" \/>\n<meta name=\"author\" content=\"Jornal Ponto Mais\" \/>\n<meta name=\"twitter:card\" content=\"summary_large_image\" \/>\n<meta name=\"twitter:label1\" content=\"Escrito por\" \/>\n\t<meta name=\"twitter:data1\" content=\"Jornal Ponto Mais\" \/>\n\t<meta name=\"twitter:label2\" content=\"Est. tempo de leitura\" \/>\n\t<meta name=\"twitter:data2\" content=\"3 minutos\" \/>\n<script type=\"application\/ld+json\" class=\"yoast-schema-graph\">{\"@context\":\"https:\/\/schema.org\",\"@graph\":[{\"@type\":\"Article\",\"@id\":\"https:\/\/jornalpontomais.com\/site\/2024\/02\/12\/vacinacao-contra-a-dengue-em-goias-comeca-na-quinta-15\/#article\",\"isPartOf\":{\"@id\":\"https:\/\/jornalpontomais.com\/site\/2024\/02\/12\/vacinacao-contra-a-dengue-em-goias-comeca-na-quinta-15\/\"},\"author\":{\"name\":\"Jornal Ponto Mais\",\"@id\":\"https:\/\/jornalpontomais.com\/site\/#\/schema\/person\/18323f0b0f1355f2490721c48389fe9d\"},\"headline\":\"Vacina\u00e7\u00e3o contra a dengue em Goi\u00e1s come\u00e7a na quinta, 15\",\"datePublished\":\"2024-02-12T18:07:41+00:00\",\"dateModified\":\"2024-02-12T18:07:42+00:00\",\"mainEntityOfPage\":{\"@id\":\"https:\/\/jornalpontomais.com\/site\/2024\/02\/12\/vacinacao-contra-a-dengue-em-goias-comeca-na-quinta-15\/\"},\"wordCount\":499,\"commentCount\":0,\"publisher\":{\"@id\":\"https:\/\/jornalpontomais.com\/site\/#organization\"},\"image\":{\"@id\":\"https:\/\/jornalpontomais.com\/site\/2024\/02\/12\/vacinacao-contra-a-dengue-em-goias-comeca-na-quinta-15\/#primaryimage\"},\"thumbnailUrl\":\"https:\/\/jornalpontomais.com\/site\/wp-content\/uploads\/2024\/02\/Goias-recebe-vacinas-contra-a-dengue-1215x812-1.jpeg\",\"articleSection\":[\"Sa\u00fade\"],\"inLanguage\":\"pt-BR\",\"potentialAction\":[{\"@type\":\"CommentAction\",\"name\":\"Comment\",\"target\":[\"https:\/\/jornalpontomais.com\/site\/2024\/02\/12\/vacinacao-contra-a-dengue-em-goias-comeca-na-quinta-15\/#respond\"]}]},{\"@type\":\"WebPage\",\"@id\":\"https:\/\/jornalpontomais.com\/site\/2024\/02\/12\/vacinacao-contra-a-dengue-em-goias-comeca-na-quinta-15\/\",\"url\":\"https:\/\/jornalpontomais.com\/site\/2024\/02\/12\/vacinacao-contra-a-dengue-em-goias-comeca-na-quinta-15\/\",\"name\":\"Vacina\u00e7\u00e3o contra a dengue em Goi\u00e1s come\u00e7a na quinta, 15 - Jornal Ponto Mais\",\"isPartOf\":{\"@id\":\"https:\/\/jornalpontomais.com\/site\/#website\"},\"primaryImageOfPage\":{\"@id\":\"https:\/\/jornalpontomais.com\/site\/2024\/02\/12\/vacinacao-contra-a-dengue-em-goias-comeca-na-quinta-15\/#primaryimage\"},\"image\":{\"@id\":\"https:\/\/jornalpontomais.com\/site\/2024\/02\/12\/vacinacao-contra-a-dengue-em-goias-comeca-na-quinta-15\/#primaryimage\"},\"thumbnailUrl\":\"https:\/\/jornalpontomais.com\/site\/wp-content\/uploads\/2024\/02\/Goias-recebe-vacinas-contra-a-dengue-1215x812-1.jpeg\",\"datePublished\":\"2024-02-12T18:07:41+00:00\",\"dateModified\":\"2024-02-12T18:07:42+00:00\",\"breadcrumb\":{\"@id\":\"https:\/\/jornalpontomais.com\/site\/2024\/02\/12\/vacinacao-contra-a-dengue-em-goias-comeca-na-quinta-15\/#breadcrumb\"},\"inLanguage\":\"pt-BR\",\"potentialAction\":[{\"@type\":\"ReadAction\",\"target\":[\"https:\/\/jornalpontomais.com\/site\/2024\/02\/12\/vacinacao-contra-a-dengue-em-goias-comeca-na-quinta-15\/\"]}]},{\"@type\":\"ImageObject\",\"inLanguage\":\"pt-BR\",\"@id\":\"https:\/\/jornalpontomais.com\/site\/2024\/02\/12\/vacinacao-contra-a-dengue-em-goias-comeca-na-quinta-15\/#primaryimage\",\"url\":\"https:\/\/jornalpontomais.com\/site\/wp-content\/uploads\/2024\/02\/Goias-recebe-vacinas-contra-a-dengue-1215x812-1.jpeg\",\"contentUrl\":\"https:\/\/jornalpontomais.com\/site\/wp-content\/uploads\/2024\/02\/Goias-recebe-vacinas-contra-a-dengue-1215x812-1.jpeg\",\"width\":1215,\"height\":812},{\"@type\":\"BreadcrumbList\",\"@id\":\"https:\/\/jornalpontomais.com\/site\/2024\/02\/12\/vacinacao-contra-a-dengue-em-goias-comeca-na-quinta-15\/#breadcrumb\",\"itemListElement\":[{\"@type\":\"ListItem\",\"position\":1,\"name\":\"In\u00edcio\",\"item\":\"https:\/\/jornalpontomais.com\/site\/\"},{\"@type\":\"ListItem\",\"position\":2,\"name\":\"Vacina\u00e7\u00e3o contra a dengue em Goi\u00e1s come\u00e7a na quinta, 15\"}]},{\"@type\":\"WebSite\",\"@id\":\"https:\/\/jornalpontomais.com\/site\/#website\",\"url\":\"https:\/\/jornalpontomais.com\/site\/\",\"name\":\"Jornal Ponto Mais\",\"description\":\"As principais not\u00edcias do Brasil e do mundo. Confira!\",\"publisher\":{\"@id\":\"https:\/\/jornalpontomais.com\/site\/#organization\"},\"potentialAction\":[{\"@type\":\"SearchAction\",\"target\":{\"@type\":\"EntryPoint\",\"urlTemplate\":\"https:\/\/jornalpontomais.com\/site\/?s={search_term_string}\"},\"query-input\":{\"@type\":\"PropertyValueSpecification\",\"valueRequired\":true,\"valueName\":\"search_term_string\"}}],\"inLanguage\":\"pt-BR\"},{\"@type\":\"Organization\",\"@id\":\"https:\/\/jornalpontomais.com\/site\/#organization\",\"name\":\"Jornal Ponto+\",\"url\":\"https:\/\/jornalpontomais.com\/site\/\",\"logo\":{\"@type\":\"ImageObject\",\"inLanguage\":\"pt-BR\",\"@id\":\"https:\/\/jornalpontomais.com\/site\/#\/schema\/logo\/image\/\",\"url\":\"https:\/\/jornalpontomais.com\/site\/wp-content\/uploads\/2022\/01\/marca.png\",\"contentUrl\":\"https:\/\/jornalpontomais.com\/site\/wp-content\/uploads\/2022\/01\/marca.png\",\"width\":582,\"height\":148,\"caption\":\"Jornal Ponto+\"},\"image\":{\"@id\":\"https:\/\/jornalpontomais.com\/site\/#\/schema\/logo\/image\/\"}},{\"@type\":\"Person\",\"@id\":\"https:\/\/jornalpontomais.com\/site\/#\/schema\/person\/18323f0b0f1355f2490721c48389fe9d\",\"name\":\"Jornal Ponto Mais\",\"image\":{\"@type\":\"ImageObject\",\"inLanguage\":\"pt-BR\",\"@id\":\"https:\/\/secure.gravatar.com\/avatar\/2ee0a9b7fe10fe32bdec8bc086e871e41eb5f4f6ecbcb7b4f2fe0d92d831405f?s=96&d=mm&r=g\",\"url\":\"https:\/\/secure.gravatar.com\/avatar\/2ee0a9b7fe10fe32bdec8bc086e871e41eb5f4f6ecbcb7b4f2fe0d92d831405f?s=96&d=mm&r=g\",\"contentUrl\":\"https:\/\/secure.gravatar.com\/avatar\/2ee0a9b7fe10fe32bdec8bc086e871e41eb5f4f6ecbcb7b4f2fe0d92d831405f?s=96&d=mm&r=g\",\"caption\":\"Jornal Ponto Mais\"},\"sameAs\":[\"https:\/\/jornalpontomais.com\/site\",\"jornalpontomais\"],\"url\":\"https:\/\/jornalpontomais.com\/site\/author\/jornalpontomais\/\"}]}<\/script>\n<!-- \/ Yoast SEO plugin. -->","yoast_head_json":{"title":"Vacina\u00e7\u00e3o contra a dengue em Goi\u00e1s come\u00e7a na quinta, 15 - Jornal Ponto Mais","robots":{"index":"index","follow":"follow","max-snippet":"max-snippet:-1","max-image-preview":"max-image-preview:large","max-video-preview":"max-video-preview:-1"},"canonical":"https:\/\/jornalpontomais.com\/site\/2024\/02\/12\/vacinacao-contra-a-dengue-em-goias-comeca-na-quinta-15\/","og_locale":"pt_BR","og_type":"article","og_title":"Vacina\u00e7\u00e3o contra a dengue em Goi\u00e1s come\u00e7a na quinta, 15 - Jornal Ponto Mais","og_description":"A Secretaria de Estado da Sa\u00fade de Goi\u00e1s recebeu 72.818 doses da vacina contra a dengue (Qdenga) na \u00faltima quinta-feira (08\/02) e conclui a distribui\u00e7\u00e3o para as regionais de todas as doses na sexta-feira (09\/02). Seguindo orienta\u00e7\u00e3o do Minist\u00e9rio da Sa\u00fade, neste primeiro momento, ser\u00e3o atendidos 51 munic\u00edpios goianos das regionais Central (26) e Centro-Sul [&hellip;]","og_url":"https:\/\/jornalpontomais.com\/site\/2024\/02\/12\/vacinacao-contra-a-dengue-em-goias-comeca-na-quinta-15\/","og_site_name":"Jornal Ponto Mais","article_published_time":"2024-02-12T18:07:41+00:00","article_modified_time":"2024-02-12T18:07:42+00:00","og_image":[{"width":1215,"height":812,"url":"https:\/\/jornalpontomais.com\/site\/wp-content\/uploads\/2024\/02\/Goias-recebe-vacinas-contra-a-dengue-1215x812-1.jpeg","type":"image\/jpeg"}],"author":"Jornal Ponto Mais","twitter_card":"summary_large_image","twitter_misc":{"Escrito por":"Jornal Ponto Mais","Est. tempo de leitura":"3 minutos"},"schema":{"@context":"https:\/\/schema.org","@graph":[{"@type":"Article","@id":"https:\/\/jornalpontomais.com\/site\/2024\/02\/12\/vacinacao-contra-a-dengue-em-goias-comeca-na-quinta-15\/#article","isPartOf":{"@id":"https:\/\/jornalpontomais.com\/site\/2024\/02\/12\/vacinacao-contra-a-dengue-em-goias-comeca-na-quinta-15\/"},"author":{"name":"Jornal Ponto Mais","@id":"https:\/\/jornalpontomais.com\/site\/#\/schema\/person\/18323f0b0f1355f2490721c48389fe9d"},"headline":"Vacina\u00e7\u00e3o contra a dengue em Goi\u00e1s come\u00e7a na quinta, 15","datePublished":"2024-02-12T18:07:41+00:00","dateModified":"2024-02-12T18:07:42+00:00","mainEntityOfPage":{"@id":"https:\/\/jornalpontomais.com\/site\/2024\/02\/12\/vacinacao-contra-a-dengue-em-goias-comeca-na-quinta-15\/"},"wordCount":499,"commentCount":0,"publisher":{"@id":"https:\/\/jornalpontomais.com\/site\/#organization"},"image":{"@id":"https:\/\/jornalpontomais.com\/site\/2024\/02\/12\/vacinacao-contra-a-dengue-em-goias-comeca-na-quinta-15\/#primaryimage"},"thumbnailUrl":"https:\/\/jornalpontomais.com\/site\/wp-content\/uploads\/2024\/02\/Goias-recebe-vacinas-contra-a-dengue-1215x812-1.jpeg","articleSection":["Sa\u00fade"],"inLanguage":"pt-BR","potentialAction":[{"@type":"CommentAction","name":"Comment","target":["https:\/\/jornalpontomais.com\/site\/2024\/02\/12\/vacinacao-contra-a-dengue-em-goias-comeca-na-quinta-15\/#respond"]}]},{"@type":"WebPage","@id":"https:\/\/jornalpontomais.com\/site\/2024\/02\/12\/vacinacao-contra-a-dengue-em-goias-comeca-na-quinta-15\/","url":"https:\/\/jornalpontomais.com\/site\/2024\/02\/12\/vacinacao-contra-a-dengue-em-goias-comeca-na-quinta-15\/","name":"Vacina\u00e7\u00e3o contra a dengue em Goi\u00e1s come\u00e7a na quinta, 15 - Jornal Ponto Mais","isPartOf":{"@id":"https:\/\/jornalpontomais.com\/site\/#website"},"primaryImageOfPage":{"@id":"https:\/\/jornalpontomais.com\/site\/2024\/02\/12\/vacinacao-contra-a-dengue-em-goias-comeca-na-quinta-15\/#primaryimage"},"image":{"@id":"https:\/\/jornalpontomais.com\/site\/2024\/02\/12\/vacinacao-contra-a-dengue-em-goias-comeca-na-quinta-15\/#primaryimage"},"thumbnailUrl":"https:\/\/jornalpontomais.com\/site\/wp-content\/uploads\/2024\/02\/Goias-recebe-vacinas-contra-a-dengue-1215x812-1.jpeg","datePublished":"2024-02-12T18:07:41+00:00","dateModified":"2024-02-12T18:07:42+00:00","breadcrumb":{"@id":"https:\/\/jornalpontomais.com\/site\/2024\/02\/12\/vacinacao-contra-a-dengue-em-goias-comeca-na-quinta-15\/#breadcrumb"},"inLanguage":"pt-BR","potentialAction":[{"@type":"ReadAction","target":["https:\/\/jornalpontomais.com\/site\/2024\/02\/12\/vacinacao-contra-a-dengue-em-goias-comeca-na-quinta-15\/"]}]},{"@type":"ImageObject","inLanguage":"pt-BR","@id":"https:\/\/jornalpontomais.com\/site\/2024\/02\/12\/vacinacao-contra-a-dengue-em-goias-comeca-na-quinta-15\/#primaryimage","url":"https:\/\/jornalpontomais.com\/site\/wp-content\/uploads\/2024\/02\/Goias-recebe-vacinas-contra-a-dengue-1215x812-1.jpeg","contentUrl":"https:\/\/jornalpontomais.com\/site\/wp-content\/uploads\/2024\/02\/Goias-recebe-vacinas-contra-a-dengue-1215x812-1.jpeg","width":1215,"height":812},{"@type":"BreadcrumbList","@id":"https:\/\/jornalpontomais.com\/site\/2024\/02\/12\/vacinacao-contra-a-dengue-em-goias-comeca-na-quinta-15\/#breadcrumb","itemListElement":[{"@type":"ListItem","position":1,"name":"In\u00edcio","item":"https:\/\/jornalpontomais.com\/site\/"},{"@type":"ListItem","position":2,"name":"Vacina\u00e7\u00e3o contra a dengue em Goi\u00e1s come\u00e7a na quinta, 15"}]},{"@type":"WebSite","@id":"https:\/\/jornalpontomais.com\/site\/#website","url":"https:\/\/jornalpontomais.com\/site\/","name":"Jornal Ponto Mais","description":"As principais not\u00edcias do Brasil e do mundo. Confira!","publisher":{"@id":"https:\/\/jornalpontomais.com\/site\/#organization"},"potentialAction":[{"@type":"SearchAction","target":{"@type":"EntryPoint","urlTemplate":"https:\/\/jornalpontomais.com\/site\/?s={search_term_string}"},"query-input":{"@type":"PropertyValueSpecification","valueRequired":true,"valueName":"search_term_string"}}],"inLanguage":"pt-BR"},{"@type":"Organization","@id":"https:\/\/jornalpontomais.com\/site\/#organization","name":"Jornal Ponto+","url":"https:\/\/jornalpontomais.com\/site\/","logo":{"@type":"ImageObject","inLanguage":"pt-BR","@id":"https:\/\/jornalpontomais.com\/site\/#\/schema\/logo\/image\/","url":"https:\/\/jornalpontomais.com\/site\/wp-content\/uploads\/2022\/01\/marca.png","contentUrl":"https:\/\/jornalpontomais.com\/site\/wp-content\/uploads\/2022\/01\/marca.png","width":582,"height":148,"caption":"Jornal Ponto+"},"image":{"@id":"https:\/\/jornalpontomais.com\/site\/#\/schema\/logo\/image\/"}},{"@type":"Person","@id":"https:\/\/jornalpontomais.com\/site\/#\/schema\/person\/18323f0b0f1355f2490721c48389fe9d","name":"Jornal Ponto Mais","image":{"@type":"ImageObject","inLanguage":"pt-BR","@id":"https:\/\/secure.gravatar.com\/avatar\/2ee0a9b7fe10fe32bdec8bc086e871e41eb5f4f6ecbcb7b4f2fe0d92d831405f?s=96&d=mm&r=g","url":"https:\/\/secure.gravatar.com\/avatar\/2ee0a9b7fe10fe32bdec8bc086e871e41eb5f4f6ecbcb7b4f2fe0d92d831405f?s=96&d=mm&r=g","contentUrl":"https:\/\/secure.gravatar.com\/avatar\/2ee0a9b7fe10fe32bdec8bc086e871e41eb5f4f6ecbcb7b4f2fe0d92d831405f?s=96&d=mm&r=g","caption":"Jornal Ponto Mais"},"sameAs":["https:\/\/jornalpontomais.com\/site","jornalpontomais"],"url":"https:\/\/jornalpontomais.com\/site\/author\/jornalpontomais\/"}]}},"_links":{"self":[{"href":"https:\/\/jornalpontomais.com\/site\/wp-json\/wp\/v2\/posts\/11875","targetHints":{"allow":["GET"]}}],"collection":[{"href":"https:\/\/jornalpontomais.com\/site\/wp-json\/wp\/v2\/posts"}],"about":[{"href":"https:\/\/jornalpontomais.com\/site\/wp-json\/wp\/v2\/types\/post"}],"author":[{"embeddable":true,"href":"https:\/\/jornalpontomais.com\/site\/wp-json\/wp\/v2\/users\/2"}],"replies":[{"embeddable":true,"href":"https:\/\/jornalpontomais.com\/site\/wp-json\/wp\/v2\/comments?post=11875"}],"version-history":[{"count":1,"href":"https:\/\/jornalpontomais.com\/site\/wp-json\/wp\/v2\/posts\/11875\/revisions"}],"predecessor-version":[{"id":11877,"href":"https:\/\/jornalpontomais.com\/site\/wp-json\/wp\/v2\/posts\/11875\/revisions\/11877"}],"wp:featuredmedia":[{"embeddable":true,"href":"https:\/\/jornalpontomais.com\/site\/wp-json\/wp\/v2\/media\/11876"}],"wp:attachment":[{"href":"https:\/\/jornalpontomais.com\/site\/wp-json\/wp\/v2\/media?parent=11875"}],"wp:term":[{"taxonomy":"category","embeddable":true,"href":"https:\/\/jornalpontomais.com\/site\/wp-json\/wp\/v2\/categories?post=11875"},{"taxonomy":"post_tag","embeddable":true,"href":"https:\/\/jornalpontomais.com\/site\/wp-json\/wp\/v2\/tags?post=11875"}],"curies":[{"name":"wp","href":"https:\/\/api.w.org\/{rel}","templated":true}]}}