{"id":11859,"date":"2024-02-09T09:23:39","date_gmt":"2024-02-09T12:23:39","guid":{"rendered":"https:\/\/jornalpontomais.com\/site\/?p=11859"},"modified":"2024-02-09T09:23:41","modified_gmt":"2024-02-09T12:23:41","slug":"criancas-de-10-a-11-anos-serao-as-primeiras-a-vacinar-contra-dengue","status":"publish","type":"post","link":"https:\/\/jornalpontomais.com\/site\/2024\/02\/09\/criancas-de-10-a-11-anos-serao-as-primeiras-a-vacinar-contra-dengue\/","title":{"rendered":"Crian\u00e7as de 10 a 11 anos ser\u00e3o as primeiras a vacinar contra dengue"},"content":{"rendered":"\n<p>O Minist\u00e9rio da Sa\u00fade iniciou nesta quinta-feira (8) a distribui\u00e7\u00e3o das vacinas contra a dengue. A pasta informou ainda que o lote inicial ser\u00e1 destinado \u00e0 imuniza\u00e7\u00e3o de crian\u00e7as de 10 a 11 anos.<img decoding=\"async\" src=\"https:\/\/agenciabrasil.ebc.com.br\/ebc.png?id=1580287&amp;o=node\"><img decoding=\"async\" src=\"https:\/\/agenciabrasil.ebc.com.br\/ebc.gif?id=1580287&amp;o=node\"> A previs\u00e3o \u00e9 que os 521 munic\u00edpios, selecionados para realizar a imuniza\u00e7\u00e3o,&nbsp;recebam as doses para vacinar essa faixa et\u00e1ria at\u00e9 a primeira quinzena de mar\u00e7o.<br><br><\/p>\n\n\n\n<p>Segundo o minist\u00e9rio, a vacina\u00e7\u00e3o ir\u00e1 avan\u00e7ar para outras idades assim que forem sendo entregues novas doses pelo fabricante da Qdenga, at\u00e9 alcan\u00e7ar todo o p\u00fablico-alvo de 10 a 14 anos. <br><br><\/p>\n\n\n\n<p>\u201cO in\u00edcio da vacina\u00e7\u00e3o por essa faixa et\u00e1ria [10 a&nbsp;11 anos] \u00e9 uma estrat\u00e9gia que permite que mais munic\u00edpios recebam as doses neste primeiro momento, diante do quantitativo limitado de vacinas disponibilizadas pelo laborat\u00f3rio fabricante. A escolha pelo in\u00edcio da imuniza\u00e7\u00e3o nas crian\u00e7as de 10 a 11 anos tamb\u00e9m \u00e9 baseada no maior \u00edndice de hospitaliza\u00e7\u00e3o por dengue dentro da faixa et\u00e1ria de 10 a 14 anos\u201d, diz o minist\u00e9rio, em nota.<br><br><\/p>\n\n\n\n<p>O primeiro lote tem 712 mil doses&nbsp;que ir\u00e3o atender 315 munic\u00edpios em Goi\u00e1s, na Bahia, no Acre, na Para\u00edba, no Rio Grande do Norte, em Mato Grosso do Sul, no Amazonas, em S\u00e3o Paulo, no Maranh\u00e3o e no Distrito Federal.<br><br><\/p>\n\n\n\n<p>O Distrito Federal e Goi\u00e1s j\u00e1 receberam as doses. Os demais receber\u00e3o nos pr\u00f3ximos dias. No Distrito Federal, a&nbsp;vacina\u00e7\u00e3o ter\u00e1 in\u00edcio nesta sexta-feira (9). \u201cCom o recebimento das 6,5 milh\u00f5es de doses dispon\u00edveis pelo laborat\u00f3rio em 2024, o Minist\u00e9rio da Sa\u00fade garantir\u00e1 a vacina\u00e7\u00e3o de todo o p\u00fablico-alvo, de 10 a 14 anos, nos munic\u00edpios selecionados, ao longo dos pr\u00f3ximos meses, de forma progressiva\u201d.<\/p>\n","protected":false},"excerpt":{"rendered":"<p>O Minist\u00e9rio da Sa\u00fade iniciou nesta quinta-feira (8) a distribui\u00e7\u00e3o das vacinas contra a dengue. A pasta informou ainda que o lote inicial ser\u00e1 destinado \u00e0 imuniza\u00e7\u00e3o de crian\u00e7as de 10 a 11 anos. A previs\u00e3o \u00e9 que os 521 munic\u00edpios, selecionados para realizar a imuniza\u00e7\u00e3o,&nbsp;recebam as doses para vacinar essa faixa et\u00e1ria at\u00e9 a [&hellip;]<\/p>\n","protected":false},"author":2,"featured_media":11860,"comment_status":"open","ping_status":"open","sticky":true,"template":"","format":"standard","meta":{"om_disable_all_campaigns":false,"_monsterinsights_skip_tracking":false,"_monsterinsights_sitenote_active":false,"_monsterinsights_sitenote_note":"","_monsterinsights_sitenote_category":0,"footnotes":""},"categories":[3],"tags":[],"class_list":["post-11859","post","type-post","status-publish","format-standard","has-post-thumbnail","hentry","category-saude"],"yoast_head":"<!-- This site is optimized with the Yoast SEO plugin v27.2 - https:\/\/yoast.com\/product\/yoast-seo-wordpress\/ -->\n<title>Crian\u00e7as de 10 a 11 anos ser\u00e3o as primeiras a vacinar contra dengue - Jornal Ponto Mais<\/title>\n<meta name=\"robots\" content=\"index, follow, max-snippet:-1, max-image-preview:large, max-video-preview:-1\" \/>\n<link rel=\"canonical\" href=\"https:\/\/jornalpontomais.com\/site\/2024\/02\/09\/criancas-de-10-a-11-anos-serao-as-primeiras-a-vacinar-contra-dengue\/\" \/>\n<meta property=\"og:locale\" content=\"pt_BR\" \/>\n<meta property=\"og:type\" content=\"article\" \/>\n<meta property=\"og:title\" content=\"Crian\u00e7as de 10 a 11 anos ser\u00e3o as primeiras a vacinar contra dengue - Jornal Ponto Mais\" \/>\n<meta property=\"og:description\" content=\"O Minist\u00e9rio da Sa\u00fade iniciou nesta quinta-feira (8) a distribui\u00e7\u00e3o das vacinas contra a dengue. A pasta informou ainda que o lote inicial ser\u00e1 destinado \u00e0 imuniza\u00e7\u00e3o de crian\u00e7as de 10 a 11 anos. A previs\u00e3o \u00e9 que os 521 munic\u00edpios, selecionados para realizar a imuniza\u00e7\u00e3o,&nbsp;recebam as doses para vacinar essa faixa et\u00e1ria at\u00e9 a [&hellip;]\" \/>\n<meta property=\"og:url\" content=\"https:\/\/jornalpontomais.com\/site\/2024\/02\/09\/criancas-de-10-a-11-anos-serao-as-primeiras-a-vacinar-contra-dengue\/\" \/>\n<meta property=\"og:site_name\" content=\"Jornal Ponto Mais\" \/>\n<meta property=\"article:published_time\" content=\"2024-02-09T12:23:39+00:00\" \/>\n<meta property=\"article:modified_time\" content=\"2024-02-09T12:23:41+00:00\" \/>\n<meta property=\"og:image\" content=\"https:\/\/jornalpontomais.com\/site\/wp-content\/uploads\/2024\/02\/flaeschchen_.webp\" \/>\n\t<meta property=\"og:image:width\" content=\"1170\" \/>\n\t<meta property=\"og:image:height\" content=\"700\" \/>\n\t<meta property=\"og:image:type\" content=\"image\/webp\" \/>\n<meta name=\"author\" content=\"Jornal Ponto Mais\" \/>\n<meta name=\"twitter:card\" content=\"summary_large_image\" \/>\n<meta name=\"twitter:label1\" content=\"Escrito por\" \/>\n\t<meta name=\"twitter:data1\" content=\"Jornal Ponto Mais\" \/>\n\t<meta name=\"twitter:label2\" content=\"Est. tempo de leitura\" \/>\n\t<meta name=\"twitter:data2\" content=\"2 minutos\" \/>\n<script type=\"application\/ld+json\" class=\"yoast-schema-graph\">{\"@context\":\"https:\/\/schema.org\",\"@graph\":[{\"@type\":\"Article\",\"@id\":\"https:\/\/jornalpontomais.com\/site\/2024\/02\/09\/criancas-de-10-a-11-anos-serao-as-primeiras-a-vacinar-contra-dengue\/#article\",\"isPartOf\":{\"@id\":\"https:\/\/jornalpontomais.com\/site\/2024\/02\/09\/criancas-de-10-a-11-anos-serao-as-primeiras-a-vacinar-contra-dengue\/\"},\"author\":{\"name\":\"Jornal Ponto Mais\",\"@id\":\"https:\/\/jornalpontomais.com\/site\/#\/schema\/person\/18323f0b0f1355f2490721c48389fe9d\"},\"headline\":\"Crian\u00e7as de 10 a 11 anos ser\u00e3o as primeiras a vacinar contra dengue\",\"datePublished\":\"2024-02-09T12:23:39+00:00\",\"dateModified\":\"2024-02-09T12:23:41+00:00\",\"mainEntityOfPage\":{\"@id\":\"https:\/\/jornalpontomais.com\/site\/2024\/02\/09\/criancas-de-10-a-11-anos-serao-as-primeiras-a-vacinar-contra-dengue\/\"},\"wordCount\":312,\"commentCount\":0,\"publisher\":{\"@id\":\"https:\/\/jornalpontomais.com\/site\/#organization\"},\"image\":{\"@id\":\"https:\/\/jornalpontomais.com\/site\/2024\/02\/09\/criancas-de-10-a-11-anos-serao-as-primeiras-a-vacinar-contra-dengue\/#primaryimage\"},\"thumbnailUrl\":\"https:\/\/jornalpontomais.com\/site\/wp-content\/uploads\/2024\/02\/flaeschchen_.webp\",\"articleSection\":[\"Sa\u00fade\"],\"inLanguage\":\"pt-BR\",\"potentialAction\":[{\"@type\":\"CommentAction\",\"name\":\"Comment\",\"target\":[\"https:\/\/jornalpontomais.com\/site\/2024\/02\/09\/criancas-de-10-a-11-anos-serao-as-primeiras-a-vacinar-contra-dengue\/#respond\"]}]},{\"@type\":\"WebPage\",\"@id\":\"https:\/\/jornalpontomais.com\/site\/2024\/02\/09\/criancas-de-10-a-11-anos-serao-as-primeiras-a-vacinar-contra-dengue\/\",\"url\":\"https:\/\/jornalpontomais.com\/site\/2024\/02\/09\/criancas-de-10-a-11-anos-serao-as-primeiras-a-vacinar-contra-dengue\/\",\"name\":\"Crian\u00e7as de 10 a 11 anos ser\u00e3o as primeiras a vacinar contra dengue - Jornal Ponto Mais\",\"isPartOf\":{\"@id\":\"https:\/\/jornalpontomais.com\/site\/#website\"},\"primaryImageOfPage\":{\"@id\":\"https:\/\/jornalpontomais.com\/site\/2024\/02\/09\/criancas-de-10-a-11-anos-serao-as-primeiras-a-vacinar-contra-dengue\/#primaryimage\"},\"image\":{\"@id\":\"https:\/\/jornalpontomais.com\/site\/2024\/02\/09\/criancas-de-10-a-11-anos-serao-as-primeiras-a-vacinar-contra-dengue\/#primaryimage\"},\"thumbnailUrl\":\"https:\/\/jornalpontomais.com\/site\/wp-content\/uploads\/2024\/02\/flaeschchen_.webp\",\"datePublished\":\"2024-02-09T12:23:39+00:00\",\"dateModified\":\"2024-02-09T12:23:41+00:00\",\"breadcrumb\":{\"@id\":\"https:\/\/jornalpontomais.com\/site\/2024\/02\/09\/criancas-de-10-a-11-anos-serao-as-primeiras-a-vacinar-contra-dengue\/#breadcrumb\"},\"inLanguage\":\"pt-BR\",\"potentialAction\":[{\"@type\":\"ReadAction\",\"target\":[\"https:\/\/jornalpontomais.com\/site\/2024\/02\/09\/criancas-de-10-a-11-anos-serao-as-primeiras-a-vacinar-contra-dengue\/\"]}]},{\"@type\":\"ImageObject\",\"inLanguage\":\"pt-BR\",\"@id\":\"https:\/\/jornalpontomais.com\/site\/2024\/02\/09\/criancas-de-10-a-11-anos-serao-as-primeiras-a-vacinar-contra-dengue\/#primaryimage\",\"url\":\"https:\/\/jornalpontomais.com\/site\/wp-content\/uploads\/2024\/02\/flaeschchen_.webp\",\"contentUrl\":\"https:\/\/jornalpontomais.com\/site\/wp-content\/uploads\/2024\/02\/flaeschchen_.webp\",\"width\":1170,\"height\":700},{\"@type\":\"BreadcrumbList\",\"@id\":\"https:\/\/jornalpontomais.com\/site\/2024\/02\/09\/criancas-de-10-a-11-anos-serao-as-primeiras-a-vacinar-contra-dengue\/#breadcrumb\",\"itemListElement\":[{\"@type\":\"ListItem\",\"position\":1,\"name\":\"In\u00edcio\",\"item\":\"https:\/\/jornalpontomais.com\/site\/\"},{\"@type\":\"ListItem\",\"position\":2,\"name\":\"Crian\u00e7as de 10 a 11 anos ser\u00e3o as primeiras a vacinar contra dengue\"}]},{\"@type\":\"WebSite\",\"@id\":\"https:\/\/jornalpontomais.com\/site\/#website\",\"url\":\"https:\/\/jornalpontomais.com\/site\/\",\"name\":\"Jornal Ponto Mais\",\"description\":\"As principais not\u00edcias do Brasil e do mundo. Confira!\",\"publisher\":{\"@id\":\"https:\/\/jornalpontomais.com\/site\/#organization\"},\"potentialAction\":[{\"@type\":\"SearchAction\",\"target\":{\"@type\":\"EntryPoint\",\"urlTemplate\":\"https:\/\/jornalpontomais.com\/site\/?s={search_term_string}\"},\"query-input\":{\"@type\":\"PropertyValueSpecification\",\"valueRequired\":true,\"valueName\":\"search_term_string\"}}],\"inLanguage\":\"pt-BR\"},{\"@type\":\"Organization\",\"@id\":\"https:\/\/jornalpontomais.com\/site\/#organization\",\"name\":\"Jornal Ponto+\",\"url\":\"https:\/\/jornalpontomais.com\/site\/\",\"logo\":{\"@type\":\"ImageObject\",\"inLanguage\":\"pt-BR\",\"@id\":\"https:\/\/jornalpontomais.com\/site\/#\/schema\/logo\/image\/\",\"url\":\"https:\/\/jornalpontomais.com\/site\/wp-content\/uploads\/2022\/01\/marca.png\",\"contentUrl\":\"https:\/\/jornalpontomais.com\/site\/wp-content\/uploads\/2022\/01\/marca.png\",\"width\":582,\"height\":148,\"caption\":\"Jornal Ponto+\"},\"image\":{\"@id\":\"https:\/\/jornalpontomais.com\/site\/#\/schema\/logo\/image\/\"}},{\"@type\":\"Person\",\"@id\":\"https:\/\/jornalpontomais.com\/site\/#\/schema\/person\/18323f0b0f1355f2490721c48389fe9d\",\"name\":\"Jornal Ponto Mais\",\"image\":{\"@type\":\"ImageObject\",\"inLanguage\":\"pt-BR\",\"@id\":\"https:\/\/secure.gravatar.com\/avatar\/2ee0a9b7fe10fe32bdec8bc086e871e41eb5f4f6ecbcb7b4f2fe0d92d831405f?s=96&d=mm&r=g\",\"url\":\"https:\/\/secure.gravatar.com\/avatar\/2ee0a9b7fe10fe32bdec8bc086e871e41eb5f4f6ecbcb7b4f2fe0d92d831405f?s=96&d=mm&r=g\",\"contentUrl\":\"https:\/\/secure.gravatar.com\/avatar\/2ee0a9b7fe10fe32bdec8bc086e871e41eb5f4f6ecbcb7b4f2fe0d92d831405f?s=96&d=mm&r=g\",\"caption\":\"Jornal Ponto Mais\"},\"sameAs\":[\"https:\/\/jornalpontomais.com\/site\",\"jornalpontomais\"],\"url\":\"https:\/\/jornalpontomais.com\/site\/author\/jornalpontomais\/\"}]}<\/script>\n<!-- \/ Yoast SEO plugin. -->","yoast_head_json":{"title":"Crian\u00e7as de 10 a 11 anos ser\u00e3o as primeiras a vacinar contra dengue - Jornal Ponto Mais","robots":{"index":"index","follow":"follow","max-snippet":"max-snippet:-1","max-image-preview":"max-image-preview:large","max-video-preview":"max-video-preview:-1"},"canonical":"https:\/\/jornalpontomais.com\/site\/2024\/02\/09\/criancas-de-10-a-11-anos-serao-as-primeiras-a-vacinar-contra-dengue\/","og_locale":"pt_BR","og_type":"article","og_title":"Crian\u00e7as de 10 a 11 anos ser\u00e3o as primeiras a vacinar contra dengue - Jornal Ponto Mais","og_description":"O Minist\u00e9rio da Sa\u00fade iniciou nesta quinta-feira (8) a distribui\u00e7\u00e3o das vacinas contra a dengue. A pasta informou ainda que o lote inicial ser\u00e1 destinado \u00e0 imuniza\u00e7\u00e3o de crian\u00e7as de 10 a 11 anos. A previs\u00e3o \u00e9 que os 521 munic\u00edpios, selecionados para realizar a imuniza\u00e7\u00e3o,&nbsp;recebam as doses para vacinar essa faixa et\u00e1ria at\u00e9 a [&hellip;]","og_url":"https:\/\/jornalpontomais.com\/site\/2024\/02\/09\/criancas-de-10-a-11-anos-serao-as-primeiras-a-vacinar-contra-dengue\/","og_site_name":"Jornal Ponto Mais","article_published_time":"2024-02-09T12:23:39+00:00","article_modified_time":"2024-02-09T12:23:41+00:00","og_image":[{"width":1170,"height":700,"url":"https:\/\/jornalpontomais.com\/site\/wp-content\/uploads\/2024\/02\/flaeschchen_.webp","type":"image\/webp"}],"author":"Jornal Ponto Mais","twitter_card":"summary_large_image","twitter_misc":{"Escrito por":"Jornal Ponto Mais","Est. tempo de leitura":"2 minutos"},"schema":{"@context":"https:\/\/schema.org","@graph":[{"@type":"Article","@id":"https:\/\/jornalpontomais.com\/site\/2024\/02\/09\/criancas-de-10-a-11-anos-serao-as-primeiras-a-vacinar-contra-dengue\/#article","isPartOf":{"@id":"https:\/\/jornalpontomais.com\/site\/2024\/02\/09\/criancas-de-10-a-11-anos-serao-as-primeiras-a-vacinar-contra-dengue\/"},"author":{"name":"Jornal Ponto Mais","@id":"https:\/\/jornalpontomais.com\/site\/#\/schema\/person\/18323f0b0f1355f2490721c48389fe9d"},"headline":"Crian\u00e7as de 10 a 11 anos ser\u00e3o as primeiras a vacinar contra dengue","datePublished":"2024-02-09T12:23:39+00:00","dateModified":"2024-02-09T12:23:41+00:00","mainEntityOfPage":{"@id":"https:\/\/jornalpontomais.com\/site\/2024\/02\/09\/criancas-de-10-a-11-anos-serao-as-primeiras-a-vacinar-contra-dengue\/"},"wordCount":312,"commentCount":0,"publisher":{"@id":"https:\/\/jornalpontomais.com\/site\/#organization"},"image":{"@id":"https:\/\/jornalpontomais.com\/site\/2024\/02\/09\/criancas-de-10-a-11-anos-serao-as-primeiras-a-vacinar-contra-dengue\/#primaryimage"},"thumbnailUrl":"https:\/\/jornalpontomais.com\/site\/wp-content\/uploads\/2024\/02\/flaeschchen_.webp","articleSection":["Sa\u00fade"],"inLanguage":"pt-BR","potentialAction":[{"@type":"CommentAction","name":"Comment","target":["https:\/\/jornalpontomais.com\/site\/2024\/02\/09\/criancas-de-10-a-11-anos-serao-as-primeiras-a-vacinar-contra-dengue\/#respond"]}]},{"@type":"WebPage","@id":"https:\/\/jornalpontomais.com\/site\/2024\/02\/09\/criancas-de-10-a-11-anos-serao-as-primeiras-a-vacinar-contra-dengue\/","url":"https:\/\/jornalpontomais.com\/site\/2024\/02\/09\/criancas-de-10-a-11-anos-serao-as-primeiras-a-vacinar-contra-dengue\/","name":"Crian\u00e7as de 10 a 11 anos ser\u00e3o as primeiras a vacinar contra dengue - Jornal Ponto Mais","isPartOf":{"@id":"https:\/\/jornalpontomais.com\/site\/#website"},"primaryImageOfPage":{"@id":"https:\/\/jornalpontomais.com\/site\/2024\/02\/09\/criancas-de-10-a-11-anos-serao-as-primeiras-a-vacinar-contra-dengue\/#primaryimage"},"image":{"@id":"https:\/\/jornalpontomais.com\/site\/2024\/02\/09\/criancas-de-10-a-11-anos-serao-as-primeiras-a-vacinar-contra-dengue\/#primaryimage"},"thumbnailUrl":"https:\/\/jornalpontomais.com\/site\/wp-content\/uploads\/2024\/02\/flaeschchen_.webp","datePublished":"2024-02-09T12:23:39+00:00","dateModified":"2024-02-09T12:23:41+00:00","breadcrumb":{"@id":"https:\/\/jornalpontomais.com\/site\/2024\/02\/09\/criancas-de-10-a-11-anos-serao-as-primeiras-a-vacinar-contra-dengue\/#breadcrumb"},"inLanguage":"pt-BR","potentialAction":[{"@type":"ReadAction","target":["https:\/\/jornalpontomais.com\/site\/2024\/02\/09\/criancas-de-10-a-11-anos-serao-as-primeiras-a-vacinar-contra-dengue\/"]}]},{"@type":"ImageObject","inLanguage":"pt-BR","@id":"https:\/\/jornalpontomais.com\/site\/2024\/02\/09\/criancas-de-10-a-11-anos-serao-as-primeiras-a-vacinar-contra-dengue\/#primaryimage","url":"https:\/\/jornalpontomais.com\/site\/wp-content\/uploads\/2024\/02\/flaeschchen_.webp","contentUrl":"https:\/\/jornalpontomais.com\/site\/wp-content\/uploads\/2024\/02\/flaeschchen_.webp","width":1170,"height":700},{"@type":"BreadcrumbList","@id":"https:\/\/jornalpontomais.com\/site\/2024\/02\/09\/criancas-de-10-a-11-anos-serao-as-primeiras-a-vacinar-contra-dengue\/#breadcrumb","itemListElement":[{"@type":"ListItem","position":1,"name":"In\u00edcio","item":"https:\/\/jornalpontomais.com\/site\/"},{"@type":"ListItem","position":2,"name":"Crian\u00e7as de 10 a 11 anos ser\u00e3o as primeiras a vacinar contra dengue"}]},{"@type":"WebSite","@id":"https:\/\/jornalpontomais.com\/site\/#website","url":"https:\/\/jornalpontomais.com\/site\/","name":"Jornal Ponto Mais","description":"As principais not\u00edcias do Brasil e do mundo. Confira!","publisher":{"@id":"https:\/\/jornalpontomais.com\/site\/#organization"},"potentialAction":[{"@type":"SearchAction","target":{"@type":"EntryPoint","urlTemplate":"https:\/\/jornalpontomais.com\/site\/?s={search_term_string}"},"query-input":{"@type":"PropertyValueSpecification","valueRequired":true,"valueName":"search_term_string"}}],"inLanguage":"pt-BR"},{"@type":"Organization","@id":"https:\/\/jornalpontomais.com\/site\/#organization","name":"Jornal Ponto+","url":"https:\/\/jornalpontomais.com\/site\/","logo":{"@type":"ImageObject","inLanguage":"pt-BR","@id":"https:\/\/jornalpontomais.com\/site\/#\/schema\/logo\/image\/","url":"https:\/\/jornalpontomais.com\/site\/wp-content\/uploads\/2022\/01\/marca.png","contentUrl":"https:\/\/jornalpontomais.com\/site\/wp-content\/uploads\/2022\/01\/marca.png","width":582,"height":148,"caption":"Jornal Ponto+"},"image":{"@id":"https:\/\/jornalpontomais.com\/site\/#\/schema\/logo\/image\/"}},{"@type":"Person","@id":"https:\/\/jornalpontomais.com\/site\/#\/schema\/person\/18323f0b0f1355f2490721c48389fe9d","name":"Jornal Ponto Mais","image":{"@type":"ImageObject","inLanguage":"pt-BR","@id":"https:\/\/secure.gravatar.com\/avatar\/2ee0a9b7fe10fe32bdec8bc086e871e41eb5f4f6ecbcb7b4f2fe0d92d831405f?s=96&d=mm&r=g","url":"https:\/\/secure.gravatar.com\/avatar\/2ee0a9b7fe10fe32bdec8bc086e871e41eb5f4f6ecbcb7b4f2fe0d92d831405f?s=96&d=mm&r=g","contentUrl":"https:\/\/secure.gravatar.com\/avatar\/2ee0a9b7fe10fe32bdec8bc086e871e41eb5f4f6ecbcb7b4f2fe0d92d831405f?s=96&d=mm&r=g","caption":"Jornal Ponto Mais"},"sameAs":["https:\/\/jornalpontomais.com\/site","jornalpontomais"],"url":"https:\/\/jornalpontomais.com\/site\/author\/jornalpontomais\/"}]}},"_links":{"self":[{"href":"https:\/\/jornalpontomais.com\/site\/wp-json\/wp\/v2\/posts\/11859","targetHints":{"allow":["GET"]}}],"collection":[{"href":"https:\/\/jornalpontomais.com\/site\/wp-json\/wp\/v2\/posts"}],"about":[{"href":"https:\/\/jornalpontomais.com\/site\/wp-json\/wp\/v2\/types\/post"}],"author":[{"embeddable":true,"href":"https:\/\/jornalpontomais.com\/site\/wp-json\/wp\/v2\/users\/2"}],"replies":[{"embeddable":true,"href":"https:\/\/jornalpontomais.com\/site\/wp-json\/wp\/v2\/comments?post=11859"}],"version-history":[{"count":2,"href":"https:\/\/jornalpontomais.com\/site\/wp-json\/wp\/v2\/posts\/11859\/revisions"}],"predecessor-version":[{"id":11862,"href":"https:\/\/jornalpontomais.com\/site\/wp-json\/wp\/v2\/posts\/11859\/revisions\/11862"}],"wp:featuredmedia":[{"embeddable":true,"href":"https:\/\/jornalpontomais.com\/site\/wp-json\/wp\/v2\/media\/11860"}],"wp:attachment":[{"href":"https:\/\/jornalpontomais.com\/site\/wp-json\/wp\/v2\/media?parent=11859"}],"wp:term":[{"taxonomy":"category","embeddable":true,"href":"https:\/\/jornalpontomais.com\/site\/wp-json\/wp\/v2\/categories?post=11859"},{"taxonomy":"post_tag","embeddable":true,"href":"https:\/\/jornalpontomais.com\/site\/wp-json\/wp\/v2\/tags?post=11859"}],"curies":[{"name":"wp","href":"https:\/\/api.w.org\/{rel}","templated":true}]}}