{"id":11818,"date":"2024-02-07T09:29:16","date_gmt":"2024-02-07T12:29:16","guid":{"rendered":"https:\/\/jornalpontomais.com\/site\/?p=11818"},"modified":"2024-02-07T09:29:18","modified_gmt":"2024-02-07T12:29:18","slug":"fabricante-dara-prioridade-da-vacina-contra-dengue-ao-sus","status":"publish","type":"post","link":"https:\/\/jornalpontomais.com\/site\/2024\/02\/07\/fabricante-dara-prioridade-da-vacina-contra-dengue-ao-sus\/","title":{"rendered":"Fabricante dar\u00e1 prioridade da vacina contra dengue ao SUS"},"content":{"rendered":"\n<p>A farmac\u00eautica Takeda, que produz a vacina contra a dengue (Qdenga), emitiu um comunicado nesta segunda-feira (5) para informar a decis\u00e3o de priorizar o atendimento aos pedidos do\u00a0Minist\u00e9rio da Sa\u00fade no fornecimento dos imunizantes. De acordo com o comunicado, a Takeda suspendeu a assinatura de contratos diretos com estados e munic\u00edpios e vai limitar o fornecimento da vacina na rede privada apenas para suprir o quantitativo necess\u00e1rio para as pessoas que tomaram a primeira dose do imunizante completem o\u00a0esquema vacinal com a segunda dose, ap\u00f3s um intervalo de tr\u00eas meses.<img decoding=\"async\" src=\"https:\/\/agenciabrasil.ebc.com.br\/ebc.png?id=1579547&amp;o=node\"><img decoding=\"async\" src=\"https:\/\/agenciabrasil.ebc.com.br\/ebc.gif?id=1579547&amp;o=node\"><br><br><\/p>\n\n\n\n<p>A medida foi tomada, segundo a empresa, diante do cen\u00e1rio de inclus\u00e3o da Qdenga no Sistema \u00danico de Sa\u00fade (SUS) e o agravamento da epidemia de dengue em diversas regi\u00f5es do pa\u00eds. \u00a0<br><br><\/p>\n\n\n\n<p>&#8220;Em linha com o princ\u00edpio da equidade na sa\u00fade, a Takeda est\u00e1 comprometida em apoiar as autoridades de sa\u00fade, portanto seus esfor\u00e7os est\u00e3o voltados para atender a demanda do Minist\u00e9rio da Sa\u00fade, conforme a estrat\u00e9gia vacinal definida pelo Departamento do Programa Nacional de Imuniza\u00e7\u00f5es (DPNI) que considera faixa et\u00e1ria e regi\u00f5es para receberem a vacina. Conforme j\u00e1 anunciado, temos garantida a entrega de 6,6 milh\u00f5es de doses para o ano de 2024 e o provisionamento de mais 9 milh\u00f5es de doses para o ano de 2025. Em paralelo, estamos buscando todas as solu\u00e7\u00f5es poss\u00edveis para aumentar o n\u00famero de doses dispon\u00edveis no pa\u00eds, e n\u00e3o mediremos esfor\u00e7os para isso&#8221;, diz o comunicado.<br><br><\/p>\n\n\n\n<p>A decis\u00e3o n\u00e3o prejudica compromissos previamente firmados com munic\u00edpios antes da incorpora\u00e7\u00e3o da Qdenga ao SUS, observou a empresa. Ainda segundo a farmac\u00eautica, a previs\u00e3o \u00e9 que o fornecimento global da vacina Qdenga atinja a meta de 100 milh\u00f5es de doses por ano at\u00e9 2030, o que inclui um novo centro internacional dedicado \u00e0 produ\u00e7\u00e3o de vacinas, na Alemanha, previsto para ser lan\u00e7ado\u00a0em 2025.<br><br><\/p>\n\n\n\n<p><strong>Vacina\u00e7\u00e3o<\/strong><\/p>\n\n\n\n<p>A vacina Qdenga teve o\u00a0registro aprovado pela Ag\u00eancia Nacional de Vigil\u00e2ncia Sanit\u00e1ria (Anvisa) em mar\u00e7o de 2023. O processo permite a comercializa\u00e7\u00e3o do produto no Brasil, desde que mantidas as condi\u00e7\u00f5es aprovadas. Em dezembro, o Minist\u00e9rio da Sa\u00fade anunciou a incorpora\u00e7\u00e3o do insumo no Sistema \u00danico de Sa\u00fade (SUS).<br><br><\/p>\n\n\n\n<p>Na pr\u00f3xima semana, as doses come\u00e7am a ser distribu\u00eddas a 521 munic\u00edpios selecionados pelo Minist\u00e9rio da Sa\u00fade para iniciar a vacina\u00e7\u00e3o na rede p\u00fablica. As cidades comp\u00f5em um total de 37 regi\u00f5es de sa\u00fade que, segundo a pasta, s\u00e3o consideradas end\u00eamicas para a doen\u00e7a. Ser\u00e3o vacinadas crian\u00e7as e adolescentes de 10 a 14 anos de idade, faixa et\u00e1ria que concentra maior n\u00famero de hospitaliza\u00e7\u00f5es por dengue, atr\u00e1s apenas dos idosos.<br><br><\/p>\n\n\n\n<p><strong>Epidemia<\/strong><\/p>\n\n\n\n<p>O Brasil vive uma explos\u00e3o de casos de dengue que fez com que o Distrito Federal e tr\u00eas estados, al\u00e9m do munic\u00edpio do Rio de Janeiro, decretassem\u00a0situa\u00e7\u00e3o de emerg\u00eancia\u00a0por conta da doen\u00e7a. Na \u00faltima sexta-feira (3), o Minist\u00e9rio da Sa\u00fade abriu o\u00a0Centro de Opera\u00e7\u00f5es de Emerg\u00eancias (COE) contra a dengue, em Bras\u00edlia.<\/p>\n","protected":false},"excerpt":{"rendered":"<p>A farmac\u00eautica Takeda, que produz a vacina contra a dengue (Qdenga), emitiu um comunicado nesta segunda-feira (5) para informar a decis\u00e3o de priorizar o atendimento aos pedidos do\u00a0Minist\u00e9rio da Sa\u00fade no fornecimento dos imunizantes. De acordo com o comunicado, a Takeda suspendeu a assinatura de contratos diretos com estados e munic\u00edpios e vai limitar o [&hellip;]<\/p>\n","protected":false},"author":2,"featured_media":11819,"comment_status":"open","ping_status":"open","sticky":true,"template":"","format":"standard","meta":{"om_disable_all_campaigns":false,"_monsterinsights_skip_tracking":false,"_monsterinsights_sitenote_active":false,"_monsterinsights_sitenote_note":"","_monsterinsights_sitenote_category":0,"footnotes":""},"categories":[3],"tags":[],"class_list":["post-11818","post","type-post","status-publish","format-standard","has-post-thumbnail","hentry","category-saude"],"yoast_head":"<!-- This site is optimized with the Yoast SEO plugin v27.2 - https:\/\/yoast.com\/product\/yoast-seo-wordpress\/ -->\n<title>Fabricante dar\u00e1 prioridade da vacina contra dengue ao SUS - Jornal Ponto Mais<\/title>\n<meta name=\"robots\" content=\"index, follow, max-snippet:-1, max-image-preview:large, max-video-preview:-1\" \/>\n<link rel=\"canonical\" href=\"https:\/\/jornalpontomais.com\/site\/2024\/02\/07\/fabricante-dara-prioridade-da-vacina-contra-dengue-ao-sus\/\" \/>\n<meta property=\"og:locale\" content=\"pt_BR\" \/>\n<meta property=\"og:type\" content=\"article\" \/>\n<meta property=\"og:title\" content=\"Fabricante dar\u00e1 prioridade da vacina contra dengue ao SUS - Jornal Ponto Mais\" \/>\n<meta property=\"og:description\" content=\"A farmac\u00eautica Takeda, que produz a vacina contra a dengue (Qdenga), emitiu um comunicado nesta segunda-feira (5) para informar a decis\u00e3o de priorizar o atendimento aos pedidos do\u00a0Minist\u00e9rio da Sa\u00fade no fornecimento dos imunizantes. De acordo com o comunicado, a Takeda suspendeu a assinatura de contratos diretos com estados e munic\u00edpios e vai limitar o [&hellip;]\" \/>\n<meta property=\"og:url\" content=\"https:\/\/jornalpontomais.com\/site\/2024\/02\/07\/fabricante-dara-prioridade-da-vacina-contra-dengue-ao-sus\/\" \/>\n<meta property=\"og:site_name\" content=\"Jornal Ponto Mais\" \/>\n<meta property=\"article:published_time\" content=\"2024-02-07T12:29:16+00:00\" \/>\n<meta property=\"article:modified_time\" content=\"2024-02-07T12:29:18+00:00\" \/>\n<meta property=\"og:image\" content=\"https:\/\/jornalpontomais.com\/site\/wp-content\/uploads\/2024\/02\/vacina-dengue-0301-800x534_copy-1.webp\" \/>\n\t<meta property=\"og:image:width\" content=\"1170\" \/>\n\t<meta property=\"og:image:height\" content=\"700\" \/>\n\t<meta property=\"og:image:type\" content=\"image\/webp\" \/>\n<meta name=\"author\" content=\"Jornal Ponto Mais\" \/>\n<meta name=\"twitter:card\" content=\"summary_large_image\" \/>\n<meta name=\"twitter:label1\" content=\"Escrito por\" \/>\n\t<meta name=\"twitter:data1\" content=\"Jornal Ponto Mais\" \/>\n\t<meta name=\"twitter:label2\" content=\"Est. tempo de leitura\" \/>\n\t<meta name=\"twitter:data2\" content=\"4 minutos\" \/>\n<script type=\"application\/ld+json\" class=\"yoast-schema-graph\">{\"@context\":\"https:\/\/schema.org\",\"@graph\":[{\"@type\":\"Article\",\"@id\":\"https:\/\/jornalpontomais.com\/site\/2024\/02\/07\/fabricante-dara-prioridade-da-vacina-contra-dengue-ao-sus\/#article\",\"isPartOf\":{\"@id\":\"https:\/\/jornalpontomais.com\/site\/2024\/02\/07\/fabricante-dara-prioridade-da-vacina-contra-dengue-ao-sus\/\"},\"author\":{\"name\":\"Jornal Ponto Mais\",\"@id\":\"https:\/\/jornalpontomais.com\/site\/#\/schema\/person\/18323f0b0f1355f2490721c48389fe9d\"},\"headline\":\"Fabricante dar\u00e1 prioridade da vacina contra dengue ao SUS\",\"datePublished\":\"2024-02-07T12:29:16+00:00\",\"dateModified\":\"2024-02-07T12:29:18+00:00\",\"mainEntityOfPage\":{\"@id\":\"https:\/\/jornalpontomais.com\/site\/2024\/02\/07\/fabricante-dara-prioridade-da-vacina-contra-dengue-ao-sus\/\"},\"wordCount\":556,\"commentCount\":0,\"publisher\":{\"@id\":\"https:\/\/jornalpontomais.com\/site\/#organization\"},\"image\":{\"@id\":\"https:\/\/jornalpontomais.com\/site\/2024\/02\/07\/fabricante-dara-prioridade-da-vacina-contra-dengue-ao-sus\/#primaryimage\"},\"thumbnailUrl\":\"https:\/\/jornalpontomais.com\/site\/wp-content\/uploads\/2024\/02\/vacina-dengue-0301-800x534_copy-1.webp\",\"articleSection\":[\"Sa\u00fade\"],\"inLanguage\":\"pt-BR\",\"potentialAction\":[{\"@type\":\"CommentAction\",\"name\":\"Comment\",\"target\":[\"https:\/\/jornalpontomais.com\/site\/2024\/02\/07\/fabricante-dara-prioridade-da-vacina-contra-dengue-ao-sus\/#respond\"]}]},{\"@type\":\"WebPage\",\"@id\":\"https:\/\/jornalpontomais.com\/site\/2024\/02\/07\/fabricante-dara-prioridade-da-vacina-contra-dengue-ao-sus\/\",\"url\":\"https:\/\/jornalpontomais.com\/site\/2024\/02\/07\/fabricante-dara-prioridade-da-vacina-contra-dengue-ao-sus\/\",\"name\":\"Fabricante dar\u00e1 prioridade da vacina contra dengue ao SUS - Jornal Ponto Mais\",\"isPartOf\":{\"@id\":\"https:\/\/jornalpontomais.com\/site\/#website\"},\"primaryImageOfPage\":{\"@id\":\"https:\/\/jornalpontomais.com\/site\/2024\/02\/07\/fabricante-dara-prioridade-da-vacina-contra-dengue-ao-sus\/#primaryimage\"},\"image\":{\"@id\":\"https:\/\/jornalpontomais.com\/site\/2024\/02\/07\/fabricante-dara-prioridade-da-vacina-contra-dengue-ao-sus\/#primaryimage\"},\"thumbnailUrl\":\"https:\/\/jornalpontomais.com\/site\/wp-content\/uploads\/2024\/02\/vacina-dengue-0301-800x534_copy-1.webp\",\"datePublished\":\"2024-02-07T12:29:16+00:00\",\"dateModified\":\"2024-02-07T12:29:18+00:00\",\"breadcrumb\":{\"@id\":\"https:\/\/jornalpontomais.com\/site\/2024\/02\/07\/fabricante-dara-prioridade-da-vacina-contra-dengue-ao-sus\/#breadcrumb\"},\"inLanguage\":\"pt-BR\",\"potentialAction\":[{\"@type\":\"ReadAction\",\"target\":[\"https:\/\/jornalpontomais.com\/site\/2024\/02\/07\/fabricante-dara-prioridade-da-vacina-contra-dengue-ao-sus\/\"]}]},{\"@type\":\"ImageObject\",\"inLanguage\":\"pt-BR\",\"@id\":\"https:\/\/jornalpontomais.com\/site\/2024\/02\/07\/fabricante-dara-prioridade-da-vacina-contra-dengue-ao-sus\/#primaryimage\",\"url\":\"https:\/\/jornalpontomais.com\/site\/wp-content\/uploads\/2024\/02\/vacina-dengue-0301-800x534_copy-1.webp\",\"contentUrl\":\"https:\/\/jornalpontomais.com\/site\/wp-content\/uploads\/2024\/02\/vacina-dengue-0301-800x534_copy-1.webp\",\"width\":1170,\"height\":700},{\"@type\":\"BreadcrumbList\",\"@id\":\"https:\/\/jornalpontomais.com\/site\/2024\/02\/07\/fabricante-dara-prioridade-da-vacina-contra-dengue-ao-sus\/#breadcrumb\",\"itemListElement\":[{\"@type\":\"ListItem\",\"position\":1,\"name\":\"In\u00edcio\",\"item\":\"https:\/\/jornalpontomais.com\/site\/\"},{\"@type\":\"ListItem\",\"position\":2,\"name\":\"Fabricante dar\u00e1 prioridade da vacina contra dengue ao SUS\"}]},{\"@type\":\"WebSite\",\"@id\":\"https:\/\/jornalpontomais.com\/site\/#website\",\"url\":\"https:\/\/jornalpontomais.com\/site\/\",\"name\":\"Jornal Ponto Mais\",\"description\":\"As principais not\u00edcias do Brasil e do mundo. Confira!\",\"publisher\":{\"@id\":\"https:\/\/jornalpontomais.com\/site\/#organization\"},\"potentialAction\":[{\"@type\":\"SearchAction\",\"target\":{\"@type\":\"EntryPoint\",\"urlTemplate\":\"https:\/\/jornalpontomais.com\/site\/?s={search_term_string}\"},\"query-input\":{\"@type\":\"PropertyValueSpecification\",\"valueRequired\":true,\"valueName\":\"search_term_string\"}}],\"inLanguage\":\"pt-BR\"},{\"@type\":\"Organization\",\"@id\":\"https:\/\/jornalpontomais.com\/site\/#organization\",\"name\":\"Jornal Ponto+\",\"url\":\"https:\/\/jornalpontomais.com\/site\/\",\"logo\":{\"@type\":\"ImageObject\",\"inLanguage\":\"pt-BR\",\"@id\":\"https:\/\/jornalpontomais.com\/site\/#\/schema\/logo\/image\/\",\"url\":\"https:\/\/jornalpontomais.com\/site\/wp-content\/uploads\/2022\/01\/marca.png\",\"contentUrl\":\"https:\/\/jornalpontomais.com\/site\/wp-content\/uploads\/2022\/01\/marca.png\",\"width\":582,\"height\":148,\"caption\":\"Jornal Ponto+\"},\"image\":{\"@id\":\"https:\/\/jornalpontomais.com\/site\/#\/schema\/logo\/image\/\"}},{\"@type\":\"Person\",\"@id\":\"https:\/\/jornalpontomais.com\/site\/#\/schema\/person\/18323f0b0f1355f2490721c48389fe9d\",\"name\":\"Jornal Ponto Mais\",\"image\":{\"@type\":\"ImageObject\",\"inLanguage\":\"pt-BR\",\"@id\":\"https:\/\/secure.gravatar.com\/avatar\/2ee0a9b7fe10fe32bdec8bc086e871e41eb5f4f6ecbcb7b4f2fe0d92d831405f?s=96&d=mm&r=g\",\"url\":\"https:\/\/secure.gravatar.com\/avatar\/2ee0a9b7fe10fe32bdec8bc086e871e41eb5f4f6ecbcb7b4f2fe0d92d831405f?s=96&d=mm&r=g\",\"contentUrl\":\"https:\/\/secure.gravatar.com\/avatar\/2ee0a9b7fe10fe32bdec8bc086e871e41eb5f4f6ecbcb7b4f2fe0d92d831405f?s=96&d=mm&r=g\",\"caption\":\"Jornal Ponto Mais\"},\"sameAs\":[\"https:\/\/jornalpontomais.com\/site\",\"jornalpontomais\"],\"url\":\"https:\/\/jornalpontomais.com\/site\/author\/jornalpontomais\/\"}]}<\/script>\n<!-- \/ Yoast SEO plugin. -->","yoast_head_json":{"title":"Fabricante dar\u00e1 prioridade da vacina contra dengue ao SUS - Jornal Ponto Mais","robots":{"index":"index","follow":"follow","max-snippet":"max-snippet:-1","max-image-preview":"max-image-preview:large","max-video-preview":"max-video-preview:-1"},"canonical":"https:\/\/jornalpontomais.com\/site\/2024\/02\/07\/fabricante-dara-prioridade-da-vacina-contra-dengue-ao-sus\/","og_locale":"pt_BR","og_type":"article","og_title":"Fabricante dar\u00e1 prioridade da vacina contra dengue ao SUS - Jornal Ponto Mais","og_description":"A farmac\u00eautica Takeda, que produz a vacina contra a dengue (Qdenga), emitiu um comunicado nesta segunda-feira (5) para informar a decis\u00e3o de priorizar o atendimento aos pedidos do\u00a0Minist\u00e9rio da Sa\u00fade no fornecimento dos imunizantes. De acordo com o comunicado, a Takeda suspendeu a assinatura de contratos diretos com estados e munic\u00edpios e vai limitar o [&hellip;]","og_url":"https:\/\/jornalpontomais.com\/site\/2024\/02\/07\/fabricante-dara-prioridade-da-vacina-contra-dengue-ao-sus\/","og_site_name":"Jornal Ponto Mais","article_published_time":"2024-02-07T12:29:16+00:00","article_modified_time":"2024-02-07T12:29:18+00:00","og_image":[{"width":1170,"height":700,"url":"https:\/\/jornalpontomais.com\/site\/wp-content\/uploads\/2024\/02\/vacina-dengue-0301-800x534_copy-1.webp","type":"image\/webp"}],"author":"Jornal Ponto Mais","twitter_card":"summary_large_image","twitter_misc":{"Escrito por":"Jornal Ponto Mais","Est. tempo de leitura":"4 minutos"},"schema":{"@context":"https:\/\/schema.org","@graph":[{"@type":"Article","@id":"https:\/\/jornalpontomais.com\/site\/2024\/02\/07\/fabricante-dara-prioridade-da-vacina-contra-dengue-ao-sus\/#article","isPartOf":{"@id":"https:\/\/jornalpontomais.com\/site\/2024\/02\/07\/fabricante-dara-prioridade-da-vacina-contra-dengue-ao-sus\/"},"author":{"name":"Jornal Ponto Mais","@id":"https:\/\/jornalpontomais.com\/site\/#\/schema\/person\/18323f0b0f1355f2490721c48389fe9d"},"headline":"Fabricante dar\u00e1 prioridade da vacina contra dengue ao SUS","datePublished":"2024-02-07T12:29:16+00:00","dateModified":"2024-02-07T12:29:18+00:00","mainEntityOfPage":{"@id":"https:\/\/jornalpontomais.com\/site\/2024\/02\/07\/fabricante-dara-prioridade-da-vacina-contra-dengue-ao-sus\/"},"wordCount":556,"commentCount":0,"publisher":{"@id":"https:\/\/jornalpontomais.com\/site\/#organization"},"image":{"@id":"https:\/\/jornalpontomais.com\/site\/2024\/02\/07\/fabricante-dara-prioridade-da-vacina-contra-dengue-ao-sus\/#primaryimage"},"thumbnailUrl":"https:\/\/jornalpontomais.com\/site\/wp-content\/uploads\/2024\/02\/vacina-dengue-0301-800x534_copy-1.webp","articleSection":["Sa\u00fade"],"inLanguage":"pt-BR","potentialAction":[{"@type":"CommentAction","name":"Comment","target":["https:\/\/jornalpontomais.com\/site\/2024\/02\/07\/fabricante-dara-prioridade-da-vacina-contra-dengue-ao-sus\/#respond"]}]},{"@type":"WebPage","@id":"https:\/\/jornalpontomais.com\/site\/2024\/02\/07\/fabricante-dara-prioridade-da-vacina-contra-dengue-ao-sus\/","url":"https:\/\/jornalpontomais.com\/site\/2024\/02\/07\/fabricante-dara-prioridade-da-vacina-contra-dengue-ao-sus\/","name":"Fabricante dar\u00e1 prioridade da vacina contra dengue ao SUS - Jornal Ponto Mais","isPartOf":{"@id":"https:\/\/jornalpontomais.com\/site\/#website"},"primaryImageOfPage":{"@id":"https:\/\/jornalpontomais.com\/site\/2024\/02\/07\/fabricante-dara-prioridade-da-vacina-contra-dengue-ao-sus\/#primaryimage"},"image":{"@id":"https:\/\/jornalpontomais.com\/site\/2024\/02\/07\/fabricante-dara-prioridade-da-vacina-contra-dengue-ao-sus\/#primaryimage"},"thumbnailUrl":"https:\/\/jornalpontomais.com\/site\/wp-content\/uploads\/2024\/02\/vacina-dengue-0301-800x534_copy-1.webp","datePublished":"2024-02-07T12:29:16+00:00","dateModified":"2024-02-07T12:29:18+00:00","breadcrumb":{"@id":"https:\/\/jornalpontomais.com\/site\/2024\/02\/07\/fabricante-dara-prioridade-da-vacina-contra-dengue-ao-sus\/#breadcrumb"},"inLanguage":"pt-BR","potentialAction":[{"@type":"ReadAction","target":["https:\/\/jornalpontomais.com\/site\/2024\/02\/07\/fabricante-dara-prioridade-da-vacina-contra-dengue-ao-sus\/"]}]},{"@type":"ImageObject","inLanguage":"pt-BR","@id":"https:\/\/jornalpontomais.com\/site\/2024\/02\/07\/fabricante-dara-prioridade-da-vacina-contra-dengue-ao-sus\/#primaryimage","url":"https:\/\/jornalpontomais.com\/site\/wp-content\/uploads\/2024\/02\/vacina-dengue-0301-800x534_copy-1.webp","contentUrl":"https:\/\/jornalpontomais.com\/site\/wp-content\/uploads\/2024\/02\/vacina-dengue-0301-800x534_copy-1.webp","width":1170,"height":700},{"@type":"BreadcrumbList","@id":"https:\/\/jornalpontomais.com\/site\/2024\/02\/07\/fabricante-dara-prioridade-da-vacina-contra-dengue-ao-sus\/#breadcrumb","itemListElement":[{"@type":"ListItem","position":1,"name":"In\u00edcio","item":"https:\/\/jornalpontomais.com\/site\/"},{"@type":"ListItem","position":2,"name":"Fabricante dar\u00e1 prioridade da vacina contra dengue ao SUS"}]},{"@type":"WebSite","@id":"https:\/\/jornalpontomais.com\/site\/#website","url":"https:\/\/jornalpontomais.com\/site\/","name":"Jornal Ponto Mais","description":"As principais not\u00edcias do Brasil e do mundo. Confira!","publisher":{"@id":"https:\/\/jornalpontomais.com\/site\/#organization"},"potentialAction":[{"@type":"SearchAction","target":{"@type":"EntryPoint","urlTemplate":"https:\/\/jornalpontomais.com\/site\/?s={search_term_string}"},"query-input":{"@type":"PropertyValueSpecification","valueRequired":true,"valueName":"search_term_string"}}],"inLanguage":"pt-BR"},{"@type":"Organization","@id":"https:\/\/jornalpontomais.com\/site\/#organization","name":"Jornal Ponto+","url":"https:\/\/jornalpontomais.com\/site\/","logo":{"@type":"ImageObject","inLanguage":"pt-BR","@id":"https:\/\/jornalpontomais.com\/site\/#\/schema\/logo\/image\/","url":"https:\/\/jornalpontomais.com\/site\/wp-content\/uploads\/2022\/01\/marca.png","contentUrl":"https:\/\/jornalpontomais.com\/site\/wp-content\/uploads\/2022\/01\/marca.png","width":582,"height":148,"caption":"Jornal Ponto+"},"image":{"@id":"https:\/\/jornalpontomais.com\/site\/#\/schema\/logo\/image\/"}},{"@type":"Person","@id":"https:\/\/jornalpontomais.com\/site\/#\/schema\/person\/18323f0b0f1355f2490721c48389fe9d","name":"Jornal Ponto Mais","image":{"@type":"ImageObject","inLanguage":"pt-BR","@id":"https:\/\/secure.gravatar.com\/avatar\/2ee0a9b7fe10fe32bdec8bc086e871e41eb5f4f6ecbcb7b4f2fe0d92d831405f?s=96&d=mm&r=g","url":"https:\/\/secure.gravatar.com\/avatar\/2ee0a9b7fe10fe32bdec8bc086e871e41eb5f4f6ecbcb7b4f2fe0d92d831405f?s=96&d=mm&r=g","contentUrl":"https:\/\/secure.gravatar.com\/avatar\/2ee0a9b7fe10fe32bdec8bc086e871e41eb5f4f6ecbcb7b4f2fe0d92d831405f?s=96&d=mm&r=g","caption":"Jornal Ponto Mais"},"sameAs":["https:\/\/jornalpontomais.com\/site","jornalpontomais"],"url":"https:\/\/jornalpontomais.com\/site\/author\/jornalpontomais\/"}]}},"_links":{"self":[{"href":"https:\/\/jornalpontomais.com\/site\/wp-json\/wp\/v2\/posts\/11818","targetHints":{"allow":["GET"]}}],"collection":[{"href":"https:\/\/jornalpontomais.com\/site\/wp-json\/wp\/v2\/posts"}],"about":[{"href":"https:\/\/jornalpontomais.com\/site\/wp-json\/wp\/v2\/types\/post"}],"author":[{"embeddable":true,"href":"https:\/\/jornalpontomais.com\/site\/wp-json\/wp\/v2\/users\/2"}],"replies":[{"embeddable":true,"href":"https:\/\/jornalpontomais.com\/site\/wp-json\/wp\/v2\/comments?post=11818"}],"version-history":[{"count":1,"href":"https:\/\/jornalpontomais.com\/site\/wp-json\/wp\/v2\/posts\/11818\/revisions"}],"predecessor-version":[{"id":11820,"href":"https:\/\/jornalpontomais.com\/site\/wp-json\/wp\/v2\/posts\/11818\/revisions\/11820"}],"wp:featuredmedia":[{"embeddable":true,"href":"https:\/\/jornalpontomais.com\/site\/wp-json\/wp\/v2\/media\/11819"}],"wp:attachment":[{"href":"https:\/\/jornalpontomais.com\/site\/wp-json\/wp\/v2\/media?parent=11818"}],"wp:term":[{"taxonomy":"category","embeddable":true,"href":"https:\/\/jornalpontomais.com\/site\/wp-json\/wp\/v2\/categories?post=11818"},{"taxonomy":"post_tag","embeddable":true,"href":"https:\/\/jornalpontomais.com\/site\/wp-json\/wp\/v2\/tags?post=11818"}],"curies":[{"name":"wp","href":"https:\/\/api.w.org\/{rel}","templated":true}]}}