{"id":11808,"date":"2024-02-06T12:14:58","date_gmt":"2024-02-06T15:14:58","guid":{"rendered":"https:\/\/jornalpontomais.com\/site\/?p=11808"},"modified":"2024-02-06T12:15:00","modified_gmt":"2024-02-06T15:15:00","slug":"micro-e-pequenas-empresas-geraram-maioria-dos-empregos-em-2023-revela-sebrae","status":"publish","type":"post","link":"https:\/\/jornalpontomais.com\/site\/2024\/02\/06\/micro-e-pequenas-empresas-geraram-maioria-dos-empregos-em-2023-revela-sebrae\/","title":{"rendered":"Micro e Pequenas Empresas geraram maioria dos empregos em 2023, revela Sebrae"},"content":{"rendered":"\n<p>Uma an\u00e1lise conduzida pelo Servi\u00e7o Brasileiro de Apoio \u00e0s Micro e Pequenas Empresas (Sebrae), com base nos dados do Cadastro Geral de Empregados e Desempregados (Caged), revelou que as Micro E Pequenas Empresas (MPEs) desempenharam um papel fundamental na cria\u00e7\u00e3o de empregos em 2023, representando oito em cada dez novas vagas na economia brasileira.<br><br><\/p>\n\n\n\n<p>Das 1,48 milh\u00e3o de novas oportunidades de trabalho surgidas no ano passado, 1,18 milh\u00e3o foram geradas por pequenos neg\u00f3cios, correspondendo a impressionantes 80,1% do total. Esse n\u00famero contrasta com as 209,99 mil vagas, ou 14,2%, provenientes de M\u00e9dias E Grandes Empresas (MGE).<br><br><\/p>\n\n\n\n<p>Pelo terceiro ano consecutivo, as MPEs lideraram a cria\u00e7\u00e3o de empregos, com destaque para o setor de servi\u00e7os. Em 2023, este segmento foi respons\u00e1vel pela abertura de 631 mil novas vagas, enquanto as MGE contribu\u00edram com 181,87 mil empregos.<br><br><\/p>\n\n\n\n<p><em>Diversifica\u00e7\u00e3o dos Setores:<\/em><\/p>\n\n\n\n<p>Al\u00e9m do setor de servi\u00e7os, outras \u00e1reas como com\u00e9rcio e constru\u00e7\u00e3o se destacaram entre as MPEs, n\u00e3o registrando saldo negativo ao longo do ano. Por outro lado, a ind\u00fastria da transforma\u00e7\u00e3o e o com\u00e9rcio foram os principais geradores de empregos entre as MGE.<br><br><\/p>\n\n\n\n<p>Entre as atividades econ\u00f4micas em ascens\u00e3o est\u00e3o os segmentos como restaurantes, constru\u00e7\u00e3o e com\u00e9rcio varejista impulsionaram significativamente a cria\u00e7\u00e3o de empregos em 2023, evidenciando a vitalidade das MPE na economia nacional.<br><br><\/p>\n\n\n\n<p>No \u00faltimo m\u00eas do ano, o saldo entre admiss\u00f5es e demiss\u00f5es permaneceu negativo, com 430 mil vagas perdidas. Entretanto, houve uma redu\u00e7\u00e3o no n\u00famero de postos encerrados em compara\u00e7\u00e3o com o ano anterior.<br><br><\/p>\n\n\n\n<p><strong>Perspectivas futuras<\/strong><\/p>\n\n\n\n<p>O Sebrae ressaltou a import\u00e2ncia das MPE na recupera\u00e7\u00e3o econ\u00f4mica e expressou otimismo quanto \u00e0 continuidade desse cen\u00e1rio favor\u00e1vel para as pequenas empresas. Esses dados demonstram o importante papel das micro e pequenas empresas na dinamiza\u00e7\u00e3o do mercado de trabalho brasileiro, refletindo sua resili\u00eancia e capacidade de adapta\u00e7\u00e3o em meio aos desafios econ\u00f4micos.<\/p>\n","protected":false},"excerpt":{"rendered":"<p>Uma an\u00e1lise conduzida pelo Servi\u00e7o Brasileiro de Apoio \u00e0s Micro e Pequenas Empresas (Sebrae), com base nos dados do Cadastro Geral de Empregados e Desempregados (Caged), revelou que as Micro E Pequenas Empresas (MPEs) desempenharam um papel fundamental na cria\u00e7\u00e3o de empregos em 2023, representando oito em cada dez novas vagas na economia brasileira. Das [&hellip;]<\/p>\n","protected":false},"author":2,"featured_media":11809,"comment_status":"open","ping_status":"open","sticky":true,"template":"","format":"standard","meta":{"om_disable_all_campaigns":false,"_monsterinsights_skip_tracking":false,"_monsterinsights_sitenote_active":false,"_monsterinsights_sitenote_note":"","_monsterinsights_sitenote_category":0,"footnotes":""},"categories":[37],"tags":[],"class_list":["post-11808","post","type-post","status-publish","format-standard","has-post-thumbnail","hentry","category-economia"],"yoast_head":"<!-- This site is optimized with the Yoast SEO plugin v27.2 - https:\/\/yoast.com\/product\/yoast-seo-wordpress\/ -->\n<title>Micro e Pequenas Empresas geraram maioria dos empregos em 2023, revela Sebrae - Jornal Ponto Mais<\/title>\n<meta name=\"robots\" content=\"index, follow, max-snippet:-1, max-image-preview:large, max-video-preview:-1\" \/>\n<link rel=\"canonical\" href=\"https:\/\/jornalpontomais.com\/site\/2024\/02\/06\/micro-e-pequenas-empresas-geraram-maioria-dos-empregos-em-2023-revela-sebrae\/\" \/>\n<meta property=\"og:locale\" content=\"pt_BR\" \/>\n<meta property=\"og:type\" content=\"article\" \/>\n<meta property=\"og:title\" content=\"Micro e Pequenas Empresas geraram maioria dos empregos em 2023, revela Sebrae - Jornal Ponto Mais\" \/>\n<meta property=\"og:description\" content=\"Uma an\u00e1lise conduzida pelo Servi\u00e7o Brasileiro de Apoio \u00e0s Micro e Pequenas Empresas (Sebrae), com base nos dados do Cadastro Geral de Empregados e Desempregados (Caged), revelou que as Micro E Pequenas Empresas (MPEs) desempenharam um papel fundamental na cria\u00e7\u00e3o de empregos em 2023, representando oito em cada dez novas vagas na economia brasileira. Das [&hellip;]\" \/>\n<meta property=\"og:url\" content=\"https:\/\/jornalpontomais.com\/site\/2024\/02\/06\/micro-e-pequenas-empresas-geraram-maioria-dos-empregos-em-2023-revela-sebrae\/\" \/>\n<meta property=\"og:site_name\" content=\"Jornal Ponto Mais\" \/>\n<meta property=\"article:published_time\" content=\"2024-02-06T15:14:58+00:00\" \/>\n<meta property=\"article:modified_time\" content=\"2024-02-06T15:15:00+00:00\" \/>\n<meta property=\"og:image\" content=\"https:\/\/jornalpontomais.com\/site\/wp-content\/uploads\/2024\/02\/pequenas-empresas-respondem-por-8-em-cada-10-empregos-criados-em-2023.webp\" \/>\n\t<meta property=\"og:image:width\" content=\"870\" \/>\n\t<meta property=\"og:image:height\" content=\"449\" \/>\n\t<meta property=\"og:image:type\" content=\"image\/webp\" \/>\n<meta name=\"author\" content=\"Jornal Ponto Mais\" \/>\n<meta name=\"twitter:card\" content=\"summary_large_image\" \/>\n<meta name=\"twitter:label1\" content=\"Escrito por\" \/>\n\t<meta name=\"twitter:data1\" content=\"Jornal Ponto Mais\" \/>\n\t<meta name=\"twitter:label2\" content=\"Est. tempo de leitura\" \/>\n\t<meta name=\"twitter:data2\" content=\"2 minutos\" \/>\n<script type=\"application\/ld+json\" class=\"yoast-schema-graph\">{\"@context\":\"https:\/\/schema.org\",\"@graph\":[{\"@type\":\"Article\",\"@id\":\"https:\/\/jornalpontomais.com\/site\/2024\/02\/06\/micro-e-pequenas-empresas-geraram-maioria-dos-empregos-em-2023-revela-sebrae\/#article\",\"isPartOf\":{\"@id\":\"https:\/\/jornalpontomais.com\/site\/2024\/02\/06\/micro-e-pequenas-empresas-geraram-maioria-dos-empregos-em-2023-revela-sebrae\/\"},\"author\":{\"name\":\"Jornal Ponto Mais\",\"@id\":\"https:\/\/jornalpontomais.com\/site\/#\/schema\/person\/18323f0b0f1355f2490721c48389fe9d\"},\"headline\":\"Micro e Pequenas Empresas geraram maioria dos empregos em 2023, revela Sebrae\",\"datePublished\":\"2024-02-06T15:14:58+00:00\",\"dateModified\":\"2024-02-06T15:15:00+00:00\",\"mainEntityOfPage\":{\"@id\":\"https:\/\/jornalpontomais.com\/site\/2024\/02\/06\/micro-e-pequenas-empresas-geraram-maioria-dos-empregos-em-2023-revela-sebrae\/\"},\"wordCount\":341,\"commentCount\":0,\"publisher\":{\"@id\":\"https:\/\/jornalpontomais.com\/site\/#organization\"},\"image\":{\"@id\":\"https:\/\/jornalpontomais.com\/site\/2024\/02\/06\/micro-e-pequenas-empresas-geraram-maioria-dos-empregos-em-2023-revela-sebrae\/#primaryimage\"},\"thumbnailUrl\":\"https:\/\/jornalpontomais.com\/site\/wp-content\/uploads\/2024\/02\/pequenas-empresas-respondem-por-8-em-cada-10-empregos-criados-em-2023.webp\",\"articleSection\":[\"Economia\"],\"inLanguage\":\"pt-BR\",\"potentialAction\":[{\"@type\":\"CommentAction\",\"name\":\"Comment\",\"target\":[\"https:\/\/jornalpontomais.com\/site\/2024\/02\/06\/micro-e-pequenas-empresas-geraram-maioria-dos-empregos-em-2023-revela-sebrae\/#respond\"]}]},{\"@type\":\"WebPage\",\"@id\":\"https:\/\/jornalpontomais.com\/site\/2024\/02\/06\/micro-e-pequenas-empresas-geraram-maioria-dos-empregos-em-2023-revela-sebrae\/\",\"url\":\"https:\/\/jornalpontomais.com\/site\/2024\/02\/06\/micro-e-pequenas-empresas-geraram-maioria-dos-empregos-em-2023-revela-sebrae\/\",\"name\":\"Micro e Pequenas Empresas geraram maioria dos empregos em 2023, revela Sebrae - Jornal Ponto Mais\",\"isPartOf\":{\"@id\":\"https:\/\/jornalpontomais.com\/site\/#website\"},\"primaryImageOfPage\":{\"@id\":\"https:\/\/jornalpontomais.com\/site\/2024\/02\/06\/micro-e-pequenas-empresas-geraram-maioria-dos-empregos-em-2023-revela-sebrae\/#primaryimage\"},\"image\":{\"@id\":\"https:\/\/jornalpontomais.com\/site\/2024\/02\/06\/micro-e-pequenas-empresas-geraram-maioria-dos-empregos-em-2023-revela-sebrae\/#primaryimage\"},\"thumbnailUrl\":\"https:\/\/jornalpontomais.com\/site\/wp-content\/uploads\/2024\/02\/pequenas-empresas-respondem-por-8-em-cada-10-empregos-criados-em-2023.webp\",\"datePublished\":\"2024-02-06T15:14:58+00:00\",\"dateModified\":\"2024-02-06T15:15:00+00:00\",\"breadcrumb\":{\"@id\":\"https:\/\/jornalpontomais.com\/site\/2024\/02\/06\/micro-e-pequenas-empresas-geraram-maioria-dos-empregos-em-2023-revela-sebrae\/#breadcrumb\"},\"inLanguage\":\"pt-BR\",\"potentialAction\":[{\"@type\":\"ReadAction\",\"target\":[\"https:\/\/jornalpontomais.com\/site\/2024\/02\/06\/micro-e-pequenas-empresas-geraram-maioria-dos-empregos-em-2023-revela-sebrae\/\"]}]},{\"@type\":\"ImageObject\",\"inLanguage\":\"pt-BR\",\"@id\":\"https:\/\/jornalpontomais.com\/site\/2024\/02\/06\/micro-e-pequenas-empresas-geraram-maioria-dos-empregos-em-2023-revela-sebrae\/#primaryimage\",\"url\":\"https:\/\/jornalpontomais.com\/site\/wp-content\/uploads\/2024\/02\/pequenas-empresas-respondem-por-8-em-cada-10-empregos-criados-em-2023.webp\",\"contentUrl\":\"https:\/\/jornalpontomais.com\/site\/wp-content\/uploads\/2024\/02\/pequenas-empresas-respondem-por-8-em-cada-10-empregos-criados-em-2023.webp\",\"width\":870,\"height\":449},{\"@type\":\"BreadcrumbList\",\"@id\":\"https:\/\/jornalpontomais.com\/site\/2024\/02\/06\/micro-e-pequenas-empresas-geraram-maioria-dos-empregos-em-2023-revela-sebrae\/#breadcrumb\",\"itemListElement\":[{\"@type\":\"ListItem\",\"position\":1,\"name\":\"In\u00edcio\",\"item\":\"https:\/\/jornalpontomais.com\/site\/\"},{\"@type\":\"ListItem\",\"position\":2,\"name\":\"Micro e Pequenas Empresas geraram maioria dos empregos em 2023, revela Sebrae\"}]},{\"@type\":\"WebSite\",\"@id\":\"https:\/\/jornalpontomais.com\/site\/#website\",\"url\":\"https:\/\/jornalpontomais.com\/site\/\",\"name\":\"Jornal Ponto Mais\",\"description\":\"As principais not\u00edcias do Brasil e do mundo. Confira!\",\"publisher\":{\"@id\":\"https:\/\/jornalpontomais.com\/site\/#organization\"},\"potentialAction\":[{\"@type\":\"SearchAction\",\"target\":{\"@type\":\"EntryPoint\",\"urlTemplate\":\"https:\/\/jornalpontomais.com\/site\/?s={search_term_string}\"},\"query-input\":{\"@type\":\"PropertyValueSpecification\",\"valueRequired\":true,\"valueName\":\"search_term_string\"}}],\"inLanguage\":\"pt-BR\"},{\"@type\":\"Organization\",\"@id\":\"https:\/\/jornalpontomais.com\/site\/#organization\",\"name\":\"Jornal Ponto+\",\"url\":\"https:\/\/jornalpontomais.com\/site\/\",\"logo\":{\"@type\":\"ImageObject\",\"inLanguage\":\"pt-BR\",\"@id\":\"https:\/\/jornalpontomais.com\/site\/#\/schema\/logo\/image\/\",\"url\":\"https:\/\/jornalpontomais.com\/site\/wp-content\/uploads\/2022\/01\/marca.png\",\"contentUrl\":\"https:\/\/jornalpontomais.com\/site\/wp-content\/uploads\/2022\/01\/marca.png\",\"width\":582,\"height\":148,\"caption\":\"Jornal Ponto+\"},\"image\":{\"@id\":\"https:\/\/jornalpontomais.com\/site\/#\/schema\/logo\/image\/\"}},{\"@type\":\"Person\",\"@id\":\"https:\/\/jornalpontomais.com\/site\/#\/schema\/person\/18323f0b0f1355f2490721c48389fe9d\",\"name\":\"Jornal Ponto Mais\",\"image\":{\"@type\":\"ImageObject\",\"inLanguage\":\"pt-BR\",\"@id\":\"https:\/\/secure.gravatar.com\/avatar\/2ee0a9b7fe10fe32bdec8bc086e871e41eb5f4f6ecbcb7b4f2fe0d92d831405f?s=96&d=mm&r=g\",\"url\":\"https:\/\/secure.gravatar.com\/avatar\/2ee0a9b7fe10fe32bdec8bc086e871e41eb5f4f6ecbcb7b4f2fe0d92d831405f?s=96&d=mm&r=g\",\"contentUrl\":\"https:\/\/secure.gravatar.com\/avatar\/2ee0a9b7fe10fe32bdec8bc086e871e41eb5f4f6ecbcb7b4f2fe0d92d831405f?s=96&d=mm&r=g\",\"caption\":\"Jornal Ponto Mais\"},\"sameAs\":[\"https:\/\/jornalpontomais.com\/site\",\"jornalpontomais\"],\"url\":\"https:\/\/jornalpontomais.com\/site\/author\/jornalpontomais\/\"}]}<\/script>\n<!-- \/ Yoast SEO plugin. -->","yoast_head_json":{"title":"Micro e Pequenas Empresas geraram maioria dos empregos em 2023, revela Sebrae - Jornal Ponto Mais","robots":{"index":"index","follow":"follow","max-snippet":"max-snippet:-1","max-image-preview":"max-image-preview:large","max-video-preview":"max-video-preview:-1"},"canonical":"https:\/\/jornalpontomais.com\/site\/2024\/02\/06\/micro-e-pequenas-empresas-geraram-maioria-dos-empregos-em-2023-revela-sebrae\/","og_locale":"pt_BR","og_type":"article","og_title":"Micro e Pequenas Empresas geraram maioria dos empregos em 2023, revela Sebrae - Jornal Ponto Mais","og_description":"Uma an\u00e1lise conduzida pelo Servi\u00e7o Brasileiro de Apoio \u00e0s Micro e Pequenas Empresas (Sebrae), com base nos dados do Cadastro Geral de Empregados e Desempregados (Caged), revelou que as Micro E Pequenas Empresas (MPEs) desempenharam um papel fundamental na cria\u00e7\u00e3o de empregos em 2023, representando oito em cada dez novas vagas na economia brasileira. Das [&hellip;]","og_url":"https:\/\/jornalpontomais.com\/site\/2024\/02\/06\/micro-e-pequenas-empresas-geraram-maioria-dos-empregos-em-2023-revela-sebrae\/","og_site_name":"Jornal Ponto Mais","article_published_time":"2024-02-06T15:14:58+00:00","article_modified_time":"2024-02-06T15:15:00+00:00","og_image":[{"width":870,"height":449,"url":"https:\/\/jornalpontomais.com\/site\/wp-content\/uploads\/2024\/02\/pequenas-empresas-respondem-por-8-em-cada-10-empregos-criados-em-2023.webp","type":"image\/webp"}],"author":"Jornal Ponto Mais","twitter_card":"summary_large_image","twitter_misc":{"Escrito por":"Jornal Ponto Mais","Est. tempo de leitura":"2 minutos"},"schema":{"@context":"https:\/\/schema.org","@graph":[{"@type":"Article","@id":"https:\/\/jornalpontomais.com\/site\/2024\/02\/06\/micro-e-pequenas-empresas-geraram-maioria-dos-empregos-em-2023-revela-sebrae\/#article","isPartOf":{"@id":"https:\/\/jornalpontomais.com\/site\/2024\/02\/06\/micro-e-pequenas-empresas-geraram-maioria-dos-empregos-em-2023-revela-sebrae\/"},"author":{"name":"Jornal Ponto Mais","@id":"https:\/\/jornalpontomais.com\/site\/#\/schema\/person\/18323f0b0f1355f2490721c48389fe9d"},"headline":"Micro e Pequenas Empresas geraram maioria dos empregos em 2023, revela Sebrae","datePublished":"2024-02-06T15:14:58+00:00","dateModified":"2024-02-06T15:15:00+00:00","mainEntityOfPage":{"@id":"https:\/\/jornalpontomais.com\/site\/2024\/02\/06\/micro-e-pequenas-empresas-geraram-maioria-dos-empregos-em-2023-revela-sebrae\/"},"wordCount":341,"commentCount":0,"publisher":{"@id":"https:\/\/jornalpontomais.com\/site\/#organization"},"image":{"@id":"https:\/\/jornalpontomais.com\/site\/2024\/02\/06\/micro-e-pequenas-empresas-geraram-maioria-dos-empregos-em-2023-revela-sebrae\/#primaryimage"},"thumbnailUrl":"https:\/\/jornalpontomais.com\/site\/wp-content\/uploads\/2024\/02\/pequenas-empresas-respondem-por-8-em-cada-10-empregos-criados-em-2023.webp","articleSection":["Economia"],"inLanguage":"pt-BR","potentialAction":[{"@type":"CommentAction","name":"Comment","target":["https:\/\/jornalpontomais.com\/site\/2024\/02\/06\/micro-e-pequenas-empresas-geraram-maioria-dos-empregos-em-2023-revela-sebrae\/#respond"]}]},{"@type":"WebPage","@id":"https:\/\/jornalpontomais.com\/site\/2024\/02\/06\/micro-e-pequenas-empresas-geraram-maioria-dos-empregos-em-2023-revela-sebrae\/","url":"https:\/\/jornalpontomais.com\/site\/2024\/02\/06\/micro-e-pequenas-empresas-geraram-maioria-dos-empregos-em-2023-revela-sebrae\/","name":"Micro e Pequenas Empresas geraram maioria dos empregos em 2023, revela Sebrae - Jornal Ponto Mais","isPartOf":{"@id":"https:\/\/jornalpontomais.com\/site\/#website"},"primaryImageOfPage":{"@id":"https:\/\/jornalpontomais.com\/site\/2024\/02\/06\/micro-e-pequenas-empresas-geraram-maioria-dos-empregos-em-2023-revela-sebrae\/#primaryimage"},"image":{"@id":"https:\/\/jornalpontomais.com\/site\/2024\/02\/06\/micro-e-pequenas-empresas-geraram-maioria-dos-empregos-em-2023-revela-sebrae\/#primaryimage"},"thumbnailUrl":"https:\/\/jornalpontomais.com\/site\/wp-content\/uploads\/2024\/02\/pequenas-empresas-respondem-por-8-em-cada-10-empregos-criados-em-2023.webp","datePublished":"2024-02-06T15:14:58+00:00","dateModified":"2024-02-06T15:15:00+00:00","breadcrumb":{"@id":"https:\/\/jornalpontomais.com\/site\/2024\/02\/06\/micro-e-pequenas-empresas-geraram-maioria-dos-empregos-em-2023-revela-sebrae\/#breadcrumb"},"inLanguage":"pt-BR","potentialAction":[{"@type":"ReadAction","target":["https:\/\/jornalpontomais.com\/site\/2024\/02\/06\/micro-e-pequenas-empresas-geraram-maioria-dos-empregos-em-2023-revela-sebrae\/"]}]},{"@type":"ImageObject","inLanguage":"pt-BR","@id":"https:\/\/jornalpontomais.com\/site\/2024\/02\/06\/micro-e-pequenas-empresas-geraram-maioria-dos-empregos-em-2023-revela-sebrae\/#primaryimage","url":"https:\/\/jornalpontomais.com\/site\/wp-content\/uploads\/2024\/02\/pequenas-empresas-respondem-por-8-em-cada-10-empregos-criados-em-2023.webp","contentUrl":"https:\/\/jornalpontomais.com\/site\/wp-content\/uploads\/2024\/02\/pequenas-empresas-respondem-por-8-em-cada-10-empregos-criados-em-2023.webp","width":870,"height":449},{"@type":"BreadcrumbList","@id":"https:\/\/jornalpontomais.com\/site\/2024\/02\/06\/micro-e-pequenas-empresas-geraram-maioria-dos-empregos-em-2023-revela-sebrae\/#breadcrumb","itemListElement":[{"@type":"ListItem","position":1,"name":"In\u00edcio","item":"https:\/\/jornalpontomais.com\/site\/"},{"@type":"ListItem","position":2,"name":"Micro e Pequenas Empresas geraram maioria dos empregos em 2023, revela Sebrae"}]},{"@type":"WebSite","@id":"https:\/\/jornalpontomais.com\/site\/#website","url":"https:\/\/jornalpontomais.com\/site\/","name":"Jornal Ponto Mais","description":"As principais not\u00edcias do Brasil e do mundo. Confira!","publisher":{"@id":"https:\/\/jornalpontomais.com\/site\/#organization"},"potentialAction":[{"@type":"SearchAction","target":{"@type":"EntryPoint","urlTemplate":"https:\/\/jornalpontomais.com\/site\/?s={search_term_string}"},"query-input":{"@type":"PropertyValueSpecification","valueRequired":true,"valueName":"search_term_string"}}],"inLanguage":"pt-BR"},{"@type":"Organization","@id":"https:\/\/jornalpontomais.com\/site\/#organization","name":"Jornal Ponto+","url":"https:\/\/jornalpontomais.com\/site\/","logo":{"@type":"ImageObject","inLanguage":"pt-BR","@id":"https:\/\/jornalpontomais.com\/site\/#\/schema\/logo\/image\/","url":"https:\/\/jornalpontomais.com\/site\/wp-content\/uploads\/2022\/01\/marca.png","contentUrl":"https:\/\/jornalpontomais.com\/site\/wp-content\/uploads\/2022\/01\/marca.png","width":582,"height":148,"caption":"Jornal Ponto+"},"image":{"@id":"https:\/\/jornalpontomais.com\/site\/#\/schema\/logo\/image\/"}},{"@type":"Person","@id":"https:\/\/jornalpontomais.com\/site\/#\/schema\/person\/18323f0b0f1355f2490721c48389fe9d","name":"Jornal Ponto Mais","image":{"@type":"ImageObject","inLanguage":"pt-BR","@id":"https:\/\/secure.gravatar.com\/avatar\/2ee0a9b7fe10fe32bdec8bc086e871e41eb5f4f6ecbcb7b4f2fe0d92d831405f?s=96&d=mm&r=g","url":"https:\/\/secure.gravatar.com\/avatar\/2ee0a9b7fe10fe32bdec8bc086e871e41eb5f4f6ecbcb7b4f2fe0d92d831405f?s=96&d=mm&r=g","contentUrl":"https:\/\/secure.gravatar.com\/avatar\/2ee0a9b7fe10fe32bdec8bc086e871e41eb5f4f6ecbcb7b4f2fe0d92d831405f?s=96&d=mm&r=g","caption":"Jornal Ponto Mais"},"sameAs":["https:\/\/jornalpontomais.com\/site","jornalpontomais"],"url":"https:\/\/jornalpontomais.com\/site\/author\/jornalpontomais\/"}]}},"_links":{"self":[{"href":"https:\/\/jornalpontomais.com\/site\/wp-json\/wp\/v2\/posts\/11808","targetHints":{"allow":["GET"]}}],"collection":[{"href":"https:\/\/jornalpontomais.com\/site\/wp-json\/wp\/v2\/posts"}],"about":[{"href":"https:\/\/jornalpontomais.com\/site\/wp-json\/wp\/v2\/types\/post"}],"author":[{"embeddable":true,"href":"https:\/\/jornalpontomais.com\/site\/wp-json\/wp\/v2\/users\/2"}],"replies":[{"embeddable":true,"href":"https:\/\/jornalpontomais.com\/site\/wp-json\/wp\/v2\/comments?post=11808"}],"version-history":[{"count":1,"href":"https:\/\/jornalpontomais.com\/site\/wp-json\/wp\/v2\/posts\/11808\/revisions"}],"predecessor-version":[{"id":11810,"href":"https:\/\/jornalpontomais.com\/site\/wp-json\/wp\/v2\/posts\/11808\/revisions\/11810"}],"wp:featuredmedia":[{"embeddable":true,"href":"https:\/\/jornalpontomais.com\/site\/wp-json\/wp\/v2\/media\/11809"}],"wp:attachment":[{"href":"https:\/\/jornalpontomais.com\/site\/wp-json\/wp\/v2\/media?parent=11808"}],"wp:term":[{"taxonomy":"category","embeddable":true,"href":"https:\/\/jornalpontomais.com\/site\/wp-json\/wp\/v2\/categories?post=11808"},{"taxonomy":"post_tag","embeddable":true,"href":"https:\/\/jornalpontomais.com\/site\/wp-json\/wp\/v2\/tags?post=11808"}],"curies":[{"name":"wp","href":"https:\/\/api.w.org\/{rel}","templated":true}]}}