{"id":11805,"date":"2024-02-06T11:56:01","date_gmt":"2024-02-06T14:56:01","guid":{"rendered":"https:\/\/jornalpontomais.com\/site\/?p=11805"},"modified":"2024-02-06T11:56:02","modified_gmt":"2024-02-06T14:56:02","slug":"infarto-do-miocardio-pode-desencadear-o-declinio-cognitivo","status":"publish","type":"post","link":"https:\/\/jornalpontomais.com\/site\/2024\/02\/06\/infarto-do-miocardio-pode-desencadear-o-declinio-cognitivo\/","title":{"rendered":"Infarto do mioc\u00e1rdio pode desencadear o decl\u00ednio cognitivo"},"content":{"rendered":"\n<p>Uma pesquisa abrangente investigou a rela\u00e7\u00e3o entre infarto do mioc\u00e1rdio (IM) e cogni\u00e7\u00e3o, imediatamente ap\u00f3s o evento e nos anos subsequentes. O estudo, com uma coorte de 30.465 adultos sem hist\u00f3rico de IM, acidente vascular cerebral (AVC) ou dem\u00eancia, revelou resultados intrigantes.<br><br><\/p>\n\n\n\n<p>Os pesquisadores constataram que, globalmente, n\u00e3o houve associa\u00e7\u00e3o entre IM e diminui\u00e7\u00e3o aguda na cogni\u00e7\u00e3o, mem\u00f3ria ou fun\u00e7\u00e3o executiva no momento do evento em compara\u00e7\u00e3o com aqueles sem IM. No entanto, ao analisar os anos ap\u00f3s o evento, observou-se um decl\u00ednio significativamente mais r\u00e1pido na cogni\u00e7\u00e3o, mem\u00f3ria e fun\u00e7\u00e3o executiva em adultos que haviam sofrido um IM em compara\u00e7\u00e3o com aqueles sem hist\u00f3rico dessa condi\u00e7\u00e3o.<br><br><\/p>\n\n\n\n<p>Essas descobertas sugerem que a preven\u00e7\u00e3o de ataques card\u00edacos pode ser crucial n\u00e3o apenas para a sa\u00fade card\u00edaca, mas tamb\u00e9m para a sa\u00fade cerebral a longo prazo. Embora o impacto agudo de um infarto do mioc\u00e1rdio na cogni\u00e7\u00e3o possa ser limitado, a pesquisa destaca os efeitos prejudiciais a longo prazo sobre as fun\u00e7\u00f5es cognitivas.<br><br><\/p>\n\n\n\n<p>O estudo envolveu uma an\u00e1lise de dados de v\u00e1rias coortes populacionais nos Estados Unidos, e os resultados alertam para a import\u00e2ncia de abordar fatores de risco cardiovasculares para proteger tanto o cora\u00e7\u00e3o quanto o c\u00e9rebro.<br><br><\/p>\n\n\n\n<p>Mais pesquisas s\u00e3o necess\u00e1rias para compreender completamente os mecanismos subjacentes a essa rela\u00e7\u00e3o e desenvolver estrat\u00e9gias de preven\u00e7\u00e3o mais eficazes para manter a sa\u00fade cognitiva em pessoas que vivenciaram um infarto do mioc\u00e1rdio.<\/p>\n","protected":false},"excerpt":{"rendered":"<p>Uma pesquisa abrangente investigou a rela\u00e7\u00e3o entre infarto do mioc\u00e1rdio (IM) e cogni\u00e7\u00e3o, imediatamente ap\u00f3s o evento e nos anos subsequentes. O estudo, com uma coorte de 30.465 adultos sem hist\u00f3rico de IM, acidente vascular cerebral (AVC) ou dem\u00eancia, revelou resultados intrigantes. Os pesquisadores constataram que, globalmente, n\u00e3o houve associa\u00e7\u00e3o entre IM e diminui\u00e7\u00e3o aguda [&hellip;]<\/p>\n","protected":false},"author":2,"featured_media":11806,"comment_status":"open","ping_status":"open","sticky":true,"template":"","format":"standard","meta":{"om_disable_all_campaigns":false,"_monsterinsights_skip_tracking":false,"_monsterinsights_sitenote_active":false,"_monsterinsights_sitenote_note":"","_monsterinsights_sitenote_category":0,"footnotes":""},"categories":[3],"tags":[],"class_list":["post-11805","post","type-post","status-publish","format-standard","has-post-thumbnail","hentry","category-saude"],"yoast_head":"<!-- This site is optimized with the Yoast SEO plugin v27.2 - https:\/\/yoast.com\/product\/yoast-seo-wordpress\/ -->\n<title>Infarto do mioc\u00e1rdio pode desencadear o decl\u00ednio cognitivo - Jornal Ponto Mais<\/title>\n<meta name=\"robots\" content=\"index, follow, max-snippet:-1, max-image-preview:large, max-video-preview:-1\" \/>\n<link rel=\"canonical\" href=\"https:\/\/jornalpontomais.com\/site\/2024\/02\/06\/infarto-do-miocardio-pode-desencadear-o-declinio-cognitivo\/\" \/>\n<meta property=\"og:locale\" content=\"pt_BR\" \/>\n<meta property=\"og:type\" content=\"article\" \/>\n<meta property=\"og:title\" content=\"Infarto do mioc\u00e1rdio pode desencadear o decl\u00ednio cognitivo - Jornal Ponto Mais\" \/>\n<meta property=\"og:description\" content=\"Uma pesquisa abrangente investigou a rela\u00e7\u00e3o entre infarto do mioc\u00e1rdio (IM) e cogni\u00e7\u00e3o, imediatamente ap\u00f3s o evento e nos anos subsequentes. O estudo, com uma coorte de 30.465 adultos sem hist\u00f3rico de IM, acidente vascular cerebral (AVC) ou dem\u00eancia, revelou resultados intrigantes. Os pesquisadores constataram que, globalmente, n\u00e3o houve associa\u00e7\u00e3o entre IM e diminui\u00e7\u00e3o aguda [&hellip;]\" \/>\n<meta property=\"og:url\" content=\"https:\/\/jornalpontomais.com\/site\/2024\/02\/06\/infarto-do-miocardio-pode-desencadear-o-declinio-cognitivo\/\" \/>\n<meta property=\"og:site_name\" content=\"Jornal Ponto Mais\" \/>\n<meta property=\"article:published_time\" content=\"2024-02-06T14:56:01+00:00\" \/>\n<meta property=\"article:modified_time\" content=\"2024-02-06T14:56:02+00:00\" \/>\n<meta property=\"og:image\" content=\"https:\/\/jornalpontomais.com\/site\/wp-content\/uploads\/2024\/02\/infarto-fulminante-causas.webp\" \/>\n\t<meta property=\"og:image:width\" content=\"620\" \/>\n\t<meta property=\"og:image:height\" content=\"349\" \/>\n\t<meta property=\"og:image:type\" content=\"image\/webp\" \/>\n<meta name=\"author\" content=\"Jornal Ponto Mais\" \/>\n<meta name=\"twitter:card\" content=\"summary_large_image\" \/>\n<meta name=\"twitter:label1\" content=\"Escrito por\" \/>\n\t<meta name=\"twitter:data1\" content=\"Jornal Ponto Mais\" \/>\n\t<meta name=\"twitter:label2\" content=\"Est. tempo de leitura\" \/>\n\t<meta name=\"twitter:data2\" content=\"2 minutos\" \/>\n<script type=\"application\/ld+json\" class=\"yoast-schema-graph\">{\"@context\":\"https:\/\/schema.org\",\"@graph\":[{\"@type\":\"Article\",\"@id\":\"https:\/\/jornalpontomais.com\/site\/2024\/02\/06\/infarto-do-miocardio-pode-desencadear-o-declinio-cognitivo\/#article\",\"isPartOf\":{\"@id\":\"https:\/\/jornalpontomais.com\/site\/2024\/02\/06\/infarto-do-miocardio-pode-desencadear-o-declinio-cognitivo\/\"},\"author\":{\"name\":\"Jornal Ponto Mais\",\"@id\":\"https:\/\/jornalpontomais.com\/site\/#\/schema\/person\/18323f0b0f1355f2490721c48389fe9d\"},\"headline\":\"Infarto do mioc\u00e1rdio pode desencadear o decl\u00ednio cognitivo\",\"datePublished\":\"2024-02-06T14:56:01+00:00\",\"dateModified\":\"2024-02-06T14:56:02+00:00\",\"mainEntityOfPage\":{\"@id\":\"https:\/\/jornalpontomais.com\/site\/2024\/02\/06\/infarto-do-miocardio-pode-desencadear-o-declinio-cognitivo\/\"},\"wordCount\":282,\"commentCount\":0,\"publisher\":{\"@id\":\"https:\/\/jornalpontomais.com\/site\/#organization\"},\"image\":{\"@id\":\"https:\/\/jornalpontomais.com\/site\/2024\/02\/06\/infarto-do-miocardio-pode-desencadear-o-declinio-cognitivo\/#primaryimage\"},\"thumbnailUrl\":\"https:\/\/jornalpontomais.com\/site\/wp-content\/uploads\/2024\/02\/infarto-fulminante-causas.webp\",\"articleSection\":[\"Sa\u00fade\"],\"inLanguage\":\"pt-BR\",\"potentialAction\":[{\"@type\":\"CommentAction\",\"name\":\"Comment\",\"target\":[\"https:\/\/jornalpontomais.com\/site\/2024\/02\/06\/infarto-do-miocardio-pode-desencadear-o-declinio-cognitivo\/#respond\"]}]},{\"@type\":\"WebPage\",\"@id\":\"https:\/\/jornalpontomais.com\/site\/2024\/02\/06\/infarto-do-miocardio-pode-desencadear-o-declinio-cognitivo\/\",\"url\":\"https:\/\/jornalpontomais.com\/site\/2024\/02\/06\/infarto-do-miocardio-pode-desencadear-o-declinio-cognitivo\/\",\"name\":\"Infarto do mioc\u00e1rdio pode desencadear o decl\u00ednio cognitivo - Jornal Ponto Mais\",\"isPartOf\":{\"@id\":\"https:\/\/jornalpontomais.com\/site\/#website\"},\"primaryImageOfPage\":{\"@id\":\"https:\/\/jornalpontomais.com\/site\/2024\/02\/06\/infarto-do-miocardio-pode-desencadear-o-declinio-cognitivo\/#primaryimage\"},\"image\":{\"@id\":\"https:\/\/jornalpontomais.com\/site\/2024\/02\/06\/infarto-do-miocardio-pode-desencadear-o-declinio-cognitivo\/#primaryimage\"},\"thumbnailUrl\":\"https:\/\/jornalpontomais.com\/site\/wp-content\/uploads\/2024\/02\/infarto-fulminante-causas.webp\",\"datePublished\":\"2024-02-06T14:56:01+00:00\",\"dateModified\":\"2024-02-06T14:56:02+00:00\",\"breadcrumb\":{\"@id\":\"https:\/\/jornalpontomais.com\/site\/2024\/02\/06\/infarto-do-miocardio-pode-desencadear-o-declinio-cognitivo\/#breadcrumb\"},\"inLanguage\":\"pt-BR\",\"potentialAction\":[{\"@type\":\"ReadAction\",\"target\":[\"https:\/\/jornalpontomais.com\/site\/2024\/02\/06\/infarto-do-miocardio-pode-desencadear-o-declinio-cognitivo\/\"]}]},{\"@type\":\"ImageObject\",\"inLanguage\":\"pt-BR\",\"@id\":\"https:\/\/jornalpontomais.com\/site\/2024\/02\/06\/infarto-do-miocardio-pode-desencadear-o-declinio-cognitivo\/#primaryimage\",\"url\":\"https:\/\/jornalpontomais.com\/site\/wp-content\/uploads\/2024\/02\/infarto-fulminante-causas.webp\",\"contentUrl\":\"https:\/\/jornalpontomais.com\/site\/wp-content\/uploads\/2024\/02\/infarto-fulminante-causas.webp\",\"width\":620,\"height\":349},{\"@type\":\"BreadcrumbList\",\"@id\":\"https:\/\/jornalpontomais.com\/site\/2024\/02\/06\/infarto-do-miocardio-pode-desencadear-o-declinio-cognitivo\/#breadcrumb\",\"itemListElement\":[{\"@type\":\"ListItem\",\"position\":1,\"name\":\"In\u00edcio\",\"item\":\"https:\/\/jornalpontomais.com\/site\/\"},{\"@type\":\"ListItem\",\"position\":2,\"name\":\"Infarto do mioc\u00e1rdio pode desencadear o decl\u00ednio cognitivo\"}]},{\"@type\":\"WebSite\",\"@id\":\"https:\/\/jornalpontomais.com\/site\/#website\",\"url\":\"https:\/\/jornalpontomais.com\/site\/\",\"name\":\"Jornal Ponto Mais\",\"description\":\"As principais not\u00edcias do Brasil e do mundo. Confira!\",\"publisher\":{\"@id\":\"https:\/\/jornalpontomais.com\/site\/#organization\"},\"potentialAction\":[{\"@type\":\"SearchAction\",\"target\":{\"@type\":\"EntryPoint\",\"urlTemplate\":\"https:\/\/jornalpontomais.com\/site\/?s={search_term_string}\"},\"query-input\":{\"@type\":\"PropertyValueSpecification\",\"valueRequired\":true,\"valueName\":\"search_term_string\"}}],\"inLanguage\":\"pt-BR\"},{\"@type\":\"Organization\",\"@id\":\"https:\/\/jornalpontomais.com\/site\/#organization\",\"name\":\"Jornal Ponto+\",\"url\":\"https:\/\/jornalpontomais.com\/site\/\",\"logo\":{\"@type\":\"ImageObject\",\"inLanguage\":\"pt-BR\",\"@id\":\"https:\/\/jornalpontomais.com\/site\/#\/schema\/logo\/image\/\",\"url\":\"https:\/\/jornalpontomais.com\/site\/wp-content\/uploads\/2022\/01\/marca.png\",\"contentUrl\":\"https:\/\/jornalpontomais.com\/site\/wp-content\/uploads\/2022\/01\/marca.png\",\"width\":582,\"height\":148,\"caption\":\"Jornal Ponto+\"},\"image\":{\"@id\":\"https:\/\/jornalpontomais.com\/site\/#\/schema\/logo\/image\/\"}},{\"@type\":\"Person\",\"@id\":\"https:\/\/jornalpontomais.com\/site\/#\/schema\/person\/18323f0b0f1355f2490721c48389fe9d\",\"name\":\"Jornal Ponto Mais\",\"image\":{\"@type\":\"ImageObject\",\"inLanguage\":\"pt-BR\",\"@id\":\"https:\/\/secure.gravatar.com\/avatar\/2ee0a9b7fe10fe32bdec8bc086e871e41eb5f4f6ecbcb7b4f2fe0d92d831405f?s=96&d=mm&r=g\",\"url\":\"https:\/\/secure.gravatar.com\/avatar\/2ee0a9b7fe10fe32bdec8bc086e871e41eb5f4f6ecbcb7b4f2fe0d92d831405f?s=96&d=mm&r=g\",\"contentUrl\":\"https:\/\/secure.gravatar.com\/avatar\/2ee0a9b7fe10fe32bdec8bc086e871e41eb5f4f6ecbcb7b4f2fe0d92d831405f?s=96&d=mm&r=g\",\"caption\":\"Jornal Ponto Mais\"},\"sameAs\":[\"https:\/\/jornalpontomais.com\/site\",\"jornalpontomais\"],\"url\":\"https:\/\/jornalpontomais.com\/site\/author\/jornalpontomais\/\"}]}<\/script>\n<!-- \/ Yoast SEO plugin. -->","yoast_head_json":{"title":"Infarto do mioc\u00e1rdio pode desencadear o decl\u00ednio cognitivo - Jornal Ponto Mais","robots":{"index":"index","follow":"follow","max-snippet":"max-snippet:-1","max-image-preview":"max-image-preview:large","max-video-preview":"max-video-preview:-1"},"canonical":"https:\/\/jornalpontomais.com\/site\/2024\/02\/06\/infarto-do-miocardio-pode-desencadear-o-declinio-cognitivo\/","og_locale":"pt_BR","og_type":"article","og_title":"Infarto do mioc\u00e1rdio pode desencadear o decl\u00ednio cognitivo - Jornal Ponto Mais","og_description":"Uma pesquisa abrangente investigou a rela\u00e7\u00e3o entre infarto do mioc\u00e1rdio (IM) e cogni\u00e7\u00e3o, imediatamente ap\u00f3s o evento e nos anos subsequentes. O estudo, com uma coorte de 30.465 adultos sem hist\u00f3rico de IM, acidente vascular cerebral (AVC) ou dem\u00eancia, revelou resultados intrigantes. Os pesquisadores constataram que, globalmente, n\u00e3o houve associa\u00e7\u00e3o entre IM e diminui\u00e7\u00e3o aguda [&hellip;]","og_url":"https:\/\/jornalpontomais.com\/site\/2024\/02\/06\/infarto-do-miocardio-pode-desencadear-o-declinio-cognitivo\/","og_site_name":"Jornal Ponto Mais","article_published_time":"2024-02-06T14:56:01+00:00","article_modified_time":"2024-02-06T14:56:02+00:00","og_image":[{"width":620,"height":349,"url":"https:\/\/jornalpontomais.com\/site\/wp-content\/uploads\/2024\/02\/infarto-fulminante-causas.webp","type":"image\/webp"}],"author":"Jornal Ponto Mais","twitter_card":"summary_large_image","twitter_misc":{"Escrito por":"Jornal Ponto Mais","Est. tempo de leitura":"2 minutos"},"schema":{"@context":"https:\/\/schema.org","@graph":[{"@type":"Article","@id":"https:\/\/jornalpontomais.com\/site\/2024\/02\/06\/infarto-do-miocardio-pode-desencadear-o-declinio-cognitivo\/#article","isPartOf":{"@id":"https:\/\/jornalpontomais.com\/site\/2024\/02\/06\/infarto-do-miocardio-pode-desencadear-o-declinio-cognitivo\/"},"author":{"name":"Jornal Ponto Mais","@id":"https:\/\/jornalpontomais.com\/site\/#\/schema\/person\/18323f0b0f1355f2490721c48389fe9d"},"headline":"Infarto do mioc\u00e1rdio pode desencadear o decl\u00ednio cognitivo","datePublished":"2024-02-06T14:56:01+00:00","dateModified":"2024-02-06T14:56:02+00:00","mainEntityOfPage":{"@id":"https:\/\/jornalpontomais.com\/site\/2024\/02\/06\/infarto-do-miocardio-pode-desencadear-o-declinio-cognitivo\/"},"wordCount":282,"commentCount":0,"publisher":{"@id":"https:\/\/jornalpontomais.com\/site\/#organization"},"image":{"@id":"https:\/\/jornalpontomais.com\/site\/2024\/02\/06\/infarto-do-miocardio-pode-desencadear-o-declinio-cognitivo\/#primaryimage"},"thumbnailUrl":"https:\/\/jornalpontomais.com\/site\/wp-content\/uploads\/2024\/02\/infarto-fulminante-causas.webp","articleSection":["Sa\u00fade"],"inLanguage":"pt-BR","potentialAction":[{"@type":"CommentAction","name":"Comment","target":["https:\/\/jornalpontomais.com\/site\/2024\/02\/06\/infarto-do-miocardio-pode-desencadear-o-declinio-cognitivo\/#respond"]}]},{"@type":"WebPage","@id":"https:\/\/jornalpontomais.com\/site\/2024\/02\/06\/infarto-do-miocardio-pode-desencadear-o-declinio-cognitivo\/","url":"https:\/\/jornalpontomais.com\/site\/2024\/02\/06\/infarto-do-miocardio-pode-desencadear-o-declinio-cognitivo\/","name":"Infarto do mioc\u00e1rdio pode desencadear o decl\u00ednio cognitivo - Jornal Ponto Mais","isPartOf":{"@id":"https:\/\/jornalpontomais.com\/site\/#website"},"primaryImageOfPage":{"@id":"https:\/\/jornalpontomais.com\/site\/2024\/02\/06\/infarto-do-miocardio-pode-desencadear-o-declinio-cognitivo\/#primaryimage"},"image":{"@id":"https:\/\/jornalpontomais.com\/site\/2024\/02\/06\/infarto-do-miocardio-pode-desencadear-o-declinio-cognitivo\/#primaryimage"},"thumbnailUrl":"https:\/\/jornalpontomais.com\/site\/wp-content\/uploads\/2024\/02\/infarto-fulminante-causas.webp","datePublished":"2024-02-06T14:56:01+00:00","dateModified":"2024-02-06T14:56:02+00:00","breadcrumb":{"@id":"https:\/\/jornalpontomais.com\/site\/2024\/02\/06\/infarto-do-miocardio-pode-desencadear-o-declinio-cognitivo\/#breadcrumb"},"inLanguage":"pt-BR","potentialAction":[{"@type":"ReadAction","target":["https:\/\/jornalpontomais.com\/site\/2024\/02\/06\/infarto-do-miocardio-pode-desencadear-o-declinio-cognitivo\/"]}]},{"@type":"ImageObject","inLanguage":"pt-BR","@id":"https:\/\/jornalpontomais.com\/site\/2024\/02\/06\/infarto-do-miocardio-pode-desencadear-o-declinio-cognitivo\/#primaryimage","url":"https:\/\/jornalpontomais.com\/site\/wp-content\/uploads\/2024\/02\/infarto-fulminante-causas.webp","contentUrl":"https:\/\/jornalpontomais.com\/site\/wp-content\/uploads\/2024\/02\/infarto-fulminante-causas.webp","width":620,"height":349},{"@type":"BreadcrumbList","@id":"https:\/\/jornalpontomais.com\/site\/2024\/02\/06\/infarto-do-miocardio-pode-desencadear-o-declinio-cognitivo\/#breadcrumb","itemListElement":[{"@type":"ListItem","position":1,"name":"In\u00edcio","item":"https:\/\/jornalpontomais.com\/site\/"},{"@type":"ListItem","position":2,"name":"Infarto do mioc\u00e1rdio pode desencadear o decl\u00ednio cognitivo"}]},{"@type":"WebSite","@id":"https:\/\/jornalpontomais.com\/site\/#website","url":"https:\/\/jornalpontomais.com\/site\/","name":"Jornal Ponto Mais","description":"As principais not\u00edcias do Brasil e do mundo. Confira!","publisher":{"@id":"https:\/\/jornalpontomais.com\/site\/#organization"},"potentialAction":[{"@type":"SearchAction","target":{"@type":"EntryPoint","urlTemplate":"https:\/\/jornalpontomais.com\/site\/?s={search_term_string}"},"query-input":{"@type":"PropertyValueSpecification","valueRequired":true,"valueName":"search_term_string"}}],"inLanguage":"pt-BR"},{"@type":"Organization","@id":"https:\/\/jornalpontomais.com\/site\/#organization","name":"Jornal Ponto+","url":"https:\/\/jornalpontomais.com\/site\/","logo":{"@type":"ImageObject","inLanguage":"pt-BR","@id":"https:\/\/jornalpontomais.com\/site\/#\/schema\/logo\/image\/","url":"https:\/\/jornalpontomais.com\/site\/wp-content\/uploads\/2022\/01\/marca.png","contentUrl":"https:\/\/jornalpontomais.com\/site\/wp-content\/uploads\/2022\/01\/marca.png","width":582,"height":148,"caption":"Jornal Ponto+"},"image":{"@id":"https:\/\/jornalpontomais.com\/site\/#\/schema\/logo\/image\/"}},{"@type":"Person","@id":"https:\/\/jornalpontomais.com\/site\/#\/schema\/person\/18323f0b0f1355f2490721c48389fe9d","name":"Jornal Ponto Mais","image":{"@type":"ImageObject","inLanguage":"pt-BR","@id":"https:\/\/secure.gravatar.com\/avatar\/2ee0a9b7fe10fe32bdec8bc086e871e41eb5f4f6ecbcb7b4f2fe0d92d831405f?s=96&d=mm&r=g","url":"https:\/\/secure.gravatar.com\/avatar\/2ee0a9b7fe10fe32bdec8bc086e871e41eb5f4f6ecbcb7b4f2fe0d92d831405f?s=96&d=mm&r=g","contentUrl":"https:\/\/secure.gravatar.com\/avatar\/2ee0a9b7fe10fe32bdec8bc086e871e41eb5f4f6ecbcb7b4f2fe0d92d831405f?s=96&d=mm&r=g","caption":"Jornal Ponto Mais"},"sameAs":["https:\/\/jornalpontomais.com\/site","jornalpontomais"],"url":"https:\/\/jornalpontomais.com\/site\/author\/jornalpontomais\/"}]}},"_links":{"self":[{"href":"https:\/\/jornalpontomais.com\/site\/wp-json\/wp\/v2\/posts\/11805","targetHints":{"allow":["GET"]}}],"collection":[{"href":"https:\/\/jornalpontomais.com\/site\/wp-json\/wp\/v2\/posts"}],"about":[{"href":"https:\/\/jornalpontomais.com\/site\/wp-json\/wp\/v2\/types\/post"}],"author":[{"embeddable":true,"href":"https:\/\/jornalpontomais.com\/site\/wp-json\/wp\/v2\/users\/2"}],"replies":[{"embeddable":true,"href":"https:\/\/jornalpontomais.com\/site\/wp-json\/wp\/v2\/comments?post=11805"}],"version-history":[{"count":1,"href":"https:\/\/jornalpontomais.com\/site\/wp-json\/wp\/v2\/posts\/11805\/revisions"}],"predecessor-version":[{"id":11807,"href":"https:\/\/jornalpontomais.com\/site\/wp-json\/wp\/v2\/posts\/11805\/revisions\/11807"}],"wp:featuredmedia":[{"embeddable":true,"href":"https:\/\/jornalpontomais.com\/site\/wp-json\/wp\/v2\/media\/11806"}],"wp:attachment":[{"href":"https:\/\/jornalpontomais.com\/site\/wp-json\/wp\/v2\/media?parent=11805"}],"wp:term":[{"taxonomy":"category","embeddable":true,"href":"https:\/\/jornalpontomais.com\/site\/wp-json\/wp\/v2\/categories?post=11805"},{"taxonomy":"post_tag","embeddable":true,"href":"https:\/\/jornalpontomais.com\/site\/wp-json\/wp\/v2\/tags?post=11805"}],"curies":[{"name":"wp","href":"https:\/\/api.w.org\/{rel}","templated":true}]}}