{"id":11766,"date":"2024-02-05T11:01:21","date_gmt":"2024-02-05T14:01:21","guid":{"rendered":"https:\/\/jornalpontomais.com\/site\/?p=11766"},"modified":"2024-02-05T17:00:32","modified_gmt":"2024-02-05T20:00:32","slug":"goias-tem-9853-do-rebanho-vacinado-contra-raiva-de-herbivoros","status":"publish","type":"post","link":"https:\/\/jornalpontomais.com\/site\/2024\/02\/05\/goias-tem-9853-do-rebanho-vacinado-contra-raiva-de-herbivoros\/","title":{"rendered":"Goi\u00e1s tem 98,53% do rebanho vacinado contra raiva de herb\u00edvoros"},"content":{"rendered":"\n<p>A Agrodefesa, autarquia do Governo de Goi\u00e1s, divulgou que o Estado alcan\u00e7ou um \u00edndice vacinal de 98,53% na segunda etapa da campanha de vacina\u00e7\u00e3o contra a raiva de herb\u00edvoros, realizada entre novembro e dezembro de 2023, nos 119 munic\u00edpios goianos considerados de alto risco para a doen\u00e7a. Cerca de cinco milh\u00f5es de animais, com at\u00e9 12 meses de idade, das esp\u00e9cies bovina, bubalina, equ\u00eddea (equina, muar, asinina), caprina e ovina, foram vacinados.<br><br><\/p>\n\n\n\n<p>O presidente da Agrodefesa, Jos\u00e9 Ricardo Caixeta Ramos, ressaltou o compromisso dos produtores goianos com a seguran\u00e7a de seus rebanhos, destacando a import\u00e2ncia da vacina\u00e7\u00e3o contra a raiva de herb\u00edvoros. O \u00edndice alcan\u00e7ado \u00e9 considerado bastante positivo, demonstrando o comprometimento de todos os envolvidos na prote\u00e7\u00e3o dos animais. Ramos explicou que, devido \u00e0 gravidade da raiva, a ag\u00eancia mant\u00e9m um calend\u00e1rio de a\u00e7\u00f5es que inclui n\u00e3o apenas a vacina\u00e7\u00e3o, mas tamb\u00e9m medidas de orienta\u00e7\u00e3o e conscientiza\u00e7\u00e3o dos produtores. Individualmente, cada um dos 119 munic\u00edpios alcan\u00e7ou um \u00edndice superior a 92,6%, com 25 deles atingindo 100% de vacina\u00e7\u00e3o no rebanho alvo.<br><br><\/p>\n\n\n\n<p><strong>\u00cdndice m\u00e1ximo de rebanho vacinado<\/strong><\/p>\n\n\n\n<p>Munic\u00edpios como \u00c1gua Fria de Goi\u00e1s, Apor\u00e9, Ara\u00e7u, Buritin\u00f3polis, Chapad\u00e3o do C\u00e9u, Cumari, Edealina, Goiandira, Guarinos, Itaj\u00e1, Itarum\u00e3, Jovi\u00e2nia, Mamba\u00ed, Mimoso de Goi\u00e1s, Nova Aurora, Padre Bernardo, Paranaiguara, Pilar de Goi\u00e1s, Piren\u00f3polis, Pontalina, Rialma, S\u00e3o Luiz do Norte, S\u00e3o Sim\u00e3o, Vian\u00f3polis e Vicentin\u00f3polis alcan\u00e7aram o \u00edndice m\u00e1ximo. Caiap\u00f4nia, munic\u00edpio com o maior rebanho entre os 119 de alto risco, alcan\u00e7ou um \u00edndice vacinal de 99,09%.<br><br><\/p>\n\n\n\n<p>Augusto Amaral, diretor de Defesa Agropecu\u00e1ria, ressaltou a import\u00e2ncia de os produtores se regularizarem junto \u00e0 Agrodefesa, lembrando que a vacina\u00e7\u00e3o \u00e9 obrigat\u00f3ria e sujeita a multa de R$ 7,00 por cabe\u00e7a de animal n\u00e3o vacinado. A obrigatoriedade da vacina\u00e7\u00e3o est\u00e1 contida na Instru\u00e7\u00e3o Normativa 07\/2023, complementada pela Portaria n\u00ba 483, de 20 de outubro de 2023.<br><br><\/p>\n\n\n\n<p>Al\u00e9m da vacina\u00e7\u00e3o, a Agrodefesa investiga suspeitas da doen\u00e7a e monitora morcegos hemat\u00f3fagos nas regi\u00f5es de alto risco. Rafael Vieira, gerente de Sanidade Animal, enfatizou a import\u00e2ncia de os produtores notificarem imediatamente a Agrodefesa caso encontrem animais doentes, suspeitos ou morcegos hemat\u00f3fagos.<br><br><\/p>\n\n\n\n<p><strong>Efetivo do rebanho<\/strong><\/p>\n\n\n\n<p>Os n\u00fameros da campanha tamb\u00e9m fornecem um panorama da pecu\u00e1ria em Goi\u00e1s, com 23.513.403 cabe\u00e7as de gado em 246 munic\u00edpios, distribu\u00eddos em 131.768 propriedades declaradas \u00e0 Agrodefesa at\u00e9 30 de dezembro de 2023. Augusto Amaral refor\u00e7ou a import\u00e2ncia tanto da declara\u00e7\u00e3o de propriedade quanto da declara\u00e7\u00e3o de vacina\u00e7\u00e3o nos programas de sanidade animal da Agrodefesa, destacando que essas informa\u00e7\u00f5es permitem o monitoramento dos rebanhos, a\u00e7\u00f5es pontuais e respostas r\u00e1pidas a focos de zoonoses. Ele enfatizou que esse trabalho protege n\u00e3o apenas o rebanho e os produtores, mas toda a sociedade, ao evitar a dissemina\u00e7\u00e3o de doen\u00e7as e promover um alimento saud\u00e1vel e seguro.<\/p>\n","protected":false},"excerpt":{"rendered":"<p>A Agrodefesa, autarquia do Governo de Goi\u00e1s, divulgou que o Estado alcan\u00e7ou um \u00edndice vacinal de 98,53% na segunda etapa da campanha de vacina\u00e7\u00e3o contra a raiva de herb\u00edvoros, realizada entre novembro e dezembro de 2023, nos 119 munic\u00edpios goianos considerados de alto risco para a doen\u00e7a. Cerca de cinco milh\u00f5es de animais, com at\u00e9 [&hellip;]<\/p>\n","protected":false},"author":2,"featured_media":3894,"comment_status":"open","ping_status":"open","sticky":true,"template":"","format":"standard","meta":{"om_disable_all_campaigns":false,"_monsterinsights_skip_tracking":false,"_monsterinsights_sitenote_active":false,"_monsterinsights_sitenote_note":"","_monsterinsights_sitenote_category":0,"footnotes":""},"categories":[37],"tags":[],"class_list":["post-11766","post","type-post","status-publish","format-standard","has-post-thumbnail","hentry","category-economia"],"yoast_head":"<!-- This site is optimized with the Yoast SEO plugin v27.2 - https:\/\/yoast.com\/product\/yoast-seo-wordpress\/ -->\n<title>Goi\u00e1s tem 98,53% do rebanho vacinado contra raiva de herb\u00edvoros - Jornal Ponto Mais<\/title>\n<meta name=\"robots\" content=\"index, follow, max-snippet:-1, max-image-preview:large, max-video-preview:-1\" \/>\n<link rel=\"canonical\" href=\"https:\/\/jornalpontomais.com\/site\/2024\/02\/05\/goias-tem-9853-do-rebanho-vacinado-contra-raiva-de-herbivoros\/\" \/>\n<meta property=\"og:locale\" content=\"pt_BR\" \/>\n<meta property=\"og:type\" content=\"article\" \/>\n<meta property=\"og:title\" content=\"Goi\u00e1s tem 98,53% do rebanho vacinado contra raiva de herb\u00edvoros - Jornal Ponto Mais\" \/>\n<meta property=\"og:description\" content=\"A Agrodefesa, autarquia do Governo de Goi\u00e1s, divulgou que o Estado alcan\u00e7ou um \u00edndice vacinal de 98,53% na segunda etapa da campanha de vacina\u00e7\u00e3o contra a raiva de herb\u00edvoros, realizada entre novembro e dezembro de 2023, nos 119 munic\u00edpios goianos considerados de alto risco para a doen\u00e7a. Cerca de cinco milh\u00f5es de animais, com at\u00e9 [&hellip;]\" \/>\n<meta property=\"og:url\" content=\"https:\/\/jornalpontomais.com\/site\/2024\/02\/05\/goias-tem-9853-do-rebanho-vacinado-contra-raiva-de-herbivoros\/\" \/>\n<meta property=\"og:site_name\" content=\"Jornal Ponto Mais\" \/>\n<meta property=\"article:published_time\" content=\"2024-02-05T14:01:21+00:00\" \/>\n<meta property=\"article:modified_time\" content=\"2024-02-05T20:00:32+00:00\" \/>\n<meta property=\"og:image\" content=\"https:\/\/jornalpontomais.com\/site\/wp-content\/uploads\/2022\/06\/VACINACAO-FEBRE-AFTOSA.jpg\" \/>\n\t<meta property=\"og:image:width\" content=\"753\" \/>\n\t<meta property=\"og:image:height\" content=\"465\" \/>\n\t<meta property=\"og:image:type\" content=\"image\/jpeg\" \/>\n<meta name=\"author\" content=\"Jornal Ponto Mais\" \/>\n<meta name=\"twitter:card\" content=\"summary_large_image\" \/>\n<meta name=\"twitter:label1\" content=\"Escrito por\" \/>\n\t<meta name=\"twitter:data1\" content=\"Jornal Ponto Mais\" \/>\n\t<meta name=\"twitter:label2\" content=\"Est. tempo de leitura\" \/>\n\t<meta name=\"twitter:data2\" content=\"3 minutos\" \/>\n<script type=\"application\/ld+json\" class=\"yoast-schema-graph\">{\"@context\":\"https:\/\/schema.org\",\"@graph\":[{\"@type\":\"Article\",\"@id\":\"https:\/\/jornalpontomais.com\/site\/2024\/02\/05\/goias-tem-9853-do-rebanho-vacinado-contra-raiva-de-herbivoros\/#article\",\"isPartOf\":{\"@id\":\"https:\/\/jornalpontomais.com\/site\/2024\/02\/05\/goias-tem-9853-do-rebanho-vacinado-contra-raiva-de-herbivoros\/\"},\"author\":{\"name\":\"Jornal Ponto Mais\",\"@id\":\"https:\/\/jornalpontomais.com\/site\/#\/schema\/person\/18323f0b0f1355f2490721c48389fe9d\"},\"headline\":\"Goi\u00e1s tem 98,53% do rebanho vacinado contra raiva de herb\u00edvoros\",\"datePublished\":\"2024-02-05T14:01:21+00:00\",\"dateModified\":\"2024-02-05T20:00:32+00:00\",\"mainEntityOfPage\":{\"@id\":\"https:\/\/jornalpontomais.com\/site\/2024\/02\/05\/goias-tem-9853-do-rebanho-vacinado-contra-raiva-de-herbivoros\/\"},\"wordCount\":515,\"commentCount\":0,\"publisher\":{\"@id\":\"https:\/\/jornalpontomais.com\/site\/#organization\"},\"image\":{\"@id\":\"https:\/\/jornalpontomais.com\/site\/2024\/02\/05\/goias-tem-9853-do-rebanho-vacinado-contra-raiva-de-herbivoros\/#primaryimage\"},\"thumbnailUrl\":\"https:\/\/jornalpontomais.com\/site\/wp-content\/uploads\/2022\/06\/VACINACAO-FEBRE-AFTOSA.jpg\",\"articleSection\":[\"Economia\"],\"inLanguage\":\"pt-BR\",\"potentialAction\":[{\"@type\":\"CommentAction\",\"name\":\"Comment\",\"target\":[\"https:\/\/jornalpontomais.com\/site\/2024\/02\/05\/goias-tem-9853-do-rebanho-vacinado-contra-raiva-de-herbivoros\/#respond\"]}]},{\"@type\":\"WebPage\",\"@id\":\"https:\/\/jornalpontomais.com\/site\/2024\/02\/05\/goias-tem-9853-do-rebanho-vacinado-contra-raiva-de-herbivoros\/\",\"url\":\"https:\/\/jornalpontomais.com\/site\/2024\/02\/05\/goias-tem-9853-do-rebanho-vacinado-contra-raiva-de-herbivoros\/\",\"name\":\"Goi\u00e1s tem 98,53% do rebanho vacinado contra raiva de herb\u00edvoros - Jornal Ponto Mais\",\"isPartOf\":{\"@id\":\"https:\/\/jornalpontomais.com\/site\/#website\"},\"primaryImageOfPage\":{\"@id\":\"https:\/\/jornalpontomais.com\/site\/2024\/02\/05\/goias-tem-9853-do-rebanho-vacinado-contra-raiva-de-herbivoros\/#primaryimage\"},\"image\":{\"@id\":\"https:\/\/jornalpontomais.com\/site\/2024\/02\/05\/goias-tem-9853-do-rebanho-vacinado-contra-raiva-de-herbivoros\/#primaryimage\"},\"thumbnailUrl\":\"https:\/\/jornalpontomais.com\/site\/wp-content\/uploads\/2022\/06\/VACINACAO-FEBRE-AFTOSA.jpg\",\"datePublished\":\"2024-02-05T14:01:21+00:00\",\"dateModified\":\"2024-02-05T20:00:32+00:00\",\"breadcrumb\":{\"@id\":\"https:\/\/jornalpontomais.com\/site\/2024\/02\/05\/goias-tem-9853-do-rebanho-vacinado-contra-raiva-de-herbivoros\/#breadcrumb\"},\"inLanguage\":\"pt-BR\",\"potentialAction\":[{\"@type\":\"ReadAction\",\"target\":[\"https:\/\/jornalpontomais.com\/site\/2024\/02\/05\/goias-tem-9853-do-rebanho-vacinado-contra-raiva-de-herbivoros\/\"]}]},{\"@type\":\"ImageObject\",\"inLanguage\":\"pt-BR\",\"@id\":\"https:\/\/jornalpontomais.com\/site\/2024\/02\/05\/goias-tem-9853-do-rebanho-vacinado-contra-raiva-de-herbivoros\/#primaryimage\",\"url\":\"https:\/\/jornalpontomais.com\/site\/wp-content\/uploads\/2022\/06\/VACINACAO-FEBRE-AFTOSA.jpg\",\"contentUrl\":\"https:\/\/jornalpontomais.com\/site\/wp-content\/uploads\/2022\/06\/VACINACAO-FEBRE-AFTOSA.jpg\",\"width\":753,\"height\":465},{\"@type\":\"BreadcrumbList\",\"@id\":\"https:\/\/jornalpontomais.com\/site\/2024\/02\/05\/goias-tem-9853-do-rebanho-vacinado-contra-raiva-de-herbivoros\/#breadcrumb\",\"itemListElement\":[{\"@type\":\"ListItem\",\"position\":1,\"name\":\"In\u00edcio\",\"item\":\"https:\/\/jornalpontomais.com\/site\/\"},{\"@type\":\"ListItem\",\"position\":2,\"name\":\"Goi\u00e1s tem 98,53% do rebanho vacinado contra raiva de herb\u00edvoros\"}]},{\"@type\":\"WebSite\",\"@id\":\"https:\/\/jornalpontomais.com\/site\/#website\",\"url\":\"https:\/\/jornalpontomais.com\/site\/\",\"name\":\"Jornal Ponto Mais\",\"description\":\"As principais not\u00edcias do Brasil e do mundo. Confira!\",\"publisher\":{\"@id\":\"https:\/\/jornalpontomais.com\/site\/#organization\"},\"potentialAction\":[{\"@type\":\"SearchAction\",\"target\":{\"@type\":\"EntryPoint\",\"urlTemplate\":\"https:\/\/jornalpontomais.com\/site\/?s={search_term_string}\"},\"query-input\":{\"@type\":\"PropertyValueSpecification\",\"valueRequired\":true,\"valueName\":\"search_term_string\"}}],\"inLanguage\":\"pt-BR\"},{\"@type\":\"Organization\",\"@id\":\"https:\/\/jornalpontomais.com\/site\/#organization\",\"name\":\"Jornal Ponto+\",\"url\":\"https:\/\/jornalpontomais.com\/site\/\",\"logo\":{\"@type\":\"ImageObject\",\"inLanguage\":\"pt-BR\",\"@id\":\"https:\/\/jornalpontomais.com\/site\/#\/schema\/logo\/image\/\",\"url\":\"https:\/\/jornalpontomais.com\/site\/wp-content\/uploads\/2022\/01\/marca.png\",\"contentUrl\":\"https:\/\/jornalpontomais.com\/site\/wp-content\/uploads\/2022\/01\/marca.png\",\"width\":582,\"height\":148,\"caption\":\"Jornal Ponto+\"},\"image\":{\"@id\":\"https:\/\/jornalpontomais.com\/site\/#\/schema\/logo\/image\/\"}},{\"@type\":\"Person\",\"@id\":\"https:\/\/jornalpontomais.com\/site\/#\/schema\/person\/18323f0b0f1355f2490721c48389fe9d\",\"name\":\"Jornal Ponto Mais\",\"image\":{\"@type\":\"ImageObject\",\"inLanguage\":\"pt-BR\",\"@id\":\"https:\/\/secure.gravatar.com\/avatar\/2ee0a9b7fe10fe32bdec8bc086e871e41eb5f4f6ecbcb7b4f2fe0d92d831405f?s=96&d=mm&r=g\",\"url\":\"https:\/\/secure.gravatar.com\/avatar\/2ee0a9b7fe10fe32bdec8bc086e871e41eb5f4f6ecbcb7b4f2fe0d92d831405f?s=96&d=mm&r=g\",\"contentUrl\":\"https:\/\/secure.gravatar.com\/avatar\/2ee0a9b7fe10fe32bdec8bc086e871e41eb5f4f6ecbcb7b4f2fe0d92d831405f?s=96&d=mm&r=g\",\"caption\":\"Jornal Ponto Mais\"},\"sameAs\":[\"https:\/\/jornalpontomais.com\/site\",\"jornalpontomais\"],\"url\":\"https:\/\/jornalpontomais.com\/site\/author\/jornalpontomais\/\"}]}<\/script>\n<!-- \/ Yoast SEO plugin. -->","yoast_head_json":{"title":"Goi\u00e1s tem 98,53% do rebanho vacinado contra raiva de herb\u00edvoros - Jornal Ponto Mais","robots":{"index":"index","follow":"follow","max-snippet":"max-snippet:-1","max-image-preview":"max-image-preview:large","max-video-preview":"max-video-preview:-1"},"canonical":"https:\/\/jornalpontomais.com\/site\/2024\/02\/05\/goias-tem-9853-do-rebanho-vacinado-contra-raiva-de-herbivoros\/","og_locale":"pt_BR","og_type":"article","og_title":"Goi\u00e1s tem 98,53% do rebanho vacinado contra raiva de herb\u00edvoros - Jornal Ponto Mais","og_description":"A Agrodefesa, autarquia do Governo de Goi\u00e1s, divulgou que o Estado alcan\u00e7ou um \u00edndice vacinal de 98,53% na segunda etapa da campanha de vacina\u00e7\u00e3o contra a raiva de herb\u00edvoros, realizada entre novembro e dezembro de 2023, nos 119 munic\u00edpios goianos considerados de alto risco para a doen\u00e7a. Cerca de cinco milh\u00f5es de animais, com at\u00e9 [&hellip;]","og_url":"https:\/\/jornalpontomais.com\/site\/2024\/02\/05\/goias-tem-9853-do-rebanho-vacinado-contra-raiva-de-herbivoros\/","og_site_name":"Jornal Ponto Mais","article_published_time":"2024-02-05T14:01:21+00:00","article_modified_time":"2024-02-05T20:00:32+00:00","og_image":[{"width":753,"height":465,"url":"https:\/\/jornalpontomais.com\/site\/wp-content\/uploads\/2022\/06\/VACINACAO-FEBRE-AFTOSA.jpg","type":"image\/jpeg"}],"author":"Jornal Ponto Mais","twitter_card":"summary_large_image","twitter_misc":{"Escrito por":"Jornal Ponto Mais","Est. tempo de leitura":"3 minutos"},"schema":{"@context":"https:\/\/schema.org","@graph":[{"@type":"Article","@id":"https:\/\/jornalpontomais.com\/site\/2024\/02\/05\/goias-tem-9853-do-rebanho-vacinado-contra-raiva-de-herbivoros\/#article","isPartOf":{"@id":"https:\/\/jornalpontomais.com\/site\/2024\/02\/05\/goias-tem-9853-do-rebanho-vacinado-contra-raiva-de-herbivoros\/"},"author":{"name":"Jornal Ponto Mais","@id":"https:\/\/jornalpontomais.com\/site\/#\/schema\/person\/18323f0b0f1355f2490721c48389fe9d"},"headline":"Goi\u00e1s tem 98,53% do rebanho vacinado contra raiva de herb\u00edvoros","datePublished":"2024-02-05T14:01:21+00:00","dateModified":"2024-02-05T20:00:32+00:00","mainEntityOfPage":{"@id":"https:\/\/jornalpontomais.com\/site\/2024\/02\/05\/goias-tem-9853-do-rebanho-vacinado-contra-raiva-de-herbivoros\/"},"wordCount":515,"commentCount":0,"publisher":{"@id":"https:\/\/jornalpontomais.com\/site\/#organization"},"image":{"@id":"https:\/\/jornalpontomais.com\/site\/2024\/02\/05\/goias-tem-9853-do-rebanho-vacinado-contra-raiva-de-herbivoros\/#primaryimage"},"thumbnailUrl":"https:\/\/jornalpontomais.com\/site\/wp-content\/uploads\/2022\/06\/VACINACAO-FEBRE-AFTOSA.jpg","articleSection":["Economia"],"inLanguage":"pt-BR","potentialAction":[{"@type":"CommentAction","name":"Comment","target":["https:\/\/jornalpontomais.com\/site\/2024\/02\/05\/goias-tem-9853-do-rebanho-vacinado-contra-raiva-de-herbivoros\/#respond"]}]},{"@type":"WebPage","@id":"https:\/\/jornalpontomais.com\/site\/2024\/02\/05\/goias-tem-9853-do-rebanho-vacinado-contra-raiva-de-herbivoros\/","url":"https:\/\/jornalpontomais.com\/site\/2024\/02\/05\/goias-tem-9853-do-rebanho-vacinado-contra-raiva-de-herbivoros\/","name":"Goi\u00e1s tem 98,53% do rebanho vacinado contra raiva de herb\u00edvoros - Jornal Ponto Mais","isPartOf":{"@id":"https:\/\/jornalpontomais.com\/site\/#website"},"primaryImageOfPage":{"@id":"https:\/\/jornalpontomais.com\/site\/2024\/02\/05\/goias-tem-9853-do-rebanho-vacinado-contra-raiva-de-herbivoros\/#primaryimage"},"image":{"@id":"https:\/\/jornalpontomais.com\/site\/2024\/02\/05\/goias-tem-9853-do-rebanho-vacinado-contra-raiva-de-herbivoros\/#primaryimage"},"thumbnailUrl":"https:\/\/jornalpontomais.com\/site\/wp-content\/uploads\/2022\/06\/VACINACAO-FEBRE-AFTOSA.jpg","datePublished":"2024-02-05T14:01:21+00:00","dateModified":"2024-02-05T20:00:32+00:00","breadcrumb":{"@id":"https:\/\/jornalpontomais.com\/site\/2024\/02\/05\/goias-tem-9853-do-rebanho-vacinado-contra-raiva-de-herbivoros\/#breadcrumb"},"inLanguage":"pt-BR","potentialAction":[{"@type":"ReadAction","target":["https:\/\/jornalpontomais.com\/site\/2024\/02\/05\/goias-tem-9853-do-rebanho-vacinado-contra-raiva-de-herbivoros\/"]}]},{"@type":"ImageObject","inLanguage":"pt-BR","@id":"https:\/\/jornalpontomais.com\/site\/2024\/02\/05\/goias-tem-9853-do-rebanho-vacinado-contra-raiva-de-herbivoros\/#primaryimage","url":"https:\/\/jornalpontomais.com\/site\/wp-content\/uploads\/2022\/06\/VACINACAO-FEBRE-AFTOSA.jpg","contentUrl":"https:\/\/jornalpontomais.com\/site\/wp-content\/uploads\/2022\/06\/VACINACAO-FEBRE-AFTOSA.jpg","width":753,"height":465},{"@type":"BreadcrumbList","@id":"https:\/\/jornalpontomais.com\/site\/2024\/02\/05\/goias-tem-9853-do-rebanho-vacinado-contra-raiva-de-herbivoros\/#breadcrumb","itemListElement":[{"@type":"ListItem","position":1,"name":"In\u00edcio","item":"https:\/\/jornalpontomais.com\/site\/"},{"@type":"ListItem","position":2,"name":"Goi\u00e1s tem 98,53% do rebanho vacinado contra raiva de herb\u00edvoros"}]},{"@type":"WebSite","@id":"https:\/\/jornalpontomais.com\/site\/#website","url":"https:\/\/jornalpontomais.com\/site\/","name":"Jornal Ponto Mais","description":"As principais not\u00edcias do Brasil e do mundo. Confira!","publisher":{"@id":"https:\/\/jornalpontomais.com\/site\/#organization"},"potentialAction":[{"@type":"SearchAction","target":{"@type":"EntryPoint","urlTemplate":"https:\/\/jornalpontomais.com\/site\/?s={search_term_string}"},"query-input":{"@type":"PropertyValueSpecification","valueRequired":true,"valueName":"search_term_string"}}],"inLanguage":"pt-BR"},{"@type":"Organization","@id":"https:\/\/jornalpontomais.com\/site\/#organization","name":"Jornal Ponto+","url":"https:\/\/jornalpontomais.com\/site\/","logo":{"@type":"ImageObject","inLanguage":"pt-BR","@id":"https:\/\/jornalpontomais.com\/site\/#\/schema\/logo\/image\/","url":"https:\/\/jornalpontomais.com\/site\/wp-content\/uploads\/2022\/01\/marca.png","contentUrl":"https:\/\/jornalpontomais.com\/site\/wp-content\/uploads\/2022\/01\/marca.png","width":582,"height":148,"caption":"Jornal Ponto+"},"image":{"@id":"https:\/\/jornalpontomais.com\/site\/#\/schema\/logo\/image\/"}},{"@type":"Person","@id":"https:\/\/jornalpontomais.com\/site\/#\/schema\/person\/18323f0b0f1355f2490721c48389fe9d","name":"Jornal Ponto Mais","image":{"@type":"ImageObject","inLanguage":"pt-BR","@id":"https:\/\/secure.gravatar.com\/avatar\/2ee0a9b7fe10fe32bdec8bc086e871e41eb5f4f6ecbcb7b4f2fe0d92d831405f?s=96&d=mm&r=g","url":"https:\/\/secure.gravatar.com\/avatar\/2ee0a9b7fe10fe32bdec8bc086e871e41eb5f4f6ecbcb7b4f2fe0d92d831405f?s=96&d=mm&r=g","contentUrl":"https:\/\/secure.gravatar.com\/avatar\/2ee0a9b7fe10fe32bdec8bc086e871e41eb5f4f6ecbcb7b4f2fe0d92d831405f?s=96&d=mm&r=g","caption":"Jornal Ponto Mais"},"sameAs":["https:\/\/jornalpontomais.com\/site","jornalpontomais"],"url":"https:\/\/jornalpontomais.com\/site\/author\/jornalpontomais\/"}]}},"_links":{"self":[{"href":"https:\/\/jornalpontomais.com\/site\/wp-json\/wp\/v2\/posts\/11766","targetHints":{"allow":["GET"]}}],"collection":[{"href":"https:\/\/jornalpontomais.com\/site\/wp-json\/wp\/v2\/posts"}],"about":[{"href":"https:\/\/jornalpontomais.com\/site\/wp-json\/wp\/v2\/types\/post"}],"author":[{"embeddable":true,"href":"https:\/\/jornalpontomais.com\/site\/wp-json\/wp\/v2\/users\/2"}],"replies":[{"embeddable":true,"href":"https:\/\/jornalpontomais.com\/site\/wp-json\/wp\/v2\/comments?post=11766"}],"version-history":[{"count":1,"href":"https:\/\/jornalpontomais.com\/site\/wp-json\/wp\/v2\/posts\/11766\/revisions"}],"predecessor-version":[{"id":11768,"href":"https:\/\/jornalpontomais.com\/site\/wp-json\/wp\/v2\/posts\/11766\/revisions\/11768"}],"wp:featuredmedia":[{"embeddable":true,"href":"https:\/\/jornalpontomais.com\/site\/wp-json\/wp\/v2\/media\/3894"}],"wp:attachment":[{"href":"https:\/\/jornalpontomais.com\/site\/wp-json\/wp\/v2\/media?parent=11766"}],"wp:term":[{"taxonomy":"category","embeddable":true,"href":"https:\/\/jornalpontomais.com\/site\/wp-json\/wp\/v2\/categories?post=11766"},{"taxonomy":"post_tag","embeddable":true,"href":"https:\/\/jornalpontomais.com\/site\/wp-json\/wp\/v2\/tags?post=11766"}],"curies":[{"name":"wp","href":"https:\/\/api.w.org\/{rel}","templated":true}]}}