{"id":11685,"date":"2024-01-29T09:39:20","date_gmt":"2024-01-29T12:39:20","guid":{"rendered":"https:\/\/jornalpontomais.com\/site\/?p=11685"},"modified":"2024-01-29T09:39:21","modified_gmt":"2024-01-29T12:39:21","slug":"brasil-e-o-2o-pais-com-mais-casos-de-hanseniase-no-mundo","status":"publish","type":"post","link":"https:\/\/jornalpontomais.com\/site\/2024\/01\/29\/brasil-e-o-2o-pais-com-mais-casos-de-hanseniase-no-mundo\/","title":{"rendered":"Brasil \u00e9 o 2\u00ba pa\u00eds com mais casos de hansen\u00edase no mundo"},"content":{"rendered":"\n<p>Estamos no Janeiro Roxo, per\u00edodo de conscientiza\u00e7\u00e3o sobre a hansen\u00edase &#8211; uma doen\u00e7a contagiosa que afeta principalmente a pele e os nervos, caracterizada por pequenas manchas brancas ou avermelhadas. Causada pela bact\u00e9ria Mycobacterium leprae, ela atinge a pele, os olhos, o nariz e os nervos perif\u00e9ricos.<br><br><\/p>\n\n\n\n<p>A hansen\u00edase, tamb\u00e9m conhecida como lepra, \u00e9 uma das doen\u00e7as mais antigas da hist\u00f3ria da humanidade. Desde 2016, o Minist\u00e9rio da Sa\u00fade reserva o \u00faltimo domingo de janeiro para promover a conscientiza\u00e7\u00e3o e preven\u00e7\u00e3o da doen\u00e7a.<br><br><\/p>\n\n\n\n<p>Segundo a Organiza\u00e7\u00e3o Mundial da Sa\u00fade (OMS), o Brasil \u00e9 o segundo pa\u00eds com maior incid\u00eancia de casos no mundo, ficando atr\u00e1s apenas da \u00cdndia. Em 2023, a doen\u00e7a afetou mais de 19 mil pessoas em todo o pa\u00eds, um aumento de 5% em rela\u00e7\u00e3o aos casos registrados em 2022.<br><br><\/p>\n\n\n\n<p>&#8220;A hansen\u00edase \u00e9 uma doen\u00e7a s\u00e9ria que requer cuidados, mas \u00e9 trat\u00e1vel e o tratamento \u00e9 oferecido pelo SUS. \u00c9 importante notar que nem todas as pessoas expostas \u00e0 bact\u00e9ria desenvolvem sintomas da doen\u00e7a, e ela possui um longo per\u00edodo de incuba\u00e7\u00e3o, podendo levar anos&#8221;, explica a dermatologista Dra. Ana Carolina Sumam.<br><br><\/p>\n\n\n\n<p><strong>Sintomas e transmiss\u00e3o da hansen\u00edase<\/strong><\/p>\n\n\n\n<p>Al\u00e9m das manchas brancas e avermelhadas, outros sintomas incluem sensa\u00e7\u00e3o de formigamento, dorm\u00eancia nas extremidades, perda de sensibilidade ao calor e ao frio, fraqueza muscular e caro\u00e7os e placas em qualquer parte do corpo. A transmiss\u00e3o ocorre atrav\u00e9s do contato direto com as got\u00edculas de saliva de um indiv\u00edduo infectado.<br><br><\/p>\n\n\n\n<p>&#8220;A hansen\u00edase \u00e9 transmitida principalmente por contato prolongado e pr\u00f3ximo com um indiv\u00edduo infectado e n\u00e3o tratado. No entanto, a doen\u00e7a tem baixa contagiosidade, e a maioria das pessoas expostas n\u00e3o desenvolve a condi\u00e7\u00e3o, muitas vezes devido \u00e0 resist\u00eancia natural. O tratamento eficaz reduz significativamente a transmiss\u00e3o&#8221;, afirma a dermatologista Dra. Michele Kreuz, especialista m\u00e9dica pela Universidade Luterana do Brasil.<br><br><\/p>\n\n\n\n<p>Portanto, \u00e9 fundamental ressaltar que, com o tratamento adequado, a pessoa se torna n\u00e3o contagiosa rapidamente, enfatiza Michele.<\/p>\n","protected":false},"excerpt":{"rendered":"<p>Estamos no Janeiro Roxo, per\u00edodo de conscientiza\u00e7\u00e3o sobre a hansen\u00edase &#8211; uma doen\u00e7a contagiosa que afeta principalmente a pele e os nervos, caracterizada por pequenas manchas brancas ou avermelhadas. Causada pela bact\u00e9ria Mycobacterium leprae, ela atinge a pele, os olhos, o nariz e os nervos perif\u00e9ricos. A hansen\u00edase, tamb\u00e9m conhecida como lepra, \u00e9 uma das [&hellip;]<\/p>\n","protected":false},"author":2,"featured_media":11686,"comment_status":"open","ping_status":"open","sticky":true,"template":"","format":"standard","meta":{"om_disable_all_campaigns":false,"_monsterinsights_skip_tracking":false,"_monsterinsights_sitenote_active":false,"_monsterinsights_sitenote_note":"","_monsterinsights_sitenote_category":0,"footnotes":""},"categories":[3],"tags":[],"class_list":["post-11685","post","type-post","status-publish","format-standard","has-post-thumbnail","hentry","category-saude"],"yoast_head":"<!-- This site is optimized with the Yoast SEO plugin v27.2 - https:\/\/yoast.com\/product\/yoast-seo-wordpress\/ -->\n<title>Brasil \u00e9 o 2\u00ba pa\u00eds com mais casos de hansen\u00edase no mundo - Jornal Ponto Mais<\/title>\n<meta name=\"robots\" content=\"index, follow, max-snippet:-1, max-image-preview:large, max-video-preview:-1\" \/>\n<link rel=\"canonical\" href=\"https:\/\/jornalpontomais.com\/site\/2024\/01\/29\/brasil-e-o-2o-pais-com-mais-casos-de-hanseniase-no-mundo\/\" \/>\n<meta property=\"og:locale\" content=\"pt_BR\" \/>\n<meta property=\"og:type\" content=\"article\" \/>\n<meta property=\"og:title\" content=\"Brasil \u00e9 o 2\u00ba pa\u00eds com mais casos de hansen\u00edase no mundo - Jornal Ponto Mais\" \/>\n<meta property=\"og:description\" content=\"Estamos no Janeiro Roxo, per\u00edodo de conscientiza\u00e7\u00e3o sobre a hansen\u00edase &#8211; uma doen\u00e7a contagiosa que afeta principalmente a pele e os nervos, caracterizada por pequenas manchas brancas ou avermelhadas. Causada pela bact\u00e9ria Mycobacterium leprae, ela atinge a pele, os olhos, o nariz e os nervos perif\u00e9ricos. A hansen\u00edase, tamb\u00e9m conhecida como lepra, \u00e9 uma das [&hellip;]\" \/>\n<meta property=\"og:url\" content=\"https:\/\/jornalpontomais.com\/site\/2024\/01\/29\/brasil-e-o-2o-pais-com-mais-casos-de-hanseniase-no-mundo\/\" \/>\n<meta property=\"og:site_name\" content=\"Jornal Ponto Mais\" \/>\n<meta property=\"article:published_time\" content=\"2024-01-29T12:39:20+00:00\" \/>\n<meta property=\"article:modified_time\" content=\"2024-01-29T12:39:21+00:00\" \/>\n<meta property=\"og:image\" content=\"https:\/\/jornalpontomais.com\/site\/wp-content\/uploads\/2024\/01\/janeiro-roxo.png\" \/>\n\t<meta property=\"og:image:width\" content=\"868\" \/>\n\t<meta property=\"og:image:height\" content=\"443\" \/>\n\t<meta property=\"og:image:type\" content=\"image\/png\" \/>\n<meta name=\"author\" content=\"Jornal Ponto Mais\" \/>\n<meta name=\"twitter:card\" content=\"summary_large_image\" \/>\n<meta name=\"twitter:label1\" content=\"Escrito por\" \/>\n\t<meta name=\"twitter:data1\" content=\"Jornal Ponto Mais\" \/>\n\t<meta name=\"twitter:label2\" content=\"Est. tempo de leitura\" \/>\n\t<meta name=\"twitter:data2\" content=\"2 minutos\" \/>\n<script type=\"application\/ld+json\" class=\"yoast-schema-graph\">{\"@context\":\"https:\/\/schema.org\",\"@graph\":[{\"@type\":\"Article\",\"@id\":\"https:\/\/jornalpontomais.com\/site\/2024\/01\/29\/brasil-e-o-2o-pais-com-mais-casos-de-hanseniase-no-mundo\/#article\",\"isPartOf\":{\"@id\":\"https:\/\/jornalpontomais.com\/site\/2024\/01\/29\/brasil-e-o-2o-pais-com-mais-casos-de-hanseniase-no-mundo\/\"},\"author\":{\"name\":\"Jornal Ponto Mais\",\"@id\":\"https:\/\/jornalpontomais.com\/site\/#\/schema\/person\/18323f0b0f1355f2490721c48389fe9d\"},\"headline\":\"Brasil \u00e9 o 2\u00ba pa\u00eds com mais casos de hansen\u00edase no mundo\",\"datePublished\":\"2024-01-29T12:39:20+00:00\",\"dateModified\":\"2024-01-29T12:39:21+00:00\",\"mainEntityOfPage\":{\"@id\":\"https:\/\/jornalpontomais.com\/site\/2024\/01\/29\/brasil-e-o-2o-pais-com-mais-casos-de-hanseniase-no-mundo\/\"},\"wordCount\":366,\"commentCount\":0,\"publisher\":{\"@id\":\"https:\/\/jornalpontomais.com\/site\/#organization\"},\"image\":{\"@id\":\"https:\/\/jornalpontomais.com\/site\/2024\/01\/29\/brasil-e-o-2o-pais-com-mais-casos-de-hanseniase-no-mundo\/#primaryimage\"},\"thumbnailUrl\":\"https:\/\/jornalpontomais.com\/site\/wp-content\/uploads\/2024\/01\/janeiro-roxo.png\",\"articleSection\":[\"Sa\u00fade\"],\"inLanguage\":\"pt-BR\",\"potentialAction\":[{\"@type\":\"CommentAction\",\"name\":\"Comment\",\"target\":[\"https:\/\/jornalpontomais.com\/site\/2024\/01\/29\/brasil-e-o-2o-pais-com-mais-casos-de-hanseniase-no-mundo\/#respond\"]}]},{\"@type\":\"WebPage\",\"@id\":\"https:\/\/jornalpontomais.com\/site\/2024\/01\/29\/brasil-e-o-2o-pais-com-mais-casos-de-hanseniase-no-mundo\/\",\"url\":\"https:\/\/jornalpontomais.com\/site\/2024\/01\/29\/brasil-e-o-2o-pais-com-mais-casos-de-hanseniase-no-mundo\/\",\"name\":\"Brasil \u00e9 o 2\u00ba pa\u00eds com mais casos de hansen\u00edase no mundo - Jornal Ponto Mais\",\"isPartOf\":{\"@id\":\"https:\/\/jornalpontomais.com\/site\/#website\"},\"primaryImageOfPage\":{\"@id\":\"https:\/\/jornalpontomais.com\/site\/2024\/01\/29\/brasil-e-o-2o-pais-com-mais-casos-de-hanseniase-no-mundo\/#primaryimage\"},\"image\":{\"@id\":\"https:\/\/jornalpontomais.com\/site\/2024\/01\/29\/brasil-e-o-2o-pais-com-mais-casos-de-hanseniase-no-mundo\/#primaryimage\"},\"thumbnailUrl\":\"https:\/\/jornalpontomais.com\/site\/wp-content\/uploads\/2024\/01\/janeiro-roxo.png\",\"datePublished\":\"2024-01-29T12:39:20+00:00\",\"dateModified\":\"2024-01-29T12:39:21+00:00\",\"breadcrumb\":{\"@id\":\"https:\/\/jornalpontomais.com\/site\/2024\/01\/29\/brasil-e-o-2o-pais-com-mais-casos-de-hanseniase-no-mundo\/#breadcrumb\"},\"inLanguage\":\"pt-BR\",\"potentialAction\":[{\"@type\":\"ReadAction\",\"target\":[\"https:\/\/jornalpontomais.com\/site\/2024\/01\/29\/brasil-e-o-2o-pais-com-mais-casos-de-hanseniase-no-mundo\/\"]}]},{\"@type\":\"ImageObject\",\"inLanguage\":\"pt-BR\",\"@id\":\"https:\/\/jornalpontomais.com\/site\/2024\/01\/29\/brasil-e-o-2o-pais-com-mais-casos-de-hanseniase-no-mundo\/#primaryimage\",\"url\":\"https:\/\/jornalpontomais.com\/site\/wp-content\/uploads\/2024\/01\/janeiro-roxo.png\",\"contentUrl\":\"https:\/\/jornalpontomais.com\/site\/wp-content\/uploads\/2024\/01\/janeiro-roxo.png\",\"width\":868,\"height\":443},{\"@type\":\"BreadcrumbList\",\"@id\":\"https:\/\/jornalpontomais.com\/site\/2024\/01\/29\/brasil-e-o-2o-pais-com-mais-casos-de-hanseniase-no-mundo\/#breadcrumb\",\"itemListElement\":[{\"@type\":\"ListItem\",\"position\":1,\"name\":\"In\u00edcio\",\"item\":\"https:\/\/jornalpontomais.com\/site\/\"},{\"@type\":\"ListItem\",\"position\":2,\"name\":\"Brasil \u00e9 o 2\u00ba pa\u00eds com mais casos de hansen\u00edase no mundo\"}]},{\"@type\":\"WebSite\",\"@id\":\"https:\/\/jornalpontomais.com\/site\/#website\",\"url\":\"https:\/\/jornalpontomais.com\/site\/\",\"name\":\"Jornal Ponto Mais\",\"description\":\"As principais not\u00edcias do Brasil e do mundo. Confira!\",\"publisher\":{\"@id\":\"https:\/\/jornalpontomais.com\/site\/#organization\"},\"potentialAction\":[{\"@type\":\"SearchAction\",\"target\":{\"@type\":\"EntryPoint\",\"urlTemplate\":\"https:\/\/jornalpontomais.com\/site\/?s={search_term_string}\"},\"query-input\":{\"@type\":\"PropertyValueSpecification\",\"valueRequired\":true,\"valueName\":\"search_term_string\"}}],\"inLanguage\":\"pt-BR\"},{\"@type\":\"Organization\",\"@id\":\"https:\/\/jornalpontomais.com\/site\/#organization\",\"name\":\"Jornal Ponto+\",\"url\":\"https:\/\/jornalpontomais.com\/site\/\",\"logo\":{\"@type\":\"ImageObject\",\"inLanguage\":\"pt-BR\",\"@id\":\"https:\/\/jornalpontomais.com\/site\/#\/schema\/logo\/image\/\",\"url\":\"https:\/\/jornalpontomais.com\/site\/wp-content\/uploads\/2022\/01\/marca.png\",\"contentUrl\":\"https:\/\/jornalpontomais.com\/site\/wp-content\/uploads\/2022\/01\/marca.png\",\"width\":582,\"height\":148,\"caption\":\"Jornal Ponto+\"},\"image\":{\"@id\":\"https:\/\/jornalpontomais.com\/site\/#\/schema\/logo\/image\/\"}},{\"@type\":\"Person\",\"@id\":\"https:\/\/jornalpontomais.com\/site\/#\/schema\/person\/18323f0b0f1355f2490721c48389fe9d\",\"name\":\"Jornal Ponto Mais\",\"image\":{\"@type\":\"ImageObject\",\"inLanguage\":\"pt-BR\",\"@id\":\"https:\/\/secure.gravatar.com\/avatar\/2ee0a9b7fe10fe32bdec8bc086e871e41eb5f4f6ecbcb7b4f2fe0d92d831405f?s=96&d=mm&r=g\",\"url\":\"https:\/\/secure.gravatar.com\/avatar\/2ee0a9b7fe10fe32bdec8bc086e871e41eb5f4f6ecbcb7b4f2fe0d92d831405f?s=96&d=mm&r=g\",\"contentUrl\":\"https:\/\/secure.gravatar.com\/avatar\/2ee0a9b7fe10fe32bdec8bc086e871e41eb5f4f6ecbcb7b4f2fe0d92d831405f?s=96&d=mm&r=g\",\"caption\":\"Jornal Ponto Mais\"},\"sameAs\":[\"https:\/\/jornalpontomais.com\/site\",\"jornalpontomais\"],\"url\":\"https:\/\/jornalpontomais.com\/site\/author\/jornalpontomais\/\"}]}<\/script>\n<!-- \/ Yoast SEO plugin. -->","yoast_head_json":{"title":"Brasil \u00e9 o 2\u00ba pa\u00eds com mais casos de hansen\u00edase no mundo - Jornal Ponto Mais","robots":{"index":"index","follow":"follow","max-snippet":"max-snippet:-1","max-image-preview":"max-image-preview:large","max-video-preview":"max-video-preview:-1"},"canonical":"https:\/\/jornalpontomais.com\/site\/2024\/01\/29\/brasil-e-o-2o-pais-com-mais-casos-de-hanseniase-no-mundo\/","og_locale":"pt_BR","og_type":"article","og_title":"Brasil \u00e9 o 2\u00ba pa\u00eds com mais casos de hansen\u00edase no mundo - Jornal Ponto Mais","og_description":"Estamos no Janeiro Roxo, per\u00edodo de conscientiza\u00e7\u00e3o sobre a hansen\u00edase &#8211; uma doen\u00e7a contagiosa que afeta principalmente a pele e os nervos, caracterizada por pequenas manchas brancas ou avermelhadas. Causada pela bact\u00e9ria Mycobacterium leprae, ela atinge a pele, os olhos, o nariz e os nervos perif\u00e9ricos. A hansen\u00edase, tamb\u00e9m conhecida como lepra, \u00e9 uma das [&hellip;]","og_url":"https:\/\/jornalpontomais.com\/site\/2024\/01\/29\/brasil-e-o-2o-pais-com-mais-casos-de-hanseniase-no-mundo\/","og_site_name":"Jornal Ponto Mais","article_published_time":"2024-01-29T12:39:20+00:00","article_modified_time":"2024-01-29T12:39:21+00:00","og_image":[{"width":868,"height":443,"url":"https:\/\/jornalpontomais.com\/site\/wp-content\/uploads\/2024\/01\/janeiro-roxo.png","type":"image\/png"}],"author":"Jornal Ponto Mais","twitter_card":"summary_large_image","twitter_misc":{"Escrito por":"Jornal Ponto Mais","Est. tempo de leitura":"2 minutos"},"schema":{"@context":"https:\/\/schema.org","@graph":[{"@type":"Article","@id":"https:\/\/jornalpontomais.com\/site\/2024\/01\/29\/brasil-e-o-2o-pais-com-mais-casos-de-hanseniase-no-mundo\/#article","isPartOf":{"@id":"https:\/\/jornalpontomais.com\/site\/2024\/01\/29\/brasil-e-o-2o-pais-com-mais-casos-de-hanseniase-no-mundo\/"},"author":{"name":"Jornal Ponto Mais","@id":"https:\/\/jornalpontomais.com\/site\/#\/schema\/person\/18323f0b0f1355f2490721c48389fe9d"},"headline":"Brasil \u00e9 o 2\u00ba pa\u00eds com mais casos de hansen\u00edase no mundo","datePublished":"2024-01-29T12:39:20+00:00","dateModified":"2024-01-29T12:39:21+00:00","mainEntityOfPage":{"@id":"https:\/\/jornalpontomais.com\/site\/2024\/01\/29\/brasil-e-o-2o-pais-com-mais-casos-de-hanseniase-no-mundo\/"},"wordCount":366,"commentCount":0,"publisher":{"@id":"https:\/\/jornalpontomais.com\/site\/#organization"},"image":{"@id":"https:\/\/jornalpontomais.com\/site\/2024\/01\/29\/brasil-e-o-2o-pais-com-mais-casos-de-hanseniase-no-mundo\/#primaryimage"},"thumbnailUrl":"https:\/\/jornalpontomais.com\/site\/wp-content\/uploads\/2024\/01\/janeiro-roxo.png","articleSection":["Sa\u00fade"],"inLanguage":"pt-BR","potentialAction":[{"@type":"CommentAction","name":"Comment","target":["https:\/\/jornalpontomais.com\/site\/2024\/01\/29\/brasil-e-o-2o-pais-com-mais-casos-de-hanseniase-no-mundo\/#respond"]}]},{"@type":"WebPage","@id":"https:\/\/jornalpontomais.com\/site\/2024\/01\/29\/brasil-e-o-2o-pais-com-mais-casos-de-hanseniase-no-mundo\/","url":"https:\/\/jornalpontomais.com\/site\/2024\/01\/29\/brasil-e-o-2o-pais-com-mais-casos-de-hanseniase-no-mundo\/","name":"Brasil \u00e9 o 2\u00ba pa\u00eds com mais casos de hansen\u00edase no mundo - Jornal Ponto Mais","isPartOf":{"@id":"https:\/\/jornalpontomais.com\/site\/#website"},"primaryImageOfPage":{"@id":"https:\/\/jornalpontomais.com\/site\/2024\/01\/29\/brasil-e-o-2o-pais-com-mais-casos-de-hanseniase-no-mundo\/#primaryimage"},"image":{"@id":"https:\/\/jornalpontomais.com\/site\/2024\/01\/29\/brasil-e-o-2o-pais-com-mais-casos-de-hanseniase-no-mundo\/#primaryimage"},"thumbnailUrl":"https:\/\/jornalpontomais.com\/site\/wp-content\/uploads\/2024\/01\/janeiro-roxo.png","datePublished":"2024-01-29T12:39:20+00:00","dateModified":"2024-01-29T12:39:21+00:00","breadcrumb":{"@id":"https:\/\/jornalpontomais.com\/site\/2024\/01\/29\/brasil-e-o-2o-pais-com-mais-casos-de-hanseniase-no-mundo\/#breadcrumb"},"inLanguage":"pt-BR","potentialAction":[{"@type":"ReadAction","target":["https:\/\/jornalpontomais.com\/site\/2024\/01\/29\/brasil-e-o-2o-pais-com-mais-casos-de-hanseniase-no-mundo\/"]}]},{"@type":"ImageObject","inLanguage":"pt-BR","@id":"https:\/\/jornalpontomais.com\/site\/2024\/01\/29\/brasil-e-o-2o-pais-com-mais-casos-de-hanseniase-no-mundo\/#primaryimage","url":"https:\/\/jornalpontomais.com\/site\/wp-content\/uploads\/2024\/01\/janeiro-roxo.png","contentUrl":"https:\/\/jornalpontomais.com\/site\/wp-content\/uploads\/2024\/01\/janeiro-roxo.png","width":868,"height":443},{"@type":"BreadcrumbList","@id":"https:\/\/jornalpontomais.com\/site\/2024\/01\/29\/brasil-e-o-2o-pais-com-mais-casos-de-hanseniase-no-mundo\/#breadcrumb","itemListElement":[{"@type":"ListItem","position":1,"name":"In\u00edcio","item":"https:\/\/jornalpontomais.com\/site\/"},{"@type":"ListItem","position":2,"name":"Brasil \u00e9 o 2\u00ba pa\u00eds com mais casos de hansen\u00edase no mundo"}]},{"@type":"WebSite","@id":"https:\/\/jornalpontomais.com\/site\/#website","url":"https:\/\/jornalpontomais.com\/site\/","name":"Jornal Ponto Mais","description":"As principais not\u00edcias do Brasil e do mundo. Confira!","publisher":{"@id":"https:\/\/jornalpontomais.com\/site\/#organization"},"potentialAction":[{"@type":"SearchAction","target":{"@type":"EntryPoint","urlTemplate":"https:\/\/jornalpontomais.com\/site\/?s={search_term_string}"},"query-input":{"@type":"PropertyValueSpecification","valueRequired":true,"valueName":"search_term_string"}}],"inLanguage":"pt-BR"},{"@type":"Organization","@id":"https:\/\/jornalpontomais.com\/site\/#organization","name":"Jornal Ponto+","url":"https:\/\/jornalpontomais.com\/site\/","logo":{"@type":"ImageObject","inLanguage":"pt-BR","@id":"https:\/\/jornalpontomais.com\/site\/#\/schema\/logo\/image\/","url":"https:\/\/jornalpontomais.com\/site\/wp-content\/uploads\/2022\/01\/marca.png","contentUrl":"https:\/\/jornalpontomais.com\/site\/wp-content\/uploads\/2022\/01\/marca.png","width":582,"height":148,"caption":"Jornal Ponto+"},"image":{"@id":"https:\/\/jornalpontomais.com\/site\/#\/schema\/logo\/image\/"}},{"@type":"Person","@id":"https:\/\/jornalpontomais.com\/site\/#\/schema\/person\/18323f0b0f1355f2490721c48389fe9d","name":"Jornal Ponto Mais","image":{"@type":"ImageObject","inLanguage":"pt-BR","@id":"https:\/\/secure.gravatar.com\/avatar\/2ee0a9b7fe10fe32bdec8bc086e871e41eb5f4f6ecbcb7b4f2fe0d92d831405f?s=96&d=mm&r=g","url":"https:\/\/secure.gravatar.com\/avatar\/2ee0a9b7fe10fe32bdec8bc086e871e41eb5f4f6ecbcb7b4f2fe0d92d831405f?s=96&d=mm&r=g","contentUrl":"https:\/\/secure.gravatar.com\/avatar\/2ee0a9b7fe10fe32bdec8bc086e871e41eb5f4f6ecbcb7b4f2fe0d92d831405f?s=96&d=mm&r=g","caption":"Jornal Ponto Mais"},"sameAs":["https:\/\/jornalpontomais.com\/site","jornalpontomais"],"url":"https:\/\/jornalpontomais.com\/site\/author\/jornalpontomais\/"}]}},"_links":{"self":[{"href":"https:\/\/jornalpontomais.com\/site\/wp-json\/wp\/v2\/posts\/11685","targetHints":{"allow":["GET"]}}],"collection":[{"href":"https:\/\/jornalpontomais.com\/site\/wp-json\/wp\/v2\/posts"}],"about":[{"href":"https:\/\/jornalpontomais.com\/site\/wp-json\/wp\/v2\/types\/post"}],"author":[{"embeddable":true,"href":"https:\/\/jornalpontomais.com\/site\/wp-json\/wp\/v2\/users\/2"}],"replies":[{"embeddable":true,"href":"https:\/\/jornalpontomais.com\/site\/wp-json\/wp\/v2\/comments?post=11685"}],"version-history":[{"count":1,"href":"https:\/\/jornalpontomais.com\/site\/wp-json\/wp\/v2\/posts\/11685\/revisions"}],"predecessor-version":[{"id":11687,"href":"https:\/\/jornalpontomais.com\/site\/wp-json\/wp\/v2\/posts\/11685\/revisions\/11687"}],"wp:featuredmedia":[{"embeddable":true,"href":"https:\/\/jornalpontomais.com\/site\/wp-json\/wp\/v2\/media\/11686"}],"wp:attachment":[{"href":"https:\/\/jornalpontomais.com\/site\/wp-json\/wp\/v2\/media?parent=11685"}],"wp:term":[{"taxonomy":"category","embeddable":true,"href":"https:\/\/jornalpontomais.com\/site\/wp-json\/wp\/v2\/categories?post=11685"},{"taxonomy":"post_tag","embeddable":true,"href":"https:\/\/jornalpontomais.com\/site\/wp-json\/wp\/v2\/tags?post=11685"}],"curies":[{"name":"wp","href":"https:\/\/api.w.org\/{rel}","templated":true}]}}