{"id":11660,"date":"2024-01-27T08:42:36","date_gmt":"2024-01-27T11:42:36","guid":{"rendered":"https:\/\/jornalpontomais.com\/site\/?p=11660"},"modified":"2024-02-12T15:18:56","modified_gmt":"2024-02-12T18:18:56","slug":"oms-alerta-para-aumento-de-casos-de-sarampo-e-reforca-vacinacao","status":"publish","type":"post","link":"https:\/\/jornalpontomais.com\/site\/2024\/01\/27\/oms-alerta-para-aumento-de-casos-de-sarampo-e-reforca-vacinacao\/","title":{"rendered":"OMS alerta para aumento de casos de sarampo e refor\u00e7a vacina\u00e7\u00e3o"},"content":{"rendered":"\n<p>A Organiza\u00e7\u00e3o Mundial da Sa\u00fade (OMS) emitiu um alerta sobre o aumento de casos de sarampo em todo o mundo e enfatizou a import\u00e2ncia da vacina\u00e7\u00e3o para conter a propaga\u00e7\u00e3o da doen\u00e7a. &#8220;Estamos observando um aumento nos casos de sarampo. Esta \u00e9 uma das doen\u00e7as mais contagiosas. Se uma pessoa fica doente, \u00e9 altamente prov\u00e1vel que todos ao seu redor contraiam o v\u00edrus, caso n\u00e3o estejam vacinados. Para proteger suas crian\u00e7as, certifique-se de que elas estejam com as vacinas em dia.&#8221;<br><br><\/p>\n\n\n\n<p>Nas \u00faltimas semanas, pa\u00edses como M\u00e9xico, Estados Unidos, Reino Unido e Portugal emitiram alertas ap\u00f3s a confirma\u00e7\u00e3o de casos, incluindo o tr\u00e1gico falecimento de uma crian\u00e7a de 19 meses na prov\u00edncia de Salta, na Argentina. No Brasil, o Centro de Vigil\u00e2ncia em Sa\u00fade do Rio Grande do Sul emitiu um alerta ap\u00f3s confirmar um caso importado de sarampo no estado. Trata-se de um menino de 3 anos que chegou ao munic\u00edpio de Rio Grande em 27 de dezembro, vindo do Paquist\u00e3o, pa\u00eds onde a doen\u00e7a \u00e9 end\u00eamica.<br><br><\/p>\n\n\n\n<p>Diante dessa confirma\u00e7\u00e3o, a Secretaria da Sa\u00fade do Rio Grande do Sul refor\u00e7ou, por meio de nota, a import\u00e2ncia da vacina tr\u00edplice viral (sarampo, rub\u00e9ola e caxumba), disponibilizada gratuitamente pelo Sistema \u00danico de Sa\u00fade (SUS) para crian\u00e7as a partir de 1 ano at\u00e9 os 59 anos, de acordo com o calend\u00e1rio nacional de vacina\u00e7\u00e3o.<br><br><\/p>\n\n\n\n<p>&#8220;Ao surgir a suspeita, foi iniciada a vacina\u00e7\u00e3o seletiva entre familiares, vizinhos e profissionais de sa\u00fade. A crian\u00e7a est\u00e1 em boas condi\u00e7\u00f5es e seus familiares n\u00e3o apresentaram sintomas. O munic\u00edpio continua monitorando casos de febre, erup\u00e7\u00f5es cut\u00e2neas, tosse, coriza ou conjuntivite, sem identificar qualquer caso suspeito.&#8221;<br><br><\/p>\n\n\n\n<p>O esquema completo de vacina\u00e7\u00e3o contra o sarampo consiste em duas doses para pessoas com at\u00e9 29 anos, ou uma dose para adultos de 30 a 59 anos. Em crian\u00e7as, a vacina\u00e7\u00e3o deve ocorrer aos 12 e 15 meses de idade. Profissionais de sa\u00fade devem receber duas doses, independentemente da idade. Em situa\u00e7\u00f5es de surto, a vacina\u00e7\u00e3o seletiva \u00e9 recomendada para todos com mais de 6 meses de idade.<\/p>\n","protected":false},"excerpt":{"rendered":"<p>A Organiza\u00e7\u00e3o Mundial da Sa\u00fade (OMS) emitiu um alerta sobre o aumento de casos de sarampo em todo o mundo e enfatizou a import\u00e2ncia da vacina\u00e7\u00e3o para conter a propaga\u00e7\u00e3o da doen\u00e7a. &#8220;Estamos observando um aumento nos casos de sarampo. Esta \u00e9 uma das doen\u00e7as mais contagiosas. Se uma pessoa fica doente, \u00e9 altamente prov\u00e1vel [&hellip;]<\/p>\n","protected":false},"author":2,"featured_media":3512,"comment_status":"open","ping_status":"open","sticky":false,"template":"","format":"standard","meta":{"om_disable_all_campaigns":false,"_monsterinsights_skip_tracking":false,"_monsterinsights_sitenote_active":false,"_monsterinsights_sitenote_note":"","_monsterinsights_sitenote_category":0,"footnotes":""},"categories":[3],"tags":[],"class_list":["post-11660","post","type-post","status-publish","format-standard","has-post-thumbnail","hentry","category-saude"],"yoast_head":"<!-- This site is optimized with the Yoast SEO plugin v27.2 - https:\/\/yoast.com\/product\/yoast-seo-wordpress\/ -->\n<title>OMS alerta para aumento de casos de sarampo e refor\u00e7a vacina\u00e7\u00e3o - Jornal Ponto Mais<\/title>\n<meta name=\"robots\" content=\"index, follow, max-snippet:-1, max-image-preview:large, max-video-preview:-1\" \/>\n<link rel=\"canonical\" href=\"https:\/\/jornalpontomais.com\/site\/2024\/01\/27\/oms-alerta-para-aumento-de-casos-de-sarampo-e-reforca-vacinacao\/\" \/>\n<meta property=\"og:locale\" content=\"pt_BR\" \/>\n<meta property=\"og:type\" content=\"article\" \/>\n<meta property=\"og:title\" content=\"OMS alerta para aumento de casos de sarampo e refor\u00e7a vacina\u00e7\u00e3o - Jornal Ponto Mais\" \/>\n<meta property=\"og:description\" content=\"A Organiza\u00e7\u00e3o Mundial da Sa\u00fade (OMS) emitiu um alerta sobre o aumento de casos de sarampo em todo o mundo e enfatizou a import\u00e2ncia da vacina\u00e7\u00e3o para conter a propaga\u00e7\u00e3o da doen\u00e7a. &#8220;Estamos observando um aumento nos casos de sarampo. Esta \u00e9 uma das doen\u00e7as mais contagiosas. Se uma pessoa fica doente, \u00e9 altamente prov\u00e1vel [&hellip;]\" \/>\n<meta property=\"og:url\" content=\"https:\/\/jornalpontomais.com\/site\/2024\/01\/27\/oms-alerta-para-aumento-de-casos-de-sarampo-e-reforca-vacinacao\/\" \/>\n<meta property=\"og:site_name\" content=\"Jornal Ponto Mais\" \/>\n<meta property=\"article:published_time\" content=\"2024-01-27T11:42:36+00:00\" \/>\n<meta property=\"article:modified_time\" content=\"2024-02-12T18:18:56+00:00\" \/>\n<meta property=\"og:image\" content=\"https:\/\/jornalpontomais.com\/site\/wp-content\/uploads\/2022\/05\/DIA-D-VACINACAO.jpg\" \/>\n\t<meta property=\"og:image:width\" content=\"1600\" \/>\n\t<meta property=\"og:image:height\" content=\"800\" \/>\n\t<meta property=\"og:image:type\" content=\"image\/jpeg\" \/>\n<meta name=\"author\" content=\"Jornal Ponto Mais\" \/>\n<meta name=\"twitter:card\" content=\"summary_large_image\" \/>\n<meta name=\"twitter:label1\" content=\"Escrito por\" \/>\n\t<meta name=\"twitter:data1\" content=\"Jornal Ponto Mais\" \/>\n\t<meta name=\"twitter:label2\" content=\"Est. tempo de leitura\" \/>\n\t<meta name=\"twitter:data2\" content=\"2 minutos\" \/>\n<script type=\"application\/ld+json\" class=\"yoast-schema-graph\">{\"@context\":\"https:\/\/schema.org\",\"@graph\":[{\"@type\":\"Article\",\"@id\":\"https:\/\/jornalpontomais.com\/site\/2024\/01\/27\/oms-alerta-para-aumento-de-casos-de-sarampo-e-reforca-vacinacao\/#article\",\"isPartOf\":{\"@id\":\"https:\/\/jornalpontomais.com\/site\/2024\/01\/27\/oms-alerta-para-aumento-de-casos-de-sarampo-e-reforca-vacinacao\/\"},\"author\":{\"name\":\"Jornal Ponto Mais\",\"@id\":\"https:\/\/jornalpontomais.com\/site\/#\/schema\/person\/18323f0b0f1355f2490721c48389fe9d\"},\"headline\":\"OMS alerta para aumento de casos de sarampo e refor\u00e7a vacina\u00e7\u00e3o\",\"datePublished\":\"2024-01-27T11:42:36+00:00\",\"dateModified\":\"2024-02-12T18:18:56+00:00\",\"mainEntityOfPage\":{\"@id\":\"https:\/\/jornalpontomais.com\/site\/2024\/01\/27\/oms-alerta-para-aumento-de-casos-de-sarampo-e-reforca-vacinacao\/\"},\"wordCount\":385,\"commentCount\":0,\"publisher\":{\"@id\":\"https:\/\/jornalpontomais.com\/site\/#organization\"},\"image\":{\"@id\":\"https:\/\/jornalpontomais.com\/site\/2024\/01\/27\/oms-alerta-para-aumento-de-casos-de-sarampo-e-reforca-vacinacao\/#primaryimage\"},\"thumbnailUrl\":\"https:\/\/jornalpontomais.com\/site\/wp-content\/uploads\/2022\/05\/DIA-D-VACINACAO.jpg\",\"articleSection\":[\"Sa\u00fade\"],\"inLanguage\":\"pt-BR\",\"potentialAction\":[{\"@type\":\"CommentAction\",\"name\":\"Comment\",\"target\":[\"https:\/\/jornalpontomais.com\/site\/2024\/01\/27\/oms-alerta-para-aumento-de-casos-de-sarampo-e-reforca-vacinacao\/#respond\"]}]},{\"@type\":\"WebPage\",\"@id\":\"https:\/\/jornalpontomais.com\/site\/2024\/01\/27\/oms-alerta-para-aumento-de-casos-de-sarampo-e-reforca-vacinacao\/\",\"url\":\"https:\/\/jornalpontomais.com\/site\/2024\/01\/27\/oms-alerta-para-aumento-de-casos-de-sarampo-e-reforca-vacinacao\/\",\"name\":\"OMS alerta para aumento de casos de sarampo e refor\u00e7a vacina\u00e7\u00e3o - Jornal Ponto Mais\",\"isPartOf\":{\"@id\":\"https:\/\/jornalpontomais.com\/site\/#website\"},\"primaryImageOfPage\":{\"@id\":\"https:\/\/jornalpontomais.com\/site\/2024\/01\/27\/oms-alerta-para-aumento-de-casos-de-sarampo-e-reforca-vacinacao\/#primaryimage\"},\"image\":{\"@id\":\"https:\/\/jornalpontomais.com\/site\/2024\/01\/27\/oms-alerta-para-aumento-de-casos-de-sarampo-e-reforca-vacinacao\/#primaryimage\"},\"thumbnailUrl\":\"https:\/\/jornalpontomais.com\/site\/wp-content\/uploads\/2022\/05\/DIA-D-VACINACAO.jpg\",\"datePublished\":\"2024-01-27T11:42:36+00:00\",\"dateModified\":\"2024-02-12T18:18:56+00:00\",\"breadcrumb\":{\"@id\":\"https:\/\/jornalpontomais.com\/site\/2024\/01\/27\/oms-alerta-para-aumento-de-casos-de-sarampo-e-reforca-vacinacao\/#breadcrumb\"},\"inLanguage\":\"pt-BR\",\"potentialAction\":[{\"@type\":\"ReadAction\",\"target\":[\"https:\/\/jornalpontomais.com\/site\/2024\/01\/27\/oms-alerta-para-aumento-de-casos-de-sarampo-e-reforca-vacinacao\/\"]}]},{\"@type\":\"ImageObject\",\"inLanguage\":\"pt-BR\",\"@id\":\"https:\/\/jornalpontomais.com\/site\/2024\/01\/27\/oms-alerta-para-aumento-de-casos-de-sarampo-e-reforca-vacinacao\/#primaryimage\",\"url\":\"https:\/\/jornalpontomais.com\/site\/wp-content\/uploads\/2022\/05\/DIA-D-VACINACAO.jpg\",\"contentUrl\":\"https:\/\/jornalpontomais.com\/site\/wp-content\/uploads\/2022\/05\/DIA-D-VACINACAO.jpg\",\"width\":1600,\"height\":800,\"caption\":\"Dia D de mobiliza\u00e7\u00e3o da Campanha Nacional de Vacina\u00e7\u00e3o contra a Poliomielite e Sarampo.\"},{\"@type\":\"BreadcrumbList\",\"@id\":\"https:\/\/jornalpontomais.com\/site\/2024\/01\/27\/oms-alerta-para-aumento-de-casos-de-sarampo-e-reforca-vacinacao\/#breadcrumb\",\"itemListElement\":[{\"@type\":\"ListItem\",\"position\":1,\"name\":\"In\u00edcio\",\"item\":\"https:\/\/jornalpontomais.com\/site\/\"},{\"@type\":\"ListItem\",\"position\":2,\"name\":\"OMS alerta para aumento de casos de sarampo e refor\u00e7a vacina\u00e7\u00e3o\"}]},{\"@type\":\"WebSite\",\"@id\":\"https:\/\/jornalpontomais.com\/site\/#website\",\"url\":\"https:\/\/jornalpontomais.com\/site\/\",\"name\":\"Jornal Ponto Mais\",\"description\":\"As principais not\u00edcias do Brasil e do mundo. Confira!\",\"publisher\":{\"@id\":\"https:\/\/jornalpontomais.com\/site\/#organization\"},\"potentialAction\":[{\"@type\":\"SearchAction\",\"target\":{\"@type\":\"EntryPoint\",\"urlTemplate\":\"https:\/\/jornalpontomais.com\/site\/?s={search_term_string}\"},\"query-input\":{\"@type\":\"PropertyValueSpecification\",\"valueRequired\":true,\"valueName\":\"search_term_string\"}}],\"inLanguage\":\"pt-BR\"},{\"@type\":\"Organization\",\"@id\":\"https:\/\/jornalpontomais.com\/site\/#organization\",\"name\":\"Jornal Ponto+\",\"url\":\"https:\/\/jornalpontomais.com\/site\/\",\"logo\":{\"@type\":\"ImageObject\",\"inLanguage\":\"pt-BR\",\"@id\":\"https:\/\/jornalpontomais.com\/site\/#\/schema\/logo\/image\/\",\"url\":\"https:\/\/jornalpontomais.com\/site\/wp-content\/uploads\/2022\/01\/marca.png\",\"contentUrl\":\"https:\/\/jornalpontomais.com\/site\/wp-content\/uploads\/2022\/01\/marca.png\",\"width\":582,\"height\":148,\"caption\":\"Jornal Ponto+\"},\"image\":{\"@id\":\"https:\/\/jornalpontomais.com\/site\/#\/schema\/logo\/image\/\"}},{\"@type\":\"Person\",\"@id\":\"https:\/\/jornalpontomais.com\/site\/#\/schema\/person\/18323f0b0f1355f2490721c48389fe9d\",\"name\":\"Jornal Ponto Mais\",\"image\":{\"@type\":\"ImageObject\",\"inLanguage\":\"pt-BR\",\"@id\":\"https:\/\/secure.gravatar.com\/avatar\/2ee0a9b7fe10fe32bdec8bc086e871e41eb5f4f6ecbcb7b4f2fe0d92d831405f?s=96&d=mm&r=g\",\"url\":\"https:\/\/secure.gravatar.com\/avatar\/2ee0a9b7fe10fe32bdec8bc086e871e41eb5f4f6ecbcb7b4f2fe0d92d831405f?s=96&d=mm&r=g\",\"contentUrl\":\"https:\/\/secure.gravatar.com\/avatar\/2ee0a9b7fe10fe32bdec8bc086e871e41eb5f4f6ecbcb7b4f2fe0d92d831405f?s=96&d=mm&r=g\",\"caption\":\"Jornal Ponto Mais\"},\"sameAs\":[\"https:\/\/jornalpontomais.com\/site\",\"jornalpontomais\"],\"url\":\"https:\/\/jornalpontomais.com\/site\/author\/jornalpontomais\/\"}]}<\/script>\n<!-- \/ Yoast SEO plugin. -->","yoast_head_json":{"title":"OMS alerta para aumento de casos de sarampo e refor\u00e7a vacina\u00e7\u00e3o - Jornal Ponto Mais","robots":{"index":"index","follow":"follow","max-snippet":"max-snippet:-1","max-image-preview":"max-image-preview:large","max-video-preview":"max-video-preview:-1"},"canonical":"https:\/\/jornalpontomais.com\/site\/2024\/01\/27\/oms-alerta-para-aumento-de-casos-de-sarampo-e-reforca-vacinacao\/","og_locale":"pt_BR","og_type":"article","og_title":"OMS alerta para aumento de casos de sarampo e refor\u00e7a vacina\u00e7\u00e3o - Jornal Ponto Mais","og_description":"A Organiza\u00e7\u00e3o Mundial da Sa\u00fade (OMS) emitiu um alerta sobre o aumento de casos de sarampo em todo o mundo e enfatizou a import\u00e2ncia da vacina\u00e7\u00e3o para conter a propaga\u00e7\u00e3o da doen\u00e7a. &#8220;Estamos observando um aumento nos casos de sarampo. Esta \u00e9 uma das doen\u00e7as mais contagiosas. Se uma pessoa fica doente, \u00e9 altamente prov\u00e1vel [&hellip;]","og_url":"https:\/\/jornalpontomais.com\/site\/2024\/01\/27\/oms-alerta-para-aumento-de-casos-de-sarampo-e-reforca-vacinacao\/","og_site_name":"Jornal Ponto Mais","article_published_time":"2024-01-27T11:42:36+00:00","article_modified_time":"2024-02-12T18:18:56+00:00","og_image":[{"width":1600,"height":800,"url":"https:\/\/jornalpontomais.com\/site\/wp-content\/uploads\/2022\/05\/DIA-D-VACINACAO.jpg","type":"image\/jpeg"}],"author":"Jornal Ponto Mais","twitter_card":"summary_large_image","twitter_misc":{"Escrito por":"Jornal Ponto Mais","Est. tempo de leitura":"2 minutos"},"schema":{"@context":"https:\/\/schema.org","@graph":[{"@type":"Article","@id":"https:\/\/jornalpontomais.com\/site\/2024\/01\/27\/oms-alerta-para-aumento-de-casos-de-sarampo-e-reforca-vacinacao\/#article","isPartOf":{"@id":"https:\/\/jornalpontomais.com\/site\/2024\/01\/27\/oms-alerta-para-aumento-de-casos-de-sarampo-e-reforca-vacinacao\/"},"author":{"name":"Jornal Ponto Mais","@id":"https:\/\/jornalpontomais.com\/site\/#\/schema\/person\/18323f0b0f1355f2490721c48389fe9d"},"headline":"OMS alerta para aumento de casos de sarampo e refor\u00e7a vacina\u00e7\u00e3o","datePublished":"2024-01-27T11:42:36+00:00","dateModified":"2024-02-12T18:18:56+00:00","mainEntityOfPage":{"@id":"https:\/\/jornalpontomais.com\/site\/2024\/01\/27\/oms-alerta-para-aumento-de-casos-de-sarampo-e-reforca-vacinacao\/"},"wordCount":385,"commentCount":0,"publisher":{"@id":"https:\/\/jornalpontomais.com\/site\/#organization"},"image":{"@id":"https:\/\/jornalpontomais.com\/site\/2024\/01\/27\/oms-alerta-para-aumento-de-casos-de-sarampo-e-reforca-vacinacao\/#primaryimage"},"thumbnailUrl":"https:\/\/jornalpontomais.com\/site\/wp-content\/uploads\/2022\/05\/DIA-D-VACINACAO.jpg","articleSection":["Sa\u00fade"],"inLanguage":"pt-BR","potentialAction":[{"@type":"CommentAction","name":"Comment","target":["https:\/\/jornalpontomais.com\/site\/2024\/01\/27\/oms-alerta-para-aumento-de-casos-de-sarampo-e-reforca-vacinacao\/#respond"]}]},{"@type":"WebPage","@id":"https:\/\/jornalpontomais.com\/site\/2024\/01\/27\/oms-alerta-para-aumento-de-casos-de-sarampo-e-reforca-vacinacao\/","url":"https:\/\/jornalpontomais.com\/site\/2024\/01\/27\/oms-alerta-para-aumento-de-casos-de-sarampo-e-reforca-vacinacao\/","name":"OMS alerta para aumento de casos de sarampo e refor\u00e7a vacina\u00e7\u00e3o - Jornal Ponto Mais","isPartOf":{"@id":"https:\/\/jornalpontomais.com\/site\/#website"},"primaryImageOfPage":{"@id":"https:\/\/jornalpontomais.com\/site\/2024\/01\/27\/oms-alerta-para-aumento-de-casos-de-sarampo-e-reforca-vacinacao\/#primaryimage"},"image":{"@id":"https:\/\/jornalpontomais.com\/site\/2024\/01\/27\/oms-alerta-para-aumento-de-casos-de-sarampo-e-reforca-vacinacao\/#primaryimage"},"thumbnailUrl":"https:\/\/jornalpontomais.com\/site\/wp-content\/uploads\/2022\/05\/DIA-D-VACINACAO.jpg","datePublished":"2024-01-27T11:42:36+00:00","dateModified":"2024-02-12T18:18:56+00:00","breadcrumb":{"@id":"https:\/\/jornalpontomais.com\/site\/2024\/01\/27\/oms-alerta-para-aumento-de-casos-de-sarampo-e-reforca-vacinacao\/#breadcrumb"},"inLanguage":"pt-BR","potentialAction":[{"@type":"ReadAction","target":["https:\/\/jornalpontomais.com\/site\/2024\/01\/27\/oms-alerta-para-aumento-de-casos-de-sarampo-e-reforca-vacinacao\/"]}]},{"@type":"ImageObject","inLanguage":"pt-BR","@id":"https:\/\/jornalpontomais.com\/site\/2024\/01\/27\/oms-alerta-para-aumento-de-casos-de-sarampo-e-reforca-vacinacao\/#primaryimage","url":"https:\/\/jornalpontomais.com\/site\/wp-content\/uploads\/2022\/05\/DIA-D-VACINACAO.jpg","contentUrl":"https:\/\/jornalpontomais.com\/site\/wp-content\/uploads\/2022\/05\/DIA-D-VACINACAO.jpg","width":1600,"height":800,"caption":"Dia D de mobiliza\u00e7\u00e3o da Campanha Nacional de Vacina\u00e7\u00e3o contra a Poliomielite e Sarampo."},{"@type":"BreadcrumbList","@id":"https:\/\/jornalpontomais.com\/site\/2024\/01\/27\/oms-alerta-para-aumento-de-casos-de-sarampo-e-reforca-vacinacao\/#breadcrumb","itemListElement":[{"@type":"ListItem","position":1,"name":"In\u00edcio","item":"https:\/\/jornalpontomais.com\/site\/"},{"@type":"ListItem","position":2,"name":"OMS alerta para aumento de casos de sarampo e refor\u00e7a vacina\u00e7\u00e3o"}]},{"@type":"WebSite","@id":"https:\/\/jornalpontomais.com\/site\/#website","url":"https:\/\/jornalpontomais.com\/site\/","name":"Jornal Ponto Mais","description":"As principais not\u00edcias do Brasil e do mundo. Confira!","publisher":{"@id":"https:\/\/jornalpontomais.com\/site\/#organization"},"potentialAction":[{"@type":"SearchAction","target":{"@type":"EntryPoint","urlTemplate":"https:\/\/jornalpontomais.com\/site\/?s={search_term_string}"},"query-input":{"@type":"PropertyValueSpecification","valueRequired":true,"valueName":"search_term_string"}}],"inLanguage":"pt-BR"},{"@type":"Organization","@id":"https:\/\/jornalpontomais.com\/site\/#organization","name":"Jornal Ponto+","url":"https:\/\/jornalpontomais.com\/site\/","logo":{"@type":"ImageObject","inLanguage":"pt-BR","@id":"https:\/\/jornalpontomais.com\/site\/#\/schema\/logo\/image\/","url":"https:\/\/jornalpontomais.com\/site\/wp-content\/uploads\/2022\/01\/marca.png","contentUrl":"https:\/\/jornalpontomais.com\/site\/wp-content\/uploads\/2022\/01\/marca.png","width":582,"height":148,"caption":"Jornal Ponto+"},"image":{"@id":"https:\/\/jornalpontomais.com\/site\/#\/schema\/logo\/image\/"}},{"@type":"Person","@id":"https:\/\/jornalpontomais.com\/site\/#\/schema\/person\/18323f0b0f1355f2490721c48389fe9d","name":"Jornal Ponto Mais","image":{"@type":"ImageObject","inLanguage":"pt-BR","@id":"https:\/\/secure.gravatar.com\/avatar\/2ee0a9b7fe10fe32bdec8bc086e871e41eb5f4f6ecbcb7b4f2fe0d92d831405f?s=96&d=mm&r=g","url":"https:\/\/secure.gravatar.com\/avatar\/2ee0a9b7fe10fe32bdec8bc086e871e41eb5f4f6ecbcb7b4f2fe0d92d831405f?s=96&d=mm&r=g","contentUrl":"https:\/\/secure.gravatar.com\/avatar\/2ee0a9b7fe10fe32bdec8bc086e871e41eb5f4f6ecbcb7b4f2fe0d92d831405f?s=96&d=mm&r=g","caption":"Jornal Ponto Mais"},"sameAs":["https:\/\/jornalpontomais.com\/site","jornalpontomais"],"url":"https:\/\/jornalpontomais.com\/site\/author\/jornalpontomais\/"}]}},"_links":{"self":[{"href":"https:\/\/jornalpontomais.com\/site\/wp-json\/wp\/v2\/posts\/11660","targetHints":{"allow":["GET"]}}],"collection":[{"href":"https:\/\/jornalpontomais.com\/site\/wp-json\/wp\/v2\/posts"}],"about":[{"href":"https:\/\/jornalpontomais.com\/site\/wp-json\/wp\/v2\/types\/post"}],"author":[{"embeddable":true,"href":"https:\/\/jornalpontomais.com\/site\/wp-json\/wp\/v2\/users\/2"}],"replies":[{"embeddable":true,"href":"https:\/\/jornalpontomais.com\/site\/wp-json\/wp\/v2\/comments?post=11660"}],"version-history":[{"count":1,"href":"https:\/\/jornalpontomais.com\/site\/wp-json\/wp\/v2\/posts\/11660\/revisions"}],"predecessor-version":[{"id":11661,"href":"https:\/\/jornalpontomais.com\/site\/wp-json\/wp\/v2\/posts\/11660\/revisions\/11661"}],"wp:featuredmedia":[{"embeddable":true,"href":"https:\/\/jornalpontomais.com\/site\/wp-json\/wp\/v2\/media\/3512"}],"wp:attachment":[{"href":"https:\/\/jornalpontomais.com\/site\/wp-json\/wp\/v2\/media?parent=11660"}],"wp:term":[{"taxonomy":"category","embeddable":true,"href":"https:\/\/jornalpontomais.com\/site\/wp-json\/wp\/v2\/categories?post=11660"},{"taxonomy":"post_tag","embeddable":true,"href":"https:\/\/jornalpontomais.com\/site\/wp-json\/wp\/v2\/tags?post=11660"}],"curies":[{"name":"wp","href":"https:\/\/api.w.org\/{rel}","templated":true}]}}