{"id":11641,"date":"2024-01-26T09:42:14","date_gmt":"2024-01-26T12:42:14","guid":{"rendered":"https:\/\/jornalpontomais.com\/site\/?p=11641"},"modified":"2024-01-26T09:42:15","modified_gmt":"2024-01-26T12:42:15","slug":"ipca-15-puxados-pelos-alimentos-previa-da-inflacao-tem-alta-de-031-nos-precos-em-janeiro","status":"publish","type":"post","link":"https:\/\/jornalpontomais.com\/site\/2024\/01\/26\/ipca-15-puxados-pelos-alimentos-previa-da-inflacao-tem-alta-de-031-nos-precos-em-janeiro\/","title":{"rendered":"IPCA-15: puxados pelos alimentos, pr\u00e9via da infla\u00e7\u00e3o tem alta de 0,31% nos pre\u00e7os em janeiro"},"content":{"rendered":"\n<p>Nesta sexta-feira (26), o Instituto Brasileiro de Geografia e Estat\u00edstica (IBGE) divulgou que o \u00cdndice Nacional de Pre\u00e7os ao Consumidor Amplo 15 (IPCA-15), considerado uma pr\u00e9via da infla\u00e7\u00e3o oficial do pa\u00eds, apresentou um aumento de 0,31% nos pre\u00e7os em janeiro.<br><br><\/p>\n\n\n\n<p>Houve uma leve desacelera\u00e7\u00e3o de 0,09 ponto percentual em compara\u00e7\u00e3o ao m\u00eas anterior, quando registrou uma eleva\u00e7\u00e3o de 0,40% em dezembro. Em janeiro de 2023, o IPCA-15 foi de 0,55%. Com esses resultados, o IPCA-15 acumulou um aumento de 4,47% nos \u00faltimos 12 meses.<br><br><\/p>\n\n\n\n<p>O \u00edndice de dezembro ficou abaixo das expectativas do mercado financeiro, que projetava um aumento de 0,47% no m\u00eas.<br><br><\/p>\n\n\n\n<p>Dentre os nove grupos analisados pelo IBGE, sete apresentaram aumento em janeiro. O grupo de Alimenta\u00e7\u00e3o e Bebidas se destacou, registrando um aumento de 1,53% no m\u00eas. Esse aumento representou uma forte acelera\u00e7\u00e3o em rela\u00e7\u00e3o ao m\u00eas anterior (0,54%), impactando o \u00edndice geral em 0,32 ponto percentual.<br><br><\/p>\n\n\n\n<p>O subgrupo Alimenta\u00e7\u00e3o no Domic\u00edlio, que mensura os pre\u00e7os de alimentos in natura, apresentou um expressivo aumento de 2,04% no m\u00eas, em compara\u00e7\u00e3o com 0,55% em dezembro. Itens como batata-inglesa (25,95%), tomate (11,19%), arroz (5,85%), frutas (5,45%) e carnes (0,94%) foram os principais destaques de alta.<br><br><\/p>\n\n\n\n<p>Por outro lado, a Alimenta\u00e7\u00e3o Fora do Domic\u00edlio teve uma desacelera\u00e7\u00e3o, passando de 0,53% em dezembro para 0,24% neste m\u00eas. A refei\u00e7\u00e3o registrou um aumento de 0,32%, enquanto o lanche teve alta de 0,16%.<br><br><\/p>\n\n\n\n<p><strong>Veja abaixo a varia\u00e7\u00e3o dos grupos em janeiro<\/strong><\/p>\n\n\n\n<p>&#8211; Alimenta\u00e7\u00e3o e bebidas: 1,53%;<\/p>\n\n\n\n<p>&#8211; Habita\u00e7\u00e3o: 0,33%;<\/p>\n\n\n\n<p>&#8211; Artigos de resid\u00eancia: 0,26%;<\/p>\n\n\n\n<p>&#8211; Vestu\u00e1rio: 0,22%;<\/p>\n\n\n\n<p>&#8211; Transportes: -1,13%;<\/p>\n\n\n\n<p>&#8211; Sa\u00fade e cuidados pessoais: 0,56%;<\/p>\n\n\n\n<p>&#8211; Despesas pessoais: 0,56%;<\/p>\n\n\n\n<p>&#8211; Educa\u00e7\u00e3o: 0,39%;<\/p>\n\n\n\n<p>&#8211; Comunica\u00e7\u00e3o: -0,03%.<\/p>\n","protected":false},"excerpt":{"rendered":"<p>Nesta sexta-feira (26), o Instituto Brasileiro de Geografia e Estat\u00edstica (IBGE) divulgou que o \u00cdndice Nacional de Pre\u00e7os ao Consumidor Amplo 15 (IPCA-15), considerado uma pr\u00e9via da infla\u00e7\u00e3o oficial do pa\u00eds, apresentou um aumento de 0,31% nos pre\u00e7os em janeiro. Houve uma leve desacelera\u00e7\u00e3o de 0,09 ponto percentual em compara\u00e7\u00e3o ao m\u00eas anterior, quando registrou [&hellip;]<\/p>\n","protected":false},"author":2,"featured_media":11642,"comment_status":"open","ping_status":"open","sticky":true,"template":"","format":"standard","meta":{"om_disable_all_campaigns":false,"_monsterinsights_skip_tracking":false,"_monsterinsights_sitenote_active":false,"_monsterinsights_sitenote_note":"","_monsterinsights_sitenote_category":0,"footnotes":""},"categories":[37],"tags":[],"class_list":["post-11641","post","type-post","status-publish","format-standard","has-post-thumbnail","hentry","category-economia"],"yoast_head":"<!-- This site is optimized with the Yoast SEO plugin v27.2 - https:\/\/yoast.com\/product\/yoast-seo-wordpress\/ -->\n<title>IPCA-15: puxados pelos alimentos, pr\u00e9via da infla\u00e7\u00e3o tem alta de 0,31% nos pre\u00e7os em janeiro - Jornal Ponto Mais<\/title>\n<meta name=\"robots\" content=\"index, follow, max-snippet:-1, max-image-preview:large, max-video-preview:-1\" \/>\n<link rel=\"canonical\" href=\"https:\/\/jornalpontomais.com\/site\/2024\/01\/26\/ipca-15-puxados-pelos-alimentos-previa-da-inflacao-tem-alta-de-031-nos-precos-em-janeiro\/\" \/>\n<meta property=\"og:locale\" content=\"pt_BR\" \/>\n<meta property=\"og:type\" content=\"article\" \/>\n<meta property=\"og:title\" content=\"IPCA-15: puxados pelos alimentos, pr\u00e9via da infla\u00e7\u00e3o tem alta de 0,31% nos pre\u00e7os em janeiro - Jornal Ponto Mais\" \/>\n<meta property=\"og:description\" content=\"Nesta sexta-feira (26), o Instituto Brasileiro de Geografia e Estat\u00edstica (IBGE) divulgou que o \u00cdndice Nacional de Pre\u00e7os ao Consumidor Amplo 15 (IPCA-15), considerado uma pr\u00e9via da infla\u00e7\u00e3o oficial do pa\u00eds, apresentou um aumento de 0,31% nos pre\u00e7os em janeiro. Houve uma leve desacelera\u00e7\u00e3o de 0,09 ponto percentual em compara\u00e7\u00e3o ao m\u00eas anterior, quando registrou [&hellip;]\" \/>\n<meta property=\"og:url\" content=\"https:\/\/jornalpontomais.com\/site\/2024\/01\/26\/ipca-15-puxados-pelos-alimentos-previa-da-inflacao-tem-alta-de-031-nos-precos-em-janeiro\/\" \/>\n<meta property=\"og:site_name\" content=\"Jornal Ponto Mais\" \/>\n<meta property=\"article:published_time\" content=\"2024-01-26T12:42:14+00:00\" \/>\n<meta property=\"article:modified_time\" content=\"2024-01-26T12:42:15+00:00\" \/>\n<meta property=\"og:image\" content=\"https:\/\/jornalpontomais.com\/site\/wp-content\/uploads\/2024\/01\/batataportal-600x469-1.jpg\" \/>\n\t<meta property=\"og:image:width\" content=\"600\" \/>\n\t<meta property=\"og:image:height\" content=\"469\" \/>\n\t<meta property=\"og:image:type\" content=\"image\/jpeg\" \/>\n<meta name=\"author\" content=\"Jornal Ponto Mais\" \/>\n<meta name=\"twitter:card\" content=\"summary_large_image\" \/>\n<meta name=\"twitter:label1\" content=\"Escrito por\" \/>\n\t<meta name=\"twitter:data1\" content=\"Jornal Ponto Mais\" \/>\n\t<meta name=\"twitter:label2\" content=\"Est. tempo de leitura\" \/>\n\t<meta name=\"twitter:data2\" content=\"2 minutos\" \/>\n<script type=\"application\/ld+json\" class=\"yoast-schema-graph\">{\"@context\":\"https:\/\/schema.org\",\"@graph\":[{\"@type\":\"Article\",\"@id\":\"https:\/\/jornalpontomais.com\/site\/2024\/01\/26\/ipca-15-puxados-pelos-alimentos-previa-da-inflacao-tem-alta-de-031-nos-precos-em-janeiro\/#article\",\"isPartOf\":{\"@id\":\"https:\/\/jornalpontomais.com\/site\/2024\/01\/26\/ipca-15-puxados-pelos-alimentos-previa-da-inflacao-tem-alta-de-031-nos-precos-em-janeiro\/\"},\"author\":{\"name\":\"Jornal Ponto Mais\",\"@id\":\"https:\/\/jornalpontomais.com\/site\/#\/schema\/person\/18323f0b0f1355f2490721c48389fe9d\"},\"headline\":\"IPCA-15: puxados pelos alimentos, pr\u00e9via da infla\u00e7\u00e3o tem alta de 0,31% nos pre\u00e7os em janeiro\",\"datePublished\":\"2024-01-26T12:42:14+00:00\",\"dateModified\":\"2024-01-26T12:42:15+00:00\",\"mainEntityOfPage\":{\"@id\":\"https:\/\/jornalpontomais.com\/site\/2024\/01\/26\/ipca-15-puxados-pelos-alimentos-previa-da-inflacao-tem-alta-de-031-nos-precos-em-janeiro\/\"},\"wordCount\":293,\"commentCount\":0,\"publisher\":{\"@id\":\"https:\/\/jornalpontomais.com\/site\/#organization\"},\"image\":{\"@id\":\"https:\/\/jornalpontomais.com\/site\/2024\/01\/26\/ipca-15-puxados-pelos-alimentos-previa-da-inflacao-tem-alta-de-031-nos-precos-em-janeiro\/#primaryimage\"},\"thumbnailUrl\":\"https:\/\/jornalpontomais.com\/site\/wp-content\/uploads\/2024\/01\/batataportal-600x469-1.jpg\",\"articleSection\":[\"Economia\"],\"inLanguage\":\"pt-BR\",\"potentialAction\":[{\"@type\":\"CommentAction\",\"name\":\"Comment\",\"target\":[\"https:\/\/jornalpontomais.com\/site\/2024\/01\/26\/ipca-15-puxados-pelos-alimentos-previa-da-inflacao-tem-alta-de-031-nos-precos-em-janeiro\/#respond\"]}]},{\"@type\":\"WebPage\",\"@id\":\"https:\/\/jornalpontomais.com\/site\/2024\/01\/26\/ipca-15-puxados-pelos-alimentos-previa-da-inflacao-tem-alta-de-031-nos-precos-em-janeiro\/\",\"url\":\"https:\/\/jornalpontomais.com\/site\/2024\/01\/26\/ipca-15-puxados-pelos-alimentos-previa-da-inflacao-tem-alta-de-031-nos-precos-em-janeiro\/\",\"name\":\"IPCA-15: puxados pelos alimentos, pr\u00e9via da infla\u00e7\u00e3o tem alta de 0,31% nos pre\u00e7os em janeiro - Jornal Ponto Mais\",\"isPartOf\":{\"@id\":\"https:\/\/jornalpontomais.com\/site\/#website\"},\"primaryImageOfPage\":{\"@id\":\"https:\/\/jornalpontomais.com\/site\/2024\/01\/26\/ipca-15-puxados-pelos-alimentos-previa-da-inflacao-tem-alta-de-031-nos-precos-em-janeiro\/#primaryimage\"},\"image\":{\"@id\":\"https:\/\/jornalpontomais.com\/site\/2024\/01\/26\/ipca-15-puxados-pelos-alimentos-previa-da-inflacao-tem-alta-de-031-nos-precos-em-janeiro\/#primaryimage\"},\"thumbnailUrl\":\"https:\/\/jornalpontomais.com\/site\/wp-content\/uploads\/2024\/01\/batataportal-600x469-1.jpg\",\"datePublished\":\"2024-01-26T12:42:14+00:00\",\"dateModified\":\"2024-01-26T12:42:15+00:00\",\"breadcrumb\":{\"@id\":\"https:\/\/jornalpontomais.com\/site\/2024\/01\/26\/ipca-15-puxados-pelos-alimentos-previa-da-inflacao-tem-alta-de-031-nos-precos-em-janeiro\/#breadcrumb\"},\"inLanguage\":\"pt-BR\",\"potentialAction\":[{\"@type\":\"ReadAction\",\"target\":[\"https:\/\/jornalpontomais.com\/site\/2024\/01\/26\/ipca-15-puxados-pelos-alimentos-previa-da-inflacao-tem-alta-de-031-nos-precos-em-janeiro\/\"]}]},{\"@type\":\"ImageObject\",\"inLanguage\":\"pt-BR\",\"@id\":\"https:\/\/jornalpontomais.com\/site\/2024\/01\/26\/ipca-15-puxados-pelos-alimentos-previa-da-inflacao-tem-alta-de-031-nos-precos-em-janeiro\/#primaryimage\",\"url\":\"https:\/\/jornalpontomais.com\/site\/wp-content\/uploads\/2024\/01\/batataportal-600x469-1.jpg\",\"contentUrl\":\"https:\/\/jornalpontomais.com\/site\/wp-content\/uploads\/2024\/01\/batataportal-600x469-1.jpg\",\"width\":600,\"height\":469},{\"@type\":\"BreadcrumbList\",\"@id\":\"https:\/\/jornalpontomais.com\/site\/2024\/01\/26\/ipca-15-puxados-pelos-alimentos-previa-da-inflacao-tem-alta-de-031-nos-precos-em-janeiro\/#breadcrumb\",\"itemListElement\":[{\"@type\":\"ListItem\",\"position\":1,\"name\":\"In\u00edcio\",\"item\":\"https:\/\/jornalpontomais.com\/site\/\"},{\"@type\":\"ListItem\",\"position\":2,\"name\":\"IPCA-15: puxados pelos alimentos, pr\u00e9via da infla\u00e7\u00e3o tem alta de 0,31% nos pre\u00e7os em janeiro\"}]},{\"@type\":\"WebSite\",\"@id\":\"https:\/\/jornalpontomais.com\/site\/#website\",\"url\":\"https:\/\/jornalpontomais.com\/site\/\",\"name\":\"Jornal Ponto Mais\",\"description\":\"As principais not\u00edcias do Brasil e do mundo. Confira!\",\"publisher\":{\"@id\":\"https:\/\/jornalpontomais.com\/site\/#organization\"},\"potentialAction\":[{\"@type\":\"SearchAction\",\"target\":{\"@type\":\"EntryPoint\",\"urlTemplate\":\"https:\/\/jornalpontomais.com\/site\/?s={search_term_string}\"},\"query-input\":{\"@type\":\"PropertyValueSpecification\",\"valueRequired\":true,\"valueName\":\"search_term_string\"}}],\"inLanguage\":\"pt-BR\"},{\"@type\":\"Organization\",\"@id\":\"https:\/\/jornalpontomais.com\/site\/#organization\",\"name\":\"Jornal Ponto+\",\"url\":\"https:\/\/jornalpontomais.com\/site\/\",\"logo\":{\"@type\":\"ImageObject\",\"inLanguage\":\"pt-BR\",\"@id\":\"https:\/\/jornalpontomais.com\/site\/#\/schema\/logo\/image\/\",\"url\":\"https:\/\/jornalpontomais.com\/site\/wp-content\/uploads\/2022\/01\/marca.png\",\"contentUrl\":\"https:\/\/jornalpontomais.com\/site\/wp-content\/uploads\/2022\/01\/marca.png\",\"width\":582,\"height\":148,\"caption\":\"Jornal Ponto+\"},\"image\":{\"@id\":\"https:\/\/jornalpontomais.com\/site\/#\/schema\/logo\/image\/\"}},{\"@type\":\"Person\",\"@id\":\"https:\/\/jornalpontomais.com\/site\/#\/schema\/person\/18323f0b0f1355f2490721c48389fe9d\",\"name\":\"Jornal Ponto Mais\",\"image\":{\"@type\":\"ImageObject\",\"inLanguage\":\"pt-BR\",\"@id\":\"https:\/\/secure.gravatar.com\/avatar\/2ee0a9b7fe10fe32bdec8bc086e871e41eb5f4f6ecbcb7b4f2fe0d92d831405f?s=96&d=mm&r=g\",\"url\":\"https:\/\/secure.gravatar.com\/avatar\/2ee0a9b7fe10fe32bdec8bc086e871e41eb5f4f6ecbcb7b4f2fe0d92d831405f?s=96&d=mm&r=g\",\"contentUrl\":\"https:\/\/secure.gravatar.com\/avatar\/2ee0a9b7fe10fe32bdec8bc086e871e41eb5f4f6ecbcb7b4f2fe0d92d831405f?s=96&d=mm&r=g\",\"caption\":\"Jornal Ponto Mais\"},\"sameAs\":[\"https:\/\/jornalpontomais.com\/site\",\"jornalpontomais\"],\"url\":\"https:\/\/jornalpontomais.com\/site\/author\/jornalpontomais\/\"}]}<\/script>\n<!-- \/ Yoast SEO plugin. -->","yoast_head_json":{"title":"IPCA-15: puxados pelos alimentos, pr\u00e9via da infla\u00e7\u00e3o tem alta de 0,31% nos pre\u00e7os em janeiro - Jornal Ponto Mais","robots":{"index":"index","follow":"follow","max-snippet":"max-snippet:-1","max-image-preview":"max-image-preview:large","max-video-preview":"max-video-preview:-1"},"canonical":"https:\/\/jornalpontomais.com\/site\/2024\/01\/26\/ipca-15-puxados-pelos-alimentos-previa-da-inflacao-tem-alta-de-031-nos-precos-em-janeiro\/","og_locale":"pt_BR","og_type":"article","og_title":"IPCA-15: puxados pelos alimentos, pr\u00e9via da infla\u00e7\u00e3o tem alta de 0,31% nos pre\u00e7os em janeiro - Jornal Ponto Mais","og_description":"Nesta sexta-feira (26), o Instituto Brasileiro de Geografia e Estat\u00edstica (IBGE) divulgou que o \u00cdndice Nacional de Pre\u00e7os ao Consumidor Amplo 15 (IPCA-15), considerado uma pr\u00e9via da infla\u00e7\u00e3o oficial do pa\u00eds, apresentou um aumento de 0,31% nos pre\u00e7os em janeiro. Houve uma leve desacelera\u00e7\u00e3o de 0,09 ponto percentual em compara\u00e7\u00e3o ao m\u00eas anterior, quando registrou [&hellip;]","og_url":"https:\/\/jornalpontomais.com\/site\/2024\/01\/26\/ipca-15-puxados-pelos-alimentos-previa-da-inflacao-tem-alta-de-031-nos-precos-em-janeiro\/","og_site_name":"Jornal Ponto Mais","article_published_time":"2024-01-26T12:42:14+00:00","article_modified_time":"2024-01-26T12:42:15+00:00","og_image":[{"width":600,"height":469,"url":"https:\/\/jornalpontomais.com\/site\/wp-content\/uploads\/2024\/01\/batataportal-600x469-1.jpg","type":"image\/jpeg"}],"author":"Jornal Ponto Mais","twitter_card":"summary_large_image","twitter_misc":{"Escrito por":"Jornal Ponto Mais","Est. tempo de leitura":"2 minutos"},"schema":{"@context":"https:\/\/schema.org","@graph":[{"@type":"Article","@id":"https:\/\/jornalpontomais.com\/site\/2024\/01\/26\/ipca-15-puxados-pelos-alimentos-previa-da-inflacao-tem-alta-de-031-nos-precos-em-janeiro\/#article","isPartOf":{"@id":"https:\/\/jornalpontomais.com\/site\/2024\/01\/26\/ipca-15-puxados-pelos-alimentos-previa-da-inflacao-tem-alta-de-031-nos-precos-em-janeiro\/"},"author":{"name":"Jornal Ponto Mais","@id":"https:\/\/jornalpontomais.com\/site\/#\/schema\/person\/18323f0b0f1355f2490721c48389fe9d"},"headline":"IPCA-15: puxados pelos alimentos, pr\u00e9via da infla\u00e7\u00e3o tem alta de 0,31% nos pre\u00e7os em janeiro","datePublished":"2024-01-26T12:42:14+00:00","dateModified":"2024-01-26T12:42:15+00:00","mainEntityOfPage":{"@id":"https:\/\/jornalpontomais.com\/site\/2024\/01\/26\/ipca-15-puxados-pelos-alimentos-previa-da-inflacao-tem-alta-de-031-nos-precos-em-janeiro\/"},"wordCount":293,"commentCount":0,"publisher":{"@id":"https:\/\/jornalpontomais.com\/site\/#organization"},"image":{"@id":"https:\/\/jornalpontomais.com\/site\/2024\/01\/26\/ipca-15-puxados-pelos-alimentos-previa-da-inflacao-tem-alta-de-031-nos-precos-em-janeiro\/#primaryimage"},"thumbnailUrl":"https:\/\/jornalpontomais.com\/site\/wp-content\/uploads\/2024\/01\/batataportal-600x469-1.jpg","articleSection":["Economia"],"inLanguage":"pt-BR","potentialAction":[{"@type":"CommentAction","name":"Comment","target":["https:\/\/jornalpontomais.com\/site\/2024\/01\/26\/ipca-15-puxados-pelos-alimentos-previa-da-inflacao-tem-alta-de-031-nos-precos-em-janeiro\/#respond"]}]},{"@type":"WebPage","@id":"https:\/\/jornalpontomais.com\/site\/2024\/01\/26\/ipca-15-puxados-pelos-alimentos-previa-da-inflacao-tem-alta-de-031-nos-precos-em-janeiro\/","url":"https:\/\/jornalpontomais.com\/site\/2024\/01\/26\/ipca-15-puxados-pelos-alimentos-previa-da-inflacao-tem-alta-de-031-nos-precos-em-janeiro\/","name":"IPCA-15: puxados pelos alimentos, pr\u00e9via da infla\u00e7\u00e3o tem alta de 0,31% nos pre\u00e7os em janeiro - Jornal Ponto Mais","isPartOf":{"@id":"https:\/\/jornalpontomais.com\/site\/#website"},"primaryImageOfPage":{"@id":"https:\/\/jornalpontomais.com\/site\/2024\/01\/26\/ipca-15-puxados-pelos-alimentos-previa-da-inflacao-tem-alta-de-031-nos-precos-em-janeiro\/#primaryimage"},"image":{"@id":"https:\/\/jornalpontomais.com\/site\/2024\/01\/26\/ipca-15-puxados-pelos-alimentos-previa-da-inflacao-tem-alta-de-031-nos-precos-em-janeiro\/#primaryimage"},"thumbnailUrl":"https:\/\/jornalpontomais.com\/site\/wp-content\/uploads\/2024\/01\/batataportal-600x469-1.jpg","datePublished":"2024-01-26T12:42:14+00:00","dateModified":"2024-01-26T12:42:15+00:00","breadcrumb":{"@id":"https:\/\/jornalpontomais.com\/site\/2024\/01\/26\/ipca-15-puxados-pelos-alimentos-previa-da-inflacao-tem-alta-de-031-nos-precos-em-janeiro\/#breadcrumb"},"inLanguage":"pt-BR","potentialAction":[{"@type":"ReadAction","target":["https:\/\/jornalpontomais.com\/site\/2024\/01\/26\/ipca-15-puxados-pelos-alimentos-previa-da-inflacao-tem-alta-de-031-nos-precos-em-janeiro\/"]}]},{"@type":"ImageObject","inLanguage":"pt-BR","@id":"https:\/\/jornalpontomais.com\/site\/2024\/01\/26\/ipca-15-puxados-pelos-alimentos-previa-da-inflacao-tem-alta-de-031-nos-precos-em-janeiro\/#primaryimage","url":"https:\/\/jornalpontomais.com\/site\/wp-content\/uploads\/2024\/01\/batataportal-600x469-1.jpg","contentUrl":"https:\/\/jornalpontomais.com\/site\/wp-content\/uploads\/2024\/01\/batataportal-600x469-1.jpg","width":600,"height":469},{"@type":"BreadcrumbList","@id":"https:\/\/jornalpontomais.com\/site\/2024\/01\/26\/ipca-15-puxados-pelos-alimentos-previa-da-inflacao-tem-alta-de-031-nos-precos-em-janeiro\/#breadcrumb","itemListElement":[{"@type":"ListItem","position":1,"name":"In\u00edcio","item":"https:\/\/jornalpontomais.com\/site\/"},{"@type":"ListItem","position":2,"name":"IPCA-15: puxados pelos alimentos, pr\u00e9via da infla\u00e7\u00e3o tem alta de 0,31% nos pre\u00e7os em janeiro"}]},{"@type":"WebSite","@id":"https:\/\/jornalpontomais.com\/site\/#website","url":"https:\/\/jornalpontomais.com\/site\/","name":"Jornal Ponto Mais","description":"As principais not\u00edcias do Brasil e do mundo. Confira!","publisher":{"@id":"https:\/\/jornalpontomais.com\/site\/#organization"},"potentialAction":[{"@type":"SearchAction","target":{"@type":"EntryPoint","urlTemplate":"https:\/\/jornalpontomais.com\/site\/?s={search_term_string}"},"query-input":{"@type":"PropertyValueSpecification","valueRequired":true,"valueName":"search_term_string"}}],"inLanguage":"pt-BR"},{"@type":"Organization","@id":"https:\/\/jornalpontomais.com\/site\/#organization","name":"Jornal Ponto+","url":"https:\/\/jornalpontomais.com\/site\/","logo":{"@type":"ImageObject","inLanguage":"pt-BR","@id":"https:\/\/jornalpontomais.com\/site\/#\/schema\/logo\/image\/","url":"https:\/\/jornalpontomais.com\/site\/wp-content\/uploads\/2022\/01\/marca.png","contentUrl":"https:\/\/jornalpontomais.com\/site\/wp-content\/uploads\/2022\/01\/marca.png","width":582,"height":148,"caption":"Jornal Ponto+"},"image":{"@id":"https:\/\/jornalpontomais.com\/site\/#\/schema\/logo\/image\/"}},{"@type":"Person","@id":"https:\/\/jornalpontomais.com\/site\/#\/schema\/person\/18323f0b0f1355f2490721c48389fe9d","name":"Jornal Ponto Mais","image":{"@type":"ImageObject","inLanguage":"pt-BR","@id":"https:\/\/secure.gravatar.com\/avatar\/2ee0a9b7fe10fe32bdec8bc086e871e41eb5f4f6ecbcb7b4f2fe0d92d831405f?s=96&d=mm&r=g","url":"https:\/\/secure.gravatar.com\/avatar\/2ee0a9b7fe10fe32bdec8bc086e871e41eb5f4f6ecbcb7b4f2fe0d92d831405f?s=96&d=mm&r=g","contentUrl":"https:\/\/secure.gravatar.com\/avatar\/2ee0a9b7fe10fe32bdec8bc086e871e41eb5f4f6ecbcb7b4f2fe0d92d831405f?s=96&d=mm&r=g","caption":"Jornal Ponto Mais"},"sameAs":["https:\/\/jornalpontomais.com\/site","jornalpontomais"],"url":"https:\/\/jornalpontomais.com\/site\/author\/jornalpontomais\/"}]}},"_links":{"self":[{"href":"https:\/\/jornalpontomais.com\/site\/wp-json\/wp\/v2\/posts\/11641","targetHints":{"allow":["GET"]}}],"collection":[{"href":"https:\/\/jornalpontomais.com\/site\/wp-json\/wp\/v2\/posts"}],"about":[{"href":"https:\/\/jornalpontomais.com\/site\/wp-json\/wp\/v2\/types\/post"}],"author":[{"embeddable":true,"href":"https:\/\/jornalpontomais.com\/site\/wp-json\/wp\/v2\/users\/2"}],"replies":[{"embeddable":true,"href":"https:\/\/jornalpontomais.com\/site\/wp-json\/wp\/v2\/comments?post=11641"}],"version-history":[{"count":1,"href":"https:\/\/jornalpontomais.com\/site\/wp-json\/wp\/v2\/posts\/11641\/revisions"}],"predecessor-version":[{"id":11643,"href":"https:\/\/jornalpontomais.com\/site\/wp-json\/wp\/v2\/posts\/11641\/revisions\/11643"}],"wp:featuredmedia":[{"embeddable":true,"href":"https:\/\/jornalpontomais.com\/site\/wp-json\/wp\/v2\/media\/11642"}],"wp:attachment":[{"href":"https:\/\/jornalpontomais.com\/site\/wp-json\/wp\/v2\/media?parent=11641"}],"wp:term":[{"taxonomy":"category","embeddable":true,"href":"https:\/\/jornalpontomais.com\/site\/wp-json\/wp\/v2\/categories?post=11641"},{"taxonomy":"post_tag","embeddable":true,"href":"https:\/\/jornalpontomais.com\/site\/wp-json\/wp\/v2\/tags?post=11641"}],"curies":[{"name":"wp","href":"https:\/\/api.w.org\/{rel}","templated":true}]}}