{"id":11565,"date":"2024-01-23T09:36:13","date_gmt":"2024-01-23T12:36:13","guid":{"rendered":"https:\/\/jornalpontomais.com\/site\/?p=11565"},"modified":"2024-01-23T09:36:14","modified_gmt":"2024-01-23T12:36:14","slug":"balanca-comercial-goiana-tem-maior-superavit-dos-ultimos-26-anos","status":"publish","type":"post","link":"https:\/\/jornalpontomais.com\/site\/2024\/01\/23\/balanca-comercial-goiana-tem-maior-superavit-dos-ultimos-26-anos\/","title":{"rendered":"Balan\u00e7a comercial goiana tem maior super\u00e1vit dos \u00faltimos 26 anos"},"content":{"rendered":"\n<p>No ano de 2023, a balan\u00e7a comercial do estado de Goi\u00e1s registrou um recorde, alcan\u00e7ando o maior valor desde o in\u00edcio da s\u00e9rie hist\u00f3rica em 1997. No per\u00edodo, as exporta\u00e7\u00f5es goianas totalizaram US$13,846 bilh\u00f5es, enquanto as importa\u00e7\u00f5es atingiram US$4,883 bilh\u00f5es, resultando em um super\u00e1vit de US$8,96 bilh\u00f5es, representando um aumento de 6,7% em rela\u00e7\u00e3o a 2022.<br><br><\/p>\n\n\n\n<p>Os dados fornecidos pelo Minist\u00e9rio do Desenvolvimento, Ind\u00fastria, Com\u00e9rcio e Servi\u00e7os (MDIC) foram analisados pelo Instituto Mauro Borges (IMB), vinculado \u00e0 Secretaria-Geral de Governo (SGG). O ano de 2023 tamb\u00e9m marcou outro recorde para Goi\u00e1s, com o maior volume exportado da hist\u00f3ria, totalizando 22 milh\u00f5es de toneladas de produtos. Esse desempenho \u00e9 atribu\u00eddo ao setor de agroneg\u00f3cio, impulsionado pela safra recorde de cereais, oleaginosas e leguminosas, que alcan\u00e7ou aproximadamente 32,6 milh\u00f5es de toneladas.<br><br><\/p>\n\n\n\n<p><strong>Exporta\u00e7\u00f5es<\/strong><\/p>\n\n\n\n<p>Na pauta de exporta\u00e7\u00f5es, a soja lidera, seguida por carne e min\u00e9rios. O agroneg\u00f3cio foi o principal respons\u00e1vel pelo cen\u00e1rio positivo na balan\u00e7a comercial, registrando o maior saldo desde 1997, atingindo US$10,85 bilh\u00f5es. Esse setor tamb\u00e9m alcan\u00e7ou o maior valor da s\u00e9rie hist\u00f3rica, atingindo US$11,99 bilh\u00f5es, e o maior volume exportado, com 21,6 milh\u00f5es de toneladas.<br><br><\/p>\n\n\n\n<p>O secret\u00e1rio-geral de Governo de Goi\u00e1s, Adriano da Rocha Lima, celebra os n\u00fameros como indicativos do sucesso das pol\u00edticas econ\u00f4micas no estado. O presidente do IMB, Erik Figueiredo, destaca o desempenho hist\u00f3rico das exporta\u00e7\u00f5es goianas como reflexo da economia vibrante do estado.<br><br><\/p>\n\n\n\n<p><strong>Importa\u00e7\u00f5es<\/strong><\/p>\n\n\n\n<p>As importa\u00e7\u00f5es de Goi\u00e1s em 2023, no valor de US$4,883 bilh\u00f5es, representam o terceiro melhor resultado desde 1997, ficando atr\u00e1s apenas dos anos de 2022 e 2021. Em termos de volume comercializado, esse valor representa a quarta maior marca na s\u00e9rie hist\u00f3rica.<br><br><\/p>\n\n\n\n<p>Os produtos farmac\u00eauticos lideram a pauta de importa\u00e7\u00f5es, seguidos por adubos (fertilizantes) e ve\u00edculos. Destaque para o crescimento de 30,1% no valor das importa\u00e7\u00f5es de produtos farmac\u00eauticos e a queda de 56,2% no valor dos fertilizantes importados, resultado de acontecimentos internacionais, como a guerra entre R\u00fassia e Ucr\u00e2nia, e varia\u00e7\u00f5es nos pre\u00e7os das commodities nos \u00faltimos dois anos.<\/p>\n","protected":false},"excerpt":{"rendered":"<p>No ano de 2023, a balan\u00e7a comercial do estado de Goi\u00e1s registrou um recorde, alcan\u00e7ando o maior valor desde o in\u00edcio da s\u00e9rie hist\u00f3rica em 1997. No per\u00edodo, as exporta\u00e7\u00f5es goianas totalizaram US$13,846 bilh\u00f5es, enquanto as importa\u00e7\u00f5es atingiram US$4,883 bilh\u00f5es, resultando em um super\u00e1vit de US$8,96 bilh\u00f5es, representando um aumento de 6,7% em rela\u00e7\u00e3o a [&hellip;]<\/p>\n","protected":false},"author":2,"featured_media":11566,"comment_status":"open","ping_status":"open","sticky":true,"template":"","format":"standard","meta":{"om_disable_all_campaigns":false,"_monsterinsights_skip_tracking":false,"_monsterinsights_sitenote_active":false,"_monsterinsights_sitenote_note":"","_monsterinsights_sitenote_category":0,"footnotes":""},"categories":[37],"tags":[],"class_list":["post-11565","post","type-post","status-publish","format-standard","has-post-thumbnail","hentry","category-economia"],"yoast_head":"<!-- This site is optimized with the Yoast SEO plugin v27.2 - https:\/\/yoast.com\/product\/yoast-seo-wordpress\/ -->\n<title>Balan\u00e7a comercial goiana tem maior super\u00e1vit dos \u00faltimos 26 anos - Jornal Ponto Mais<\/title>\n<meta name=\"robots\" content=\"index, follow, max-snippet:-1, max-image-preview:large, max-video-preview:-1\" \/>\n<link rel=\"canonical\" href=\"https:\/\/jornalpontomais.com\/site\/2024\/01\/23\/balanca-comercial-goiana-tem-maior-superavit-dos-ultimos-26-anos\/\" \/>\n<meta property=\"og:locale\" content=\"pt_BR\" \/>\n<meta property=\"og:type\" content=\"article\" \/>\n<meta property=\"og:title\" content=\"Balan\u00e7a comercial goiana tem maior super\u00e1vit dos \u00faltimos 26 anos - Jornal Ponto Mais\" \/>\n<meta property=\"og:description\" content=\"No ano de 2023, a balan\u00e7a comercial do estado de Goi\u00e1s registrou um recorde, alcan\u00e7ando o maior valor desde o in\u00edcio da s\u00e9rie hist\u00f3rica em 1997. No per\u00edodo, as exporta\u00e7\u00f5es goianas totalizaram US$13,846 bilh\u00f5es, enquanto as importa\u00e7\u00f5es atingiram US$4,883 bilh\u00f5es, resultando em um super\u00e1vit de US$8,96 bilh\u00f5es, representando um aumento de 6,7% em rela\u00e7\u00e3o a [&hellip;]\" \/>\n<meta property=\"og:url\" content=\"https:\/\/jornalpontomais.com\/site\/2024\/01\/23\/balanca-comercial-goiana-tem-maior-superavit-dos-ultimos-26-anos\/\" \/>\n<meta property=\"og:site_name\" content=\"Jornal Ponto Mais\" \/>\n<meta property=\"article:published_time\" content=\"2024-01-23T12:36:13+00:00\" \/>\n<meta property=\"article:modified_time\" content=\"2024-01-23T12:36:14+00:00\" \/>\n<meta property=\"og:image\" content=\"https:\/\/jornalpontomais.com\/site\/wp-content\/uploads\/2024\/01\/Soja-e-destaque-das-exposrtacoes-da-balanca-comercial-goiana-1215x813-1.jpeg\" \/>\n\t<meta property=\"og:image:width\" content=\"1215\" \/>\n\t<meta property=\"og:image:height\" content=\"813\" \/>\n\t<meta property=\"og:image:type\" content=\"image\/jpeg\" \/>\n<meta name=\"author\" content=\"Jornal Ponto Mais\" \/>\n<meta name=\"twitter:card\" content=\"summary_large_image\" \/>\n<meta name=\"twitter:label1\" content=\"Escrito por\" \/>\n\t<meta name=\"twitter:data1\" content=\"Jornal Ponto Mais\" \/>\n\t<meta name=\"twitter:label2\" content=\"Est. tempo de leitura\" \/>\n\t<meta name=\"twitter:data2\" content=\"2 minutos\" \/>\n<script type=\"application\/ld+json\" class=\"yoast-schema-graph\">{\"@context\":\"https:\/\/schema.org\",\"@graph\":[{\"@type\":\"Article\",\"@id\":\"https:\/\/jornalpontomais.com\/site\/2024\/01\/23\/balanca-comercial-goiana-tem-maior-superavit-dos-ultimos-26-anos\/#article\",\"isPartOf\":{\"@id\":\"https:\/\/jornalpontomais.com\/site\/2024\/01\/23\/balanca-comercial-goiana-tem-maior-superavit-dos-ultimos-26-anos\/\"},\"author\":{\"name\":\"Jornal Ponto Mais\",\"@id\":\"https:\/\/jornalpontomais.com\/site\/#\/schema\/person\/18323f0b0f1355f2490721c48389fe9d\"},\"headline\":\"Balan\u00e7a comercial goiana tem maior super\u00e1vit dos \u00faltimos 26 anos\",\"datePublished\":\"2024-01-23T12:36:13+00:00\",\"dateModified\":\"2024-01-23T12:36:14+00:00\",\"mainEntityOfPage\":{\"@id\":\"https:\/\/jornalpontomais.com\/site\/2024\/01\/23\/balanca-comercial-goiana-tem-maior-superavit-dos-ultimos-26-anos\/\"},\"wordCount\":386,\"commentCount\":0,\"publisher\":{\"@id\":\"https:\/\/jornalpontomais.com\/site\/#organization\"},\"image\":{\"@id\":\"https:\/\/jornalpontomais.com\/site\/2024\/01\/23\/balanca-comercial-goiana-tem-maior-superavit-dos-ultimos-26-anos\/#primaryimage\"},\"thumbnailUrl\":\"https:\/\/jornalpontomais.com\/site\/wp-content\/uploads\/2024\/01\/Soja-e-destaque-das-exposrtacoes-da-balanca-comercial-goiana-1215x813-1.jpeg\",\"articleSection\":[\"Economia\"],\"inLanguage\":\"pt-BR\",\"potentialAction\":[{\"@type\":\"CommentAction\",\"name\":\"Comment\",\"target\":[\"https:\/\/jornalpontomais.com\/site\/2024\/01\/23\/balanca-comercial-goiana-tem-maior-superavit-dos-ultimos-26-anos\/#respond\"]}]},{\"@type\":\"WebPage\",\"@id\":\"https:\/\/jornalpontomais.com\/site\/2024\/01\/23\/balanca-comercial-goiana-tem-maior-superavit-dos-ultimos-26-anos\/\",\"url\":\"https:\/\/jornalpontomais.com\/site\/2024\/01\/23\/balanca-comercial-goiana-tem-maior-superavit-dos-ultimos-26-anos\/\",\"name\":\"Balan\u00e7a comercial goiana tem maior super\u00e1vit dos \u00faltimos 26 anos - Jornal Ponto Mais\",\"isPartOf\":{\"@id\":\"https:\/\/jornalpontomais.com\/site\/#website\"},\"primaryImageOfPage\":{\"@id\":\"https:\/\/jornalpontomais.com\/site\/2024\/01\/23\/balanca-comercial-goiana-tem-maior-superavit-dos-ultimos-26-anos\/#primaryimage\"},\"image\":{\"@id\":\"https:\/\/jornalpontomais.com\/site\/2024\/01\/23\/balanca-comercial-goiana-tem-maior-superavit-dos-ultimos-26-anos\/#primaryimage\"},\"thumbnailUrl\":\"https:\/\/jornalpontomais.com\/site\/wp-content\/uploads\/2024\/01\/Soja-e-destaque-das-exposrtacoes-da-balanca-comercial-goiana-1215x813-1.jpeg\",\"datePublished\":\"2024-01-23T12:36:13+00:00\",\"dateModified\":\"2024-01-23T12:36:14+00:00\",\"breadcrumb\":{\"@id\":\"https:\/\/jornalpontomais.com\/site\/2024\/01\/23\/balanca-comercial-goiana-tem-maior-superavit-dos-ultimos-26-anos\/#breadcrumb\"},\"inLanguage\":\"pt-BR\",\"potentialAction\":[{\"@type\":\"ReadAction\",\"target\":[\"https:\/\/jornalpontomais.com\/site\/2024\/01\/23\/balanca-comercial-goiana-tem-maior-superavit-dos-ultimos-26-anos\/\"]}]},{\"@type\":\"ImageObject\",\"inLanguage\":\"pt-BR\",\"@id\":\"https:\/\/jornalpontomais.com\/site\/2024\/01\/23\/balanca-comercial-goiana-tem-maior-superavit-dos-ultimos-26-anos\/#primaryimage\",\"url\":\"https:\/\/jornalpontomais.com\/site\/wp-content\/uploads\/2024\/01\/Soja-e-destaque-das-exposrtacoes-da-balanca-comercial-goiana-1215x813-1.jpeg\",\"contentUrl\":\"https:\/\/jornalpontomais.com\/site\/wp-content\/uploads\/2024\/01\/Soja-e-destaque-das-exposrtacoes-da-balanca-comercial-goiana-1215x813-1.jpeg\",\"width\":1215,\"height\":813},{\"@type\":\"BreadcrumbList\",\"@id\":\"https:\/\/jornalpontomais.com\/site\/2024\/01\/23\/balanca-comercial-goiana-tem-maior-superavit-dos-ultimos-26-anos\/#breadcrumb\",\"itemListElement\":[{\"@type\":\"ListItem\",\"position\":1,\"name\":\"In\u00edcio\",\"item\":\"https:\/\/jornalpontomais.com\/site\/\"},{\"@type\":\"ListItem\",\"position\":2,\"name\":\"Balan\u00e7a comercial goiana tem maior super\u00e1vit dos \u00faltimos 26 anos\"}]},{\"@type\":\"WebSite\",\"@id\":\"https:\/\/jornalpontomais.com\/site\/#website\",\"url\":\"https:\/\/jornalpontomais.com\/site\/\",\"name\":\"Jornal Ponto Mais\",\"description\":\"As principais not\u00edcias do Brasil e do mundo. Confira!\",\"publisher\":{\"@id\":\"https:\/\/jornalpontomais.com\/site\/#organization\"},\"potentialAction\":[{\"@type\":\"SearchAction\",\"target\":{\"@type\":\"EntryPoint\",\"urlTemplate\":\"https:\/\/jornalpontomais.com\/site\/?s={search_term_string}\"},\"query-input\":{\"@type\":\"PropertyValueSpecification\",\"valueRequired\":true,\"valueName\":\"search_term_string\"}}],\"inLanguage\":\"pt-BR\"},{\"@type\":\"Organization\",\"@id\":\"https:\/\/jornalpontomais.com\/site\/#organization\",\"name\":\"Jornal Ponto+\",\"url\":\"https:\/\/jornalpontomais.com\/site\/\",\"logo\":{\"@type\":\"ImageObject\",\"inLanguage\":\"pt-BR\",\"@id\":\"https:\/\/jornalpontomais.com\/site\/#\/schema\/logo\/image\/\",\"url\":\"https:\/\/jornalpontomais.com\/site\/wp-content\/uploads\/2022\/01\/marca.png\",\"contentUrl\":\"https:\/\/jornalpontomais.com\/site\/wp-content\/uploads\/2022\/01\/marca.png\",\"width\":582,\"height\":148,\"caption\":\"Jornal Ponto+\"},\"image\":{\"@id\":\"https:\/\/jornalpontomais.com\/site\/#\/schema\/logo\/image\/\"}},{\"@type\":\"Person\",\"@id\":\"https:\/\/jornalpontomais.com\/site\/#\/schema\/person\/18323f0b0f1355f2490721c48389fe9d\",\"name\":\"Jornal Ponto Mais\",\"image\":{\"@type\":\"ImageObject\",\"inLanguage\":\"pt-BR\",\"@id\":\"https:\/\/secure.gravatar.com\/avatar\/2ee0a9b7fe10fe32bdec8bc086e871e41eb5f4f6ecbcb7b4f2fe0d92d831405f?s=96&d=mm&r=g\",\"url\":\"https:\/\/secure.gravatar.com\/avatar\/2ee0a9b7fe10fe32bdec8bc086e871e41eb5f4f6ecbcb7b4f2fe0d92d831405f?s=96&d=mm&r=g\",\"contentUrl\":\"https:\/\/secure.gravatar.com\/avatar\/2ee0a9b7fe10fe32bdec8bc086e871e41eb5f4f6ecbcb7b4f2fe0d92d831405f?s=96&d=mm&r=g\",\"caption\":\"Jornal Ponto Mais\"},\"sameAs\":[\"https:\/\/jornalpontomais.com\/site\",\"jornalpontomais\"],\"url\":\"https:\/\/jornalpontomais.com\/site\/author\/jornalpontomais\/\"}]}<\/script>\n<!-- \/ Yoast SEO plugin. -->","yoast_head_json":{"title":"Balan\u00e7a comercial goiana tem maior super\u00e1vit dos \u00faltimos 26 anos - Jornal Ponto Mais","robots":{"index":"index","follow":"follow","max-snippet":"max-snippet:-1","max-image-preview":"max-image-preview:large","max-video-preview":"max-video-preview:-1"},"canonical":"https:\/\/jornalpontomais.com\/site\/2024\/01\/23\/balanca-comercial-goiana-tem-maior-superavit-dos-ultimos-26-anos\/","og_locale":"pt_BR","og_type":"article","og_title":"Balan\u00e7a comercial goiana tem maior super\u00e1vit dos \u00faltimos 26 anos - Jornal Ponto Mais","og_description":"No ano de 2023, a balan\u00e7a comercial do estado de Goi\u00e1s registrou um recorde, alcan\u00e7ando o maior valor desde o in\u00edcio da s\u00e9rie hist\u00f3rica em 1997. No per\u00edodo, as exporta\u00e7\u00f5es goianas totalizaram US$13,846 bilh\u00f5es, enquanto as importa\u00e7\u00f5es atingiram US$4,883 bilh\u00f5es, resultando em um super\u00e1vit de US$8,96 bilh\u00f5es, representando um aumento de 6,7% em rela\u00e7\u00e3o a [&hellip;]","og_url":"https:\/\/jornalpontomais.com\/site\/2024\/01\/23\/balanca-comercial-goiana-tem-maior-superavit-dos-ultimos-26-anos\/","og_site_name":"Jornal Ponto Mais","article_published_time":"2024-01-23T12:36:13+00:00","article_modified_time":"2024-01-23T12:36:14+00:00","og_image":[{"width":1215,"height":813,"url":"https:\/\/jornalpontomais.com\/site\/wp-content\/uploads\/2024\/01\/Soja-e-destaque-das-exposrtacoes-da-balanca-comercial-goiana-1215x813-1.jpeg","type":"image\/jpeg"}],"author":"Jornal Ponto Mais","twitter_card":"summary_large_image","twitter_misc":{"Escrito por":"Jornal Ponto Mais","Est. tempo de leitura":"2 minutos"},"schema":{"@context":"https:\/\/schema.org","@graph":[{"@type":"Article","@id":"https:\/\/jornalpontomais.com\/site\/2024\/01\/23\/balanca-comercial-goiana-tem-maior-superavit-dos-ultimos-26-anos\/#article","isPartOf":{"@id":"https:\/\/jornalpontomais.com\/site\/2024\/01\/23\/balanca-comercial-goiana-tem-maior-superavit-dos-ultimos-26-anos\/"},"author":{"name":"Jornal Ponto Mais","@id":"https:\/\/jornalpontomais.com\/site\/#\/schema\/person\/18323f0b0f1355f2490721c48389fe9d"},"headline":"Balan\u00e7a comercial goiana tem maior super\u00e1vit dos \u00faltimos 26 anos","datePublished":"2024-01-23T12:36:13+00:00","dateModified":"2024-01-23T12:36:14+00:00","mainEntityOfPage":{"@id":"https:\/\/jornalpontomais.com\/site\/2024\/01\/23\/balanca-comercial-goiana-tem-maior-superavit-dos-ultimos-26-anos\/"},"wordCount":386,"commentCount":0,"publisher":{"@id":"https:\/\/jornalpontomais.com\/site\/#organization"},"image":{"@id":"https:\/\/jornalpontomais.com\/site\/2024\/01\/23\/balanca-comercial-goiana-tem-maior-superavit-dos-ultimos-26-anos\/#primaryimage"},"thumbnailUrl":"https:\/\/jornalpontomais.com\/site\/wp-content\/uploads\/2024\/01\/Soja-e-destaque-das-exposrtacoes-da-balanca-comercial-goiana-1215x813-1.jpeg","articleSection":["Economia"],"inLanguage":"pt-BR","potentialAction":[{"@type":"CommentAction","name":"Comment","target":["https:\/\/jornalpontomais.com\/site\/2024\/01\/23\/balanca-comercial-goiana-tem-maior-superavit-dos-ultimos-26-anos\/#respond"]}]},{"@type":"WebPage","@id":"https:\/\/jornalpontomais.com\/site\/2024\/01\/23\/balanca-comercial-goiana-tem-maior-superavit-dos-ultimos-26-anos\/","url":"https:\/\/jornalpontomais.com\/site\/2024\/01\/23\/balanca-comercial-goiana-tem-maior-superavit-dos-ultimos-26-anos\/","name":"Balan\u00e7a comercial goiana tem maior super\u00e1vit dos \u00faltimos 26 anos - Jornal Ponto Mais","isPartOf":{"@id":"https:\/\/jornalpontomais.com\/site\/#website"},"primaryImageOfPage":{"@id":"https:\/\/jornalpontomais.com\/site\/2024\/01\/23\/balanca-comercial-goiana-tem-maior-superavit-dos-ultimos-26-anos\/#primaryimage"},"image":{"@id":"https:\/\/jornalpontomais.com\/site\/2024\/01\/23\/balanca-comercial-goiana-tem-maior-superavit-dos-ultimos-26-anos\/#primaryimage"},"thumbnailUrl":"https:\/\/jornalpontomais.com\/site\/wp-content\/uploads\/2024\/01\/Soja-e-destaque-das-exposrtacoes-da-balanca-comercial-goiana-1215x813-1.jpeg","datePublished":"2024-01-23T12:36:13+00:00","dateModified":"2024-01-23T12:36:14+00:00","breadcrumb":{"@id":"https:\/\/jornalpontomais.com\/site\/2024\/01\/23\/balanca-comercial-goiana-tem-maior-superavit-dos-ultimos-26-anos\/#breadcrumb"},"inLanguage":"pt-BR","potentialAction":[{"@type":"ReadAction","target":["https:\/\/jornalpontomais.com\/site\/2024\/01\/23\/balanca-comercial-goiana-tem-maior-superavit-dos-ultimos-26-anos\/"]}]},{"@type":"ImageObject","inLanguage":"pt-BR","@id":"https:\/\/jornalpontomais.com\/site\/2024\/01\/23\/balanca-comercial-goiana-tem-maior-superavit-dos-ultimos-26-anos\/#primaryimage","url":"https:\/\/jornalpontomais.com\/site\/wp-content\/uploads\/2024\/01\/Soja-e-destaque-das-exposrtacoes-da-balanca-comercial-goiana-1215x813-1.jpeg","contentUrl":"https:\/\/jornalpontomais.com\/site\/wp-content\/uploads\/2024\/01\/Soja-e-destaque-das-exposrtacoes-da-balanca-comercial-goiana-1215x813-1.jpeg","width":1215,"height":813},{"@type":"BreadcrumbList","@id":"https:\/\/jornalpontomais.com\/site\/2024\/01\/23\/balanca-comercial-goiana-tem-maior-superavit-dos-ultimos-26-anos\/#breadcrumb","itemListElement":[{"@type":"ListItem","position":1,"name":"In\u00edcio","item":"https:\/\/jornalpontomais.com\/site\/"},{"@type":"ListItem","position":2,"name":"Balan\u00e7a comercial goiana tem maior super\u00e1vit dos \u00faltimos 26 anos"}]},{"@type":"WebSite","@id":"https:\/\/jornalpontomais.com\/site\/#website","url":"https:\/\/jornalpontomais.com\/site\/","name":"Jornal Ponto Mais","description":"As principais not\u00edcias do Brasil e do mundo. Confira!","publisher":{"@id":"https:\/\/jornalpontomais.com\/site\/#organization"},"potentialAction":[{"@type":"SearchAction","target":{"@type":"EntryPoint","urlTemplate":"https:\/\/jornalpontomais.com\/site\/?s={search_term_string}"},"query-input":{"@type":"PropertyValueSpecification","valueRequired":true,"valueName":"search_term_string"}}],"inLanguage":"pt-BR"},{"@type":"Organization","@id":"https:\/\/jornalpontomais.com\/site\/#organization","name":"Jornal Ponto+","url":"https:\/\/jornalpontomais.com\/site\/","logo":{"@type":"ImageObject","inLanguage":"pt-BR","@id":"https:\/\/jornalpontomais.com\/site\/#\/schema\/logo\/image\/","url":"https:\/\/jornalpontomais.com\/site\/wp-content\/uploads\/2022\/01\/marca.png","contentUrl":"https:\/\/jornalpontomais.com\/site\/wp-content\/uploads\/2022\/01\/marca.png","width":582,"height":148,"caption":"Jornal Ponto+"},"image":{"@id":"https:\/\/jornalpontomais.com\/site\/#\/schema\/logo\/image\/"}},{"@type":"Person","@id":"https:\/\/jornalpontomais.com\/site\/#\/schema\/person\/18323f0b0f1355f2490721c48389fe9d","name":"Jornal Ponto Mais","image":{"@type":"ImageObject","inLanguage":"pt-BR","@id":"https:\/\/secure.gravatar.com\/avatar\/2ee0a9b7fe10fe32bdec8bc086e871e41eb5f4f6ecbcb7b4f2fe0d92d831405f?s=96&d=mm&r=g","url":"https:\/\/secure.gravatar.com\/avatar\/2ee0a9b7fe10fe32bdec8bc086e871e41eb5f4f6ecbcb7b4f2fe0d92d831405f?s=96&d=mm&r=g","contentUrl":"https:\/\/secure.gravatar.com\/avatar\/2ee0a9b7fe10fe32bdec8bc086e871e41eb5f4f6ecbcb7b4f2fe0d92d831405f?s=96&d=mm&r=g","caption":"Jornal Ponto Mais"},"sameAs":["https:\/\/jornalpontomais.com\/site","jornalpontomais"],"url":"https:\/\/jornalpontomais.com\/site\/author\/jornalpontomais\/"}]}},"_links":{"self":[{"href":"https:\/\/jornalpontomais.com\/site\/wp-json\/wp\/v2\/posts\/11565","targetHints":{"allow":["GET"]}}],"collection":[{"href":"https:\/\/jornalpontomais.com\/site\/wp-json\/wp\/v2\/posts"}],"about":[{"href":"https:\/\/jornalpontomais.com\/site\/wp-json\/wp\/v2\/types\/post"}],"author":[{"embeddable":true,"href":"https:\/\/jornalpontomais.com\/site\/wp-json\/wp\/v2\/users\/2"}],"replies":[{"embeddable":true,"href":"https:\/\/jornalpontomais.com\/site\/wp-json\/wp\/v2\/comments?post=11565"}],"version-history":[{"count":1,"href":"https:\/\/jornalpontomais.com\/site\/wp-json\/wp\/v2\/posts\/11565\/revisions"}],"predecessor-version":[{"id":11567,"href":"https:\/\/jornalpontomais.com\/site\/wp-json\/wp\/v2\/posts\/11565\/revisions\/11567"}],"wp:featuredmedia":[{"embeddable":true,"href":"https:\/\/jornalpontomais.com\/site\/wp-json\/wp\/v2\/media\/11566"}],"wp:attachment":[{"href":"https:\/\/jornalpontomais.com\/site\/wp-json\/wp\/v2\/media?parent=11565"}],"wp:term":[{"taxonomy":"category","embeddable":true,"href":"https:\/\/jornalpontomais.com\/site\/wp-json\/wp\/v2\/categories?post=11565"},{"taxonomy":"post_tag","embeddable":true,"href":"https:\/\/jornalpontomais.com\/site\/wp-json\/wp\/v2\/tags?post=11565"}],"curies":[{"name":"wp","href":"https:\/\/api.w.org\/{rel}","templated":true}]}}