{"id":11296,"date":"2024-01-05T08:44:32","date_gmt":"2024-01-05T11:44:32","guid":{"rendered":"https:\/\/jornalpontomais.com\/site\/?p=11296"},"modified":"2024-02-12T15:19:04","modified_gmt":"2024-02-12T18:19:04","slug":"venda-de-veiculos-cresce-12-em-2023-diz-balanco-da-fenabrave","status":"publish","type":"post","link":"https:\/\/jornalpontomais.com\/site\/2024\/01\/05\/venda-de-veiculos-cresce-12-em-2023-diz-balanco-da-fenabrave\/","title":{"rendered":"Venda de ve\u00edculos cresce 12% em 2023, diz balan\u00e7o da Fenabrave"},"content":{"rendered":"\n<p>As vendas de ve\u00edculos automotores em todo o pa\u00eds cresceram 12,02% em 2023 na compara\u00e7\u00e3o com 2022, revela balan\u00e7o da Federa\u00e7\u00e3o Nacional da Distribui\u00e7\u00e3o de Ve\u00edculos Automotores (Fenabrave).<img decoding=\"async\" src=\"https:\/\/agenciabrasil.ebc.com.br\/ebc.png?id=1575188&amp;o=node\"><img decoding=\"async\" src=\"https:\/\/agenciabrasil.ebc.com.br\/ebc.gif?id=1575188&amp;o=node\"> No ano passado, foram emplacadas 4.108.041 unidades contra 3.667.325 de 2022.\u00a0 Quase todos os segmentos fecharam o ano com alta: autom\u00f3veis (9,13%) comerciais leves (20,44%), \u00f4nibus (12,63%) e motos (16,10%). Apenas o setor de caminh\u00f5es terminou o ano com baixa: -16,39%.\u00a0<br><br><\/p>\n\n\n\n<p>Em dezembro, o total de ve\u00edculos vendidos nas concession\u00e1rias foi de 400.020 unidades, o que representa expans\u00e3o de 10,74% ante novembro (361.222 unidades) e 9,03% na compara\u00e7\u00e3o com dezembro do ano anterior (117.909 unidades).\u00a0<br><br><\/p>\n\n\n\n<p>Segundo o presidente da Fenabrave, Andretta J\u00fanior, 2023 representa um ano de recupera\u00e7\u00e3o para o setor automotivo e foi o primeiro ano desde 2019 em que foram emplacados mais de dois milh\u00f5es de autom\u00f3veis e comerciais leves. \u201cTemos que lembrar o impulso das medidas provis\u00f3rias que estimularam o setor e que mostram que \u00e9 necess\u00e1rio buscar solu\u00e7\u00f5es permanentes que mantenham o mercado aquecido\u201d, disse. \u00a0<br><br><\/p>\n\n\n\n<p>Andretta J\u00fanior ressaltou que, al\u00e9m das medidas provis\u00f3rias com est\u00edmulos fiscais, a melhoria do cr\u00e9dito por conta da queda da taxa de juros foi fundamental para a eleva\u00e7\u00e3o de 12%. \u201cA disponibilidade e o custo do cr\u00e9dito t\u00eam muita influ\u00eancia na decis\u00e3o de compra pelos consumidores. Com a queda da inadimpl\u00eancia houve maior disponibiliza\u00e7\u00e3o de cr\u00e9dito pelas institui\u00e7\u00f5es financeiras e isso foi percebido pelo mercado\u201d, afirmou.\u00a0<br><br><\/p>\n\n\n\n<p><strong>Proje\u00e7\u00f5es t\u00eam alta<\/strong><\/p>\n\n\n\n<p>Para a Fenabrave, as vendas globais de ve\u00edculos devem aumentar 13,54% em 2024, o que totaliza 4.518.871 unidades emplacadas. Para os autom\u00f3veis e comerciais leves a estimativa \u00e9 a de aumento de 12%, totalizando 2.440.887 unidades.<br><br><\/p>\n\n\n\n<p>A venda de caminh\u00f5es deve crescer 10%, com 114.571 unidades emplacadas e o segmento de \u00f4nibus deve alcan\u00e7ar as 29.546 unidades vendidas, um aumento de 20%. Os implementos rodovi\u00e1rios podem crescer 10%, com 99.296 unidades vendidas. A estimativa para as motocicletas \u00e9 a de 1.834.571 de unidades comercializadas, o que corresponde a um incremento de 16%.<\/p>\n\n\n\n<p><em>Fonte: Ag\u00eancia Brasil<\/em><\/p>\n","protected":false},"excerpt":{"rendered":"<p>As vendas de ve\u00edculos automotores em todo o pa\u00eds cresceram 12,02% em 2023 na compara\u00e7\u00e3o com 2022, revela balan\u00e7o da Federa\u00e7\u00e3o Nacional da Distribui\u00e7\u00e3o de Ve\u00edculos Automotores (Fenabrave). No ano passado, foram emplacadas 4.108.041 unidades contra 3.667.325 de 2022.\u00a0 Quase todos os segmentos fecharam o ano com alta: autom\u00f3veis (9,13%) comerciais leves (20,44%), \u00f4nibus (12,63%) [&hellip;]<\/p>\n","protected":false},"author":2,"featured_media":11298,"comment_status":"open","ping_status":"open","sticky":true,"template":"","format":"standard","meta":{"om_disable_all_campaigns":false,"_monsterinsights_skip_tracking":false,"_monsterinsights_sitenote_active":false,"_monsterinsights_sitenote_note":"","_monsterinsights_sitenote_category":0,"footnotes":""},"categories":[37],"tags":[],"class_list":["post-11296","post","type-post","status-publish","format-standard","has-post-thumbnail","hentry","category-economia"],"yoast_head":"<!-- This site is optimized with the Yoast SEO plugin v27.2 - https:\/\/yoast.com\/product\/yoast-seo-wordpress\/ -->\n<title>Venda de ve\u00edculos cresce 12% em 2023, diz balan\u00e7o da Fenabrave - Jornal Ponto Mais<\/title>\n<meta name=\"robots\" content=\"index, follow, max-snippet:-1, max-image-preview:large, max-video-preview:-1\" \/>\n<link rel=\"canonical\" href=\"https:\/\/jornalpontomais.com\/site\/2024\/01\/05\/venda-de-veiculos-cresce-12-em-2023-diz-balanco-da-fenabrave\/\" \/>\n<meta property=\"og:locale\" content=\"pt_BR\" \/>\n<meta property=\"og:type\" content=\"article\" \/>\n<meta property=\"og:title\" content=\"Venda de ve\u00edculos cresce 12% em 2023, diz balan\u00e7o da Fenabrave - Jornal Ponto Mais\" \/>\n<meta property=\"og:description\" content=\"As vendas de ve\u00edculos automotores em todo o pa\u00eds cresceram 12,02% em 2023 na compara\u00e7\u00e3o com 2022, revela balan\u00e7o da Federa\u00e7\u00e3o Nacional da Distribui\u00e7\u00e3o de Ve\u00edculos Automotores (Fenabrave). No ano passado, foram emplacadas 4.108.041 unidades contra 3.667.325 de 2022.\u00a0 Quase todos os segmentos fecharam o ano com alta: autom\u00f3veis (9,13%) comerciais leves (20,44%), \u00f4nibus (12,63%) [&hellip;]\" \/>\n<meta property=\"og:url\" content=\"https:\/\/jornalpontomais.com\/site\/2024\/01\/05\/venda-de-veiculos-cresce-12-em-2023-diz-balanco-da-fenabrave\/\" \/>\n<meta property=\"og:site_name\" content=\"Jornal Ponto Mais\" \/>\n<meta property=\"article:published_time\" content=\"2024-01-05T11:44:32+00:00\" \/>\n<meta property=\"article:modified_time\" content=\"2024-02-12T18:19:04+00:00\" \/>\n<meta property=\"og:image\" content=\"https:\/\/jornalpontomais.com\/site\/wp-content\/uploads\/2024\/01\/coronavirus_industria_automobilistica_fabrica2005200371.webp\" \/>\n\t<meta property=\"og:image:width\" content=\"1170\" \/>\n\t<meta property=\"og:image:height\" content=\"700\" \/>\n\t<meta property=\"og:image:type\" content=\"image\/webp\" \/>\n<meta name=\"author\" content=\"Jornal Ponto Mais\" \/>\n<meta name=\"twitter:card\" content=\"summary_large_image\" \/>\n<meta name=\"twitter:label1\" content=\"Escrito por\" \/>\n\t<meta name=\"twitter:data1\" content=\"Jornal Ponto Mais\" \/>\n\t<meta name=\"twitter:label2\" content=\"Est. tempo de leitura\" \/>\n\t<meta name=\"twitter:data2\" content=\"3 minutos\" \/>\n<script type=\"application\/ld+json\" class=\"yoast-schema-graph\">{\"@context\":\"https:\/\/schema.org\",\"@graph\":[{\"@type\":\"Article\",\"@id\":\"https:\/\/jornalpontomais.com\/site\/2024\/01\/05\/venda-de-veiculos-cresce-12-em-2023-diz-balanco-da-fenabrave\/#article\",\"isPartOf\":{\"@id\":\"https:\/\/jornalpontomais.com\/site\/2024\/01\/05\/venda-de-veiculos-cresce-12-em-2023-diz-balanco-da-fenabrave\/\"},\"author\":{\"name\":\"Jornal Ponto Mais\",\"@id\":\"https:\/\/jornalpontomais.com\/site\/#\/schema\/person\/18323f0b0f1355f2490721c48389fe9d\"},\"headline\":\"Venda de ve\u00edculos cresce 12% em 2023, diz balan\u00e7o da Fenabrave\",\"datePublished\":\"2024-01-05T11:44:32+00:00\",\"dateModified\":\"2024-02-12T18:19:04+00:00\",\"mainEntityOfPage\":{\"@id\":\"https:\/\/jornalpontomais.com\/site\/2024\/01\/05\/venda-de-veiculos-cresce-12-em-2023-diz-balanco-da-fenabrave\/\"},\"wordCount\":350,\"commentCount\":0,\"publisher\":{\"@id\":\"https:\/\/jornalpontomais.com\/site\/#organization\"},\"image\":{\"@id\":\"https:\/\/jornalpontomais.com\/site\/2024\/01\/05\/venda-de-veiculos-cresce-12-em-2023-diz-balanco-da-fenabrave\/#primaryimage\"},\"thumbnailUrl\":\"https:\/\/jornalpontomais.com\/site\/wp-content\/uploads\/2024\/01\/coronavirus_industria_automobilistica_fabrica2005200371.webp\",\"articleSection\":[\"Economia\"],\"inLanguage\":\"pt-BR\",\"potentialAction\":[{\"@type\":\"CommentAction\",\"name\":\"Comment\",\"target\":[\"https:\/\/jornalpontomais.com\/site\/2024\/01\/05\/venda-de-veiculos-cresce-12-em-2023-diz-balanco-da-fenabrave\/#respond\"]}]},{\"@type\":\"WebPage\",\"@id\":\"https:\/\/jornalpontomais.com\/site\/2024\/01\/05\/venda-de-veiculos-cresce-12-em-2023-diz-balanco-da-fenabrave\/\",\"url\":\"https:\/\/jornalpontomais.com\/site\/2024\/01\/05\/venda-de-veiculos-cresce-12-em-2023-diz-balanco-da-fenabrave\/\",\"name\":\"Venda de ve\u00edculos cresce 12% em 2023, diz balan\u00e7o da Fenabrave - Jornal Ponto Mais\",\"isPartOf\":{\"@id\":\"https:\/\/jornalpontomais.com\/site\/#website\"},\"primaryImageOfPage\":{\"@id\":\"https:\/\/jornalpontomais.com\/site\/2024\/01\/05\/venda-de-veiculos-cresce-12-em-2023-diz-balanco-da-fenabrave\/#primaryimage\"},\"image\":{\"@id\":\"https:\/\/jornalpontomais.com\/site\/2024\/01\/05\/venda-de-veiculos-cresce-12-em-2023-diz-balanco-da-fenabrave\/#primaryimage\"},\"thumbnailUrl\":\"https:\/\/jornalpontomais.com\/site\/wp-content\/uploads\/2024\/01\/coronavirus_industria_automobilistica_fabrica2005200371.webp\",\"datePublished\":\"2024-01-05T11:44:32+00:00\",\"dateModified\":\"2024-02-12T18:19:04+00:00\",\"breadcrumb\":{\"@id\":\"https:\/\/jornalpontomais.com\/site\/2024\/01\/05\/venda-de-veiculos-cresce-12-em-2023-diz-balanco-da-fenabrave\/#breadcrumb\"},\"inLanguage\":\"pt-BR\",\"potentialAction\":[{\"@type\":\"ReadAction\",\"target\":[\"https:\/\/jornalpontomais.com\/site\/2024\/01\/05\/venda-de-veiculos-cresce-12-em-2023-diz-balanco-da-fenabrave\/\"]}]},{\"@type\":\"ImageObject\",\"inLanguage\":\"pt-BR\",\"@id\":\"https:\/\/jornalpontomais.com\/site\/2024\/01\/05\/venda-de-veiculos-cresce-12-em-2023-diz-balanco-da-fenabrave\/#primaryimage\",\"url\":\"https:\/\/jornalpontomais.com\/site\/wp-content\/uploads\/2024\/01\/coronavirus_industria_automobilistica_fabrica2005200371.webp\",\"contentUrl\":\"https:\/\/jornalpontomais.com\/site\/wp-content\/uploads\/2024\/01\/coronavirus_industria_automobilistica_fabrica2005200371.webp\",\"width\":1170,\"height\":700},{\"@type\":\"BreadcrumbList\",\"@id\":\"https:\/\/jornalpontomais.com\/site\/2024\/01\/05\/venda-de-veiculos-cresce-12-em-2023-diz-balanco-da-fenabrave\/#breadcrumb\",\"itemListElement\":[{\"@type\":\"ListItem\",\"position\":1,\"name\":\"In\u00edcio\",\"item\":\"https:\/\/jornalpontomais.com\/site\/\"},{\"@type\":\"ListItem\",\"position\":2,\"name\":\"Venda de ve\u00edculos cresce 12% em 2023, diz balan\u00e7o da Fenabrave\"}]},{\"@type\":\"WebSite\",\"@id\":\"https:\/\/jornalpontomais.com\/site\/#website\",\"url\":\"https:\/\/jornalpontomais.com\/site\/\",\"name\":\"Jornal Ponto Mais\",\"description\":\"As principais not\u00edcias do Brasil e do mundo. Confira!\",\"publisher\":{\"@id\":\"https:\/\/jornalpontomais.com\/site\/#organization\"},\"potentialAction\":[{\"@type\":\"SearchAction\",\"target\":{\"@type\":\"EntryPoint\",\"urlTemplate\":\"https:\/\/jornalpontomais.com\/site\/?s={search_term_string}\"},\"query-input\":{\"@type\":\"PropertyValueSpecification\",\"valueRequired\":true,\"valueName\":\"search_term_string\"}}],\"inLanguage\":\"pt-BR\"},{\"@type\":\"Organization\",\"@id\":\"https:\/\/jornalpontomais.com\/site\/#organization\",\"name\":\"Jornal Ponto+\",\"url\":\"https:\/\/jornalpontomais.com\/site\/\",\"logo\":{\"@type\":\"ImageObject\",\"inLanguage\":\"pt-BR\",\"@id\":\"https:\/\/jornalpontomais.com\/site\/#\/schema\/logo\/image\/\",\"url\":\"https:\/\/jornalpontomais.com\/site\/wp-content\/uploads\/2022\/01\/marca.png\",\"contentUrl\":\"https:\/\/jornalpontomais.com\/site\/wp-content\/uploads\/2022\/01\/marca.png\",\"width\":582,\"height\":148,\"caption\":\"Jornal Ponto+\"},\"image\":{\"@id\":\"https:\/\/jornalpontomais.com\/site\/#\/schema\/logo\/image\/\"}},{\"@type\":\"Person\",\"@id\":\"https:\/\/jornalpontomais.com\/site\/#\/schema\/person\/18323f0b0f1355f2490721c48389fe9d\",\"name\":\"Jornal Ponto Mais\",\"image\":{\"@type\":\"ImageObject\",\"inLanguage\":\"pt-BR\",\"@id\":\"https:\/\/secure.gravatar.com\/avatar\/2ee0a9b7fe10fe32bdec8bc086e871e41eb5f4f6ecbcb7b4f2fe0d92d831405f?s=96&d=mm&r=g\",\"url\":\"https:\/\/secure.gravatar.com\/avatar\/2ee0a9b7fe10fe32bdec8bc086e871e41eb5f4f6ecbcb7b4f2fe0d92d831405f?s=96&d=mm&r=g\",\"contentUrl\":\"https:\/\/secure.gravatar.com\/avatar\/2ee0a9b7fe10fe32bdec8bc086e871e41eb5f4f6ecbcb7b4f2fe0d92d831405f?s=96&d=mm&r=g\",\"caption\":\"Jornal Ponto Mais\"},\"sameAs\":[\"https:\/\/jornalpontomais.com\/site\",\"jornalpontomais\"],\"url\":\"https:\/\/jornalpontomais.com\/site\/author\/jornalpontomais\/\"}]}<\/script>\n<!-- \/ Yoast SEO plugin. -->","yoast_head_json":{"title":"Venda de ve\u00edculos cresce 12% em 2023, diz balan\u00e7o da Fenabrave - Jornal Ponto Mais","robots":{"index":"index","follow":"follow","max-snippet":"max-snippet:-1","max-image-preview":"max-image-preview:large","max-video-preview":"max-video-preview:-1"},"canonical":"https:\/\/jornalpontomais.com\/site\/2024\/01\/05\/venda-de-veiculos-cresce-12-em-2023-diz-balanco-da-fenabrave\/","og_locale":"pt_BR","og_type":"article","og_title":"Venda de ve\u00edculos cresce 12% em 2023, diz balan\u00e7o da Fenabrave - Jornal Ponto Mais","og_description":"As vendas de ve\u00edculos automotores em todo o pa\u00eds cresceram 12,02% em 2023 na compara\u00e7\u00e3o com 2022, revela balan\u00e7o da Federa\u00e7\u00e3o Nacional da Distribui\u00e7\u00e3o de Ve\u00edculos Automotores (Fenabrave). No ano passado, foram emplacadas 4.108.041 unidades contra 3.667.325 de 2022.\u00a0 Quase todos os segmentos fecharam o ano com alta: autom\u00f3veis (9,13%) comerciais leves (20,44%), \u00f4nibus (12,63%) [&hellip;]","og_url":"https:\/\/jornalpontomais.com\/site\/2024\/01\/05\/venda-de-veiculos-cresce-12-em-2023-diz-balanco-da-fenabrave\/","og_site_name":"Jornal Ponto Mais","article_published_time":"2024-01-05T11:44:32+00:00","article_modified_time":"2024-02-12T18:19:04+00:00","og_image":[{"width":1170,"height":700,"url":"https:\/\/jornalpontomais.com\/site\/wp-content\/uploads\/2024\/01\/coronavirus_industria_automobilistica_fabrica2005200371.webp","type":"image\/webp"}],"author":"Jornal Ponto Mais","twitter_card":"summary_large_image","twitter_misc":{"Escrito por":"Jornal Ponto Mais","Est. tempo de leitura":"3 minutos"},"schema":{"@context":"https:\/\/schema.org","@graph":[{"@type":"Article","@id":"https:\/\/jornalpontomais.com\/site\/2024\/01\/05\/venda-de-veiculos-cresce-12-em-2023-diz-balanco-da-fenabrave\/#article","isPartOf":{"@id":"https:\/\/jornalpontomais.com\/site\/2024\/01\/05\/venda-de-veiculos-cresce-12-em-2023-diz-balanco-da-fenabrave\/"},"author":{"name":"Jornal Ponto Mais","@id":"https:\/\/jornalpontomais.com\/site\/#\/schema\/person\/18323f0b0f1355f2490721c48389fe9d"},"headline":"Venda de ve\u00edculos cresce 12% em 2023, diz balan\u00e7o da Fenabrave","datePublished":"2024-01-05T11:44:32+00:00","dateModified":"2024-02-12T18:19:04+00:00","mainEntityOfPage":{"@id":"https:\/\/jornalpontomais.com\/site\/2024\/01\/05\/venda-de-veiculos-cresce-12-em-2023-diz-balanco-da-fenabrave\/"},"wordCount":350,"commentCount":0,"publisher":{"@id":"https:\/\/jornalpontomais.com\/site\/#organization"},"image":{"@id":"https:\/\/jornalpontomais.com\/site\/2024\/01\/05\/venda-de-veiculos-cresce-12-em-2023-diz-balanco-da-fenabrave\/#primaryimage"},"thumbnailUrl":"https:\/\/jornalpontomais.com\/site\/wp-content\/uploads\/2024\/01\/coronavirus_industria_automobilistica_fabrica2005200371.webp","articleSection":["Economia"],"inLanguage":"pt-BR","potentialAction":[{"@type":"CommentAction","name":"Comment","target":["https:\/\/jornalpontomais.com\/site\/2024\/01\/05\/venda-de-veiculos-cresce-12-em-2023-diz-balanco-da-fenabrave\/#respond"]}]},{"@type":"WebPage","@id":"https:\/\/jornalpontomais.com\/site\/2024\/01\/05\/venda-de-veiculos-cresce-12-em-2023-diz-balanco-da-fenabrave\/","url":"https:\/\/jornalpontomais.com\/site\/2024\/01\/05\/venda-de-veiculos-cresce-12-em-2023-diz-balanco-da-fenabrave\/","name":"Venda de ve\u00edculos cresce 12% em 2023, diz balan\u00e7o da Fenabrave - Jornal Ponto Mais","isPartOf":{"@id":"https:\/\/jornalpontomais.com\/site\/#website"},"primaryImageOfPage":{"@id":"https:\/\/jornalpontomais.com\/site\/2024\/01\/05\/venda-de-veiculos-cresce-12-em-2023-diz-balanco-da-fenabrave\/#primaryimage"},"image":{"@id":"https:\/\/jornalpontomais.com\/site\/2024\/01\/05\/venda-de-veiculos-cresce-12-em-2023-diz-balanco-da-fenabrave\/#primaryimage"},"thumbnailUrl":"https:\/\/jornalpontomais.com\/site\/wp-content\/uploads\/2024\/01\/coronavirus_industria_automobilistica_fabrica2005200371.webp","datePublished":"2024-01-05T11:44:32+00:00","dateModified":"2024-02-12T18:19:04+00:00","breadcrumb":{"@id":"https:\/\/jornalpontomais.com\/site\/2024\/01\/05\/venda-de-veiculos-cresce-12-em-2023-diz-balanco-da-fenabrave\/#breadcrumb"},"inLanguage":"pt-BR","potentialAction":[{"@type":"ReadAction","target":["https:\/\/jornalpontomais.com\/site\/2024\/01\/05\/venda-de-veiculos-cresce-12-em-2023-diz-balanco-da-fenabrave\/"]}]},{"@type":"ImageObject","inLanguage":"pt-BR","@id":"https:\/\/jornalpontomais.com\/site\/2024\/01\/05\/venda-de-veiculos-cresce-12-em-2023-diz-balanco-da-fenabrave\/#primaryimage","url":"https:\/\/jornalpontomais.com\/site\/wp-content\/uploads\/2024\/01\/coronavirus_industria_automobilistica_fabrica2005200371.webp","contentUrl":"https:\/\/jornalpontomais.com\/site\/wp-content\/uploads\/2024\/01\/coronavirus_industria_automobilistica_fabrica2005200371.webp","width":1170,"height":700},{"@type":"BreadcrumbList","@id":"https:\/\/jornalpontomais.com\/site\/2024\/01\/05\/venda-de-veiculos-cresce-12-em-2023-diz-balanco-da-fenabrave\/#breadcrumb","itemListElement":[{"@type":"ListItem","position":1,"name":"In\u00edcio","item":"https:\/\/jornalpontomais.com\/site\/"},{"@type":"ListItem","position":2,"name":"Venda de ve\u00edculos cresce 12% em 2023, diz balan\u00e7o da Fenabrave"}]},{"@type":"WebSite","@id":"https:\/\/jornalpontomais.com\/site\/#website","url":"https:\/\/jornalpontomais.com\/site\/","name":"Jornal Ponto Mais","description":"As principais not\u00edcias do Brasil e do mundo. Confira!","publisher":{"@id":"https:\/\/jornalpontomais.com\/site\/#organization"},"potentialAction":[{"@type":"SearchAction","target":{"@type":"EntryPoint","urlTemplate":"https:\/\/jornalpontomais.com\/site\/?s={search_term_string}"},"query-input":{"@type":"PropertyValueSpecification","valueRequired":true,"valueName":"search_term_string"}}],"inLanguage":"pt-BR"},{"@type":"Organization","@id":"https:\/\/jornalpontomais.com\/site\/#organization","name":"Jornal Ponto+","url":"https:\/\/jornalpontomais.com\/site\/","logo":{"@type":"ImageObject","inLanguage":"pt-BR","@id":"https:\/\/jornalpontomais.com\/site\/#\/schema\/logo\/image\/","url":"https:\/\/jornalpontomais.com\/site\/wp-content\/uploads\/2022\/01\/marca.png","contentUrl":"https:\/\/jornalpontomais.com\/site\/wp-content\/uploads\/2022\/01\/marca.png","width":582,"height":148,"caption":"Jornal Ponto+"},"image":{"@id":"https:\/\/jornalpontomais.com\/site\/#\/schema\/logo\/image\/"}},{"@type":"Person","@id":"https:\/\/jornalpontomais.com\/site\/#\/schema\/person\/18323f0b0f1355f2490721c48389fe9d","name":"Jornal Ponto Mais","image":{"@type":"ImageObject","inLanguage":"pt-BR","@id":"https:\/\/secure.gravatar.com\/avatar\/2ee0a9b7fe10fe32bdec8bc086e871e41eb5f4f6ecbcb7b4f2fe0d92d831405f?s=96&d=mm&r=g","url":"https:\/\/secure.gravatar.com\/avatar\/2ee0a9b7fe10fe32bdec8bc086e871e41eb5f4f6ecbcb7b4f2fe0d92d831405f?s=96&d=mm&r=g","contentUrl":"https:\/\/secure.gravatar.com\/avatar\/2ee0a9b7fe10fe32bdec8bc086e871e41eb5f4f6ecbcb7b4f2fe0d92d831405f?s=96&d=mm&r=g","caption":"Jornal Ponto Mais"},"sameAs":["https:\/\/jornalpontomais.com\/site","jornalpontomais"],"url":"https:\/\/jornalpontomais.com\/site\/author\/jornalpontomais\/"}]}},"_links":{"self":[{"href":"https:\/\/jornalpontomais.com\/site\/wp-json\/wp\/v2\/posts\/11296","targetHints":{"allow":["GET"]}}],"collection":[{"href":"https:\/\/jornalpontomais.com\/site\/wp-json\/wp\/v2\/posts"}],"about":[{"href":"https:\/\/jornalpontomais.com\/site\/wp-json\/wp\/v2\/types\/post"}],"author":[{"embeddable":true,"href":"https:\/\/jornalpontomais.com\/site\/wp-json\/wp\/v2\/users\/2"}],"replies":[{"embeddable":true,"href":"https:\/\/jornalpontomais.com\/site\/wp-json\/wp\/v2\/comments?post=11296"}],"version-history":[{"count":2,"href":"https:\/\/jornalpontomais.com\/site\/wp-json\/wp\/v2\/posts\/11296\/revisions"}],"predecessor-version":[{"id":11299,"href":"https:\/\/jornalpontomais.com\/site\/wp-json\/wp\/v2\/posts\/11296\/revisions\/11299"}],"wp:featuredmedia":[{"embeddable":true,"href":"https:\/\/jornalpontomais.com\/site\/wp-json\/wp\/v2\/media\/11298"}],"wp:attachment":[{"href":"https:\/\/jornalpontomais.com\/site\/wp-json\/wp\/v2\/media?parent=11296"}],"wp:term":[{"taxonomy":"category","embeddable":true,"href":"https:\/\/jornalpontomais.com\/site\/wp-json\/wp\/v2\/categories?post=11296"},{"taxonomy":"post_tag","embeddable":true,"href":"https:\/\/jornalpontomais.com\/site\/wp-json\/wp\/v2\/tags?post=11296"}],"curies":[{"name":"wp","href":"https:\/\/api.w.org\/{rel}","templated":true}]}}